{"id":2673,"date":"2019-07-22T12:09:38","date_gmt":"2019-07-22T11:09:38","guid":{"rendered":"http:\/\/aeroclub-abbeville.fr\/?p=2673"},"modified":"2019-07-22T12:19:57","modified_gmt":"2019-07-22T11:19:57","slug":"a-un-a-deux-a-troyes-plus-on-est-de-fous-plus-on-vole","status":"publish","type":"post","link":"http:\/\/aeroclub-abbeville.fr\/?p=2673","title":{"rendered":"\u00c0 un, \u00e0 deux, \u00e0 Troyes &#8230; Plus on est de fous, plus on vole !!!"},"content":{"rendered":"\n<p>21 Juillet 2019<\/p>\n\n\n\n<p style=\"text-align:center\">Aujourd\u2019hui, \u00e7a va fumer ! Les circuiteurs viennent d\u2019arriver de toutes les r\u00e9gions de France. Abbeville, Ch\u00e2lons en Champagne, Nancy, Orl\u00e9ans, Pont sur Yonne, Troyes, tous les plus passionn\u00e9s de nos jeunes \u00ab&nbsp;Experts de l\u2019Air&nbsp;\u00bb se pr\u00e9parent pour la comp\u00e9tition. <\/p>\n\n\n\n<div class=\"wp-block-image\"><figure class=\"aligncenter is-resized\"><img fetchpriority=\"high\" decoding=\"async\" src=\"http:\/\/aeroclub-abbeville.fr\/wp-content\/uploads\/2019\/07\/1FE89290-8BDA-447F-8723-C1F34CF16A2A.jpeg\" alt=\"\" class=\"wp-image-2689\" width=\"396\" height=\"720\" srcset=\"http:\/\/aeroclub-abbeville.fr\/wp-content\/uploads\/2019\/07\/1FE89290-8BDA-447F-8723-C1F34CF16A2A.jpeg 528w, http:\/\/aeroclub-abbeville.fr\/wp-content\/uploads\/2019\/07\/1FE89290-8BDA-447F-8723-C1F34CF16A2A-264x480.jpeg 264w\" sizes=\"(max-width: 396px) 100vw, 396px\" \/><figcaption>C\u2019est beau \u00ab&nbsp;LA&nbsp;\u00bb champagne \u00e0 Troyes ! <\/figcaption><\/figure><\/div>\n\n\n\n<p style=\"text-align:center\">Du dimanche 21 Juillet au samedi 26 Juillet, le Championnat inter r\u00e9gional junior du Nord Est fera briller les yeux de nos jeunes espoirs !<\/p>\n\n\n\n<p style=\"text-align:center\"><a href=\"https:\/\/www.ffvp.fr\/agenda-des-competitions#championnat-interregional-nord-est-junior-troyes\">https:\/\/www.ffvp.fr\/agenda-des-competitions#championnat-interregional-nord-est-junior-troyes<\/a><\/p>\n\n\n\n<div class=\"wp-block-image\"><figure class=\"aligncenter is-resized\"><img decoding=\"async\" src=\"http:\/\/aeroclub-abbeville.fr\/wp-content\/uploads\/2019\/07\/7B42D73A-9857-4218-99AF-E191FFB60CF1-1024x498.jpeg\" alt=\"\" class=\"wp-image-2674\" width=\"512\" height=\"249\" srcset=\"http:\/\/aeroclub-abbeville.fr\/wp-content\/uploads\/2019\/07\/7B42D73A-9857-4218-99AF-E191FFB60CF1-1024x498.jpeg 1024w, http:\/\/aeroclub-abbeville.fr\/wp-content\/uploads\/2019\/07\/7B42D73A-9857-4218-99AF-E191FFB60CF1-480x233.jpeg 480w, http:\/\/aeroclub-abbeville.fr\/wp-content\/uploads\/2019\/07\/7B42D73A-9857-4218-99AF-E191FFB60CF1-768x373.jpeg 768w, http:\/\/aeroclub-abbeville.fr\/wp-content\/uploads\/2019\/07\/7B42D73A-9857-4218-99AF-E191FFB60CF1-624x303.jpeg 624w\" sizes=\"(max-width: 512px) 100vw, 512px\" \/><figcaption>Tous ensemble concentr\u00e9s pendant le briefing !<\/figcaption><\/figure><\/div>\n\n\n\n<ul class=\"wp-block-gallery aligncenter columns-3 is-cropped wp-block-gallery-1 is-layout-flex wp-block-gallery-is-layout-flex\"><li class=\"blocks-gallery-item\"><figure><img decoding=\"async\" width=\"1024\" height=\"498\" src=\"http:\/\/aeroclub-abbeville.fr\/wp-content\/uploads\/2019\/07\/5CDB4E79-0F98-4DF5-9EE4-2907B3D25BA7-1024x498.jpeg\" alt=\"\" data-id=\"2676\" data-link=\"http:\/\/aeroclub-abbeville.fr\/?attachment_id=2676\" class=\"wp-image-2676\" srcset=\"http:\/\/aeroclub-abbeville.fr\/wp-content\/uploads\/2019\/07\/5CDB4E79-0F98-4DF5-9EE4-2907B3D25BA7-1024x498.jpeg 1024w, http:\/\/aeroclub-abbeville.fr\/wp-content\/uploads\/2019\/07\/5CDB4E79-0F98-4DF5-9EE4-2907B3D25BA7-480x233.jpeg 480w, http:\/\/aeroclub-abbeville.fr\/wp-content\/uploads\/2019\/07\/5CDB4E79-0F98-4DF5-9EE4-2907B3D25BA7-768x373.jpeg 768w, http:\/\/aeroclub-abbeville.fr\/wp-content\/uploads\/2019\/07\/5CDB4E79-0F98-4DF5-9EE4-2907B3D25BA7-624x303.jpeg 624w\" sizes=\"(max-width: 1024px) 100vw, 1024px\" \/><\/figure><\/li><li class=\"blocks-gallery-item\"><figure><img loading=\"lazy\" decoding=\"async\" width=\"1024\" height=\"498\" src=\"http:\/\/aeroclub-abbeville.fr\/wp-content\/uploads\/2019\/07\/0B6F4B20-DBC1-468D-B044-C1D6EF891D27-1024x498.jpeg\" alt=\"\" data-id=\"2677\" data-link=\"http:\/\/aeroclub-abbeville.fr\/?attachment_id=2677\" class=\"wp-image-2677\" srcset=\"http:\/\/aeroclub-abbeville.fr\/wp-content\/uploads\/2019\/07\/0B6F4B20-DBC1-468D-B044-C1D6EF891D27-1024x498.jpeg 1024w, http:\/\/aeroclub-abbeville.fr\/wp-content\/uploads\/2019\/07\/0B6F4B20-DBC1-468D-B044-C1D6EF891D27-480x233.jpeg 480w, http:\/\/aeroclub-abbeville.fr\/wp-content\/uploads\/2019\/07\/0B6F4B20-DBC1-468D-B044-C1D6EF891D27-768x373.jpeg 768w, http:\/\/aeroclub-abbeville.fr\/wp-content\/uploads\/2019\/07\/0B6F4B20-DBC1-468D-B044-C1D6EF891D27-624x303.jpeg 624w\" sizes=\"(max-width: 1024px) 100vw, 1024px\" \/><\/figure><\/li><li class=\"blocks-gallery-item\"><figure><img loading=\"lazy\" decoding=\"async\" width=\"1024\" height=\"498\" src=\"http:\/\/aeroclub-abbeville.fr\/wp-content\/uploads\/2019\/07\/BA79A658-1DA5-4AFC-A903-B56E92454022-1024x498.jpeg\" alt=\"\" data-id=\"2679\" data-link=\"http:\/\/aeroclub-abbeville.fr\/?attachment_id=2679\" class=\"wp-image-2679\" srcset=\"http:\/\/aeroclub-abbeville.fr\/wp-content\/uploads\/2019\/07\/BA79A658-1DA5-4AFC-A903-B56E92454022-1024x498.jpeg 1024w, http:\/\/aeroclub-abbeville.fr\/wp-content\/uploads\/2019\/07\/BA79A658-1DA5-4AFC-A903-B56E92454022-480x233.jpeg 480w, http:\/\/aeroclub-abbeville.fr\/wp-content\/uploads\/2019\/07\/BA79A658-1DA5-4AFC-A903-B56E92454022-768x373.jpeg 768w, http:\/\/aeroclub-abbeville.fr\/wp-content\/uploads\/2019\/07\/BA79A658-1DA5-4AFC-A903-B56E92454022-624x303.jpeg 624w\" sizes=\"(max-width: 1024px) 100vw, 1024px\" \/><\/figure><\/li><li class=\"blocks-gallery-item\"><figure><img loading=\"lazy\" decoding=\"async\" width=\"1024\" height=\"498\" src=\"http:\/\/aeroclub-abbeville.fr\/wp-content\/uploads\/2019\/07\/15B952CE-C83E-4C18-9458-8341276E71EB-1024x498.jpeg\" alt=\"\" data-id=\"2680\" data-link=\"http:\/\/aeroclub-abbeville.fr\/?attachment_id=2680\" class=\"wp-image-2680\" srcset=\"http:\/\/aeroclub-abbeville.fr\/wp-content\/uploads\/2019\/07\/15B952CE-C83E-4C18-9458-8341276E71EB-1024x498.jpeg 1024w, http:\/\/aeroclub-abbeville.fr\/wp-content\/uploads\/2019\/07\/15B952CE-C83E-4C18-9458-8341276E71EB-480x233.jpeg 480w, http:\/\/aeroclub-abbeville.fr\/wp-content\/uploads\/2019\/07\/15B952CE-C83E-4C18-9458-8341276E71EB-768x373.jpeg 768w, http:\/\/aeroclub-abbeville.fr\/wp-content\/uploads\/2019\/07\/15B952CE-C83E-4C18-9458-8341276E71EB-624x303.jpeg 624w\" sizes=\"(max-width: 1024px) 100vw, 1024px\" \/><\/figure><\/li><li class=\"blocks-gallery-item\"><figure><img loading=\"lazy\" decoding=\"async\" width=\"1024\" height=\"498\" src=\"http:\/\/aeroclub-abbeville.fr\/wp-content\/uploads\/2019\/07\/8C89DF08-2ACF-4A5C-BAFC-E7E8F00BE91E-1024x498.jpeg\" alt=\"\" data-id=\"2681\" data-link=\"http:\/\/aeroclub-abbeville.fr\/?attachment_id=2681\" class=\"wp-image-2681\" srcset=\"http:\/\/aeroclub-abbeville.fr\/wp-content\/uploads\/2019\/07\/8C89DF08-2ACF-4A5C-BAFC-E7E8F00BE91E-1024x498.jpeg 1024w, http:\/\/aeroclub-abbeville.fr\/wp-content\/uploads\/2019\/07\/8C89DF08-2ACF-4A5C-BAFC-E7E8F00BE91E-480x233.jpeg 480w, http:\/\/aeroclub-abbeville.fr\/wp-content\/uploads\/2019\/07\/8C89DF08-2ACF-4A5C-BAFC-E7E8F00BE91E-768x373.jpeg 768w, http:\/\/aeroclub-abbeville.fr\/wp-content\/uploads\/2019\/07\/8C89DF08-2ACF-4A5C-BAFC-E7E8F00BE91E-624x303.jpeg 624w\" sizes=\"(max-width: 1024px) 100vw, 1024px\" \/><\/figure><\/li><\/ul>\n\n\n\n<p style=\"text-align:center\">Le point de d\u00e9part se fait \u00e0 partir de Troyes Barberey, puis direction Avallon, ensuite la triangulation se fera vers Montargis et le retour vers Troyes consacrera pour un circuit de 297,4km<\/p>\n\n\n\n<div class=\"wp-block-image\"><figure class=\"aligncenter is-resized\"><img loading=\"lazy\" decoding=\"async\" src=\"http:\/\/aeroclub-abbeville.fr\/wp-content\/uploads\/2019\/07\/AAFC4B3F-9D9F-49BE-99B2-6862C5E5E8B1-1024x765.jpeg\" alt=\"\" class=\"wp-image-2682\" width=\"512\" height=\"383\" srcset=\"http:\/\/aeroclub-abbeville.fr\/wp-content\/uploads\/2019\/07\/AAFC4B3F-9D9F-49BE-99B2-6862C5E5E8B1-1024x765.jpeg 1024w, http:\/\/aeroclub-abbeville.fr\/wp-content\/uploads\/2019\/07\/AAFC4B3F-9D9F-49BE-99B2-6862C5E5E8B1-480x359.jpeg 480w, http:\/\/aeroclub-abbeville.fr\/wp-content\/uploads\/2019\/07\/AAFC4B3F-9D9F-49BE-99B2-6862C5E5E8B1-768x574.jpeg 768w, http:\/\/aeroclub-abbeville.fr\/wp-content\/uploads\/2019\/07\/AAFC4B3F-9D9F-49BE-99B2-6862C5E5E8B1-624x466.jpeg 624w\" sizes=\"(max-width: 512px) 100vw, 512px\" \/><figcaption>Carte d\u2019informations sur le circuit !<\/figcaption><\/figure><\/div>\n\n\n\n<p style=\"text-align:center\">La m\u00e9t\u00e9o est de notre c\u00f4t\u00e9, avec un peu de vent de ouest\/sud-ouest \u00e0 20 Noeuds et un l\u00e9ger voile de Sirus. Pour un circuit envisag\u00e9 en thermiques purs jusqu&rsquo;\u00e0 l\u2019arriv\u00e9e.<\/p>\n\n\n\n<p style=\"text-align:center\">Premier d\u00e9collage \u00e0 12h !<\/p>\n\n\n\n<div class=\"wp-block-image\"><figure class=\"aligncenter is-resized\"><img loading=\"lazy\" decoding=\"async\" src=\"http:\/\/aeroclub-abbeville.fr\/wp-content\/uploads\/2019\/07\/58664876-632A-4FDA-A2B8-5024D7C12588-1024x682.jpeg\" alt=\"\" class=\"wp-image-2695\" width=\"512\" height=\"341\" srcset=\"http:\/\/aeroclub-abbeville.fr\/wp-content\/uploads\/2019\/07\/58664876-632A-4FDA-A2B8-5024D7C12588-1024x682.jpeg 1024w, http:\/\/aeroclub-abbeville.fr\/wp-content\/uploads\/2019\/07\/58664876-632A-4FDA-A2B8-5024D7C12588-480x320.jpeg 480w, http:\/\/aeroclub-abbeville.fr\/wp-content\/uploads\/2019\/07\/58664876-632A-4FDA-A2B8-5024D7C12588-768x512.jpeg 768w, http:\/\/aeroclub-abbeville.fr\/wp-content\/uploads\/2019\/07\/58664876-632A-4FDA-A2B8-5024D7C12588-624x416.jpeg 624w, http:\/\/aeroclub-abbeville.fr\/wp-content\/uploads\/2019\/07\/58664876-632A-4FDA-A2B8-5024D7C12588.jpeg 1838w\" sizes=\"(max-width: 512px) 100vw, 512px\" \/><figcaption>Non, je blague, eux ne font pas le concours !<\/figcaption><\/figure><\/div>\n\n\n\n<p style=\"text-align:center\">Les r\u00e9sultats du jour ont \u00e9t\u00e9 concluants, pour cette belle journ\u00e9e d\u2019\u00e9t\u00e9 ! Sur le Podium, se retrouvent, Alexandre Fierain, d\u2019Abbeville, en p\u00f4le position, suivi de \u00c9mile David, de Ch\u00e2lons,  en seconde place, puis de Astrid Galaret, la v\u00e9livole f\u00e9minine d\u2019Orl\u00e9ans, en troisi\u00e8me position.<\/p>\n\n\n\n<div class=\"wp-block-image\"><figure class=\"aligncenter is-resized\"><img loading=\"lazy\" decoding=\"async\" src=\"http:\/\/aeroclub-abbeville.fr\/wp-content\/uploads\/2019\/07\/5E50A26E-311C-4BF0-8368-6FBC3A50418D-1024x498.jpeg\" alt=\"\" class=\"wp-image-2700\" width=\"512\" height=\"249\" srcset=\"http:\/\/aeroclub-abbeville.fr\/wp-content\/uploads\/2019\/07\/5E50A26E-311C-4BF0-8368-6FBC3A50418D-1024x498.jpeg 1024w, http:\/\/aeroclub-abbeville.fr\/wp-content\/uploads\/2019\/07\/5E50A26E-311C-4BF0-8368-6FBC3A50418D-480x233.jpeg 480w, http:\/\/aeroclub-abbeville.fr\/wp-content\/uploads\/2019\/07\/5E50A26E-311C-4BF0-8368-6FBC3A50418D-768x373.jpeg 768w, http:\/\/aeroclub-abbeville.fr\/wp-content\/uploads\/2019\/07\/5E50A26E-311C-4BF0-8368-6FBC3A50418D-624x303.jpeg 624w\" sizes=\"(max-width: 512px) 100vw, 512px\" \/><figcaption>Voici les r\u00e9sultats du jour !<\/figcaption><\/figure><\/div>\n\n\n\n<ul class=\"wp-block-gallery aligncenter columns-3 is-cropped wp-block-gallery-2 is-layout-flex wp-block-gallery-is-layout-flex\"><li class=\"blocks-gallery-item\"><figure><img loading=\"lazy\" decoding=\"async\" width=\"750\" height=\"751\" src=\"http:\/\/aeroclub-abbeville.fr\/wp-content\/uploads\/2019\/07\/37AAF695-8ADB-4227-953E-406A4DD4CFBE.jpeg\" alt=\"\" data-id=\"2706\" class=\"wp-image-2706\" srcset=\"http:\/\/aeroclub-abbeville.fr\/wp-content\/uploads\/2019\/07\/37AAF695-8ADB-4227-953E-406A4DD4CFBE.jpeg 750w, http:\/\/aeroclub-abbeville.fr\/wp-content\/uploads\/2019\/07\/37AAF695-8ADB-4227-953E-406A4DD4CFBE-150x150.jpeg 150w, http:\/\/aeroclub-abbeville.fr\/wp-content\/uploads\/2019\/07\/37AAF695-8ADB-4227-953E-406A4DD4CFBE-480x480.jpeg 480w, http:\/\/aeroclub-abbeville.fr\/wp-content\/uploads\/2019\/07\/37AAF695-8ADB-4227-953E-406A4DD4CFBE-624x625.jpeg 624w\" sizes=\"(max-width: 750px) 100vw, 750px\" \/><figcaption>Alexandre Fierain, v\u00e9livole \u00e0 Abbeville, depuis toujours !<\/figcaption><\/figure><\/li><li class=\"blocks-gallery-item\"><figure><img loading=\"lazy\" decoding=\"async\" width=\"1024\" height=\"765\" src=\"http:\/\/aeroclub-abbeville.fr\/wp-content\/uploads\/2019\/07\/6F928052-5BC4-4F46-AFD4-A4D6780A8469-1024x765.jpeg\" alt=\"\" data-id=\"2707\" data-link=\"http:\/\/aeroclub-abbeville.fr\/?attachment_id=2707\" class=\"wp-image-2707\" srcset=\"http:\/\/aeroclub-abbeville.fr\/wp-content\/uploads\/2019\/07\/6F928052-5BC4-4F46-AFD4-A4D6780A8469-1024x765.jpeg 1024w, http:\/\/aeroclub-abbeville.fr\/wp-content\/uploads\/2019\/07\/6F928052-5BC4-4F46-AFD4-A4D6780A8469-480x359.jpeg 480w, http:\/\/aeroclub-abbeville.fr\/wp-content\/uploads\/2019\/07\/6F928052-5BC4-4F46-AFD4-A4D6780A8469-768x574.jpeg 768w, http:\/\/aeroclub-abbeville.fr\/wp-content\/uploads\/2019\/07\/6F928052-5BC4-4F46-AFD4-A4D6780A8469-624x466.jpeg 624w\" sizes=\"(max-width: 1024px) 100vw, 1024px\" \/><figcaption>\u00c9mile David, le champion de Ch\u00e2lons<\/figcaption><\/figure><\/li><li class=\"blocks-gallery-item\"><figure><img loading=\"lazy\" decoding=\"async\" width=\"1024\" height=\"765\" src=\"http:\/\/aeroclub-abbeville.fr\/wp-content\/uploads\/2019\/07\/00D37291-7923-43DD-B47A-147D08C44005-1024x765.jpeg\" alt=\"\" data-id=\"2708\" data-link=\"http:\/\/aeroclub-abbeville.fr\/?attachment_id=2708\" class=\"wp-image-2708\" srcset=\"http:\/\/aeroclub-abbeville.fr\/wp-content\/uploads\/2019\/07\/00D37291-7923-43DD-B47A-147D08C44005-1024x765.jpeg 1024w, http:\/\/aeroclub-abbeville.fr\/wp-content\/uploads\/2019\/07\/00D37291-7923-43DD-B47A-147D08C44005-480x359.jpeg 480w, http:\/\/aeroclub-abbeville.fr\/wp-content\/uploads\/2019\/07\/00D37291-7923-43DD-B47A-147D08C44005-768x574.jpeg 768w, http:\/\/aeroclub-abbeville.fr\/wp-content\/uploads\/2019\/07\/00D37291-7923-43DD-B47A-147D08C44005-624x466.jpeg 624w\" sizes=\"(max-width: 1024px) 100vw, 1024px\" \/><figcaption>Astrid Galaret, victorieuse d\u2019Orl\u00e9ans <\/figcaption><\/figure><\/li><\/ul>\n\n\n\n<p style=\"text-align:center\">Et pour ce lundi 22 juillet, \u00e7a recommence ! Un circuit en AAT de 2h30 !<\/p>\n\n\n\n<div class=\"wp-block-image\"><figure class=\"aligncenter is-resized\"><img loading=\"lazy\" decoding=\"async\" src=\"http:\/\/aeroclub-abbeville.fr\/wp-content\/uploads\/2019\/07\/1F59A241-B31F-40CB-BB7F-B9D8E9CA24C6-1024x765.jpeg\" alt=\"\" class=\"wp-image-2701\" width=\"512\" height=\"383\" srcset=\"http:\/\/aeroclub-abbeville.fr\/wp-content\/uploads\/2019\/07\/1F59A241-B31F-40CB-BB7F-B9D8E9CA24C6-1024x765.jpeg 1024w, http:\/\/aeroclub-abbeville.fr\/wp-content\/uploads\/2019\/07\/1F59A241-B31F-40CB-BB7F-B9D8E9CA24C6-480x359.jpeg 480w, http:\/\/aeroclub-abbeville.fr\/wp-content\/uploads\/2019\/07\/1F59A241-B31F-40CB-BB7F-B9D8E9CA24C6-768x574.jpeg 768w, http:\/\/aeroclub-abbeville.fr\/wp-content\/uploads\/2019\/07\/1F59A241-B31F-40CB-BB7F-B9D8E9CA24C6-624x466.jpeg 624w\" sizes=\"(max-width: 512px) 100vw, 512px\" \/><figcaption>Les infos du jour ! <\/figcaption><\/figure><\/div>\n\n\n\n<p style=\"text-align:center\">Pendant ce temps l\u00e0, certains se pr\u00e9parent pour les le\u00e7ons et d\u2019autres peaufinent leur appareil ! <\/p>\n\n\n\n<ul class=\"wp-block-gallery aligncenter columns-3 is-cropped wp-block-gallery-3 is-layout-flex wp-block-gallery-is-layout-flex\"><li class=\"blocks-gallery-item\"><figure><img loading=\"lazy\" decoding=\"async\" width=\"1024\" height=\"765\" src=\"http:\/\/aeroclub-abbeville.fr\/wp-content\/uploads\/2019\/07\/935BA7C0-5C6A-47F8-A6A4-91E092868459-1024x765.jpeg\" alt=\"\" data-id=\"2712\" data-link=\"http:\/\/aeroclub-abbeville.fr\/?attachment_id=2712\" class=\"wp-image-2712\" srcset=\"http:\/\/aeroclub-abbeville.fr\/wp-content\/uploads\/2019\/07\/935BA7C0-5C6A-47F8-A6A4-91E092868459-1024x765.jpeg 1024w, http:\/\/aeroclub-abbeville.fr\/wp-content\/uploads\/2019\/07\/935BA7C0-5C6A-47F8-A6A4-91E092868459-480x359.jpeg 480w, http:\/\/aeroclub-abbeville.fr\/wp-content\/uploads\/2019\/07\/935BA7C0-5C6A-47F8-A6A4-91E092868459-768x574.jpeg 768w, http:\/\/aeroclub-abbeville.fr\/wp-content\/uploads\/2019\/07\/935BA7C0-5C6A-47F8-A6A4-91E092868459-624x466.jpeg 624w\" sizes=\"(max-width: 1024px) 100vw, 1024px\" \/><figcaption>Paul, ma\u00eetre  es s\u00e9curit\u00e9, peaufine le treuil de Troyes.<\/figcaption><\/figure><\/li><li class=\"blocks-gallery-item\"><figure><img loading=\"lazy\" decoding=\"async\" width=\"1024\" height=\"765\" src=\"http:\/\/aeroclub-abbeville.fr\/wp-content\/uploads\/2019\/07\/71D2FC41-9E40-4BFF-9767-A75598717907-1024x765.jpeg\" alt=\"\" data-id=\"2713\" data-link=\"http:\/\/aeroclub-abbeville.fr\/?attachment_id=2713\" class=\"wp-image-2713\" srcset=\"http:\/\/aeroclub-abbeville.fr\/wp-content\/uploads\/2019\/07\/71D2FC41-9E40-4BFF-9767-A75598717907-1024x765.jpeg 1024w, http:\/\/aeroclub-abbeville.fr\/wp-content\/uploads\/2019\/07\/71D2FC41-9E40-4BFF-9767-A75598717907-480x359.jpeg 480w, http:\/\/aeroclub-abbeville.fr\/wp-content\/uploads\/2019\/07\/71D2FC41-9E40-4BFF-9767-A75598717907-768x574.jpeg 768w, http:\/\/aeroclub-abbeville.fr\/wp-content\/uploads\/2019\/07\/71D2FC41-9E40-4BFF-9767-A75598717907-624x466.jpeg 624w\" sizes=\"(max-width: 1024px) 100vw, 1024px\" \/><figcaption>Amandine et l\u2019ASK13 de Troyes. <\/figcaption><\/figure><\/li><li class=\"blocks-gallery-item\"><figure><img loading=\"lazy\" decoding=\"async\" width=\"1024\" height=\"765\" src=\"http:\/\/aeroclub-abbeville.fr\/wp-content\/uploads\/2019\/07\/F5CA0DC5-DB07-402C-A062-1FAA833FC7F7-1024x765.jpeg\" alt=\"\" data-id=\"2714\" data-link=\"http:\/\/aeroclub-abbeville.fr\/?attachment_id=2714\" class=\"wp-image-2714\" srcset=\"http:\/\/aeroclub-abbeville.fr\/wp-content\/uploads\/2019\/07\/F5CA0DC5-DB07-402C-A062-1FAA833FC7F7-1024x765.jpeg 1024w, http:\/\/aeroclub-abbeville.fr\/wp-content\/uploads\/2019\/07\/F5CA0DC5-DB07-402C-A062-1FAA833FC7F7-480x359.jpeg 480w, http:\/\/aeroclub-abbeville.fr\/wp-content\/uploads\/2019\/07\/F5CA0DC5-DB07-402C-A062-1FAA833FC7F7-768x574.jpeg 768w, http:\/\/aeroclub-abbeville.fr\/wp-content\/uploads\/2019\/07\/F5CA0DC5-DB07-402C-A062-1FAA833FC7F7-624x466.jpeg 624w\" sizes=\"(max-width: 1024px) 100vw, 1024px\" \/><figcaption>Joseph et l\u2019ASK13 d\u2019Abbeville <\/figcaption><\/figure><\/li><li class=\"blocks-gallery-item\"><figure><img loading=\"lazy\" decoding=\"async\" width=\"1024\" height=\"765\" src=\"http:\/\/aeroclub-abbeville.fr\/wp-content\/uploads\/2019\/07\/FF6FB546-1FBD-4F35-A16C-D8BE1C73C2F9-1024x765.jpeg\" alt=\"\" data-id=\"2715\" data-link=\"http:\/\/aeroclub-abbeville.fr\/?attachment_id=2715\" class=\"wp-image-2715\" srcset=\"http:\/\/aeroclub-abbeville.fr\/wp-content\/uploads\/2019\/07\/FF6FB546-1FBD-4F35-A16C-D8BE1C73C2F9-1024x765.jpeg 1024w, http:\/\/aeroclub-abbeville.fr\/wp-content\/uploads\/2019\/07\/FF6FB546-1FBD-4F35-A16C-D8BE1C73C2F9-480x359.jpeg 480w, http:\/\/aeroclub-abbeville.fr\/wp-content\/uploads\/2019\/07\/FF6FB546-1FBD-4F35-A16C-D8BE1C73C2F9-768x574.jpeg 768w, http:\/\/aeroclub-abbeville.fr\/wp-content\/uploads\/2019\/07\/FF6FB546-1FBD-4F35-A16C-D8BE1C73C2F9-624x466.jpeg 624w\" sizes=\"(max-width: 1024px) 100vw, 1024px\" \/><figcaption>Agn\u00e8s, H\u00e9l\u00e8ne et Louise \u00e0 la logistique. <\/figcaption><\/figure><\/li><li class=\"blocks-gallery-item\"><figure><img loading=\"lazy\" decoding=\"async\" width=\"1024\" height=\"765\" src=\"http:\/\/aeroclub-abbeville.fr\/wp-content\/uploads\/2019\/07\/BA49BEEE-EF2F-4362-AA4C-4E6FDD458297-1024x765.jpeg\" alt=\"\" data-id=\"2716\" data-link=\"http:\/\/aeroclub-abbeville.fr\/?attachment_id=2716\" class=\"wp-image-2716\" srcset=\"http:\/\/aeroclub-abbeville.fr\/wp-content\/uploads\/2019\/07\/BA49BEEE-EF2F-4362-AA4C-4E6FDD458297-1024x765.jpeg 1024w, http:\/\/aeroclub-abbeville.fr\/wp-content\/uploads\/2019\/07\/BA49BEEE-EF2F-4362-AA4C-4E6FDD458297-480x359.jpeg 480w, http:\/\/aeroclub-abbeville.fr\/wp-content\/uploads\/2019\/07\/BA49BEEE-EF2F-4362-AA4C-4E6FDD458297-768x574.jpeg 768w, http:\/\/aeroclub-abbeville.fr\/wp-content\/uploads\/2019\/07\/BA49BEEE-EF2F-4362-AA4C-4E6FDD458297-624x466.jpeg 624w\" sizes=\"(max-width: 1024px) 100vw, 1024px\" \/><figcaption>Le Pr\u00e9sident d\u2019Abbeville tient la planche.<\/figcaption><\/figure><\/li><li class=\"blocks-gallery-item\"><figure><img loading=\"lazy\" decoding=\"async\" width=\"1024\" height=\"765\" src=\"http:\/\/aeroclub-abbeville.fr\/wp-content\/uploads\/2019\/07\/0602B69D-FC00-4B7A-BBB0-A6BCD9EEEA82-1024x765.jpeg\" alt=\"\" data-id=\"2717\" data-link=\"http:\/\/aeroclub-abbeville.fr\/?attachment_id=2717\" class=\"wp-image-2717\" srcset=\"http:\/\/aeroclub-abbeville.fr\/wp-content\/uploads\/2019\/07\/0602B69D-FC00-4B7A-BBB0-A6BCD9EEEA82-1024x765.jpeg 1024w, http:\/\/aeroclub-abbeville.fr\/wp-content\/uploads\/2019\/07\/0602B69D-FC00-4B7A-BBB0-A6BCD9EEEA82-480x359.jpeg 480w, http:\/\/aeroclub-abbeville.fr\/wp-content\/uploads\/2019\/07\/0602B69D-FC00-4B7A-BBB0-A6BCD9EEEA82-768x574.jpeg 768w, http:\/\/aeroclub-abbeville.fr\/wp-content\/uploads\/2019\/07\/0602B69D-FC00-4B7A-BBB0-A6BCD9EEEA82-624x466.jpeg 624w\" sizes=\"(max-width: 1024px) 100vw, 1024px\" \/><figcaption>Les instructeurs de Troyes et d\u2019Abbeville au d\u00e9briefing.<\/figcaption><\/figure><\/li><li class=\"blocks-gallery-item\"><figure><img loading=\"lazy\" decoding=\"async\" width=\"1024\" height=\"765\" src=\"http:\/\/aeroclub-abbeville.fr\/wp-content\/uploads\/2019\/07\/9F322BD5-CC87-42A2-B32F-2BDAFD2F3F72-1024x765.jpeg\" alt=\"\" data-id=\"2718\" data-link=\"http:\/\/aeroclub-abbeville.fr\/?attachment_id=2718\" class=\"wp-image-2718\" srcset=\"http:\/\/aeroclub-abbeville.fr\/wp-content\/uploads\/2019\/07\/9F322BD5-CC87-42A2-B32F-2BDAFD2F3F72-1024x765.jpeg 1024w, http:\/\/aeroclub-abbeville.fr\/wp-content\/uploads\/2019\/07\/9F322BD5-CC87-42A2-B32F-2BDAFD2F3F72-480x359.jpeg 480w, http:\/\/aeroclub-abbeville.fr\/wp-content\/uploads\/2019\/07\/9F322BD5-CC87-42A2-B32F-2BDAFD2F3F72-768x574.jpeg 768w, http:\/\/aeroclub-abbeville.fr\/wp-content\/uploads\/2019\/07\/9F322BD5-CC87-42A2-B32F-2BDAFD2F3F72-624x466.jpeg 624w\" sizes=\"(max-width: 1024px) 100vw, 1024px\" \/><figcaption>L\u2019animation autour de la m\u00eame passion !<\/figcaption><\/figure><\/li><li class=\"blocks-gallery-item\"><figure><img loading=\"lazy\" decoding=\"async\" width=\"1024\" height=\"498\" src=\"http:\/\/aeroclub-abbeville.fr\/wp-content\/uploads\/2019\/07\/61334DD1-10E0-4E67-AF3E-F1F29D8E1D1D-1024x498.jpeg\" alt=\"\" data-id=\"2719\" data-link=\"http:\/\/aeroclub-abbeville.fr\/?attachment_id=2719\" class=\"wp-image-2719\" srcset=\"http:\/\/aeroclub-abbeville.fr\/wp-content\/uploads\/2019\/07\/61334DD1-10E0-4E67-AF3E-F1F29D8E1D1D-1024x498.jpeg 1024w, http:\/\/aeroclub-abbeville.fr\/wp-content\/uploads\/2019\/07\/61334DD1-10E0-4E67-AF3E-F1F29D8E1D1D-480x233.jpeg 480w, http:\/\/aeroclub-abbeville.fr\/wp-content\/uploads\/2019\/07\/61334DD1-10E0-4E67-AF3E-F1F29D8E1D1D-768x373.jpeg 768w, http:\/\/aeroclub-abbeville.fr\/wp-content\/uploads\/2019\/07\/61334DD1-10E0-4E67-AF3E-F1F29D8E1D1D-624x303.jpeg 624w\" sizes=\"(max-width: 1024px) 100vw, 1024px\" \/><figcaption>Pr\u00e9paration au d\u00e9collage.<\/figcaption><\/figure><\/li><li class=\"blocks-gallery-item\"><figure><img loading=\"lazy\" decoding=\"async\" width=\"1024\" height=\"765\" src=\"http:\/\/aeroclub-abbeville.fr\/wp-content\/uploads\/2019\/07\/1C4676CB-5DE1-4EA4-9722-752E1415B641-1024x765.jpeg\" alt=\"\" data-id=\"2720\" data-link=\"http:\/\/aeroclub-abbeville.fr\/?attachment_id=2720\" class=\"wp-image-2720\" srcset=\"http:\/\/aeroclub-abbeville.fr\/wp-content\/uploads\/2019\/07\/1C4676CB-5DE1-4EA4-9722-752E1415B641-1024x765.jpeg 1024w, http:\/\/aeroclub-abbeville.fr\/wp-content\/uploads\/2019\/07\/1C4676CB-5DE1-4EA4-9722-752E1415B641-480x359.jpeg 480w, http:\/\/aeroclub-abbeville.fr\/wp-content\/uploads\/2019\/07\/1C4676CB-5DE1-4EA4-9722-752E1415B641-768x574.jpeg 768w, http:\/\/aeroclub-abbeville.fr\/wp-content\/uploads\/2019\/07\/1C4676CB-5DE1-4EA4-9722-752E1415B641-624x466.jpeg 624w\" sizes=\"(max-width: 1024px) 100vw, 1024px\" \/><figcaption>Ils souffrent, mais ne l\u00e2cheront rien !<\/figcaption><\/figure><\/li><\/ul>\n\n\n\n<p style=\"text-align:center\">Pour finir !<\/p>\n\n\n\n<div class=\"wp-block-image\"><figure class=\"aligncenter is-resized\"><img loading=\"lazy\" decoding=\"async\" src=\"http:\/\/aeroclub-abbeville.fr\/wp-content\/uploads\/2019\/07\/79F92152-203F-4F77-899D-D51CB0228568-1024x765.jpeg\" alt=\"\" class=\"wp-image-2702\" width=\"512\" height=\"383\" srcset=\"http:\/\/aeroclub-abbeville.fr\/wp-content\/uploads\/2019\/07\/79F92152-203F-4F77-899D-D51CB0228568-1024x765.jpeg 1024w, http:\/\/aeroclub-abbeville.fr\/wp-content\/uploads\/2019\/07\/79F92152-203F-4F77-899D-D51CB0228568-480x359.jpeg 480w, http:\/\/aeroclub-abbeville.fr\/wp-content\/uploads\/2019\/07\/79F92152-203F-4F77-899D-D51CB0228568-768x574.jpeg 768w, http:\/\/aeroclub-abbeville.fr\/wp-content\/uploads\/2019\/07\/79F92152-203F-4F77-899D-D51CB0228568-624x466.jpeg 624w\" sizes=\"(max-width: 512px) 100vw, 512px\" \/><figcaption>Le coucher de soleil \u00e9tait magique hier soir  !<\/figcaption><\/figure><\/div>\n\n\n\n<p style=\"text-align:center\">A bient\u00f4t pour de nouvelles aventures !<\/p>\n\n\n\n<p style=\"text-align:center\">Fran\u00e7oise Sockeel <\/p>\n","protected":false},"excerpt":{"rendered":"<p>21 Juillet 2019 Aujourd\u2019hui, \u00e7a va fumer ! Les circuiteurs viennent d\u2019arriver de toutes les r\u00e9gions de France. Abbeville, Ch\u00e2lons en Champagne, Nancy, Orl\u00e9ans, Pont sur Yonne, Troyes, tous les plus passionn\u00e9s de nos jeunes \u00ab&nbsp;Experts de l\u2019Air&nbsp;\u00bb se pr\u00e9parent pour la comp\u00e9tition. Du dimanche 21 Juillet au samedi 26 Juillet, le Championnat inter r\u00e9gional [&hellip;]<\/p>\n","protected":false},"author":211,"featured_media":0,"comment_status":"open","ping_status":"closed","sticky":false,"template":"","format":"standard","meta":{"inline_featured_image":false,"footnotes":""},"categories":[20,3,4,6,8,13,18,19,31],"tags":[],"class_list":["post-2673","post","type-post","status-publish","format-standard","hentry","category-actualites","category-club","category-competitions","category-formation","category-formation_planeur","category-planeur","category-vie-du-club","category-vol-a-voile","category-voyages"],"_links":{"self":[{"href":"http:\/\/aeroclub-abbeville.fr\/index.php?rest_route=\/wp\/v2\/posts\/2673","targetHints":{"allow":["GET"]}}],"collection":[{"href":"http:\/\/aeroclub-abbeville.fr\/index.php?rest_route=\/wp\/v2\/posts"}],"about":[{"href":"http:\/\/aeroclub-abbeville.fr\/index.php?rest_route=\/wp\/v2\/types\/post"}],"author":[{"embeddable":true,"href":"http:\/\/aeroclub-abbeville.fr\/index.php?rest_route=\/wp\/v2\/users\/211"}],"replies":[{"embeddable":true,"href":"http:\/\/aeroclub-abbeville.fr\/index.php?rest_route=%2Fwp%2Fv2%2Fcomments&post=2673"}],"version-history":[{"count":19,"href":"http:\/\/aeroclub-abbeville.fr\/index.php?rest_route=\/wp\/v2\/posts\/2673\/revisions"}],"predecessor-version":[{"id":2725,"href":"http:\/\/aeroclub-abbeville.fr\/index.php?rest_route=\/wp\/v2\/posts\/2673\/revisions\/2725"}],"wp:attachment":[{"href":"http:\/\/aeroclub-abbeville.fr\/index.php?rest_route=%2Fwp%2Fv2%2Fmedia&parent=2673"}],"wp:term":[{"taxonomy":"category","embeddable":true,"href":"http:\/\/aeroclub-abbeville.fr\/index.php?rest_route=%2Fwp%2Fv2%2Fcategories&post=2673"},{"taxonomy":"post_tag","embeddable":true,"href":"http:\/\/aeroclub-abbeville.fr\/index.php?rest_route=%2Fwp%2Fv2%2Ftags&post=2673"}],"curies":[{"name":"wp","href":"https:\/\/api.w.org\/{rel}","templated":true}]}}