{"id":2726,"date":"2019-07-23T13:49:37","date_gmt":"2019-07-23T12:49:37","guid":{"rendered":"http:\/\/aeroclub-abbeville.fr\/?p=2726"},"modified":"2019-07-26T23:17:39","modified_gmt":"2019-07-26T22:17:39","slug":"des-nouvelles-du-tour-lulm-ca-decoiffe","status":"publish","type":"post","link":"http:\/\/aeroclub-abbeville.fr\/?p=2726","title":{"rendered":"Des Nouvelles du Tour !!! L\u2019ULM, \u00e7a d\u00e9coiffe !"},"content":{"rendered":"\n<p>23 Juillet 2019<\/p>\n\n\n\n<p style=\"text-align:center\">Nous y voila ! L\u2019 \u00e9preuve est commenc\u00e9e ! Les concurrents sont au taquet ! Les premiers kilom\u00e8tres s\u2019encha\u00eenent pour la mise en bouche de ce Tour ULM 2019 !<\/p>\n\n\n\n<ul class=\"wp-block-gallery aligncenter columns-2 is-cropped wp-block-gallery-1 is-layout-flex wp-block-gallery-is-layout-flex\"><li class=\"blocks-gallery-item\"><figure><img decoding=\"async\" src=\"http:\/\/aeroclub-abbeville.fr\/wp-content\/uploads\/2019\/07\/8EB0FC40-E3BB-4E55-AA54-331CB51EDF23.jpeg\" alt=\"\" data-id=\"2729\" class=\"wp-image-2729\"\/><\/figure><\/li><li class=\"blocks-gallery-item\"><figure><img decoding=\"async\" src=\"http:\/\/aeroclub-abbeville.fr\/wp-content\/uploads\/2019\/07\/E809A0E4-FE7B-49E5-953F-C1ED70C6EA95.jpeg\" alt=\"\" data-id=\"2730\" data-link=\"http:\/\/aeroclub-abbeville.fr\/?attachment_id=2730\" class=\"wp-image-2730\"\/><\/figure><\/li><\/ul>\n\n\n\n<p style=\"text-align:center\">Dormir sous les Ailes au point de d\u00e9part ! Daniel et Alain sont pr\u00eats pour l\u2019\u00e9quip\u00e9e a\u00e9rienne ! <\/p>\n\n\n\n<p style=\"text-align:center\">Pour en savoir plus, cliquez sur le lien du blog ! <\/p>\n\n\n\n<p style=\"text-align:center\"><a href=\"https:\/\/ffplum.fr\/la-federation\/le-tour\">https:\/\/ffplum.fr\/la-federation\/le-tour<\/a><\/p>\n\n\n\n<div class=\"wp-block-image\"><figure class=\"aligncenter is-resized\"><img fetchpriority=\"high\" decoding=\"async\" src=\"http:\/\/aeroclub-abbeville.fr\/wp-content\/uploads\/2019\/07\/57BF7366-EA6C-4B52-AC71-034080454BF4.jpeg\" alt=\"\" class=\"wp-image-2732\" width=\"504\" height=\"378\" srcset=\"http:\/\/aeroclub-abbeville.fr\/wp-content\/uploads\/2019\/07\/57BF7366-EA6C-4B52-AC71-034080454BF4.jpeg 1008w, http:\/\/aeroclub-abbeville.fr\/wp-content\/uploads\/2019\/07\/57BF7366-EA6C-4B52-AC71-034080454BF4-480x360.jpeg 480w, http:\/\/aeroclub-abbeville.fr\/wp-content\/uploads\/2019\/07\/57BF7366-EA6C-4B52-AC71-034080454BF4-768x576.jpeg 768w, http:\/\/aeroclub-abbeville.fr\/wp-content\/uploads\/2019\/07\/57BF7366-EA6C-4B52-AC71-034080454BF4-624x468.jpeg 624w\" sizes=\"(max-width: 504px) 100vw, 504px\" \/><figcaption>\u00c0 St Pierre d\u2019Ol\u00e9ron, comme \u00e0 chaque \u00e9tape, chaque r\u00e9gion offre, avec leur accueil chaleureux, leurs meilleures d\u00e9gustations r\u00e9gionales ! Ici ce sont les hu\u00eetres, bien s\u00fbr ! <\/figcaption><\/figure><\/div>\n\n\n\n<ul class=\"wp-block-gallery aligncenter columns-2 is-cropped wp-block-gallery-2 is-layout-flex wp-block-gallery-is-layout-flex\"><li class=\"blocks-gallery-item\"><figure><img decoding=\"async\" width=\"768\" height=\"1024\" src=\"http:\/\/aeroclub-abbeville.fr\/wp-content\/uploads\/2019\/07\/950034BE-4575-45AA-934F-2EE6A584E55C-768x1024.jpeg\" alt=\"\" data-id=\"2733\" data-link=\"http:\/\/aeroclub-abbeville.fr\/?attachment_id=2733\" class=\"wp-image-2733\" srcset=\"http:\/\/aeroclub-abbeville.fr\/wp-content\/uploads\/2019\/07\/950034BE-4575-45AA-934F-2EE6A584E55C-768x1024.jpeg 768w, http:\/\/aeroclub-abbeville.fr\/wp-content\/uploads\/2019\/07\/950034BE-4575-45AA-934F-2EE6A584E55C-360x480.jpeg 360w, http:\/\/aeroclub-abbeville.fr\/wp-content\/uploads\/2019\/07\/950034BE-4575-45AA-934F-2EE6A584E55C-624x832.jpeg 624w, http:\/\/aeroclub-abbeville.fr\/wp-content\/uploads\/2019\/07\/950034BE-4575-45AA-934F-2EE6A584E55C.jpeg 864w\" sizes=\"(max-width: 768px) 100vw, 768px\" \/><\/figure><\/li><li class=\"blocks-gallery-item\"><figure><img decoding=\"async\" width=\"1008\" height=\"756\" src=\"http:\/\/aeroclub-abbeville.fr\/wp-content\/uploads\/2019\/07\/A6822F4C-CCFA-45DF-992B-3855788D3B79.jpeg\" alt=\"\" data-id=\"2734\" data-link=\"http:\/\/aeroclub-abbeville.fr\/?attachment_id=2734\" class=\"wp-image-2734\" srcset=\"http:\/\/aeroclub-abbeville.fr\/wp-content\/uploads\/2019\/07\/A6822F4C-CCFA-45DF-992B-3855788D3B79.jpeg 1008w, http:\/\/aeroclub-abbeville.fr\/wp-content\/uploads\/2019\/07\/A6822F4C-CCFA-45DF-992B-3855788D3B79-480x360.jpeg 480w, http:\/\/aeroclub-abbeville.fr\/wp-content\/uploads\/2019\/07\/A6822F4C-CCFA-45DF-992B-3855788D3B79-768x576.jpeg 768w, http:\/\/aeroclub-abbeville.fr\/wp-content\/uploads\/2019\/07\/A6822F4C-CCFA-45DF-992B-3855788D3B79-624x468.jpeg 624w\" sizes=\"(max-width: 1008px) 100vw, 1008px\" \/><\/figure><\/li><\/ul>\n\n\n\n<p style=\"text-align:center\">\u00c0 l\u2019arriv\u00e9e \u00e0 Biscarosse, la sortie culturelle se fait au \u00ab\u00a0Mus\u00e9e de L\u2019Aviation\u00a0\u00bb ! \u00c9videmment !<\/p>\n\n\n\n<p style=\"text-align:center\">De Biscarosse \u00e0 Condom, la Canicule est en vue !<\/p>\n\n\n\n<div class=\"wp-block-image\"><figure class=\"aligncenter is-resized\"><img loading=\"lazy\" decoding=\"async\" src=\"http:\/\/aeroclub-abbeville.fr\/wp-content\/uploads\/2019\/07\/36F03CBA-B995-45C9-BE5A-0B804E795364.jpeg\" alt=\"\" class=\"wp-image-2742\" width=\"473\" height=\"315\" srcset=\"http:\/\/aeroclub-abbeville.fr\/wp-content\/uploads\/2019\/07\/36F03CBA-B995-45C9-BE5A-0B804E795364.jpeg 630w, http:\/\/aeroclub-abbeville.fr\/wp-content\/uploads\/2019\/07\/36F03CBA-B995-45C9-BE5A-0B804E795364-480x320.jpeg 480w, http:\/\/aeroclub-abbeville.fr\/wp-content\/uploads\/2019\/07\/36F03CBA-B995-45C9-BE5A-0B804E795364-624x416.jpeg 624w\" sizes=\"(max-width: 473px) 100vw, 473px\" \/><figcaption>Condom, vue du ciel !<\/figcaption><\/figure><\/div>\n\n\n\n<p style=\"text-align:center\">De Condom \u00e0 St Girons, direction Millau, o\u00f9, para\u00eet-il, il y a un \u00ab&nbsp;pont&nbsp;\u00bb \u00e0 voir et \u00e0 survoler !<\/p>\n\n\n\n<div class=\"wp-block-image\"><figure class=\"aligncenter is-resized\"><img loading=\"lazy\" decoding=\"async\" src=\"http:\/\/aeroclub-abbeville.fr\/wp-content\/uploads\/2019\/07\/229D3650-2922-436D-9C36-D9E9878A7718.jpeg\" alt=\"\" class=\"wp-image-2737\" width=\"360\" height=\"270\"\/><\/figure><\/div>\n\n\n\n<p style=\"text-align:center\">Tiens, voil\u00e0 les Copains, venus dire bonjour !<\/p>\n\n\n\n<div class=\"wp-block-image\"><figure class=\"aligncenter is-resized\"><img loading=\"lazy\" decoding=\"async\" src=\"http:\/\/aeroclub-abbeville.fr\/wp-content\/uploads\/2019\/07\/4A7E5F19-AD73-4BB8-BA04-54E895D8BF9E.jpeg\" alt=\"\" class=\"wp-image-2738\" width=\"360\" height=\"270\"\/><figcaption>Bonjour la Patrouille ! Merci de votre visite !<\/figcaption><\/figure><\/div>\n\n\n\n<p style=\"text-align:center\">Demain sera un autre jour ! Merci \u00e0 tous pour la \u00ab&nbsp;Super-logistique&nbsp;\u00bb de toute l\u2019\u00e9quipe !<\/p>\n\n\n\n<p style=\"text-align:center\">\u00c0 bient\u00f4t pour de nouvelles aventures !<\/p>\n\n\n\n<p style=\"text-align:center\">Fran\u00e7oise Sockeel<\/p>\n","protected":false},"excerpt":{"rendered":"<p>23 Juillet 2019 Nous y voila ! L\u2019 \u00e9preuve est commenc\u00e9e ! Les concurrents sont au taquet ! Les premiers kilom\u00e8tres s\u2019encha\u00eenent pour la mise en bouche de ce Tour ULM 2019 ! Dormir sous les Ailes au point de d\u00e9part ! Daniel et Alain sont pr\u00eats pour l\u2019\u00e9quip\u00e9e a\u00e9rienne ! Pour en savoir plus, [&hellip;]<\/p>\n","protected":false},"author":211,"featured_media":0,"comment_status":"open","ping_status":"closed","sticky":false,"template":"","format":"standard","meta":{"inline_featured_image":false,"footnotes":""},"categories":[20,2,3,4,11,17,18,31],"tags":[],"class_list":["post-2726","post","type-post","status-publish","format-standard","hentry","category-actualites","category-avion","category-club","category-competitions","category-manifestations","category-ulm","category-vie-du-club","category-voyages"],"_links":{"self":[{"href":"http:\/\/aeroclub-abbeville.fr\/index.php?rest_route=\/wp\/v2\/posts\/2726","targetHints":{"allow":["GET"]}}],"collection":[{"href":"http:\/\/aeroclub-abbeville.fr\/index.php?rest_route=\/wp\/v2\/posts"}],"about":[{"href":"http:\/\/aeroclub-abbeville.fr\/index.php?rest_route=\/wp\/v2\/types\/post"}],"author":[{"embeddable":true,"href":"http:\/\/aeroclub-abbeville.fr\/index.php?rest_route=\/wp\/v2\/users\/211"}],"replies":[{"embeddable":true,"href":"http:\/\/aeroclub-abbeville.fr\/index.php?rest_route=%2Fwp%2Fv2%2Fcomments&post=2726"}],"version-history":[{"count":9,"href":"http:\/\/aeroclub-abbeville.fr\/index.php?rest_route=\/wp\/v2\/posts\/2726\/revisions"}],"predecessor-version":[{"id":2764,"href":"http:\/\/aeroclub-abbeville.fr\/index.php?rest_route=\/wp\/v2\/posts\/2726\/revisions\/2764"}],"wp:attachment":[{"href":"http:\/\/aeroclub-abbeville.fr\/index.php?rest_route=%2Fwp%2Fv2%2Fmedia&parent=2726"}],"wp:term":[{"taxonomy":"category","embeddable":true,"href":"http:\/\/aeroclub-abbeville.fr\/index.php?rest_route=%2Fwp%2Fv2%2Fcategories&post=2726"},{"taxonomy":"post_tag","embeddable":true,"href":"http:\/\/aeroclub-abbeville.fr\/index.php?rest_route=%2Fwp%2Fv2%2Ftags&post=2726"}],"curies":[{"name":"wp","href":"https:\/\/api.w.org\/{rel}","templated":true}]}}