{"id":275,"date":"2012-09-21T13:16:50","date_gmt":"2012-09-21T12:16:50","guid":{"rendered":"http:\/\/web.aeroclub-abbeville.fr\/aeroclub\/?p=275"},"modified":"2012-09-21T13:16:50","modified_gmt":"2012-09-21T12:16:50","slug":"le-touquet-21-septembre","status":"publish","type":"post","link":"http:\/\/aeroclub-abbeville.fr\/?p=275","title":{"rendered":"Le Touquet 21 septembre"},"content":{"rendered":"<p>Xray Golf \u00e9tait en bonne compagnie cet apr\u00e8s-midi au Touquet. La PAF \u00e9tait venue pour s&rsquo;entra\u00eener en vue de la comm\u00e9moration du centenaire de la ville.<\/p>\n<p><a title=\"p1020753.jpg\" href=\"http:\/\/wiki.aeroclub-abbeville.fr\/lib\/exe\/detail.php\/p1020753.jpg?id=Accueil\"><img decoding=\"async\" class=\"aligncenter\" title=\"p1020753.jpg\" alt=\"p1020753.jpg\" src=\"http:\/\/wiki.aeroclub-abbeville.fr\/lib\/exe\/fetch.php\/p1020753.jpg\" \/><\/a><\/p>\n","protected":false},"excerpt":{"rendered":"<p>Xray Golf \u00e9tait en bonne compagnie cet apr\u00e8s-midi au Touquet. La PAF \u00e9tait venue pour s&rsquo;entra\u00eener en vue de la comm\u00e9moration du centenaire de la ville.<\/p>\n","protected":false},"author":67,"featured_media":0,"comment_status":"open","ping_status":"open","sticky":false,"template":"","format":"standard","meta":{"inline_featured_image":false,"footnotes":""},"categories":[2,11],"tags":[],"class_list":["post-275","post","type-post","status-publish","format-standard","hentry","category-avion","category-manifestations"],"_links":{"self":[{"href":"http:\/\/aeroclub-abbeville.fr\/index.php?rest_route=\/wp\/v2\/posts\/275","targetHints":{"allow":["GET"]}}],"collection":[{"href":"http:\/\/aeroclub-abbeville.fr\/index.php?rest_route=\/wp\/v2\/posts"}],"about":[{"href":"http:\/\/aeroclub-abbeville.fr\/index.php?rest_route=\/wp\/v2\/types\/post"}],"author":[{"embeddable":true,"href":"http:\/\/aeroclub-abbeville.fr\/index.php?rest_route=\/wp\/v2\/users\/67"}],"replies":[{"embeddable":true,"href":"http:\/\/aeroclub-abbeville.fr\/index.php?rest_route=%2Fwp%2Fv2%2Fcomments&post=275"}],"version-history":[{"count":0,"href":"http:\/\/aeroclub-abbeville.fr\/index.php?rest_route=\/wp\/v2\/posts\/275\/revisions"}],"wp:attachment":[{"href":"http:\/\/aeroclub-abbeville.fr\/index.php?rest_route=%2Fwp%2Fv2%2Fmedia&parent=275"}],"wp:term":[{"taxonomy":"category","embeddable":true,"href":"http:\/\/aeroclub-abbeville.fr\/index.php?rest_route=%2Fwp%2Fv2%2Fcategories&post=275"},{"taxonomy":"post_tag","embeddable":true,"href":"http:\/\/aeroclub-abbeville.fr\/index.php?rest_route=%2Fwp%2Fv2%2Ftags&post=275"}],"curies":[{"name":"wp","href":"https:\/\/api.w.org\/{rel}","templated":true}]}}