{"id":2750,"date":"2019-07-26T22:56:30","date_gmt":"2019-07-26T21:56:30","guid":{"rendered":"http:\/\/aeroclub-abbeville.fr\/?p=2750"},"modified":"2019-07-26T23:15:55","modified_gmt":"2019-07-26T22:15:55","slug":"la-grande-vadrouille-2019-cest-le-tour-ulm","status":"publish","type":"post","link":"http:\/\/aeroclub-abbeville.fr\/?p=2750","title":{"rendered":"La Grande Vadrouille 2019, c\u2019est le Tour ULM !!!"},"content":{"rendered":"\n<p>26 Juillet 2019<\/p>\n\n\n\n<p style=\"text-align:center\">Et oui, ils sont toujours la t\u00eate en l\u2019air, nos deux Abbevillois !   Au 5\u00e8me jour du Tour ULM et toujours aussi \u00e9merveill\u00e9s, c\u2019est la ville de Mende qui les a s\u00e9duits ! La Loz\u00e8re leur fait d\u00e9couvrir ses successions de monts et de vall\u00e9es bleut\u00e9es, creus\u00e9es de \u00ab\u00a0Gardons\u00a0\u00bb nonchalants, cachant sous leurs miroitements cristallins, la violence des torrents mouvement\u00e9s.<\/p>\n\n\n\n<div class=\"wp-block-image\"><figure class=\"aligncenter is-resized\"><img fetchpriority=\"high\" decoding=\"async\" src=\"http:\/\/aeroclub-abbeville.fr\/wp-content\/uploads\/2019\/07\/5E25EC7F-F810-426A-B16A-3DC3B9FF939A.jpeg\" alt=\"\" class=\"wp-image-2751\" width=\"504\" height=\"378\" srcset=\"http:\/\/aeroclub-abbeville.fr\/wp-content\/uploads\/2019\/07\/5E25EC7F-F810-426A-B16A-3DC3B9FF939A.jpeg 1008w, http:\/\/aeroclub-abbeville.fr\/wp-content\/uploads\/2019\/07\/5E25EC7F-F810-426A-B16A-3DC3B9FF939A-480x360.jpeg 480w, http:\/\/aeroclub-abbeville.fr\/wp-content\/uploads\/2019\/07\/5E25EC7F-F810-426A-B16A-3DC3B9FF939A-768x576.jpeg 768w, http:\/\/aeroclub-abbeville.fr\/wp-content\/uploads\/2019\/07\/5E25EC7F-F810-426A-B16A-3DC3B9FF939A-624x468.jpeg 624w\" sizes=\"(max-width: 504px) 100vw, 504px\" \/><\/figure><\/div>\n\n\n\n<p style=\"text-align:center\">La derni\u00e8re s\u00e9quence du film de \u00ab&nbsp;la grande vadrouille&nbsp;\u00bb a \u00e9t\u00e9 tourn\u00e9e \u00e0 cet endroit, et il me semble reconna\u00eetre les deux \u00ab&nbsp;Stars&nbsp;\u00bb du film !<\/p>\n\n\n\n<div class=\"wp-block-image\"><figure class=\"aligncenter is-resized\"><img decoding=\"async\" src=\"http:\/\/aeroclub-abbeville.fr\/wp-content\/uploads\/2019\/07\/84C425AA-7961-454B-AC92-CAB0DCD24FB7.jpeg\" alt=\"\" class=\"wp-image-2752\" width=\"378\" height=\"504\" srcset=\"http:\/\/aeroclub-abbeville.fr\/wp-content\/uploads\/2019\/07\/84C425AA-7961-454B-AC92-CAB0DCD24FB7.jpeg 756w, http:\/\/aeroclub-abbeville.fr\/wp-content\/uploads\/2019\/07\/84C425AA-7961-454B-AC92-CAB0DCD24FB7-360x480.jpeg 360w, http:\/\/aeroclub-abbeville.fr\/wp-content\/uploads\/2019\/07\/84C425AA-7961-454B-AC92-CAB0DCD24FB7-624x832.jpeg 624w\" sizes=\"(max-width: 378px) 100vw, 378px\" \/><figcaption>Alain et Daniel, toujours complices pour les longues distances, \u00e0 pied, \u00e0 cheval ou en ULM !<\/figcaption><\/figure><\/div>\n\n\n\n<p style=\"text-align:center\">En parlant de cheval, ils ont visit\u00e9 le Mus\u00e9e du facteur du m\u00eame nom ! Un peu de culture picturale pour alterner avec les d\u00e9couvertes gastronomiques r\u00e9gionales ! Attention au centrage pour le retour, n\u2019oubliez pas de retirer les \u00ab&nbsp;Gueuses&nbsp;\u00bb !!!<\/p>\n\n\n\n<div class=\"wp-block-image\"><figure class=\"aligncenter is-resized\"><img decoding=\"async\" src=\"http:\/\/aeroclub-abbeville.fr\/wp-content\/uploads\/2019\/07\/F90BC7A7-4CF4-40F2-84E5-60188260499B.jpeg\" alt=\"\" class=\"wp-image-2753\" width=\"504\" height=\"378\" srcset=\"http:\/\/aeroclub-abbeville.fr\/wp-content\/uploads\/2019\/07\/F90BC7A7-4CF4-40F2-84E5-60188260499B.jpeg 1008w, http:\/\/aeroclub-abbeville.fr\/wp-content\/uploads\/2019\/07\/F90BC7A7-4CF4-40F2-84E5-60188260499B-480x360.jpeg 480w, http:\/\/aeroclub-abbeville.fr\/wp-content\/uploads\/2019\/07\/F90BC7A7-4CF4-40F2-84E5-60188260499B-768x576.jpeg 768w, http:\/\/aeroclub-abbeville.fr\/wp-content\/uploads\/2019\/07\/F90BC7A7-4CF4-40F2-84E5-60188260499B-624x468.jpeg 624w\" sizes=\"(max-width: 504px) 100vw, 504px\" \/><figcaption>L&rsquo;a\u00e9rodrome de Mende <\/figcaption><\/figure><\/div>\n\n\n\n<div class=\"wp-block-image\"><figure class=\"aligncenter is-resized\"><img loading=\"lazy\" decoding=\"async\" src=\"http:\/\/aeroclub-abbeville.fr\/wp-content\/uploads\/2019\/07\/1A6CF046-0131-4423-BB1C-4A1FFAF895A6.jpeg\" alt=\"\" class=\"wp-image-2754\" width=\"504\" height=\"378\" srcset=\"http:\/\/aeroclub-abbeville.fr\/wp-content\/uploads\/2019\/07\/1A6CF046-0131-4423-BB1C-4A1FFAF895A6.jpeg 1008w, http:\/\/aeroclub-abbeville.fr\/wp-content\/uploads\/2019\/07\/1A6CF046-0131-4423-BB1C-4A1FFAF895A6-480x360.jpeg 480w, http:\/\/aeroclub-abbeville.fr\/wp-content\/uploads\/2019\/07\/1A6CF046-0131-4423-BB1C-4A1FFAF895A6-768x576.jpeg 768w, http:\/\/aeroclub-abbeville.fr\/wp-content\/uploads\/2019\/07\/1A6CF046-0131-4423-BB1C-4A1FFAF895A6-624x468.jpeg 624w\" sizes=\"(max-width: 504px) 100vw, 504px\" \/><figcaption>Le Mus\u00e9e du Facteur Cheval ! Tout un programme !<\/figcaption><\/figure><\/div>\n\n\n\n<p style=\"text-align:center\">C\u00f4t\u00e9 gastronomie, les d\u00e9gustations passent des hu\u00eetres d\u2019Ol\u00e9ron, au foie gras du Gers, pour leur faire d\u00e9couvrir ici la Raviole des C\u00e9vennes ! Et c\u2019est tr\u00e8s bon ! J\u2019ai l&rsquo;impression que ce voyage fera bien des \u00e9mules aupr\u00e8s d\u2019autres pilotes ! <\/p>\n\n\n\n<div class=\"wp-block-image\"><figure class=\"aligncenter is-resized\"><img loading=\"lazy\" decoding=\"async\" src=\"http:\/\/aeroclub-abbeville.fr\/wp-content\/uploads\/2019\/07\/7179C3FC-4F99-4F4D-B760-8F9119CED4E2.jpeg\" alt=\"\" class=\"wp-image-2755\" width=\"378\" height=\"504\" srcset=\"http:\/\/aeroclub-abbeville.fr\/wp-content\/uploads\/2019\/07\/7179C3FC-4F99-4F4D-B760-8F9119CED4E2.jpeg 756w, http:\/\/aeroclub-abbeville.fr\/wp-content\/uploads\/2019\/07\/7179C3FC-4F99-4F4D-B760-8F9119CED4E2-360x480.jpeg 360w, http:\/\/aeroclub-abbeville.fr\/wp-content\/uploads\/2019\/07\/7179C3FC-4F99-4F4D-B760-8F9119CED4E2-624x832.jpeg 624w\" sizes=\"(max-width: 378px) 100vw, 378px\" \/><figcaption>App\u00e9tissant, n\u2019est ce pas ?<\/figcaption><\/figure><\/div>\n\n\n\n<p style=\"text-align:center\">Un dernier petit tour au dessus de Millau et demain samedi, c\u2019est d\u00e9j\u00e0 le retour. L\u2019arriv\u00e9e sera pr\u00e9vue vers 15h30 ou 16h.  Les meilleures choses ont une fin, mais quel voyage et quels souvenirs pour tous les participants ! Un grand bravo \u00e0 tous les deux pour cette belle \u00e9pop\u00e9e ! Et un grand Merci \u00e0 l\u2019\u00e9quipe du Tour ULM pour sa logistique sans faille !<\/p>\n\n\n\n<div class=\"wp-block-image\"><figure class=\"aligncenter is-resized\"><img loading=\"lazy\" decoding=\"async\" src=\"http:\/\/aeroclub-abbeville.fr\/wp-content\/uploads\/2019\/07\/3E564477-8CD4-43A3-AC6F-E02DE3DC6C3C-768x1024.jpeg\" alt=\"\" class=\"wp-image-2756\" width=\"576\" height=\"768\" srcset=\"http:\/\/aeroclub-abbeville.fr\/wp-content\/uploads\/2019\/07\/3E564477-8CD4-43A3-AC6F-E02DE3DC6C3C-768x1024.jpeg 768w, http:\/\/aeroclub-abbeville.fr\/wp-content\/uploads\/2019\/07\/3E564477-8CD4-43A3-AC6F-E02DE3DC6C3C-360x480.jpeg 360w, http:\/\/aeroclub-abbeville.fr\/wp-content\/uploads\/2019\/07\/3E564477-8CD4-43A3-AC6F-E02DE3DC6C3C-624x832.jpeg 624w, http:\/\/aeroclub-abbeville.fr\/wp-content\/uploads\/2019\/07\/3E564477-8CD4-43A3-AC6F-E02DE3DC6C3C.jpeg 810w\" sizes=\"(max-width: 576px) 100vw, 576px\" \/><figcaption>Air pur et Beaut\u00e9 ! Le Go\u00fbt du Ciel ! <\/figcaption><\/figure><\/div>\n\n\n\n<p style=\"text-align:center\"> Belle soir\u00e9e, les Amis, profitez bien de votre derni\u00e8re \u00e9tape !<\/p>\n\n\n\n<p style=\"text-align:center\">A demain !<\/p>\n\n\n\n<p style=\"text-align:center\">Cr\u00e9dit photos : Alain Fauquembergue et Daniel Tellier<\/p>\n\n\n\n<p style=\"text-align:center\">Fran\u00e7oise Sockeel <\/p>\n","protected":false},"excerpt":{"rendered":"<p>Et oui, ils sont toujours la t\u00eate en l\u2019air, nos deux Abbevillois ! Au 5\u00e8me jour du Tour ULM et toujours aussi \u00e9merveill\u00e9s, c\u2019est la ville de Mende qui les a s\u00e9duits ! La Loz\u00e8re leur fait d\u00e9couvrir ses successions de monts et de vall\u00e9es bleut\u00e9es, creus\u00e9es de \u00ab\u00a0Gardons\u00a0\u00bb nonchalants, cachant sous leurs miroitements cristallins, [&hellip;]<\/p>\n","protected":false},"author":211,"featured_media":0,"comment_status":"open","ping_status":"closed","sticky":false,"template":"","format":"standard","meta":{"inline_featured_image":false,"footnotes":""},"categories":[20,2,3,4,11,17,18,31],"tags":[],"class_list":["post-2750","post","type-post","status-publish","format-standard","hentry","category-actualites","category-avion","category-club","category-competitions","category-manifestations","category-ulm","category-vie-du-club","category-voyages"],"_links":{"self":[{"href":"http:\/\/aeroclub-abbeville.fr\/index.php?rest_route=\/wp\/v2\/posts\/2750","targetHints":{"allow":["GET"]}}],"collection":[{"href":"http:\/\/aeroclub-abbeville.fr\/index.php?rest_route=\/wp\/v2\/posts"}],"about":[{"href":"http:\/\/aeroclub-abbeville.fr\/index.php?rest_route=\/wp\/v2\/types\/post"}],"author":[{"embeddable":true,"href":"http:\/\/aeroclub-abbeville.fr\/index.php?rest_route=\/wp\/v2\/users\/211"}],"replies":[{"embeddable":true,"href":"http:\/\/aeroclub-abbeville.fr\/index.php?rest_route=%2Fwp%2Fv2%2Fcomments&post=2750"}],"version-history":[{"count":8,"href":"http:\/\/aeroclub-abbeville.fr\/index.php?rest_route=\/wp\/v2\/posts\/2750\/revisions"}],"predecessor-version":[{"id":3775,"href":"http:\/\/aeroclub-abbeville.fr\/index.php?rest_route=\/wp\/v2\/posts\/2750\/revisions\/3775"}],"wp:attachment":[{"href":"http:\/\/aeroclub-abbeville.fr\/index.php?rest_route=%2Fwp%2Fv2%2Fmedia&parent=2750"}],"wp:term":[{"taxonomy":"category","embeddable":true,"href":"http:\/\/aeroclub-abbeville.fr\/index.php?rest_route=%2Fwp%2Fv2%2Fcategories&post=2750"},{"taxonomy":"post_tag","embeddable":true,"href":"http:\/\/aeroclub-abbeville.fr\/index.php?rest_route=%2Fwp%2Fv2%2Ftags&post=2750"}],"curies":[{"name":"wp","href":"https:\/\/api.w.org\/{rel}","templated":true}]}}