{"id":2766,"date":"2019-07-28T09:52:38","date_gmt":"2019-07-28T08:52:38","guid":{"rendered":"http:\/\/aeroclub-abbeville.fr\/?p=2766"},"modified":"2019-07-28T10:52:36","modified_gmt":"2019-07-28T09:52:36","slug":"le-stage-et-le-circuit-a-troyes-lete-sintensifie-pour-les-abbevillois","status":"publish","type":"post","link":"http:\/\/aeroclub-abbeville.fr\/?p=2766","title":{"rendered":"Entre le Stage et le Championnat, \u00e0 Troyes, l\u2019\u00e9t\u00e9 s\u2019intensifie pour les Abbevillois !"},"content":{"rendered":"\n<p>28 Juillet 2019<\/p>\n\n\n\n<p style=\"text-align:center\">\u00ab&nbsp;Ils sont beaux, ils sont jeunes, et pleins de Vie ! Ils sont venus pour la semaine, pour quelques jours ou juste pour faire une \u00e9preuve, pour voir ce que c\u2019est et se mesurer les uns aux autres. F\u00e9licitations \u00e0 tous ! Et puis, il y a aussi quelques concurrents l\u00e9g\u00e8rement plus \u00e2g\u00e9s, qui ont jou\u00e9 le jeu, pour le plaisir et ont partag\u00e9 plein de sensations fortes. Un beau Championnat !&nbsp;\u00bb Merci au Centre de Planeurs de Troyes pour cette belle aventure ! ( Badou Michel )<\/p>\n\n\n\n<div class=\"wp-block-image\"><figure class=\"aligncenter is-resized\"><img fetchpriority=\"high\" decoding=\"async\" src=\"http:\/\/aeroclub-abbeville.fr\/wp-content\/uploads\/2019\/07\/B5E75887-8CE3-412F-87B6-3E25A27F49BD.jpeg\" alt=\"\" class=\"wp-image-2767\" width=\"720\" height=\"480\" srcset=\"http:\/\/aeroclub-abbeville.fr\/wp-content\/uploads\/2019\/07\/B5E75887-8CE3-412F-87B6-3E25A27F49BD.jpeg 960w, http:\/\/aeroclub-abbeville.fr\/wp-content\/uploads\/2019\/07\/B5E75887-8CE3-412F-87B6-3E25A27F49BD-480x320.jpeg 480w, http:\/\/aeroclub-abbeville.fr\/wp-content\/uploads\/2019\/07\/B5E75887-8CE3-412F-87B6-3E25A27F49BD-768x512.jpeg 768w, http:\/\/aeroclub-abbeville.fr\/wp-content\/uploads\/2019\/07\/B5E75887-8CE3-412F-87B6-3E25A27F49BD-624x416.jpeg 624w\" sizes=\"(max-width: 720px) 100vw, 720px\" \/><figcaption>Alexandre Fierain d\u2019Abbeville<\/figcaption><\/figure><\/div>\n\n\n\n<ul class=\"wp-block-gallery aligncenter columns-3 is-cropped wp-block-gallery-1 is-layout-flex wp-block-gallery-is-layout-flex\"><li class=\"blocks-gallery-item\"><figure><img decoding=\"async\" width=\"960\" height=\"640\" src=\"http:\/\/aeroclub-abbeville.fr\/wp-content\/uploads\/2019\/07\/8F895B8F-1DF5-4A13-B105-8CB15B6E4B3A.jpeg\" alt=\"\" data-id=\"2768\" data-link=\"http:\/\/aeroclub-abbeville.fr\/?attachment_id=2768\" class=\"wp-image-2768\" srcset=\"http:\/\/aeroclub-abbeville.fr\/wp-content\/uploads\/2019\/07\/8F895B8F-1DF5-4A13-B105-8CB15B6E4B3A.jpeg 960w, http:\/\/aeroclub-abbeville.fr\/wp-content\/uploads\/2019\/07\/8F895B8F-1DF5-4A13-B105-8CB15B6E4B3A-480x320.jpeg 480w, http:\/\/aeroclub-abbeville.fr\/wp-content\/uploads\/2019\/07\/8F895B8F-1DF5-4A13-B105-8CB15B6E4B3A-768x512.jpeg 768w, http:\/\/aeroclub-abbeville.fr\/wp-content\/uploads\/2019\/07\/8F895B8F-1DF5-4A13-B105-8CB15B6E4B3A-624x416.jpeg 624w\" sizes=\"(max-width: 960px) 100vw, 960px\" \/><figcaption>Astrid<\/figcaption><\/figure><\/li><li class=\"blocks-gallery-item\"><figure><img decoding=\"async\" width=\"960\" height=\"640\" src=\"http:\/\/aeroclub-abbeville.fr\/wp-content\/uploads\/2019\/07\/CF3FC982-5319-4AD5-AD28-7935260FA90D.jpeg\" alt=\"\" data-id=\"2769\" data-link=\"http:\/\/aeroclub-abbeville.fr\/?attachment_id=2769\" class=\"wp-image-2769\" srcset=\"http:\/\/aeroclub-abbeville.fr\/wp-content\/uploads\/2019\/07\/CF3FC982-5319-4AD5-AD28-7935260FA90D.jpeg 960w, http:\/\/aeroclub-abbeville.fr\/wp-content\/uploads\/2019\/07\/CF3FC982-5319-4AD5-AD28-7935260FA90D-480x320.jpeg 480w, http:\/\/aeroclub-abbeville.fr\/wp-content\/uploads\/2019\/07\/CF3FC982-5319-4AD5-AD28-7935260FA90D-768x512.jpeg 768w, http:\/\/aeroclub-abbeville.fr\/wp-content\/uploads\/2019\/07\/CF3FC982-5319-4AD5-AD28-7935260FA90D-624x416.jpeg 624w\" sizes=\"(max-width: 960px) 100vw, 960px\" \/><figcaption>David <\/figcaption><\/figure><\/li><li class=\"blocks-gallery-item\"><figure><img loading=\"lazy\" decoding=\"async\" width=\"960\" height=\"640\" src=\"http:\/\/aeroclub-abbeville.fr\/wp-content\/uploads\/2019\/07\/AB748E77-7857-4AE6-8E86-257F7C4D0214.jpeg\" alt=\"\" data-id=\"2770\" data-link=\"http:\/\/aeroclub-abbeville.fr\/?attachment_id=2770\" class=\"wp-image-2770\" srcset=\"http:\/\/aeroclub-abbeville.fr\/wp-content\/uploads\/2019\/07\/AB748E77-7857-4AE6-8E86-257F7C4D0214.jpeg 960w, http:\/\/aeroclub-abbeville.fr\/wp-content\/uploads\/2019\/07\/AB748E77-7857-4AE6-8E86-257F7C4D0214-480x320.jpeg 480w, http:\/\/aeroclub-abbeville.fr\/wp-content\/uploads\/2019\/07\/AB748E77-7857-4AE6-8E86-257F7C4D0214-768x512.jpeg 768w, http:\/\/aeroclub-abbeville.fr\/wp-content\/uploads\/2019\/07\/AB748E77-7857-4AE6-8E86-257F7C4D0214-624x416.jpeg 624w\" sizes=\"(max-width: 960px) 100vw, 960px\" \/><figcaption>Paul<\/figcaption><\/figure><\/li><li class=\"blocks-gallery-item\"><figure><img loading=\"lazy\" decoding=\"async\" width=\"960\" height=\"628\" src=\"http:\/\/aeroclub-abbeville.fr\/wp-content\/uploads\/2019\/07\/B2E379CA-7E6B-4B0A-B825-54AD9F7C7116.jpeg\" alt=\"\" data-id=\"2771\" data-link=\"http:\/\/aeroclub-abbeville.fr\/?attachment_id=2771\" class=\"wp-image-2771\" srcset=\"http:\/\/aeroclub-abbeville.fr\/wp-content\/uploads\/2019\/07\/B2E379CA-7E6B-4B0A-B825-54AD9F7C7116.jpeg 960w, http:\/\/aeroclub-abbeville.fr\/wp-content\/uploads\/2019\/07\/B2E379CA-7E6B-4B0A-B825-54AD9F7C7116-480x314.jpeg 480w, http:\/\/aeroclub-abbeville.fr\/wp-content\/uploads\/2019\/07\/B2E379CA-7E6B-4B0A-B825-54AD9F7C7116-768x502.jpeg 768w, http:\/\/aeroclub-abbeville.fr\/wp-content\/uploads\/2019\/07\/B2E379CA-7E6B-4B0A-B825-54AD9F7C7116-624x408.jpeg 624w\" sizes=\"(max-width: 960px) 100vw, 960px\" \/><figcaption>Gilles et Pierre, Pr\u00eats en Duo !<\/figcaption><\/figure><\/li><\/ul>\n\n\n\n<p style=\"text-align:center\">Ils faisaient chaud ! Pr\u00e8s de 42\u00b0 , mais ils ont tenus \u00e0 tenter l\u2019exp\u00e9rience ! Une v\u00e9ritable victoire pour les pilotes et les machines ! Professionnels \u00ab&nbsp;jusqu\u2019au bout des ailes !&nbsp;\u00bb<\/p>\n\n\n\n<p style=\"text-align:center\">D\u2019abord le briefing, un circuit, \u00e7a se pr\u00e9pare ! <\/p>\n\n\n\n<ul class=\"wp-block-gallery aligncenter columns-3 is-cropped wp-block-gallery-2 is-layout-flex wp-block-gallery-is-layout-flex\"><li class=\"blocks-gallery-item\"><figure><img loading=\"lazy\" decoding=\"async\" width=\"720\" height=\"540\" src=\"http:\/\/aeroclub-abbeville.fr\/wp-content\/uploads\/2019\/07\/12796EC9-0C7E-4AF7-A2C4-B558D56AF973.jpeg\" alt=\"\" data-id=\"2786\" data-link=\"http:\/\/aeroclub-abbeville.fr\/?attachment_id=2786\" class=\"wp-image-2786\" srcset=\"http:\/\/aeroclub-abbeville.fr\/wp-content\/uploads\/2019\/07\/12796EC9-0C7E-4AF7-A2C4-B558D56AF973.jpeg 720w, http:\/\/aeroclub-abbeville.fr\/wp-content\/uploads\/2019\/07\/12796EC9-0C7E-4AF7-A2C4-B558D56AF973-480x360.jpeg 480w, http:\/\/aeroclub-abbeville.fr\/wp-content\/uploads\/2019\/07\/12796EC9-0C7E-4AF7-A2C4-B558D56AF973-624x468.jpeg 624w\" sizes=\"(max-width: 720px) 100vw, 720px\" \/><figcaption>David<\/figcaption><\/figure><\/li><li class=\"blocks-gallery-item\"><figure><img loading=\"lazy\" decoding=\"async\" width=\"720\" height=\"540\" src=\"http:\/\/aeroclub-abbeville.fr\/wp-content\/uploads\/2019\/07\/7D03A13A-C6E9-4DB2-8E29-7F24554F8E54.jpeg\" alt=\"\" data-id=\"2787\" data-link=\"http:\/\/aeroclub-abbeville.fr\/?attachment_id=2787\" class=\"wp-image-2787\" srcset=\"http:\/\/aeroclub-abbeville.fr\/wp-content\/uploads\/2019\/07\/7D03A13A-C6E9-4DB2-8E29-7F24554F8E54.jpeg 720w, http:\/\/aeroclub-abbeville.fr\/wp-content\/uploads\/2019\/07\/7D03A13A-C6E9-4DB2-8E29-7F24554F8E54-480x360.jpeg 480w, http:\/\/aeroclub-abbeville.fr\/wp-content\/uploads\/2019\/07\/7D03A13A-C6E9-4DB2-8E29-7F24554F8E54-624x468.jpeg 624w\" sizes=\"(max-width: 720px) 100vw, 720px\" \/><figcaption>Paul et \u00c9mile<\/figcaption><\/figure><\/li><li class=\"blocks-gallery-item\"><figure><img loading=\"lazy\" decoding=\"async\" width=\"720\" height=\"540\" src=\"http:\/\/aeroclub-abbeville.fr\/wp-content\/uploads\/2019\/07\/740FCDFC-7589-4860-A684-51F2AAD62D60.jpeg\" alt=\"\" data-id=\"2788\" data-link=\"http:\/\/aeroclub-abbeville.fr\/?attachment_id=2788\" class=\"wp-image-2788\" srcset=\"http:\/\/aeroclub-abbeville.fr\/wp-content\/uploads\/2019\/07\/740FCDFC-7589-4860-A684-51F2AAD62D60.jpeg 720w, http:\/\/aeroclub-abbeville.fr\/wp-content\/uploads\/2019\/07\/740FCDFC-7589-4860-A684-51F2AAD62D60-480x360.jpeg 480w, http:\/\/aeroclub-abbeville.fr\/wp-content\/uploads\/2019\/07\/740FCDFC-7589-4860-A684-51F2AAD62D60-624x468.jpeg 624w\" sizes=\"(max-width: 720px) 100vw, 720px\" \/><figcaption>Un peu de s\u00e9rieux, quand m\u00eame !<\/figcaption><\/figure><\/li><li class=\"blocks-gallery-item\"><figure><img loading=\"lazy\" decoding=\"async\" width=\"720\" height=\"540\" src=\"http:\/\/aeroclub-abbeville.fr\/wp-content\/uploads\/2019\/07\/47260E44-8286-412C-89BE-2B4849919BA7.jpeg\" alt=\"\" data-id=\"2789\" data-link=\"http:\/\/aeroclub-abbeville.fr\/?attachment_id=2789\" class=\"wp-image-2789\" srcset=\"http:\/\/aeroclub-abbeville.fr\/wp-content\/uploads\/2019\/07\/47260E44-8286-412C-89BE-2B4849919BA7.jpeg 720w, http:\/\/aeroclub-abbeville.fr\/wp-content\/uploads\/2019\/07\/47260E44-8286-412C-89BE-2B4849919BA7-480x360.jpeg 480w, http:\/\/aeroclub-abbeville.fr\/wp-content\/uploads\/2019\/07\/47260E44-8286-412C-89BE-2B4849919BA7-624x468.jpeg 624w\" sizes=\"(max-width: 720px) 100vw, 720px\" \/><figcaption>Alex et Astrid !<\/figcaption><\/figure><\/li><\/ul>\n\n\n\n<p style=\"text-align:center\">Puis sur le terrain, pr\u00eats au d\u00e9part ! <\/p>\n\n\n\n<ul class=\"wp-block-gallery aligncenter columns-2 is-cropped wp-block-gallery-3 is-layout-flex wp-block-gallery-is-layout-flex\"><li class=\"blocks-gallery-item\"><figure><img loading=\"lazy\" decoding=\"async\" width=\"960\" height=\"640\" src=\"http:\/\/aeroclub-abbeville.fr\/wp-content\/uploads\/2019\/07\/82AAEA46-C0EA-41A3-9FAA-98AA25316579.jpeg\" alt=\"\" data-id=\"2774\" data-link=\"http:\/\/aeroclub-abbeville.fr\/?attachment_id=2774\" class=\"wp-image-2774\" srcset=\"http:\/\/aeroclub-abbeville.fr\/wp-content\/uploads\/2019\/07\/82AAEA46-C0EA-41A3-9FAA-98AA25316579.jpeg 960w, http:\/\/aeroclub-abbeville.fr\/wp-content\/uploads\/2019\/07\/82AAEA46-C0EA-41A3-9FAA-98AA25316579-480x320.jpeg 480w, http:\/\/aeroclub-abbeville.fr\/wp-content\/uploads\/2019\/07\/82AAEA46-C0EA-41A3-9FAA-98AA25316579-768x512.jpeg 768w, http:\/\/aeroclub-abbeville.fr\/wp-content\/uploads\/2019\/07\/82AAEA46-C0EA-41A3-9FAA-98AA25316579-624x416.jpeg 624w\" sizes=\"(max-width: 960px) 100vw, 960px\" \/><figcaption>R\u00e9flexion et motivation ! <\/figcaption><\/figure><\/li><li class=\"blocks-gallery-item\"><figure><img loading=\"lazy\" decoding=\"async\" width=\"960\" height=\"695\" src=\"http:\/\/aeroclub-abbeville.fr\/wp-content\/uploads\/2019\/07\/C598E7E1-D000-4F66-B085-10506471F48F.jpeg\" alt=\"\" data-id=\"2819\" data-link=\"http:\/\/aeroclub-abbeville.fr\/?attachment_id=2819\" class=\"wp-image-2819\" srcset=\"http:\/\/aeroclub-abbeville.fr\/wp-content\/uploads\/2019\/07\/C598E7E1-D000-4F66-B085-10506471F48F.jpeg 960w, http:\/\/aeroclub-abbeville.fr\/wp-content\/uploads\/2019\/07\/C598E7E1-D000-4F66-B085-10506471F48F-480x348.jpeg 480w, http:\/\/aeroclub-abbeville.fr\/wp-content\/uploads\/2019\/07\/C598E7E1-D000-4F66-B085-10506471F48F-768x556.jpeg 768w, http:\/\/aeroclub-abbeville.fr\/wp-content\/uploads\/2019\/07\/C598E7E1-D000-4F66-B085-10506471F48F-624x452.jpeg 624w\" sizes=\"(max-width: 960px) 100vw, 960px\" \/><figcaption>Guy Michel <\/figcaption><\/figure><\/li><\/ul>\n\n\n\n<div class=\"wp-block-image\"><figure class=\"aligncenter is-resized\"><img loading=\"lazy\" decoding=\"async\" src=\"http:\/\/aeroclub-abbeville.fr\/wp-content\/uploads\/2019\/07\/20FC7EC3-B811-418B-96A5-5426AD35BE60.jpeg\" alt=\"\" class=\"wp-image-2821\" width=\"480\" height=\"320\" srcset=\"http:\/\/aeroclub-abbeville.fr\/wp-content\/uploads\/2019\/07\/20FC7EC3-B811-418B-96A5-5426AD35BE60.jpeg 960w, http:\/\/aeroclub-abbeville.fr\/wp-content\/uploads\/2019\/07\/20FC7EC3-B811-418B-96A5-5426AD35BE60-480x320.jpeg 480w, http:\/\/aeroclub-abbeville.fr\/wp-content\/uploads\/2019\/07\/20FC7EC3-B811-418B-96A5-5426AD35BE60-768x512.jpeg 768w, http:\/\/aeroclub-abbeville.fr\/wp-content\/uploads\/2019\/07\/20FC7EC3-B811-418B-96A5-5426AD35BE60-624x416.jpeg 624w\" sizes=\"(max-width: 480px) 100vw, 480px\" \/><figcaption>Guy et Astrid, la Complicit\u00e9 d\u2019une m\u00eame passion ! <\/figcaption><\/figure><\/div>\n\n\n\n<p style=\"text-align:center\">Les exp\u00e9riences se suivent tous les jours et l\u2019apprentissage de tous renforce les amiti\u00e9s !<\/p>\n\n\n\n<ul class=\"wp-block-gallery aligncenter columns-2 is-cropped wp-block-gallery-4 is-layout-flex wp-block-gallery-is-layout-flex\"><li class=\"blocks-gallery-item\"><figure><img loading=\"lazy\" decoding=\"async\" width=\"960\" height=\"639\" src=\"http:\/\/aeroclub-abbeville.fr\/wp-content\/uploads\/2019\/07\/C10BB175-FFBD-4FD2-A744-F0A348EDFD0C.jpeg\" alt=\"\" data-id=\"2776\" data-link=\"http:\/\/aeroclub-abbeville.fr\/?attachment_id=2776\" class=\"wp-image-2776\" srcset=\"http:\/\/aeroclub-abbeville.fr\/wp-content\/uploads\/2019\/07\/C10BB175-FFBD-4FD2-A744-F0A348EDFD0C.jpeg 960w, http:\/\/aeroclub-abbeville.fr\/wp-content\/uploads\/2019\/07\/C10BB175-FFBD-4FD2-A744-F0A348EDFD0C-480x320.jpeg 480w, http:\/\/aeroclub-abbeville.fr\/wp-content\/uploads\/2019\/07\/C10BB175-FFBD-4FD2-A744-F0A348EDFD0C-768x511.jpeg 768w, http:\/\/aeroclub-abbeville.fr\/wp-content\/uploads\/2019\/07\/C10BB175-FFBD-4FD2-A744-F0A348EDFD0C-624x415.jpeg 624w\" sizes=\"(max-width: 960px) 100vw, 960px\" \/><figcaption>Cl\u00e9mence <\/figcaption><\/figure><\/li><li class=\"blocks-gallery-item\"><figure><img loading=\"lazy\" decoding=\"async\" width=\"960\" height=\"640\" src=\"http:\/\/aeroclub-abbeville.fr\/wp-content\/uploads\/2019\/07\/91651A79-FBB5-4E7F-AB92-EA62E999A907.jpeg\" alt=\"\" data-id=\"2778\" data-link=\"http:\/\/aeroclub-abbeville.fr\/?attachment_id=2778\" class=\"wp-image-2778\" srcset=\"http:\/\/aeroclub-abbeville.fr\/wp-content\/uploads\/2019\/07\/91651A79-FBB5-4E7F-AB92-EA62E999A907.jpeg 960w, http:\/\/aeroclub-abbeville.fr\/wp-content\/uploads\/2019\/07\/91651A79-FBB5-4E7F-AB92-EA62E999A907-480x320.jpeg 480w, http:\/\/aeroclub-abbeville.fr\/wp-content\/uploads\/2019\/07\/91651A79-FBB5-4E7F-AB92-EA62E999A907-768x512.jpeg 768w, http:\/\/aeroclub-abbeville.fr\/wp-content\/uploads\/2019\/07\/91651A79-FBB5-4E7F-AB92-EA62E999A907-624x416.jpeg 624w\" sizes=\"(max-width: 960px) 100vw, 960px\" \/><figcaption>Emile<\/figcaption><\/figure><\/li><\/ul>\n\n\n\n<p style=\"text-align:center\">Apr\u00e8s une journ\u00e9e d\u2019intenses \u00e9motions a\u00e9riennes, le repos et la d\u00e9tente sont bien m\u00e9rit\u00e9s !<\/p>\n\n\n\n<ul class=\"wp-block-gallery columns-2 is-cropped wp-block-gallery-5 is-layout-flex wp-block-gallery-is-layout-flex\"><li class=\"blocks-gallery-item\"><figure><img loading=\"lazy\" decoding=\"async\" width=\"1024\" height=\"765\" src=\"http:\/\/aeroclub-abbeville.fr\/wp-content\/uploads\/2019\/07\/6E818E01-4426-46BC-9F7E-6406B701C055-1024x765.jpeg\" alt=\"\" data-id=\"2779\" data-link=\"http:\/\/aeroclub-abbeville.fr\/?attachment_id=2779\" class=\"wp-image-2779\" srcset=\"http:\/\/aeroclub-abbeville.fr\/wp-content\/uploads\/2019\/07\/6E818E01-4426-46BC-9F7E-6406B701C055-1024x765.jpeg 1024w, http:\/\/aeroclub-abbeville.fr\/wp-content\/uploads\/2019\/07\/6E818E01-4426-46BC-9F7E-6406B701C055-480x359.jpeg 480w, http:\/\/aeroclub-abbeville.fr\/wp-content\/uploads\/2019\/07\/6E818E01-4426-46BC-9F7E-6406B701C055-768x574.jpeg 768w, http:\/\/aeroclub-abbeville.fr\/wp-content\/uploads\/2019\/07\/6E818E01-4426-46BC-9F7E-6406B701C055-624x466.jpeg 624w\" sizes=\"(max-width: 1024px) 100vw, 1024px\" \/><figcaption>Repos des machines et des Pilotes !<\/figcaption><\/figure><\/li><li class=\"blocks-gallery-item\"><figure><img loading=\"lazy\" decoding=\"async\" width=\"960\" height=\"676\" src=\"http:\/\/aeroclub-abbeville.fr\/wp-content\/uploads\/2019\/07\/A3DA0705-0D93-4454-B6D9-04E91AD9118E.jpeg\" alt=\"\" data-id=\"2781\" data-link=\"http:\/\/aeroclub-abbeville.fr\/?attachment_id=2781\" class=\"wp-image-2781\" srcset=\"http:\/\/aeroclub-abbeville.fr\/wp-content\/uploads\/2019\/07\/A3DA0705-0D93-4454-B6D9-04E91AD9118E.jpeg 960w, http:\/\/aeroclub-abbeville.fr\/wp-content\/uploads\/2019\/07\/A3DA0705-0D93-4454-B6D9-04E91AD9118E-480x338.jpeg 480w, http:\/\/aeroclub-abbeville.fr\/wp-content\/uploads\/2019\/07\/A3DA0705-0D93-4454-B6D9-04E91AD9118E-768x541.jpeg 768w, http:\/\/aeroclub-abbeville.fr\/wp-content\/uploads\/2019\/07\/A3DA0705-0D93-4454-B6D9-04E91AD9118E-624x439.jpeg 624w\" sizes=\"(max-width: 960px) 100vw, 960px\" \/><figcaption>\u00c9mile apais\u00e9 !<\/figcaption><\/figure><\/li><\/ul>\n\n\n\n<p style=\"text-align:center\">D\u2019autres aussi ont \u00e9t\u00e9 l\u00e2ch\u00e9s et Brevet\u00e9s cette journ\u00e9e l\u00e0 !<\/p>\n\n\n\n<ul class=\"wp-block-gallery aligncenter columns-3 is-cropped wp-block-gallery-6 is-layout-flex wp-block-gallery-is-layout-flex\"><li class=\"blocks-gallery-item\"><figure><img loading=\"lazy\" decoding=\"async\" width=\"1024\" height=\"765\" src=\"http:\/\/aeroclub-abbeville.fr\/wp-content\/uploads\/2019\/07\/44CCF614-B8D0-4BFE-BDBB-27D93D68610C-1024x765.jpeg\" alt=\"\" data-id=\"2792\" data-link=\"http:\/\/aeroclub-abbeville.fr\/?attachment_id=2792\" class=\"wp-image-2792\" srcset=\"http:\/\/aeroclub-abbeville.fr\/wp-content\/uploads\/2019\/07\/44CCF614-B8D0-4BFE-BDBB-27D93D68610C-1024x765.jpeg 1024w, http:\/\/aeroclub-abbeville.fr\/wp-content\/uploads\/2019\/07\/44CCF614-B8D0-4BFE-BDBB-27D93D68610C-480x359.jpeg 480w, http:\/\/aeroclub-abbeville.fr\/wp-content\/uploads\/2019\/07\/44CCF614-B8D0-4BFE-BDBB-27D93D68610C-768x574.jpeg 768w, http:\/\/aeroclub-abbeville.fr\/wp-content\/uploads\/2019\/07\/44CCF614-B8D0-4BFE-BDBB-27D93D68610C-624x466.jpeg 624w\" sizes=\"(max-width: 1024px) 100vw, 1024px\" \/><figcaption>H\u00e9l\u00e8ne et Julia, brevet\u00e9es Pilotes de Planeur <\/figcaption><\/figure><\/li><li class=\"blocks-gallery-item\"><figure><img loading=\"lazy\" decoding=\"async\" width=\"1024\" height=\"765\" src=\"http:\/\/aeroclub-abbeville.fr\/wp-content\/uploads\/2019\/07\/5E0CB832-BE27-48AE-8AF8-DBB416AAEDE0-1024x765.jpeg\" alt=\"\" data-id=\"2793\" data-link=\"http:\/\/aeroclub-abbeville.fr\/?attachment_id=2793\" class=\"wp-image-2793\" srcset=\"http:\/\/aeroclub-abbeville.fr\/wp-content\/uploads\/2019\/07\/5E0CB832-BE27-48AE-8AF8-DBB416AAEDE0-1024x765.jpeg 1024w, http:\/\/aeroclub-abbeville.fr\/wp-content\/uploads\/2019\/07\/5E0CB832-BE27-48AE-8AF8-DBB416AAEDE0-480x359.jpeg 480w, http:\/\/aeroclub-abbeville.fr\/wp-content\/uploads\/2019\/07\/5E0CB832-BE27-48AE-8AF8-DBB416AAEDE0-768x574.jpeg 768w, http:\/\/aeroclub-abbeville.fr\/wp-content\/uploads\/2019\/07\/5E0CB832-BE27-48AE-8AF8-DBB416AAEDE0-624x466.jpeg 624w\" sizes=\"(max-width: 1024px) 100vw, 1024px\" \/><figcaption>C\u00e9dric, 15 ans, l\u00e2ch\u00e9 Solo <\/figcaption><\/figure><\/li><li class=\"blocks-gallery-item\"><figure><img loading=\"lazy\" decoding=\"async\" width=\"1024\" height=\"765\" src=\"http:\/\/aeroclub-abbeville.fr\/wp-content\/uploads\/2019\/07\/9647C576-13DC-40FA-93D4-8A1FC739FD80-1024x765.jpeg\" alt=\"\" data-id=\"2794\" data-link=\"http:\/\/aeroclub-abbeville.fr\/?attachment_id=2794\" class=\"wp-image-2794\" srcset=\"http:\/\/aeroclub-abbeville.fr\/wp-content\/uploads\/2019\/07\/9647C576-13DC-40FA-93D4-8A1FC739FD80-1024x765.jpeg 1024w, http:\/\/aeroclub-abbeville.fr\/wp-content\/uploads\/2019\/07\/9647C576-13DC-40FA-93D4-8A1FC739FD80-480x359.jpeg 480w, http:\/\/aeroclub-abbeville.fr\/wp-content\/uploads\/2019\/07\/9647C576-13DC-40FA-93D4-8A1FC739FD80-768x574.jpeg 768w, http:\/\/aeroclub-abbeville.fr\/wp-content\/uploads\/2019\/07\/9647C576-13DC-40FA-93D4-8A1FC739FD80-624x466.jpeg 624w\" sizes=\"(max-width: 1024px) 100vw, 1024px\" \/><figcaption>Paul, au bain <\/figcaption><\/figure><\/li><li class=\"blocks-gallery-item\"><figure><img loading=\"lazy\" decoding=\"async\" width=\"1024\" height=\"765\" src=\"http:\/\/aeroclub-abbeville.fr\/wp-content\/uploads\/2019\/07\/3295D8ED-B305-49C8-A717-81958D02815F-1024x765.jpeg\" alt=\"\" data-id=\"2795\" data-link=\"http:\/\/aeroclub-abbeville.fr\/?attachment_id=2795\" class=\"wp-image-2795\" srcset=\"http:\/\/aeroclub-abbeville.fr\/wp-content\/uploads\/2019\/07\/3295D8ED-B305-49C8-A717-81958D02815F-1024x765.jpeg 1024w, http:\/\/aeroclub-abbeville.fr\/wp-content\/uploads\/2019\/07\/3295D8ED-B305-49C8-A717-81958D02815F-480x359.jpeg 480w, http:\/\/aeroclub-abbeville.fr\/wp-content\/uploads\/2019\/07\/3295D8ED-B305-49C8-A717-81958D02815F-768x574.jpeg 768w, http:\/\/aeroclub-abbeville.fr\/wp-content\/uploads\/2019\/07\/3295D8ED-B305-49C8-A717-81958D02815F-624x466.jpeg 624w\" sizes=\"(max-width: 1024px) 100vw, 1024px\" \/><figcaption>Paul, Brevet\u00e9 Pilote de Remorqueur <\/figcaption><\/figure><\/li><li class=\"blocks-gallery-item\"><figure><img loading=\"lazy\" decoding=\"async\" width=\"1024\" height=\"765\" src=\"http:\/\/aeroclub-abbeville.fr\/wp-content\/uploads\/2019\/07\/5824718F-B4D2-49AB-9DF8-9140BC6EFADD-1024x765.jpeg\" alt=\"\" data-id=\"2796\" data-link=\"http:\/\/aeroclub-abbeville.fr\/?attachment_id=2796\" class=\"wp-image-2796\" srcset=\"http:\/\/aeroclub-abbeville.fr\/wp-content\/uploads\/2019\/07\/5824718F-B4D2-49AB-9DF8-9140BC6EFADD-1024x765.jpeg 1024w, http:\/\/aeroclub-abbeville.fr\/wp-content\/uploads\/2019\/07\/5824718F-B4D2-49AB-9DF8-9140BC6EFADD-480x359.jpeg 480w, http:\/\/aeroclub-abbeville.fr\/wp-content\/uploads\/2019\/07\/5824718F-B4D2-49AB-9DF8-9140BC6EFADD-768x574.jpeg 768w, http:\/\/aeroclub-abbeville.fr\/wp-content\/uploads\/2019\/07\/5824718F-B4D2-49AB-9DF8-9140BC6EFADD-624x466.jpeg 624w\" sizes=\"(max-width: 1024px) 100vw, 1024px\" \/><figcaption>Pascal, premier 200km en Duo  <\/figcaption><\/figure><\/li><li class=\"blocks-gallery-item\"><figure><img loading=\"lazy\" decoding=\"async\" width=\"1024\" height=\"765\" src=\"http:\/\/aeroclub-abbeville.fr\/wp-content\/uploads\/2019\/07\/0849C2DD-3C16-4D61-A794-8E04BB26D46A-1024x765.jpeg\" alt=\"\" data-id=\"2797\" data-link=\"http:\/\/aeroclub-abbeville.fr\/?attachment_id=2797\" class=\"wp-image-2797\" srcset=\"http:\/\/aeroclub-abbeville.fr\/wp-content\/uploads\/2019\/07\/0849C2DD-3C16-4D61-A794-8E04BB26D46A-1024x765.jpeg 1024w, http:\/\/aeroclub-abbeville.fr\/wp-content\/uploads\/2019\/07\/0849C2DD-3C16-4D61-A794-8E04BB26D46A-480x359.jpeg 480w, http:\/\/aeroclub-abbeville.fr\/wp-content\/uploads\/2019\/07\/0849C2DD-3C16-4D61-A794-8E04BB26D46A-768x574.jpeg 768w, http:\/\/aeroclub-abbeville.fr\/wp-content\/uploads\/2019\/07\/0849C2DD-3C16-4D61-A794-8E04BB26D46A-624x466.jpeg 624w\" sizes=\"(max-width: 1024px) 100vw, 1024px\" \/><figcaption>\u00c9mile, gagnant de l\u2019\u00e9preuve du jour <\/figcaption><\/figure><\/li><\/ul>\n\n\n\n<p style=\"text-align:center\">Et c\u2019est ainsi que se termine le stage de Troyes avec, n\u00e9anmoins plus de 500km au compteur pour la Famille Caudrelier, les Champions d\u2019Abbeville ! <\/p>\n\n\n\n<div class=\"wp-block-image\"><figure class=\"aligncenter is-resized\"><img loading=\"lazy\" decoding=\"async\" src=\"http:\/\/aeroclub-abbeville.fr\/wp-content\/uploads\/2019\/07\/2E4ABCB1-8F28-4149-9101-14CE0247DB5A-576x1024.jpeg\" alt=\"\" class=\"wp-image-2804\" width=\"288\" height=\"512\" srcset=\"http:\/\/aeroclub-abbeville.fr\/wp-content\/uploads\/2019\/07\/2E4ABCB1-8F28-4149-9101-14CE0247DB5A-576x1024.jpeg 576w, http:\/\/aeroclub-abbeville.fr\/wp-content\/uploads\/2019\/07\/2E4ABCB1-8F28-4149-9101-14CE0247DB5A-270x480.jpeg 270w, http:\/\/aeroclub-abbeville.fr\/wp-content\/uploads\/2019\/07\/2E4ABCB1-8F28-4149-9101-14CE0247DB5A-624x1109.jpeg 624w, http:\/\/aeroclub-abbeville.fr\/wp-content\/uploads\/2019\/07\/2E4ABCB1-8F28-4149-9101-14CE0247DB5A.jpeg 720w\" sizes=\"(max-width: 288px) 100vw, 288px\" \/><\/figure><\/div>\n\n\n\n<div class=\"wp-block-image\"><figure class=\"aligncenter is-resized\"><img loading=\"lazy\" decoding=\"async\" src=\"http:\/\/aeroclub-abbeville.fr\/wp-content\/uploads\/2019\/07\/C174064D-E268-4A18-A238-2DFECD182A35.jpeg\" alt=\"\" class=\"wp-image-2809\" width=\"270\" height=\"480\" srcset=\"http:\/\/aeroclub-abbeville.fr\/wp-content\/uploads\/2019\/07\/C174064D-E268-4A18-A238-2DFECD182A35.jpeg 540w, http:\/\/aeroclub-abbeville.fr\/wp-content\/uploads\/2019\/07\/C174064D-E268-4A18-A238-2DFECD182A35-270x480.jpeg 270w\" sizes=\"(max-width: 270px) 100vw, 270px\" \/><figcaption>Notre Pr\u00e9sident, Mathieu  Caudrelier ! <\/figcaption><\/figure><\/div>\n\n\n\n<div class=\"wp-block-image\"><figure class=\"aligncenter is-resized\"><img loading=\"lazy\" decoding=\"async\" src=\"http:\/\/aeroclub-abbeville.fr\/wp-content\/uploads\/2019\/07\/AA85500D-7DF3-42FA-BC22-5AF7D03276DE-1024x683.jpeg\" alt=\"\" class=\"wp-image-2806\" width=\"512\" height=\"342\" srcset=\"http:\/\/aeroclub-abbeville.fr\/wp-content\/uploads\/2019\/07\/AA85500D-7DF3-42FA-BC22-5AF7D03276DE-1024x683.jpeg 1024w, http:\/\/aeroclub-abbeville.fr\/wp-content\/uploads\/2019\/07\/AA85500D-7DF3-42FA-BC22-5AF7D03276DE-480x320.jpeg 480w, http:\/\/aeroclub-abbeville.fr\/wp-content\/uploads\/2019\/07\/AA85500D-7DF3-42FA-BC22-5AF7D03276DE-768x512.jpeg 768w, http:\/\/aeroclub-abbeville.fr\/wp-content\/uploads\/2019\/07\/AA85500D-7DF3-42FA-BC22-5AF7D03276DE-624x416.jpeg 624w, http:\/\/aeroclub-abbeville.fr\/wp-content\/uploads\/2019\/07\/AA85500D-7DF3-42FA-BC22-5AF7D03276DE.jpeg 2048w\" sizes=\"(max-width: 512px) 100vw, 512px\" \/><figcaption>Les \u00ab&nbsp;Piliers&nbsp;\u00bb du club de Planeur d\u2019Abbeville !<\/figcaption><\/figure><\/div>\n\n\n\n<p style=\"text-align:center\">Puis le soir arrive, paix et beaut\u00e9 de l\u2019\u00e9t\u00e9 en champagne !<\/p>\n\n\n\n<div class=\"wp-block-image\"><figure class=\"aligncenter is-resized\"><img loading=\"lazy\" decoding=\"async\" src=\"http:\/\/aeroclub-abbeville.fr\/wp-content\/uploads\/2019\/07\/C5C30C62-318F-4769-A72D-E2B200854442-1024x765.jpeg\" alt=\"\" class=\"wp-image-2782\" width=\"512\" height=\"383\" srcset=\"http:\/\/aeroclub-abbeville.fr\/wp-content\/uploads\/2019\/07\/C5C30C62-318F-4769-A72D-E2B200854442-1024x765.jpeg 1024w, http:\/\/aeroclub-abbeville.fr\/wp-content\/uploads\/2019\/07\/C5C30C62-318F-4769-A72D-E2B200854442-480x359.jpeg 480w, http:\/\/aeroclub-abbeville.fr\/wp-content\/uploads\/2019\/07\/C5C30C62-318F-4769-A72D-E2B200854442-768x574.jpeg 768w, http:\/\/aeroclub-abbeville.fr\/wp-content\/uploads\/2019\/07\/C5C30C62-318F-4769-A72D-E2B200854442-624x466.jpeg 624w\" sizes=\"(max-width: 512px) 100vw, 512px\" \/><figcaption>Le cr\u00e9puscule dans l\u2019Aube ! <\/figcaption><\/figure><\/div>\n\n\n\n<div class=\"wp-block-image\"><figure class=\"aligncenter is-resized\"><img loading=\"lazy\" decoding=\"async\" src=\"http:\/\/aeroclub-abbeville.fr\/wp-content\/uploads\/2019\/07\/E8DB349E-A025-4685-978F-84DA7C5A3EF8-1024x765.jpeg\" alt=\"\" class=\"wp-image-2783\" width=\"512\" height=\"383\" srcset=\"http:\/\/aeroclub-abbeville.fr\/wp-content\/uploads\/2019\/07\/E8DB349E-A025-4685-978F-84DA7C5A3EF8-1024x765.jpeg 1024w, http:\/\/aeroclub-abbeville.fr\/wp-content\/uploads\/2019\/07\/E8DB349E-A025-4685-978F-84DA7C5A3EF8-480x359.jpeg 480w, http:\/\/aeroclub-abbeville.fr\/wp-content\/uploads\/2019\/07\/E8DB349E-A025-4685-978F-84DA7C5A3EF8-768x574.jpeg 768w, http:\/\/aeroclub-abbeville.fr\/wp-content\/uploads\/2019\/07\/E8DB349E-A025-4685-978F-84DA7C5A3EF8-624x466.jpeg 624w\" sizes=\"(max-width: 512px) 100vw, 512px\" \/><figcaption>Belle nuit \u00e0 tous ! <\/figcaption><\/figure><\/div>\n\n\n\n<p style=\"text-align:center\">Merci \u00e0 Badou Michel pour l\u2019amiti\u00e9 et les cr\u00e9dits photos et texte ! <\/p>\n\n\n\n<p style=\"text-align:center\">Cr\u00e9dit Photos Fran\u00e7oise Sockeel, Mathieu Caudrelier <\/p>\n\n\n\n<p style=\"text-align:center\">A bient\u00f4t pour de nouvelles aventures !<\/p>\n\n\n\n<p style=\"text-align:center\">Fran\u00e7oise Sockeel <\/p>\n\n\n","protected":false},"excerpt":{"rendered":"<p>28 Juillet 2019 \u00ab&nbsp;Ils sont beaux, ils sont jeunes, et pleins de Vie ! Ils sont venus pour la semaine, pour quelques jours ou juste pour faire une \u00e9preuve, pour voir ce que c\u2019est et se mesurer les uns aux autres. F\u00e9licitations \u00e0 tous ! Et puis, il y a aussi quelques concurrents l\u00e9g\u00e8rement plus [&hellip;]<\/p>\n","protected":false},"author":211,"featured_media":0,"comment_status":"open","ping_status":"closed","sticky":false,"template":"","format":"standard","meta":{"inline_featured_image":false,"footnotes":""},"categories":[20,3,4,8,11,13,18,19,31],"tags":[],"class_list":["post-2766","post","type-post","status-publish","format-standard","hentry","category-actualites","category-club","category-competitions","category-formation_planeur","category-manifestations","category-planeur","category-vie-du-club","category-vol-a-voile","category-voyages"],"_links":{"self":[{"href":"http:\/\/aeroclub-abbeville.fr\/index.php?rest_route=\/wp\/v2\/posts\/2766","targetHints":{"allow":["GET"]}}],"collection":[{"href":"http:\/\/aeroclub-abbeville.fr\/index.php?rest_route=\/wp\/v2\/posts"}],"about":[{"href":"http:\/\/aeroclub-abbeville.fr\/index.php?rest_route=\/wp\/v2\/types\/post"}],"author":[{"embeddable":true,"href":"http:\/\/aeroclub-abbeville.fr\/index.php?rest_route=\/wp\/v2\/users\/211"}],"replies":[{"embeddable":true,"href":"http:\/\/aeroclub-abbeville.fr\/index.php?rest_route=%2Fwp%2Fv2%2Fcomments&post=2766"}],"version-history":[{"count":19,"href":"http:\/\/aeroclub-abbeville.fr\/index.php?rest_route=\/wp\/v2\/posts\/2766\/revisions"}],"predecessor-version":[{"id":2822,"href":"http:\/\/aeroclub-abbeville.fr\/index.php?rest_route=\/wp\/v2\/posts\/2766\/revisions\/2822"}],"wp:attachment":[{"href":"http:\/\/aeroclub-abbeville.fr\/index.php?rest_route=%2Fwp%2Fv2%2Fmedia&parent=2766"}],"wp:term":[{"taxonomy":"category","embeddable":true,"href":"http:\/\/aeroclub-abbeville.fr\/index.php?rest_route=%2Fwp%2Fv2%2Fcategories&post=2766"},{"taxonomy":"post_tag","embeddable":true,"href":"http:\/\/aeroclub-abbeville.fr\/index.php?rest_route=%2Fwp%2Fv2%2Ftags&post=2766"}],"curies":[{"name":"wp","href":"https:\/\/api.w.org\/{rel}","templated":true}]}}