{"id":277,"date":"2012-09-16T13:18:16","date_gmt":"2012-09-16T12:18:16","guid":{"rendered":"http:\/\/web.aeroclub-abbeville.fr\/aeroclub\/?p=277"},"modified":"2012-09-16T13:18:16","modified_gmt":"2012-09-16T12:18:16","slug":"3-nouveaux-pilotes-brevetes","status":"publish","type":"post","link":"http:\/\/aeroclub-abbeville.fr\/?p=277","title":{"rendered":"3 nouveaux pilotes brevet\u00e9s"},"content":{"rendered":"<p>Ce dimanche 16 septembre trois \u00e9l\u00e8ves ont brillamment r\u00e9ussi le test pratique pour le PPL.<br \/>\nF\u00e9licitons, <strong>Camel T\u00e9bache<\/strong>, <strong>Gilbert Quennessen<\/strong> et <strong>Annie Pallu<\/strong>.<\/p>\n<p><a title=\"img_1082.jpg\" href=\"http:\/\/wiki.aeroclub-abbeville.fr\/lib\/exe\/detail.php\/img_1082.jpg?id=Accueil\"><img decoding=\"async\" class=\"aligncenter\" title=\"img_1082.jpg\" alt=\"img_1082.jpg\" src=\"http:\/\/wiki.aeroclub-abbeville.fr\/lib\/exe\/fetch.php\/img_1082.jpg?w=350\" width=\"350\" \/><\/a><br \/>\nNotre tr\u00e9sori\u00e8re Annie \u00e9tait visiblement contente et soulag\u00e9e au retour \u00e0 Abbeville.<\/p>\n","protected":false},"excerpt":{"rendered":"<p>Ce dimanche 16 septembre trois \u00e9l\u00e8ves ont brillamment r\u00e9ussi le test pratique pour le PPL. F\u00e9licitons, Camel T\u00e9bache, Gilbert Quennessen et Annie Pallu. Notre tr\u00e9sori\u00e8re Annie \u00e9tait visiblement contente et soulag\u00e9e au retour \u00e0 Abbeville.<\/p>\n","protected":false},"author":67,"featured_media":0,"comment_status":"open","ping_status":"open","sticky":false,"template":"","format":"standard","meta":{"inline_featured_image":false,"footnotes":""},"categories":[2,6,7],"tags":[],"class_list":["post-277","post","type-post","status-publish","format-standard","hentry","category-avion","category-formation","category-formation_avion"],"_links":{"self":[{"href":"http:\/\/aeroclub-abbeville.fr\/index.php?rest_route=\/wp\/v2\/posts\/277","targetHints":{"allow":["GET"]}}],"collection":[{"href":"http:\/\/aeroclub-abbeville.fr\/index.php?rest_route=\/wp\/v2\/posts"}],"about":[{"href":"http:\/\/aeroclub-abbeville.fr\/index.php?rest_route=\/wp\/v2\/types\/post"}],"author":[{"embeddable":true,"href":"http:\/\/aeroclub-abbeville.fr\/index.php?rest_route=\/wp\/v2\/users\/67"}],"replies":[{"embeddable":true,"href":"http:\/\/aeroclub-abbeville.fr\/index.php?rest_route=%2Fwp%2Fv2%2Fcomments&post=277"}],"version-history":[{"count":0,"href":"http:\/\/aeroclub-abbeville.fr\/index.php?rest_route=\/wp\/v2\/posts\/277\/revisions"}],"wp:attachment":[{"href":"http:\/\/aeroclub-abbeville.fr\/index.php?rest_route=%2Fwp%2Fv2%2Fmedia&parent=277"}],"wp:term":[{"taxonomy":"category","embeddable":true,"href":"http:\/\/aeroclub-abbeville.fr\/index.php?rest_route=%2Fwp%2Fv2%2Fcategories&post=277"},{"taxonomy":"post_tag","embeddable":true,"href":"http:\/\/aeroclub-abbeville.fr\/index.php?rest_route=%2Fwp%2Fv2%2Ftags&post=277"}],"curies":[{"name":"wp","href":"https:\/\/api.w.org\/{rel}","templated":true}]}}