{"id":279,"date":"2012-07-29T13:19:42","date_gmt":"2012-07-29T12:19:42","guid":{"rendered":"http:\/\/web.aeroclub-abbeville.fr\/aeroclub\/?p=279"},"modified":"2012-07-29T13:19:42","modified_gmt":"2012-07-29T12:19:42","slug":"des-abbevillois-sur-le-podium","status":"publish","type":"post","link":"http:\/\/aeroclub-abbeville.fr\/?p=279","title":{"rendered":"Des Abbevillois sur le podium&#8230;"},"content":{"rendered":"<p>Les championnats de France Junior de vol \u00e0 voile rassemblent des pilotes de moins de 25 ans venus de toutes les r\u00e9gions de France.<\/p>\n<p>Trois Abbevillois ont particip\u00e9 \u00e0 ce championnat qui s&rsquo;est d\u00e9roul\u00e9 cette ann\u00e9e \u00e0 Cambrai du 21 au 28 juillet 2012.<\/p>\n<p>Simon Caudrelier a concouru en classe A, Paul-Edouard Thevenin-Lebran et Thibault Dugardin en classe B.<\/p>\n<p>La classe A concerne les pilotes qui poss\u00e8dent une exp\u00e9rience d\u00e9j\u00e0 significative en comp\u00e9tition. La classe B concerne les pilotes dont c&rsquo;est la premi\u00e8re \u201cvraie\u201d comp\u00e9tition. Grace \u00e0 une m\u00e9t\u00e9o particuli\u00e8rement cl\u00e9mente, six \u00e9preuves ont pu \u00eatre r\u00e9alis\u00e9es sur huit jours de concours.<\/p>\n<p>Nos concurrents picards se sont distingu\u00e9s et se sont class\u00e9s respectivement :<\/p>\n<pre>Simon : 3e sur 29 en classe A  \nPaul Edouard : 3e sur 11 en classe B \nThibault : 8e sur 11 en classe B<\/pre>\n<p><a title=\"img_1530.jpg\" href=\"http:\/\/wiki.aeroclub-abbeville.fr\/lib\/exe\/detail.php\/img_1530.jpg?id=Accueil\"><img decoding=\"async\" class=\"aligncenter\" alt=\"\" src=\"http:\/\/wiki.aeroclub-abbeville.fr\/lib\/exe\/fetch.php\/img_1530.jpg\" \/><\/a><\/p>\n","protected":false},"excerpt":{"rendered":"<p>Les championnats de France Junior de vol \u00e0 voile rassemblent des pilotes de moins de 25 ans venus de toutes les r\u00e9gions de France. Trois Abbevillois ont particip\u00e9 \u00e0 ce championnat qui s&rsquo;est d\u00e9roul\u00e9 cette ann\u00e9e \u00e0 Cambrai du 21 au 28 juillet 2012. Simon Caudrelier a concouru en classe A, Paul-Edouard Thevenin-Lebran et Thibault [&hellip;]<\/p>\n","protected":false},"author":67,"featured_media":0,"comment_status":"open","ping_status":"open","sticky":false,"template":"","format":"standard","meta":{"inline_featured_image":false,"footnotes":""},"categories":[4,13,19],"tags":[],"class_list":["post-279","post","type-post","status-publish","format-standard","hentry","category-competitions","category-planeur","category-vol-a-voile"],"_links":{"self":[{"href":"http:\/\/aeroclub-abbeville.fr\/index.php?rest_route=\/wp\/v2\/posts\/279","targetHints":{"allow":["GET"]}}],"collection":[{"href":"http:\/\/aeroclub-abbeville.fr\/index.php?rest_route=\/wp\/v2\/posts"}],"about":[{"href":"http:\/\/aeroclub-abbeville.fr\/index.php?rest_route=\/wp\/v2\/types\/post"}],"author":[{"embeddable":true,"href":"http:\/\/aeroclub-abbeville.fr\/index.php?rest_route=\/wp\/v2\/users\/67"}],"replies":[{"embeddable":true,"href":"http:\/\/aeroclub-abbeville.fr\/index.php?rest_route=%2Fwp%2Fv2%2Fcomments&post=279"}],"version-history":[{"count":0,"href":"http:\/\/aeroclub-abbeville.fr\/index.php?rest_route=\/wp\/v2\/posts\/279\/revisions"}],"wp:attachment":[{"href":"http:\/\/aeroclub-abbeville.fr\/index.php?rest_route=%2Fwp%2Fv2%2Fmedia&parent=279"}],"wp:term":[{"taxonomy":"category","embeddable":true,"href":"http:\/\/aeroclub-abbeville.fr\/index.php?rest_route=%2Fwp%2Fv2%2Fcategories&post=279"},{"taxonomy":"post_tag","embeddable":true,"href":"http:\/\/aeroclub-abbeville.fr\/index.php?rest_route=%2Fwp%2Fv2%2Ftags&post=279"}],"curies":[{"name":"wp","href":"https:\/\/api.w.org\/{rel}","templated":true}]}}