{"id":281,"date":"2012-07-31T13:21:29","date_gmt":"2012-07-31T12:21:29","guid":{"rendered":"http:\/\/web.aeroclub-abbeville.fr\/aeroclub\/?p=281"},"modified":"2012-07-31T13:21:29","modified_gmt":"2012-07-31T12:21:29","slug":"stage-vol-a-voile-troyes","status":"publish","type":"post","link":"http:\/\/aeroclub-abbeville.fr\/?p=281","title":{"rendered":"Stage vol \u00e0 voile Troyes"},"content":{"rendered":"<p>Les v\u00e9livoles abbevillois sont actuellement en stage d&rsquo;\u00e9t\u00e9 sur la plateforme de Troyes-Barberey. Les conditions m\u00e9t\u00e9orologiques sont agr\u00e9ables, enfin un peu de soleil!<\/p>\n<p>Les premiers vols sont sympathiques : vols de plus de 4 heures, circuits entre 150 et 300 km pour le moment. On attend toujours les 500km, mais on a d\u00e9j\u00e0 r\u00e9alis\u00e9 cinq l\u00e2ch\u00e9s treuil (tous nos instructeurs sont maintenant qualifi\u00e9s treuil), quatre autorisations campagne, deux brevets D termin\u00e9s et de nombreuses vaches. Tout cela sans compter les r\u00e9alisations de nos amis Troyens, tr\u00e8s nombreuses elles aussi; l\u00e2ch\u00e9s et l\u00e2ch\u00e9s machine, brevets, vols de cinq heures, etc. Globalement un stage tr\u00e8s positif.<\/p>\n<p><a title=\"img_0167.jpg\" href=\"http:\/\/wiki.aeroclub-abbeville.fr\/lib\/exe\/detail.php\/img_0167.jpg?id=Accueil\"><img decoding=\"async\" class=\"aligncenter\" title=\"img_0167.jpg\" alt=\"img_0167.jpg\" src=\"http:\/\/wiki.aeroclub-abbeville.fr\/lib\/exe\/fetch.php\/img_0167.jpg?w=400\" width=\"400\" \/><\/a><\/p>\n","protected":false},"excerpt":{"rendered":"<p>Les v\u00e9livoles abbevillois sont actuellement en stage d&rsquo;\u00e9t\u00e9 sur la plateforme de Troyes-Barberey. Les conditions m\u00e9t\u00e9orologiques sont agr\u00e9ables, enfin un peu de soleil! Les premiers vols sont sympathiques : vols de plus de 4 heures, circuits entre 150 et 300 km pour le moment. On attend toujours les 500km, mais on a d\u00e9j\u00e0 r\u00e9alis\u00e9 cinq [&hellip;]<\/p>\n","protected":false},"author":67,"featured_media":0,"comment_status":"open","ping_status":"open","sticky":false,"template":"","format":"standard","meta":{"inline_featured_image":false,"footnotes":""},"categories":[6,8,13,19],"tags":[],"class_list":["post-281","post","type-post","status-publish","format-standard","hentry","category-formation","category-formation_planeur","category-planeur","category-vol-a-voile"],"_links":{"self":[{"href":"http:\/\/aeroclub-abbeville.fr\/index.php?rest_route=\/wp\/v2\/posts\/281","targetHints":{"allow":["GET"]}}],"collection":[{"href":"http:\/\/aeroclub-abbeville.fr\/index.php?rest_route=\/wp\/v2\/posts"}],"about":[{"href":"http:\/\/aeroclub-abbeville.fr\/index.php?rest_route=\/wp\/v2\/types\/post"}],"author":[{"embeddable":true,"href":"http:\/\/aeroclub-abbeville.fr\/index.php?rest_route=\/wp\/v2\/users\/67"}],"replies":[{"embeddable":true,"href":"http:\/\/aeroclub-abbeville.fr\/index.php?rest_route=%2Fwp%2Fv2%2Fcomments&post=281"}],"version-history":[{"count":0,"href":"http:\/\/aeroclub-abbeville.fr\/index.php?rest_route=\/wp\/v2\/posts\/281\/revisions"}],"wp:attachment":[{"href":"http:\/\/aeroclub-abbeville.fr\/index.php?rest_route=%2Fwp%2Fv2%2Fmedia&parent=281"}],"wp:term":[{"taxonomy":"category","embeddable":true,"href":"http:\/\/aeroclub-abbeville.fr\/index.php?rest_route=%2Fwp%2Fv2%2Fcategories&post=281"},{"taxonomy":"post_tag","embeddable":true,"href":"http:\/\/aeroclub-abbeville.fr\/index.php?rest_route=%2Fwp%2Fv2%2Ftags&post=281"}],"curies":[{"name":"wp","href":"https:\/\/api.w.org\/{rel}","templated":true}]}}