{"id":2826,"date":"2019-07-29T18:56:14","date_gmt":"2019-07-29T17:56:14","guid":{"rendered":"http:\/\/aeroclub-abbeville.fr\/?p=2826"},"modified":"2019-07-29T19:34:09","modified_gmt":"2019-07-29T18:34:09","slug":"apres-les-derniers-vols-du-championnat-de-troyes-pour-la-coupe-de-france-feminine-de-vol-en-planeur-a-mussey-certains-reprennent-le-flambeau-abbevillois","status":"publish","type":"post","link":"http:\/\/aeroclub-abbeville.fr\/?p=2826","title":{"rendered":"Apr\u00e8s les derniers vols du Championnat de Troyes, pour la Coupe de France F\u00e9minine de Vol en Planeur \u00e0 Mussey, Suzanne Caudrelier reprend le flambeau Abbevillois !"},"content":{"rendered":"\n<p style=\"text-align:left\">29 Juillet 2019<\/p>\n\n\n\n<p style=\"text-align:center\">Le Stage de Troyes se termine en beaut\u00e9 et en f\u00e9minit\u00e9 !<\/p>\n\n\n\n<p style=\"text-align:center\">\u00ab\u00a0La petite fianc\u00e9e du vol \u00e0 voile\u00a0\u00bb n&rsquo;a jamais aussi bien port\u00e9 son surnom : f\u00e9licitations \u00e0 Astrid Galaret qui remporte l\u2019Inter-r\u00e9gional Junior Grand-Est ! Une premi\u00e8re comp\u00e9tition et d\u00e9j\u00e0 une premi\u00e8re victoire pour notre jeune v\u00e9livole membre de l&rsquo;ANEG ! &#x1f3c6;&#x1f31f;&#x1f973;<\/p>\n\n\n\n<ul class=\"wp-block-gallery aligncenter columns-2 is-cropped wp-block-gallery-1 is-layout-flex wp-block-gallery-is-layout-flex\"><li class=\"blocks-gallery-item\"><figure><img fetchpriority=\"high\" decoding=\"async\" width=\"720\" height=\"479\" src=\"http:\/\/aeroclub-abbeville.fr\/wp-content\/uploads\/2019\/07\/FB_IMG_1564384604640.jpg\" alt=\"\" data-id=\"2827\" class=\"wp-image-2827\" srcset=\"http:\/\/aeroclub-abbeville.fr\/wp-content\/uploads\/2019\/07\/FB_IMG_1564384604640.jpg 720w, http:\/\/aeroclub-abbeville.fr\/wp-content\/uploads\/2019\/07\/FB_IMG_1564384604640-480x319.jpg 480w, http:\/\/aeroclub-abbeville.fr\/wp-content\/uploads\/2019\/07\/FB_IMG_1564384604640-624x415.jpg 624w\" sizes=\"(max-width: 720px) 100vw, 720px\" \/><\/figure><\/li><li class=\"blocks-gallery-item\"><figure><img decoding=\"async\" width=\"720\" height=\"441\" src=\"http:\/\/aeroclub-abbeville.fr\/wp-content\/uploads\/2019\/07\/FB_IMG_1564384610694.jpg\" alt=\"\" data-id=\"2833\" data-link=\"http:\/\/aeroclub-abbeville.fr\/?attachment_id=2833\" class=\"wp-image-2833\" srcset=\"http:\/\/aeroclub-abbeville.fr\/wp-content\/uploads\/2019\/07\/FB_IMG_1564384610694.jpg 720w, http:\/\/aeroclub-abbeville.fr\/wp-content\/uploads\/2019\/07\/FB_IMG_1564384610694-480x294.jpg 480w, http:\/\/aeroclub-abbeville.fr\/wp-content\/uploads\/2019\/07\/FB_IMG_1564384610694-624x382.jpg 624w\" sizes=\"(max-width: 720px) 100vw, 720px\" \/><\/figure><\/li><\/ul>\n\n\n\n<p style=\"text-align:center\">C&rsquo;est au terme d&rsquo;une semaine \u00e9prouvante, sous des temp\u00e9ratures caniculaires qu&rsquo;Astrid s&rsquo;est impos\u00e9e, malgr\u00e9 un score des plus serr\u00e9s. L&rsquo;ensemble des membres du club se rejoint pour f\u00e9liciter tous les concurrents, sans oublier Alexandre Fierain du Club d&rsquo;Abbeville, qui s&rsquo;offre la seconde place, avec galanterie ! &#x1f44f;<\/p>\n\n\n\n<div class=\"wp-block-image\"><figure class=\"aligncenter is-resized\"><img decoding=\"async\" src=\"http:\/\/aeroclub-abbeville.fr\/wp-content\/uploads\/2019\/07\/FB_IMG_1564384592395.jpg\" alt=\"\" class=\"wp-image-2828\" width=\"540\" height=\"359\" srcset=\"http:\/\/aeroclub-abbeville.fr\/wp-content\/uploads\/2019\/07\/FB_IMG_1564384592395.jpg 720w, http:\/\/aeroclub-abbeville.fr\/wp-content\/uploads\/2019\/07\/FB_IMG_1564384592395-480x319.jpg 480w, http:\/\/aeroclub-abbeville.fr\/wp-content\/uploads\/2019\/07\/FB_IMG_1564384592395-624x415.jpg 624w\" sizes=\"(max-width: 540px) 100vw, 540px\" \/><figcaption>Bravo Champions !<\/figcaption><\/figure><\/div>\n\n\n\n<p style=\"text-align:center\">Un grand merci au club de Troyes et au directeur de comp\u00e9tition pour l&rsquo;organisation ainsi qu&rsquo;aux v\u00e9livoles abbevillois pour leur accueil et leur gentillesse.<\/p>\n\n\n\n<p style=\"text-align:center\">Cette rencontre de passion et d&rsquo;amiti\u00e9 n&rsquo;est qu&rsquo;un d\u00e9but !<\/p>\n\n\n\n<p style=\"text-align:center\"><a href=\"https:\/\/www.soaringspot.com\/fr\/irjne2019\/\">https:\/\/www.soaringspot.com\/fr\/irjne2019\/<\/a><br>\u00ab\u00a0&#x1f4f8; Badou Michel\u00a0\u00bb<\/p>\n\n\n\n<div class=\"wp-block-image\"><figure class=\"aligncenter is-resized\"><img loading=\"lazy\" decoding=\"async\" src=\"http:\/\/aeroclub-abbeville.fr\/wp-content\/uploads\/2019\/07\/FB_IMG_1564384620298.jpg\" alt=\"\" class=\"wp-image-2829\" width=\"540\" height=\"385\" srcset=\"http:\/\/aeroclub-abbeville.fr\/wp-content\/uploads\/2019\/07\/FB_IMG_1564384620298.jpg 720w, http:\/\/aeroclub-abbeville.fr\/wp-content\/uploads\/2019\/07\/FB_IMG_1564384620298-480x342.jpg 480w, http:\/\/aeroclub-abbeville.fr\/wp-content\/uploads\/2019\/07\/FB_IMG_1564384620298-624x445.jpg 624w\" sizes=\"(max-width: 540px) 100vw, 540px\" \/><figcaption>Apr\u00e8s la comp\u00e9tition, l&rsquo;atmosph\u00e8re s&rsquo;est d\u00e9tendue !<\/figcaption><\/figure><\/div>\n\n\n\n<p style=\"text-align:center\">Ce sont quand m\u00eame des beaux oiseaux, n&rsquo;est ce pas ?<\/p>\n\n\n\n<div class=\"wp-block-image\"><figure class=\"aligncenter is-resized\"><img loading=\"lazy\" decoding=\"async\" src=\"http:\/\/aeroclub-abbeville.fr\/wp-content\/uploads\/2019\/07\/FB_IMG_1564384599249.jpg\" alt=\"\" class=\"wp-image-2830\" width=\"540\" height=\"365\" srcset=\"http:\/\/aeroclub-abbeville.fr\/wp-content\/uploads\/2019\/07\/FB_IMG_1564384599249.jpg 720w, http:\/\/aeroclub-abbeville.fr\/wp-content\/uploads\/2019\/07\/FB_IMG_1564384599249-480x325.jpg 480w, http:\/\/aeroclub-abbeville.fr\/wp-content\/uploads\/2019\/07\/FB_IMG_1564384599249-624x422.jpg 624w\" sizes=\"(max-width: 540px) 100vw, 540px\" \/><figcaption>Les \u00ab\u00a0Belles Plumes\u00a0\u00bb !<\/figcaption><\/figure><\/div>\n\n\n\n<p style=\"text-align:center\">Et cette semaine,  ce sera Suzanne Caudrelier qui participera \u00e0 la Coupe de France f\u00e9minine \u00e0 Mussey sur Marne ! <\/p>\n\n\n\n<div class=\"wp-block-image\"><figure class=\"aligncenter is-resized\"><img loading=\"lazy\" decoding=\"async\" src=\"http:\/\/aeroclub-abbeville.fr\/wp-content\/uploads\/2019\/07\/Capture-d\u2019e\u0301cran-2019-07-29-a\u0300-19.15.47.png\" alt=\"\" class=\"wp-image-2835\" width=\"495\" height=\"544\" srcset=\"http:\/\/aeroclub-abbeville.fr\/wp-content\/uploads\/2019\/07\/Capture-d\u2019e\u0301cran-2019-07-29-a\u0300-19.15.47.png 495w, http:\/\/aeroclub-abbeville.fr\/wp-content\/uploads\/2019\/07\/Capture-d\u2019e\u0301cran-2019-07-29-a\u0300-19.15.47-437x480.png 437w\" sizes=\"(max-width: 495px) 100vw, 495px\" \/><\/figure><\/div>\n\n\n\n<p style=\"text-align:center\">Nous souhaitons \u00e0 notre Abbevilloise de bons vols et une m\u00e9t\u00e9o cl\u00e9mente et spiralante !<\/p>\n\n\n\n<ul class=\"wp-block-gallery aligncenter columns-2 is-cropped wp-block-gallery-2 is-layout-flex wp-block-gallery-is-layout-flex\"><li class=\"blocks-gallery-item\"><figure><img loading=\"lazy\" decoding=\"async\" width=\"567\" height=\"567\" src=\"http:\/\/aeroclub-abbeville.fr\/wp-content\/uploads\/2019\/07\/IMG_0927.jpeg\" alt=\"\" data-id=\"2836\" data-link=\"http:\/\/aeroclub-abbeville.fr\/?attachment_id=2836\" class=\"wp-image-2836\" srcset=\"http:\/\/aeroclub-abbeville.fr\/wp-content\/uploads\/2019\/07\/IMG_0927.jpeg 567w, http:\/\/aeroclub-abbeville.fr\/wp-content\/uploads\/2019\/07\/IMG_0927-150x150.jpeg 150w, http:\/\/aeroclub-abbeville.fr\/wp-content\/uploads\/2019\/07\/IMG_0927-480x480.jpeg 480w\" sizes=\"(max-width: 567px) 100vw, 567px\" \/><figcaption>Suzanne Caudrelier et son p\u00e8re Olivier<\/figcaption><\/figure><\/li><li class=\"blocks-gallery-item\"><figure><img loading=\"lazy\" decoding=\"async\" width=\"768\" height=\"1024\" src=\"http:\/\/aeroclub-abbeville.fr\/wp-content\/uploads\/2019\/07\/IMG_1192-768x1024.jpeg\" alt=\"\" data-id=\"2837\" data-link=\"http:\/\/aeroclub-abbeville.fr\/?attachment_id=2837\" class=\"wp-image-2837\" srcset=\"http:\/\/aeroclub-abbeville.fr\/wp-content\/uploads\/2019\/07\/IMG_1192-768x1024.jpeg 768w, http:\/\/aeroclub-abbeville.fr\/wp-content\/uploads\/2019\/07\/IMG_1192-360x480.jpeg 360w, http:\/\/aeroclub-abbeville.fr\/wp-content\/uploads\/2019\/07\/IMG_1192-624x832.jpeg 624w, http:\/\/aeroclub-abbeville.fr\/wp-content\/uploads\/2019\/07\/IMG_1192.jpeg 1080w\" sizes=\"(max-width: 768px) 100vw, 768px\" \/><figcaption>Suzanne Caudrelier et son Oncle Mathieu, Pr\u00e9sident de la Section Vol en Planeur \u00e0 Abbeville<\/figcaption><\/figure><\/li><\/ul>\n\n\n\n<p style=\"text-align:center\">Aujourd&rsquo;hui, dimanche, le temps est pourri ! Les planeurs sont mont\u00e9s, mais on verra \u00e7a demain ! \u00ab\u00a0Le lundi au soleil\u00a0\u00bb !  Quelqu&rsquo;un a chant\u00e9 \u00e7a mieux que moi !<\/p>\n\n\n\n<ul class=\"wp-block-gallery aligncenter columns-2 is-cropped wp-block-gallery-3 is-layout-flex wp-block-gallery-is-layout-flex\"><li class=\"blocks-gallery-item\"><figure><img loading=\"lazy\" decoding=\"async\" width=\"1024\" height=\"768\" src=\"http:\/\/aeroclub-abbeville.fr\/wp-content\/uploads\/2019\/07\/IMG_1684-1024x768.jpg\" alt=\"\" data-id=\"2838\" data-link=\"http:\/\/aeroclub-abbeville.fr\/?attachment_id=2838\" class=\"wp-image-2838\" srcset=\"http:\/\/aeroclub-abbeville.fr\/wp-content\/uploads\/2019\/07\/IMG_1684-1024x768.jpg 1024w, http:\/\/aeroclub-abbeville.fr\/wp-content\/uploads\/2019\/07\/IMG_1684-480x360.jpg 480w, http:\/\/aeroclub-abbeville.fr\/wp-content\/uploads\/2019\/07\/IMG_1684-768x576.jpg 768w, http:\/\/aeroclub-abbeville.fr\/wp-content\/uploads\/2019\/07\/IMG_1684-624x468.jpg 624w\" sizes=\"(max-width: 1024px) 100vw, 1024px\" \/><figcaption>Toujours pr\u00eats, on y croit !<\/figcaption><\/figure><\/li><li class=\"blocks-gallery-item\"><figure><img loading=\"lazy\" decoding=\"async\" width=\"1024\" height=\"768\" src=\"http:\/\/aeroclub-abbeville.fr\/wp-content\/uploads\/2019\/07\/IMG_1685-1024x768.jpg\" alt=\"\" data-id=\"2839\" data-link=\"http:\/\/aeroclub-abbeville.fr\/?attachment_id=2839\" class=\"wp-image-2839\" srcset=\"http:\/\/aeroclub-abbeville.fr\/wp-content\/uploads\/2019\/07\/IMG_1685-1024x768.jpg 1024w, http:\/\/aeroclub-abbeville.fr\/wp-content\/uploads\/2019\/07\/IMG_1685-480x360.jpg 480w, http:\/\/aeroclub-abbeville.fr\/wp-content\/uploads\/2019\/07\/IMG_1685-768x576.jpg 768w, http:\/\/aeroclub-abbeville.fr\/wp-content\/uploads\/2019\/07\/IMG_1685-624x468.jpg 624w\" sizes=\"(max-width: 1024px) 100vw, 1024px\" \/><figcaption>r\u00e9flexions et repos, puisque la m\u00e9t\u00e9o n&rsquo;y est pas !<\/figcaption><\/figure><\/li><\/ul>\n\n\n\n<div class=\"wp-block-image\"><figure class=\"aligncenter is-resized\"><img loading=\"lazy\" decoding=\"async\" src=\"http:\/\/aeroclub-abbeville.fr\/wp-content\/uploads\/2019\/07\/IMG_0798-1024x1024.jpeg\" alt=\"\" class=\"wp-image-2840\" width=\"512\" height=\"512\" srcset=\"http:\/\/aeroclub-abbeville.fr\/wp-content\/uploads\/2019\/07\/IMG_0798-1024x1024.jpeg 1024w, http:\/\/aeroclub-abbeville.fr\/wp-content\/uploads\/2019\/07\/IMG_0798-150x150.jpeg 150w, http:\/\/aeroclub-abbeville.fr\/wp-content\/uploads\/2019\/07\/IMG_0798-480x480.jpeg 480w, http:\/\/aeroclub-abbeville.fr\/wp-content\/uploads\/2019\/07\/IMG_0798-768x768.jpeg 768w, http:\/\/aeroclub-abbeville.fr\/wp-content\/uploads\/2019\/07\/IMG_0798-624x624.jpeg 624w, http:\/\/aeroclub-abbeville.fr\/wp-content\/uploads\/2019\/07\/IMG_0798.jpeg 1203w\" sizes=\"(max-width: 512px) 100vw, 512px\" \/><figcaption>C&rsquo;est pas chez nous, mais avouez que c&rsquo;est la classe, quand m\u00eame !<\/figcaption><\/figure><\/div>\n\n\n\n<p style=\"text-align:center\">A bient\u00f4t pour de nouvelles aventures !<\/p>\n\n\n\n<p style=\"text-align:center\">Cr\u00e9dits photos : Badou Michel, Suzanne Caudrelier, Fran\u00e7oise Sockeel<\/p>\n\n\n\n<p style=\"text-align:center\">Fran\u00e7oise Sockeel<\/p>\n\n\n\n\n","protected":false},"excerpt":{"rendered":"<p>29 Juillet 2019 Le Stage de Troyes se termine en beaut\u00e9 et en f\u00e9minit\u00e9 ! \u00ab\u00a0La petite fianc\u00e9e du vol \u00e0 voile\u00a0\u00bb n&rsquo;a jamais aussi bien port\u00e9 son surnom : f\u00e9licitations \u00e0 Astrid Galaret qui remporte l\u2019Inter-r\u00e9gional Junior Grand-Est ! Une premi\u00e8re comp\u00e9tition et d\u00e9j\u00e0 une premi\u00e8re victoire pour notre jeune v\u00e9livole membre de l&rsquo;ANEG [&hellip;]<\/p>\n","protected":false},"author":211,"featured_media":0,"comment_status":"open","ping_status":"closed","sticky":false,"template":"","format":"standard","meta":{"inline_featured_image":false,"footnotes":""},"categories":[20,3,4,8,11,13,18,19,31],"tags":[],"class_list":["post-2826","post","type-post","status-publish","format-standard","hentry","category-actualites","category-club","category-competitions","category-formation_planeur","category-manifestations","category-planeur","category-vie-du-club","category-vol-a-voile","category-voyages"],"_links":{"self":[{"href":"http:\/\/aeroclub-abbeville.fr\/index.php?rest_route=\/wp\/v2\/posts\/2826","targetHints":{"allow":["GET"]}}],"collection":[{"href":"http:\/\/aeroclub-abbeville.fr\/index.php?rest_route=\/wp\/v2\/posts"}],"about":[{"href":"http:\/\/aeroclub-abbeville.fr\/index.php?rest_route=\/wp\/v2\/types\/post"}],"author":[{"embeddable":true,"href":"http:\/\/aeroclub-abbeville.fr\/index.php?rest_route=\/wp\/v2\/users\/211"}],"replies":[{"embeddable":true,"href":"http:\/\/aeroclub-abbeville.fr\/index.php?rest_route=%2Fwp%2Fv2%2Fcomments&post=2826"}],"version-history":[{"count":13,"href":"http:\/\/aeroclub-abbeville.fr\/index.php?rest_route=\/wp\/v2\/posts\/2826\/revisions"}],"predecessor-version":[{"id":2850,"href":"http:\/\/aeroclub-abbeville.fr\/index.php?rest_route=\/wp\/v2\/posts\/2826\/revisions\/2850"}],"wp:attachment":[{"href":"http:\/\/aeroclub-abbeville.fr\/index.php?rest_route=%2Fwp%2Fv2%2Fmedia&parent=2826"}],"wp:term":[{"taxonomy":"category","embeddable":true,"href":"http:\/\/aeroclub-abbeville.fr\/index.php?rest_route=%2Fwp%2Fv2%2Fcategories&post=2826"},{"taxonomy":"post_tag","embeddable":true,"href":"http:\/\/aeroclub-abbeville.fr\/index.php?rest_route=%2Fwp%2Fv2%2Ftags&post=2826"}],"curies":[{"name":"wp","href":"https:\/\/api.w.org\/{rel}","templated":true}]}}