{"id":283,"date":"2012-06-15T13:22:46","date_gmt":"2012-06-15T12:22:46","guid":{"rendered":"http:\/\/web.aeroclub-abbeville.fr\/aeroclub\/?p=283"},"modified":"2012-06-15T13:22:46","modified_gmt":"2012-06-15T12:22:46","slug":"concours-inter-regional-2012-lille","status":"publish","type":"post","link":"http:\/\/aeroclub-abbeville.fr\/?p=283","title":{"rendered":"Concours Inter-R\u00e9gional 2012 Lille"},"content":{"rendered":"<p>Nos v\u00e9livoles Abbevillois ont particip\u00e9, les week-ends de l&rsquo;Ascension et de la Pentec\u00f4te, au concours inter-r\u00e9gional de vol \u00e0 voile sur l&rsquo;a\u00e9rodrome de Lille Marcq-en-Bar\u0153ul. Il r\u00e9unissait vingt-trois planeurs au total dont six Abbevillois.<\/p>\n<p><a title=\"photos:457977_299987280090463_1007683931_o.jpg\" href=\"http:\/\/wiki.aeroclub-abbeville.fr\/lib\/exe\/detail.php\/photos:457977_299987280090463_1007683931_o.jpg?id=Accueil\"><img decoding=\"async\" class=\"aligncenter\" title=\"457977_299987280090463_1007683931_o.jpg\" alt=\"457977_299987280090463_1007683931_o.jpg\" src=\"http:\/\/wiki.aeroclub-abbeville.fr\/lib\/exe\/fetch.php\/photos:457977_299987280090463_1007683931_o.jpg?w=350\" width=\"350\" \/><\/a><\/p>\n<p><!--more--><\/p>\n<p>Les championnats de France Junior de vol \u00e0 voile rassemblent des pilotes de moins de 25 ans venus de toutes les r\u00e9gions de France.<\/p>\n<p>Trois Abbevillois ont particip\u00e9 \u00e0 ce championnat qui s&rsquo;est d\u00e9roul\u00e9 cette ann\u00e9e \u00e0 Cambrai du 21 au 28 juillet 2012.<\/p>\n<p>Simon Caudrelier a concouru en classe A, Paul-Edouard Thevenin-Lebran et Thibault Dugardin en classe B.<\/p>\n<p>La classe A concerne les pilotes qui poss\u00e8dent une exp\u00e9rience d\u00e9j\u00e0 significative en comp\u00e9tition. La classe B concerne les pilotes dont c&rsquo;est la premi\u00e8re \u201cvraie\u201d comp\u00e9tition. Grace \u00e0 une m\u00e9t\u00e9o particuli\u00e8rement cl\u00e9mente, six \u00e9preuves ont pu \u00eatre r\u00e9alis\u00e9es sur huit jours de concours.<\/p>\n<p>Nos concurrents picards se sont distingu\u00e9s et se sont class\u00e9s respectivement :<\/p>\n<pre>Simon : 3e sur 29 en classe A  \nPaul Edouard : 3e sur 11 en classe B \nThibault : 8e sur 11 en classe B<\/pre>\n<p>&nbsp;<\/p>\n","protected":false},"excerpt":{"rendered":"<p>Nos v\u00e9livoles Abbevillois ont particip\u00e9, les week-ends de l&rsquo;Ascension et de la Pentec\u00f4te, au concours inter-r\u00e9gional de vol \u00e0 voile sur l&rsquo;a\u00e9rodrome de Lille Marcq-en-Bar\u0153ul. Il r\u00e9unissait vingt-trois planeurs au total dont six Abbevillois.<\/p>\n","protected":false},"author":67,"featured_media":0,"comment_status":"open","ping_status":"open","sticky":false,"template":"","format":"standard","meta":{"inline_featured_image":false,"footnotes":""},"categories":[4,6,8,13,19],"tags":[],"class_list":["post-283","post","type-post","status-publish","format-standard","hentry","category-competitions","category-formation","category-formation_planeur","category-planeur","category-vol-a-voile"],"_links":{"self":[{"href":"http:\/\/aeroclub-abbeville.fr\/index.php?rest_route=\/wp\/v2\/posts\/283","targetHints":{"allow":["GET"]}}],"collection":[{"href":"http:\/\/aeroclub-abbeville.fr\/index.php?rest_route=\/wp\/v2\/posts"}],"about":[{"href":"http:\/\/aeroclub-abbeville.fr\/index.php?rest_route=\/wp\/v2\/types\/post"}],"author":[{"embeddable":true,"href":"http:\/\/aeroclub-abbeville.fr\/index.php?rest_route=\/wp\/v2\/users\/67"}],"replies":[{"embeddable":true,"href":"http:\/\/aeroclub-abbeville.fr\/index.php?rest_route=%2Fwp%2Fv2%2Fcomments&post=283"}],"version-history":[{"count":0,"href":"http:\/\/aeroclub-abbeville.fr\/index.php?rest_route=\/wp\/v2\/posts\/283\/revisions"}],"wp:attachment":[{"href":"http:\/\/aeroclub-abbeville.fr\/index.php?rest_route=%2Fwp%2Fv2%2Fmedia&parent=283"}],"wp:term":[{"taxonomy":"category","embeddable":true,"href":"http:\/\/aeroclub-abbeville.fr\/index.php?rest_route=%2Fwp%2Fv2%2Fcategories&post=283"},{"taxonomy":"post_tag","embeddable":true,"href":"http:\/\/aeroclub-abbeville.fr\/index.php?rest_route=%2Fwp%2Fv2%2Ftags&post=283"}],"curies":[{"name":"wp","href":"https:\/\/api.w.org\/{rel}","templated":true}]}}