{"id":285,"date":"2012-05-01T13:28:11","date_gmt":"2012-05-01T12:28:11","guid":{"rendered":"http:\/\/web.aeroclub-abbeville.fr\/aeroclub\/?p=285"},"modified":"2012-05-01T13:28:11","modified_gmt":"2012-05-01T12:28:11","slug":"coffre-fort","status":"publish","type":"post","link":"http:\/\/aeroclub-abbeville.fr\/?p=285","title":{"rendered":"Coffre fort"},"content":{"rendered":"<p>Pour \u00eatre en conformit\u00e9 avec les mesures de suret\u00e9 qui nous sont impos\u00e9es, les carnets de route et les cl\u00e9s des avions sont regroup\u00e9s et enferm\u00e9es dans un coffre fort \u00e0 l&rsquo;accueil.<\/p>\n<p>La combinaison vous sera communiqu\u00e9e sur demande.<\/p>\n<p><a href=\"http:\/\/aeroclub-abbeville.fr\/wp-content\/uploads\/2014\/01\/coffre.jpg\"><img fetchpriority=\"high\" decoding=\"async\" class=\"aligncenter size-medium wp-image-286\" alt=\"coffre\" src=\"http:\/\/aeroclub-abbeville.fr\/wp-content\/uploads\/2014\/01\/coffre-300x225.jpg\" width=\"300\" height=\"225\" srcset=\"http:\/\/aeroclub-abbeville.fr\/wp-content\/uploads\/2014\/01\/coffre-300x225.jpg 300w, http:\/\/aeroclub-abbeville.fr\/wp-content\/uploads\/2014\/01\/coffre.jpg 480w\" sizes=\"(max-width: 300px) 100vw, 300px\" \/><\/a><\/p>\n","protected":false},"excerpt":{"rendered":"<p>Pour \u00eatre en conformit\u00e9 avec les mesures de suret\u00e9 qui nous sont impos\u00e9es, les carnets de route et les cl\u00e9s des avions sont regroup\u00e9s et enferm\u00e9es dans un coffre fort \u00e0 l&rsquo;accueil. La combinaison vous sera communiqu\u00e9e sur demande.<\/p>\n","protected":false},"author":67,"featured_media":0,"comment_status":"open","ping_status":"open","sticky":false,"template":"","format":"standard","meta":{"inline_featured_image":false,"footnotes":""},"categories":[2,3,10,13,16],"tags":[],"class_list":["post-285","post","type-post","status-publish","format-standard","hentry","category-avion","category-club","category-infrastructures-et-batiments","category-planeur","category-securite"],"_links":{"self":[{"href":"http:\/\/aeroclub-abbeville.fr\/index.php?rest_route=\/wp\/v2\/posts\/285","targetHints":{"allow":["GET"]}}],"collection":[{"href":"http:\/\/aeroclub-abbeville.fr\/index.php?rest_route=\/wp\/v2\/posts"}],"about":[{"href":"http:\/\/aeroclub-abbeville.fr\/index.php?rest_route=\/wp\/v2\/types\/post"}],"author":[{"embeddable":true,"href":"http:\/\/aeroclub-abbeville.fr\/index.php?rest_route=\/wp\/v2\/users\/67"}],"replies":[{"embeddable":true,"href":"http:\/\/aeroclub-abbeville.fr\/index.php?rest_route=%2Fwp%2Fv2%2Fcomments&post=285"}],"version-history":[{"count":0,"href":"http:\/\/aeroclub-abbeville.fr\/index.php?rest_route=\/wp\/v2\/posts\/285\/revisions"}],"wp:attachment":[{"href":"http:\/\/aeroclub-abbeville.fr\/index.php?rest_route=%2Fwp%2Fv2%2Fmedia&parent=285"}],"wp:term":[{"taxonomy":"category","embeddable":true,"href":"http:\/\/aeroclub-abbeville.fr\/index.php?rest_route=%2Fwp%2Fv2%2Fcategories&post=285"},{"taxonomy":"post_tag","embeddable":true,"href":"http:\/\/aeroclub-abbeville.fr\/index.php?rest_route=%2Fwp%2Fv2%2Ftags&post=285"}],"curies":[{"name":"wp","href":"https:\/\/api.w.org\/{rel}","templated":true}]}}