{"id":2858,"date":"2019-07-31T21:30:26","date_gmt":"2019-07-31T20:30:26","guid":{"rendered":"http:\/\/aeroclub-abbeville.fr\/?p=2858"},"modified":"2019-08-01T13:28:59","modified_gmt":"2019-08-01T12:28:59","slug":"histoires-de-pilotes-les-aventures-aeriennes-des-baroudeurs-du-ciel","status":"publish","type":"post","link":"http:\/\/aeroclub-abbeville.fr\/?p=2858","title":{"rendered":"\u00ab\u00a0Histoires de Pilotes\u00a0\u00bb ! Les Aventures a\u00e9riennes des Baroudeurs du Ciel Picard!"},"content":{"rendered":"\n<p style=\"text-align:left\">31 Juillet 2019<\/p>\n\n\n\n<p style=\"text-align:center\">La Baie de Somme en r\u00eave encore !<\/p>\n\n\n\n<p style=\"text-align:center\">C\u2019est vrai qu\u2019elle les aime, ces grands oiseaux qui la survolent, tant\u00f4t ronflant, tant\u00f4t glissant, sur ses courants a\u00e9riens !<\/p>\n\n\n\n<p style=\"text-align:center\">Abbeville, Le Crotoy, Rue, depuis plus de 150 ans, c\u2019est comme une histoire d\u2019amour avec le ciel ! Toute la Somme vit \u00e0 l\u2019\u00e8re des Pilotes d\u2019avions, sur les aires de Picardie. Caudron, Potez, Michel Dor\u00e9 et tant d\u2019autres &#8230;. Leur histoire a \u00e9crit la n\u00f4tre et nous montre les chemins vers des cieux plus lointains.<\/p>\n\n\n\n<p style=\"text-align:center\">D\u2019aucuns, chez nous, ont conserv\u00e9 ce go\u00fbt de l\u2019aventure qui anime, encore aujourd\u2019hui, bien des d\u00e9fricheurs du ciel .<\/p>\n\n\n\n<p style=\"text-align:center\">Nous allons vous conter leur histoire !<\/p>\n\n\n\n<p style=\"text-align:center\"><strong>Cap sur Moscou !<\/strong><\/p>\n\n\n\n<div class=\"wp-block-image\"><figure class=\"aligncenter is-resized\"><img fetchpriority=\"high\" decoding=\"async\" src=\"http:\/\/aeroclub-abbeville.fr\/wp-content\/uploads\/2019\/07\/629FB9BF-4660-405B-AB8A-E2E4BB3FB139-834x1024.jpeg\" alt=\"\" class=\"wp-image-2861\" width=\"417\" height=\"512\" srcset=\"http:\/\/aeroclub-abbeville.fr\/wp-content\/uploads\/2019\/07\/629FB9BF-4660-405B-AB8A-E2E4BB3FB139-834x1024.jpeg 834w, http:\/\/aeroclub-abbeville.fr\/wp-content\/uploads\/2019\/07\/629FB9BF-4660-405B-AB8A-E2E4BB3FB139-391x480.jpeg 391w, http:\/\/aeroclub-abbeville.fr\/wp-content\/uploads\/2019\/07\/629FB9BF-4660-405B-AB8A-E2E4BB3FB139-768x943.jpeg 768w, http:\/\/aeroclub-abbeville.fr\/wp-content\/uploads\/2019\/07\/629FB9BF-4660-405B-AB8A-E2E4BB3FB139-624x766.jpeg 624w, http:\/\/aeroclub-abbeville.fr\/wp-content\/uploads\/2019\/07\/629FB9BF-4660-405B-AB8A-E2E4BB3FB139.jpeg 977w\" sizes=\"(max-width: 417px) 100vw, 417px\" \/><figcaption>Du Nord au Sud, d\u2019Ouest en Est, toujours et partout ! <\/figcaption><\/figure><\/div>\n\n\n\n<p style=\"text-align:center\">Depuis longtemps, le Docteur Alain Hermant, un de nos instructeurs en Vol Motoris\u00e9 de l\u2019a\u00e9roclub d\u2019Abbeville-Baie-de-Somme, a relev\u00e9 bien des d\u00e9fis a\u00e9riens, et entrepris d\u2019ouvrir \u00ab&nbsp;Les Ailes de la Baie&nbsp;\u00bb aux espaces de cieux peu connus <\/p>\n\n\n\n<p style=\"text-align:center\">En effet, en 2007, int\u00e9grant une Patrouille de 30 avions et de 60  pilotes,  il a pris l\u2019air vers la Russie et \u00ab\u00a0Le Choc des Cultures\u00a0\u00bb ! En premier, un vol vers l\u2019a\u00e9rodrome militaire de \u00ab\u00a0Jukowski\u00a0\u00bb, centre d\u2019essais exp\u00e9rimentaux, base secr\u00e8te sovi\u00e9tique \u00e0 la piste de 5400km, la plus longue du monde, puis le but de tous a \u00e9t\u00e9 la visite du salon a\u00e9ronautique \u00ab\u00a0Max\u00a0\u00bb, qui a lieu \u00e0 Moscou, 1 an sur 2, depuis 1993. <\/p>\n\n\n\n<div class=\"wp-block-image\"><figure class=\"aligncenter is-resized\"><img decoding=\"async\" src=\"http:\/\/aeroclub-abbeville.fr\/wp-content\/uploads\/2019\/07\/14313BA8-3E3F-40A0-B542-9A7E3D87682C-1024x765.jpeg\" alt=\"\" class=\"wp-image-2869\" width=\"512\" height=\"383\" srcset=\"http:\/\/aeroclub-abbeville.fr\/wp-content\/uploads\/2019\/07\/14313BA8-3E3F-40A0-B542-9A7E3D87682C-1024x765.jpeg 1024w, http:\/\/aeroclub-abbeville.fr\/wp-content\/uploads\/2019\/07\/14313BA8-3E3F-40A0-B542-9A7E3D87682C-480x359.jpeg 480w, http:\/\/aeroclub-abbeville.fr\/wp-content\/uploads\/2019\/07\/14313BA8-3E3F-40A0-B542-9A7E3D87682C-768x574.jpeg 768w, http:\/\/aeroclub-abbeville.fr\/wp-content\/uploads\/2019\/07\/14313BA8-3E3F-40A0-B542-9A7E3D87682C-624x466.jpeg 624w\" sizes=\"(max-width: 512px) 100vw, 512px\" \/><\/figure><\/div>\n\n\n\n<p style=\"text-align:center\">Le film que nous vous pr\u00e9sentons aujourd\u2019hui tient \u00e0 la fois du Thriller de Haut Vol et d\u2019une source authentique et riche d\u2019enseignements et d\u2019exp\u00e9riences ! Navigation, Pr\u00e9paration des vols, des appareils, de la S\u00e9curit\u00e9, de la Gestion administrative &#8230; Il faut se soucier de tout et anticiper &#8230; Si possible !<\/p>\n\n\n\n<p style=\"text-align:center\">Cette histoire a \u00e9t\u00e9 \u00e9crite jusqu\u2019au bout par des pilotes passionn\u00e9s, aid\u00e9s par d\u2019autres pilotes du bout du monde, port\u00e9s par leur fraternit\u00e9 et leur t\u00e9nacit\u00e9 ! <\/p>\n\n\n\n<div class=\"wp-block-image\"><figure class=\"aligncenter is-resized\"><img decoding=\"async\" src=\"http:\/\/aeroclub-abbeville.fr\/wp-content\/uploads\/2019\/07\/189F1FE0-15BF-45F1-9080-6F60F8D726C5-1024x682.jpeg\" alt=\"\" class=\"wp-image-2870\" width=\"512\" height=\"341\" srcset=\"http:\/\/aeroclub-abbeville.fr\/wp-content\/uploads\/2019\/07\/189F1FE0-15BF-45F1-9080-6F60F8D726C5-1024x682.jpeg 1024w, http:\/\/aeroclub-abbeville.fr\/wp-content\/uploads\/2019\/07\/189F1FE0-15BF-45F1-9080-6F60F8D726C5-480x320.jpeg 480w, http:\/\/aeroclub-abbeville.fr\/wp-content\/uploads\/2019\/07\/189F1FE0-15BF-45F1-9080-6F60F8D726C5-768x512.jpeg 768w, http:\/\/aeroclub-abbeville.fr\/wp-content\/uploads\/2019\/07\/189F1FE0-15BF-45F1-9080-6F60F8D726C5-624x416.jpeg 624w, http:\/\/aeroclub-abbeville.fr\/wp-content\/uploads\/2019\/07\/189F1FE0-15BF-45F1-9080-6F60F8D726C5.jpeg 1961w\" sizes=\"(max-width: 512px) 100vw, 512px\" \/><\/figure><\/div>\n\n\n\n<p style=\"text-align:center\">Si vous aimez vivre intens\u00e9ment, si vous adh\u00e9rez \u00e0 des moments forts et charg\u00e9s d&rsquo;adr\u00e9naline, venez vous enrichir d\u2019exp\u00e9riences de Navigation et de Voyages et retrouver Alain Hermant, de Valenciennes \u00e0 Moscou ! <\/p>\n\n\n\n<p style=\"text-align:center\">Il y a toujours \u00e0 apprendre de l\u2019exp\u00e9rience des autres ! <\/p>\n\n\n\n<p style=\"text-align:center\">Cliquez sur le lien pour lire la vid\u00e9o <\/p>\n\n\n\n<figure class=\"wp-block-embed-youtube aligncenter wp-block-embed is-type-video is-provider-youtube wp-embed-aspect-16-9 wp-has-aspect-ratio\"><div class=\"wp-block-embed__wrapper\">\n<iframe title=\"Cap sur Moscou - Premi\u00e8re partie\" width=\"625\" height=\"352\" src=\"https:\/\/www.youtube.com\/embed\/3KK7vIF9_44?feature=oembed\" frameborder=\"0\" allow=\"accelerometer; autoplay; clipboard-write; encrypted-media; gyroscope; picture-in-picture; web-share\" referrerpolicy=\"strict-origin-when-cross-origin\" allowfullscreen><\/iframe>\n<\/div><\/figure>\n\n\n\n<figure class=\"wp-block-embed-youtube aligncenter wp-block-embed is-type-video is-provider-youtube wp-embed-aspect-16-9 wp-has-aspect-ratio\"><div class=\"wp-block-embed__wrapper\">\n<iframe title=\"Cap sur Moscou - Deuxi\u00e8me partie\" width=\"625\" height=\"352\" src=\"https:\/\/www.youtube.com\/embed\/c7QiuOqDi3M?feature=oembed\" frameborder=\"0\" allow=\"accelerometer; autoplay; clipboard-write; encrypted-media; gyroscope; picture-in-picture; web-share\" referrerpolicy=\"strict-origin-when-cross-origin\" allowfullscreen><\/iframe>\n<\/div><\/figure>\n\n\n\n<p style=\"text-align:center\">Une belle vid\u00e9o \u00e0 voir, \u00e0 revoir et \u00e0 d\u00e9guster sans mod\u00e9ration ! <\/p>\n\n\n\n<p style=\"text-align:center\">A bient\u00f4t pour de nouvelles aventures ! <\/p>\n\n\n\n<p style=\"text-align:center\">Fran\u00e7oise Sockeel <\/p>\n","protected":false},"excerpt":{"rendered":"<p>31 Juillet 2019 La Baie de Somme en r\u00eave encore ! C\u2019est vrai qu\u2019elle les aime, ces grands oiseaux qui la survolent, tant\u00f4t ronflant, tant\u00f4t glissant, sur ses courants a\u00e9riens ! Abbeville, Le Crotoy, Rue, depuis plus de 150 ans, c\u2019est comme une histoire d\u2019amour avec le ciel ! Toute la Somme vit \u00e0 l\u2019\u00e8re [&hellip;]<\/p>\n","protected":false},"author":211,"featured_media":0,"comment_status":"open","ping_status":"closed","sticky":false,"template":"","format":"standard","meta":{"inline_featured_image":false,"footnotes":""},"categories":[20,2,3,6,7,26,11,15,16,18,31],"tags":[],"class_list":["post-2858","post","type-post","status-publish","format-standard","hentry","category-actualites","category-avion","category-club","category-formation","category-formation_avion","category-histoire","category-manifestations","category-reglementation","category-securite","category-vie-du-club","category-voyages"],"_links":{"self":[{"href":"http:\/\/aeroclub-abbeville.fr\/index.php?rest_route=\/wp\/v2\/posts\/2858","targetHints":{"allow":["GET"]}}],"collection":[{"href":"http:\/\/aeroclub-abbeville.fr\/index.php?rest_route=\/wp\/v2\/posts"}],"about":[{"href":"http:\/\/aeroclub-abbeville.fr\/index.php?rest_route=\/wp\/v2\/types\/post"}],"author":[{"embeddable":true,"href":"http:\/\/aeroclub-abbeville.fr\/index.php?rest_route=\/wp\/v2\/users\/211"}],"replies":[{"embeddable":true,"href":"http:\/\/aeroclub-abbeville.fr\/index.php?rest_route=%2Fwp%2Fv2%2Fcomments&post=2858"}],"version-history":[{"count":23,"href":"http:\/\/aeroclub-abbeville.fr\/index.php?rest_route=\/wp\/v2\/posts\/2858\/revisions"}],"predecessor-version":[{"id":2891,"href":"http:\/\/aeroclub-abbeville.fr\/index.php?rest_route=\/wp\/v2\/posts\/2858\/revisions\/2891"}],"wp:attachment":[{"href":"http:\/\/aeroclub-abbeville.fr\/index.php?rest_route=%2Fwp%2Fv2%2Fmedia&parent=2858"}],"wp:term":[{"taxonomy":"category","embeddable":true,"href":"http:\/\/aeroclub-abbeville.fr\/index.php?rest_route=%2Fwp%2Fv2%2Fcategories&post=2858"},{"taxonomy":"post_tag","embeddable":true,"href":"http:\/\/aeroclub-abbeville.fr\/index.php?rest_route=%2Fwp%2Fv2%2Ftags&post=2858"}],"curies":[{"name":"wp","href":"https:\/\/api.w.org\/{rel}","templated":true}]}}