{"id":2892,"date":"2019-08-02T13:45:59","date_gmt":"2019-08-02T12:45:59","guid":{"rendered":"http:\/\/aeroclub-abbeville.fr\/?p=2892"},"modified":"2019-08-02T15:36:29","modified_gmt":"2019-08-02T14:36:29","slug":"on-nest-vraiment-heureux-de-vivre-ce-que-lon-aime-quen-le-partageant-avec-ceux-quon-aime-et-les-autres","status":"publish","type":"post","link":"http:\/\/aeroclub-abbeville.fr\/?p=2892","title":{"rendered":"\u00ab\u00a0On n\u2019est vraiment heureux de vivre Ce que l\u2019on aime, qu\u2019en le partageant avec Ceux qu\u2019on aime &#8230; et les Autres !"},"content":{"rendered":"\n<p>2 Juillet 2019<\/p>\n\n\n\n<p style=\"text-align:center\">Abbeville-Troyes, les Centres de Planeurs intensifient leur partenariat !<\/p>\n\n\n\n<div class=\"wp-block-image\"><figure class=\"aligncenter is-resized\"><img fetchpriority=\"high\" decoding=\"async\" src=\"http:\/\/aeroclub-abbeville.fr\/wp-content\/uploads\/2019\/08\/92059E26-2089-4C02-94AD-87E25104DF64-1024x1024.jpeg\" alt=\"\" class=\"wp-image-2893\" width=\"512\" height=\"512\" srcset=\"http:\/\/aeroclub-abbeville.fr\/wp-content\/uploads\/2019\/08\/92059E26-2089-4C02-94AD-87E25104DF64-1024x1024.jpeg 1024w, http:\/\/aeroclub-abbeville.fr\/wp-content\/uploads\/2019\/08\/92059E26-2089-4C02-94AD-87E25104DF64-150x150.jpeg 150w, http:\/\/aeroclub-abbeville.fr\/wp-content\/uploads\/2019\/08\/92059E26-2089-4C02-94AD-87E25104DF64-480x480.jpeg 480w, http:\/\/aeroclub-abbeville.fr\/wp-content\/uploads\/2019\/08\/92059E26-2089-4C02-94AD-87E25104DF64-768x768.jpeg 768w, http:\/\/aeroclub-abbeville.fr\/wp-content\/uploads\/2019\/08\/92059E26-2089-4C02-94AD-87E25104DF64-624x624.jpeg 624w, http:\/\/aeroclub-abbeville.fr\/wp-content\/uploads\/2019\/08\/92059E26-2089-4C02-94AD-87E25104DF64.jpeg 1152w\" sizes=\"(max-width: 512px) 100vw, 512px\" \/><figcaption>A l\u2019aube, dans l\u2019Aube !<\/figcaption><\/figure><\/div>\n\n\n\n<p style=\"text-align:center\">C\u2019est une histoire d\u2019Amiti\u00e9, qui dure depuis presque 10 ans, maintenant ! Pour leur stage d\u2019\u00e9t\u00e9, le Centre de Planeurs d\u2019Abbeville d\u00e9localise ses entra\u00eenements au pilotage et fait  vivre aux \u00e9l\u00e8ves-Pilotes de nouvelles exp\u00e9riences a\u00e9riennes. Fort de quelques aventures pass\u00e9es, le choix s\u2019est port\u00e9 sur le Centre de Troyes-Barberey, ses larges espaces, ses plafonds a\u00e9riens hors normes, ses infrastructures adapt\u00e9es et ses adh\u00e9rents chaleureux et accueillants !<\/p>\n\n\n\n<div class=\"wp-block-image\"><figure class=\"aligncenter is-resized\"><img decoding=\"async\" src=\"http:\/\/aeroclub-abbeville.fr\/wp-content\/uploads\/2019\/08\/5BC55334-2703-4956-9C1E-49C212F81723-1024x580.jpeg\" alt=\"\" class=\"wp-image-2895\" width=\"768\" height=\"435\" srcset=\"http:\/\/aeroclub-abbeville.fr\/wp-content\/uploads\/2019\/08\/5BC55334-2703-4956-9C1E-49C212F81723-1024x580.jpeg 1024w, http:\/\/aeroclub-abbeville.fr\/wp-content\/uploads\/2019\/08\/5BC55334-2703-4956-9C1E-49C212F81723-480x272.jpeg 480w, http:\/\/aeroclub-abbeville.fr\/wp-content\/uploads\/2019\/08\/5BC55334-2703-4956-9C1E-49C212F81723-768x435.jpeg 768w, http:\/\/aeroclub-abbeville.fr\/wp-content\/uploads\/2019\/08\/5BC55334-2703-4956-9C1E-49C212F81723-624x354.jpeg 624w, http:\/\/aeroclub-abbeville.fr\/wp-content\/uploads\/2019\/08\/5BC55334-2703-4956-9C1E-49C212F81723.jpeg 1920w\" sizes=\"(max-width: 768px) 100vw, 768px\" \/><figcaption>Un petit tour du dr\u00f4ne au dessus de l\u2019a\u00e9rodrome !<\/figcaption><\/figure><\/div>\n\n\n\n<p style=\"text-align:center\">Chaque ann\u00e9e, les deux derni\u00e8res semaines de Juillet, tout l\u2019a\u00e9roclub d\u2019Abbeville se d\u00e9place, Pilotes et machines ! Certains arrivent en voiture, d\u2019autres par la voie des airs et en 2 jours, tout le monde est l\u00e0, pr\u00eats et efficaces !<\/p>\n\n\n\n<ul class=\"wp-block-gallery aligncenter columns-3 is-cropped wp-block-gallery-1 is-layout-flex wp-block-gallery-is-layout-flex\"><li class=\"blocks-gallery-item\"><figure><img decoding=\"async\" width=\"1024\" height=\"765\" src=\"http:\/\/aeroclub-abbeville.fr\/wp-content\/uploads\/2019\/08\/4E62EDD4-6405-41D1-A145-ED7212C62E69-1024x765.jpeg\" alt=\"\" data-id=\"2899\" class=\"wp-image-2899\" srcset=\"http:\/\/aeroclub-abbeville.fr\/wp-content\/uploads\/2019\/08\/4E62EDD4-6405-41D1-A145-ED7212C62E69-1024x765.jpeg 1024w, http:\/\/aeroclub-abbeville.fr\/wp-content\/uploads\/2019\/08\/4E62EDD4-6405-41D1-A145-ED7212C62E69-480x359.jpeg 480w, http:\/\/aeroclub-abbeville.fr\/wp-content\/uploads\/2019\/08\/4E62EDD4-6405-41D1-A145-ED7212C62E69-768x574.jpeg 768w, http:\/\/aeroclub-abbeville.fr\/wp-content\/uploads\/2019\/08\/4E62EDD4-6405-41D1-A145-ED7212C62E69-624x466.jpeg 624w\" sizes=\"(max-width: 1024px) 100vw, 1024px\" \/><figcaption>\u00c7a d\u00e9monte et \u00e7a remonte ! <\/figcaption><\/figure><\/li><li class=\"blocks-gallery-item\"><figure><img loading=\"lazy\" decoding=\"async\" width=\"1024\" height=\"765\" src=\"http:\/\/aeroclub-abbeville.fr\/wp-content\/uploads\/2019\/08\/3A6AD6BD-4560-42E7-9C99-F8A8E24BB30A-1024x765.jpeg\" alt=\"\" data-id=\"2900\" data-link=\"http:\/\/aeroclub-abbeville.fr\/?attachment_id=2900\" class=\"wp-image-2900\" srcset=\"http:\/\/aeroclub-abbeville.fr\/wp-content\/uploads\/2019\/08\/3A6AD6BD-4560-42E7-9C99-F8A8E24BB30A-1024x765.jpeg 1024w, http:\/\/aeroclub-abbeville.fr\/wp-content\/uploads\/2019\/08\/3A6AD6BD-4560-42E7-9C99-F8A8E24BB30A-480x359.jpeg 480w, http:\/\/aeroclub-abbeville.fr\/wp-content\/uploads\/2019\/08\/3A6AD6BD-4560-42E7-9C99-F8A8E24BB30A-768x574.jpeg 768w, http:\/\/aeroclub-abbeville.fr\/wp-content\/uploads\/2019\/08\/3A6AD6BD-4560-42E7-9C99-F8A8E24BB30A-624x466.jpeg 624w\" sizes=\"(max-width: 1024px) 100vw, 1024px\" \/><\/figure><\/li><li class=\"blocks-gallery-item\"><figure><img loading=\"lazy\" decoding=\"async\" width=\"1024\" height=\"765\" src=\"http:\/\/aeroclub-abbeville.fr\/wp-content\/uploads\/2019\/08\/9A202AD4-7B6C-4541-B5E2-CE9E2910F3F9-1024x765.jpeg\" alt=\"\" data-id=\"2901\" data-link=\"http:\/\/aeroclub-abbeville.fr\/?attachment_id=2901\" class=\"wp-image-2901\" srcset=\"http:\/\/aeroclub-abbeville.fr\/wp-content\/uploads\/2019\/08\/9A202AD4-7B6C-4541-B5E2-CE9E2910F3F9-1024x765.jpeg 1024w, http:\/\/aeroclub-abbeville.fr\/wp-content\/uploads\/2019\/08\/9A202AD4-7B6C-4541-B5E2-CE9E2910F3F9-480x359.jpeg 480w, http:\/\/aeroclub-abbeville.fr\/wp-content\/uploads\/2019\/08\/9A202AD4-7B6C-4541-B5E2-CE9E2910F3F9-768x574.jpeg 768w, http:\/\/aeroclub-abbeville.fr\/wp-content\/uploads\/2019\/08\/9A202AD4-7B6C-4541-B5E2-CE9E2910F3F9-624x466.jpeg 624w\" sizes=\"(max-width: 1024px) 100vw, 1024px\" \/><\/figure><\/li><li class=\"blocks-gallery-item\"><figure><img loading=\"lazy\" decoding=\"async\" width=\"1024\" height=\"765\" src=\"http:\/\/aeroclub-abbeville.fr\/wp-content\/uploads\/2019\/08\/EF7B186B-62D6-4965-A360-2ABCA91705D2-1024x765.jpeg\" alt=\"\" data-id=\"2902\" data-link=\"http:\/\/aeroclub-abbeville.fr\/?attachment_id=2902\" class=\"wp-image-2902\" srcset=\"http:\/\/aeroclub-abbeville.fr\/wp-content\/uploads\/2019\/08\/EF7B186B-62D6-4965-A360-2ABCA91705D2-1024x765.jpeg 1024w, http:\/\/aeroclub-abbeville.fr\/wp-content\/uploads\/2019\/08\/EF7B186B-62D6-4965-A360-2ABCA91705D2-480x359.jpeg 480w, http:\/\/aeroclub-abbeville.fr\/wp-content\/uploads\/2019\/08\/EF7B186B-62D6-4965-A360-2ABCA91705D2-768x574.jpeg 768w, http:\/\/aeroclub-abbeville.fr\/wp-content\/uploads\/2019\/08\/EF7B186B-62D6-4965-A360-2ABCA91705D2-624x466.jpeg 624w\" sizes=\"(max-width: 1024px) 100vw, 1024px\" \/><\/figure><\/li><li class=\"blocks-gallery-item\"><figure><img loading=\"lazy\" decoding=\"async\" width=\"1024\" height=\"765\" src=\"http:\/\/aeroclub-abbeville.fr\/wp-content\/uploads\/2019\/08\/91EC4F00-DA61-43C8-9BE5-A463B626BC4F-1024x765.jpeg\" alt=\"\" data-id=\"2903\" data-link=\"http:\/\/aeroclub-abbeville.fr\/?attachment_id=2903\" class=\"wp-image-2903\" srcset=\"http:\/\/aeroclub-abbeville.fr\/wp-content\/uploads\/2019\/08\/91EC4F00-DA61-43C8-9BE5-A463B626BC4F-1024x765.jpeg 1024w, http:\/\/aeroclub-abbeville.fr\/wp-content\/uploads\/2019\/08\/91EC4F00-DA61-43C8-9BE5-A463B626BC4F-480x359.jpeg 480w, http:\/\/aeroclub-abbeville.fr\/wp-content\/uploads\/2019\/08\/91EC4F00-DA61-43C8-9BE5-A463B626BC4F-768x574.jpeg 768w, http:\/\/aeroclub-abbeville.fr\/wp-content\/uploads\/2019\/08\/91EC4F00-DA61-43C8-9BE5-A463B626BC4F-624x466.jpeg 624w\" sizes=\"(max-width: 1024px) 100vw, 1024px\" \/><\/figure><\/li><li class=\"blocks-gallery-item\"><figure><img loading=\"lazy\" decoding=\"async\" width=\"1024\" height=\"765\" src=\"http:\/\/aeroclub-abbeville.fr\/wp-content\/uploads\/2019\/08\/BF26A3FC-F34B-4BC9-8AA8-EAF70C49A8C9-1024x765.jpeg\" alt=\"\" data-id=\"2904\" data-link=\"http:\/\/aeroclub-abbeville.fr\/?attachment_id=2904\" class=\"wp-image-2904\" srcset=\"http:\/\/aeroclub-abbeville.fr\/wp-content\/uploads\/2019\/08\/BF26A3FC-F34B-4BC9-8AA8-EAF70C49A8C9-1024x765.jpeg 1024w, http:\/\/aeroclub-abbeville.fr\/wp-content\/uploads\/2019\/08\/BF26A3FC-F34B-4BC9-8AA8-EAF70C49A8C9-480x359.jpeg 480w, http:\/\/aeroclub-abbeville.fr\/wp-content\/uploads\/2019\/08\/BF26A3FC-F34B-4BC9-8AA8-EAF70C49A8C9-768x574.jpeg 768w, http:\/\/aeroclub-abbeville.fr\/wp-content\/uploads\/2019\/08\/BF26A3FC-F34B-4BC9-8AA8-EAF70C49A8C9-624x466.jpeg 624w\" sizes=\"(max-width: 1024px) 100vw, 1024px\" \/><figcaption>Mais o\u00f9 est pass\u00e9 mon si\u00e8ge ?<\/figcaption><\/figure><\/li><\/ul>\n\n\n\n<div class=\"wp-block-image\"><figure class=\"aligncenter is-resized\"><img loading=\"lazy\" decoding=\"async\" src=\"http:\/\/aeroclub-abbeville.fr\/wp-content\/uploads\/2019\/08\/95E50A53-EDA7-4DEA-8D37-DFC5BDD957CC-1024x765.jpeg\" alt=\"\" class=\"wp-image-2905\" width=\"512\" height=\"383\" srcset=\"http:\/\/aeroclub-abbeville.fr\/wp-content\/uploads\/2019\/08\/95E50A53-EDA7-4DEA-8D37-DFC5BDD957CC-1024x765.jpeg 1024w, http:\/\/aeroclub-abbeville.fr\/wp-content\/uploads\/2019\/08\/95E50A53-EDA7-4DEA-8D37-DFC5BDD957CC-480x359.jpeg 480w, http:\/\/aeroclub-abbeville.fr\/wp-content\/uploads\/2019\/08\/95E50A53-EDA7-4DEA-8D37-DFC5BDD957CC-768x574.jpeg 768w, http:\/\/aeroclub-abbeville.fr\/wp-content\/uploads\/2019\/08\/95E50A53-EDA7-4DEA-8D37-DFC5BDD957CC-624x466.jpeg 624w\" sizes=\"(max-width: 512px) 100vw, 512px\" \/><figcaption>Tous solidaires ! <\/figcaption><\/figure><\/div>\n\n\n\n<p style=\"text-align:center\">L\u2019a\u00e9roport de Troyes-Barberey, c\u2019est aussi l\u2019occasion de vivre au quotidien dans la cour des grands ! La r\u00e9glementation a\u00e9rienne rigoureuse encadr\u00e9e par la Tour de contr\u00f4le, l\u2019AFIS, la pr\u00e9sence d\u2019autres moyens de propulsion des planeurs, comme le treuil, met tous les \u00e9l\u00e8ves en contact avec la r\u00e9alit\u00e9 des structures a\u00e9ronautiques diff\u00e9rentes de la n\u00f4tre. Une superbe et enrichissante exp\u00e9rience ! <\/p>\n\n\n\n<ul class=\"wp-block-gallery aligncenter columns-3 is-cropped wp-block-gallery-2 is-layout-flex wp-block-gallery-is-layout-flex\"><li class=\"blocks-gallery-item\"><figure><img loading=\"lazy\" decoding=\"async\" width=\"1024\" height=\"765\" src=\"http:\/\/aeroclub-abbeville.fr\/wp-content\/uploads\/2019\/08\/C4CCAB6B-C3F7-48E5-BD04-5EDEF651BC37-1024x765.jpeg\" alt=\"\" data-id=\"2909\" data-link=\"http:\/\/aeroclub-abbeville.fr\/?attachment_id=2909\" class=\"wp-image-2909\" srcset=\"http:\/\/aeroclub-abbeville.fr\/wp-content\/uploads\/2019\/08\/C4CCAB6B-C3F7-48E5-BD04-5EDEF651BC37-1024x765.jpeg 1024w, http:\/\/aeroclub-abbeville.fr\/wp-content\/uploads\/2019\/08\/C4CCAB6B-C3F7-48E5-BD04-5EDEF651BC37-480x359.jpeg 480w, http:\/\/aeroclub-abbeville.fr\/wp-content\/uploads\/2019\/08\/C4CCAB6B-C3F7-48E5-BD04-5EDEF651BC37-768x574.jpeg 768w, http:\/\/aeroclub-abbeville.fr\/wp-content\/uploads\/2019\/08\/C4CCAB6B-C3F7-48E5-BD04-5EDEF651BC37-624x466.jpeg 624w\" sizes=\"(max-width: 1024px) 100vw, 1024px\" \/><\/figure><\/li><li class=\"blocks-gallery-item\"><figure><img loading=\"lazy\" decoding=\"async\" width=\"1024\" height=\"765\" src=\"http:\/\/aeroclub-abbeville.fr\/wp-content\/uploads\/2019\/08\/12CF2352-A17B-421F-99F6-B8CE11BB68DD-1024x765.jpeg\" alt=\"\" data-id=\"2910\" data-link=\"http:\/\/aeroclub-abbeville.fr\/?attachment_id=2910\" class=\"wp-image-2910\" srcset=\"http:\/\/aeroclub-abbeville.fr\/wp-content\/uploads\/2019\/08\/12CF2352-A17B-421F-99F6-B8CE11BB68DD-1024x765.jpeg 1024w, http:\/\/aeroclub-abbeville.fr\/wp-content\/uploads\/2019\/08\/12CF2352-A17B-421F-99F6-B8CE11BB68DD-480x359.jpeg 480w, http:\/\/aeroclub-abbeville.fr\/wp-content\/uploads\/2019\/08\/12CF2352-A17B-421F-99F6-B8CE11BB68DD-768x574.jpeg 768w, http:\/\/aeroclub-abbeville.fr\/wp-content\/uploads\/2019\/08\/12CF2352-A17B-421F-99F6-B8CE11BB68DD-624x466.jpeg 624w\" sizes=\"(max-width: 1024px) 100vw, 1024px\" \/><\/figure><\/li><li class=\"blocks-gallery-item\"><figure><img loading=\"lazy\" decoding=\"async\" width=\"1024\" height=\"765\" src=\"http:\/\/aeroclub-abbeville.fr\/wp-content\/uploads\/2019\/08\/11F7DAE9-7702-416D-ABB1-A76344B6CA13-1024x765.jpeg\" alt=\"\" data-id=\"2911\" data-link=\"http:\/\/aeroclub-abbeville.fr\/?attachment_id=2911\" class=\"wp-image-2911\" srcset=\"http:\/\/aeroclub-abbeville.fr\/wp-content\/uploads\/2019\/08\/11F7DAE9-7702-416D-ABB1-A76344B6CA13-1024x765.jpeg 1024w, http:\/\/aeroclub-abbeville.fr\/wp-content\/uploads\/2019\/08\/11F7DAE9-7702-416D-ABB1-A76344B6CA13-480x359.jpeg 480w, http:\/\/aeroclub-abbeville.fr\/wp-content\/uploads\/2019\/08\/11F7DAE9-7702-416D-ABB1-A76344B6CA13-768x574.jpeg 768w, http:\/\/aeroclub-abbeville.fr\/wp-content\/uploads\/2019\/08\/11F7DAE9-7702-416D-ABB1-A76344B6CA13-624x466.jpeg 624w\" sizes=\"(max-width: 1024px) 100vw, 1024px\" \/><\/figure><\/li><li class=\"blocks-gallery-item\"><figure><img loading=\"lazy\" decoding=\"async\" width=\"720\" height=\"540\" src=\"http:\/\/aeroclub-abbeville.fr\/wp-content\/uploads\/2019\/08\/A40E343C-BC79-4A0E-89A2-BE6787AF7379.jpeg\" alt=\"\" data-id=\"2913\" data-link=\"http:\/\/aeroclub-abbeville.fr\/?attachment_id=2913\" class=\"wp-image-2913\" srcset=\"http:\/\/aeroclub-abbeville.fr\/wp-content\/uploads\/2019\/08\/A40E343C-BC79-4A0E-89A2-BE6787AF7379.jpeg 720w, http:\/\/aeroclub-abbeville.fr\/wp-content\/uploads\/2019\/08\/A40E343C-BC79-4A0E-89A2-BE6787AF7379-480x360.jpeg 480w, http:\/\/aeroclub-abbeville.fr\/wp-content\/uploads\/2019\/08\/A40E343C-BC79-4A0E-89A2-BE6787AF7379-624x468.jpeg 624w\" sizes=\"(max-width: 720px) 100vw, 720px\" \/><figcaption>La Salle de Briefing ! <\/figcaption><\/figure><\/li><li class=\"blocks-gallery-item\"><figure><img loading=\"lazy\" decoding=\"async\" width=\"1024\" height=\"765\" src=\"http:\/\/aeroclub-abbeville.fr\/wp-content\/uploads\/2019\/08\/FED8D870-8620-46D6-B614-604C4B627DA9-1024x765.jpeg\" alt=\"\" data-id=\"2914\" data-link=\"http:\/\/aeroclub-abbeville.fr\/?attachment_id=2914\" class=\"wp-image-2914\" srcset=\"http:\/\/aeroclub-abbeville.fr\/wp-content\/uploads\/2019\/08\/FED8D870-8620-46D6-B614-604C4B627DA9-1024x765.jpeg 1024w, http:\/\/aeroclub-abbeville.fr\/wp-content\/uploads\/2019\/08\/FED8D870-8620-46D6-B614-604C4B627DA9-480x359.jpeg 480w, http:\/\/aeroclub-abbeville.fr\/wp-content\/uploads\/2019\/08\/FED8D870-8620-46D6-B614-604C4B627DA9-768x574.jpeg 768w, http:\/\/aeroclub-abbeville.fr\/wp-content\/uploads\/2019\/08\/FED8D870-8620-46D6-B614-604C4B627DA9-624x466.jpeg 624w\" sizes=\"(max-width: 1024px) 100vw, 1024px\" \/><figcaption>Paul au treuil ! <\/figcaption><\/figure><\/li><li class=\"blocks-gallery-item\"><figure><img loading=\"lazy\" decoding=\"async\" width=\"1024\" height=\"765\" src=\"http:\/\/aeroclub-abbeville.fr\/wp-content\/uploads\/2019\/08\/5774EC03-2F30-43E3-B614-F4FAD32A14AA-1024x765.jpeg\" alt=\"\" data-id=\"2946\" data-link=\"http:\/\/aeroclub-abbeville.fr\/?attachment_id=2946\" class=\"wp-image-2946\" srcset=\"http:\/\/aeroclub-abbeville.fr\/wp-content\/uploads\/2019\/08\/5774EC03-2F30-43E3-B614-F4FAD32A14AA-1024x765.jpeg 1024w, http:\/\/aeroclub-abbeville.fr\/wp-content\/uploads\/2019\/08\/5774EC03-2F30-43E3-B614-F4FAD32A14AA-480x359.jpeg 480w, http:\/\/aeroclub-abbeville.fr\/wp-content\/uploads\/2019\/08\/5774EC03-2F30-43E3-B614-F4FAD32A14AA-768x574.jpeg 768w, http:\/\/aeroclub-abbeville.fr\/wp-content\/uploads\/2019\/08\/5774EC03-2F30-43E3-B614-F4FAD32A14AA-624x466.jpeg 624w\" sizes=\"(max-width: 1024px) 100vw, 1024px\" \/><figcaption>On am\u00e8ne aussi Le remorqueur <\/figcaption><\/figure><\/li><\/ul>\n\n\n\n<p style=\"text-align:center\">Les infrastructures adapt\u00e9es permettent aussi une vie associative chaleureuse, d\u00e9tendue et pleine de richesses inter-g\u00e9n\u00e9rationnelles et inter-r\u00e9gionales, surtout quand s\u2019y ajoute le championnat  inter-r\u00e9gional junior du grand-est ! Cela nous am\u00e8ne \u00e0 g\u00e9rer un repas pour 35 personnes ! Quelle tabl\u00e9e et quels souvenirs !<\/p>\n\n\n\n<ul class=\"wp-block-gallery aligncenter columns-3 is-cropped wp-block-gallery-3 is-layout-flex wp-block-gallery-is-layout-flex\"><li class=\"blocks-gallery-item\"><figure><img loading=\"lazy\" decoding=\"async\" width=\"1024\" height=\"765\" src=\"http:\/\/aeroclub-abbeville.fr\/wp-content\/uploads\/2019\/08\/70AEE84E-3A83-4002-80FA-C76A3372F9A9-1024x765.jpeg\" alt=\"\" data-id=\"2917\" data-link=\"http:\/\/aeroclub-abbeville.fr\/?attachment_id=2917\" class=\"wp-image-2917\" srcset=\"http:\/\/aeroclub-abbeville.fr\/wp-content\/uploads\/2019\/08\/70AEE84E-3A83-4002-80FA-C76A3372F9A9-1024x765.jpeg 1024w, http:\/\/aeroclub-abbeville.fr\/wp-content\/uploads\/2019\/08\/70AEE84E-3A83-4002-80FA-C76A3372F9A9-480x359.jpeg 480w, http:\/\/aeroclub-abbeville.fr\/wp-content\/uploads\/2019\/08\/70AEE84E-3A83-4002-80FA-C76A3372F9A9-768x574.jpeg 768w, http:\/\/aeroclub-abbeville.fr\/wp-content\/uploads\/2019\/08\/70AEE84E-3A83-4002-80FA-C76A3372F9A9-624x466.jpeg 624w\" sizes=\"(max-width: 1024px) 100vw, 1024px\" \/><figcaption>Pr\u00e9sidents, instructeurs, \u00e9l\u00e8ves, tous ensemble pour la m\u00eame passion<\/figcaption><\/figure><\/li><li class=\"blocks-gallery-item\"><figure><img loading=\"lazy\" decoding=\"async\" width=\"1024\" height=\"498\" src=\"http:\/\/aeroclub-abbeville.fr\/wp-content\/uploads\/2019\/08\/107B0C51-FBF6-4BD7-8954-96BDD3172BB1-1024x498.jpeg\" alt=\"\" data-id=\"2919\" data-link=\"http:\/\/aeroclub-abbeville.fr\/?attachment_id=2919\" class=\"wp-image-2919\" srcset=\"http:\/\/aeroclub-abbeville.fr\/wp-content\/uploads\/2019\/08\/107B0C51-FBF6-4BD7-8954-96BDD3172BB1-1024x498.jpeg 1024w, http:\/\/aeroclub-abbeville.fr\/wp-content\/uploads\/2019\/08\/107B0C51-FBF6-4BD7-8954-96BDD3172BB1-480x233.jpeg 480w, http:\/\/aeroclub-abbeville.fr\/wp-content\/uploads\/2019\/08\/107B0C51-FBF6-4BD7-8954-96BDD3172BB1-768x373.jpeg 768w, http:\/\/aeroclub-abbeville.fr\/wp-content\/uploads\/2019\/08\/107B0C51-FBF6-4BD7-8954-96BDD3172BB1-624x303.jpeg 624w\" sizes=\"(max-width: 1024px) 100vw, 1024px\" \/><\/figure><\/li><li class=\"blocks-gallery-item\"><figure><img loading=\"lazy\" decoding=\"async\" width=\"1024\" height=\"765\" src=\"http:\/\/aeroclub-abbeville.fr\/wp-content\/uploads\/2019\/08\/D0DA8F1A-34C1-4A22-B388-9409728A07B3-1024x765.jpeg\" alt=\"\" data-id=\"2920\" data-link=\"http:\/\/aeroclub-abbeville.fr\/?attachment_id=2920\" class=\"wp-image-2920\" srcset=\"http:\/\/aeroclub-abbeville.fr\/wp-content\/uploads\/2019\/08\/D0DA8F1A-34C1-4A22-B388-9409728A07B3-1024x765.jpeg 1024w, http:\/\/aeroclub-abbeville.fr\/wp-content\/uploads\/2019\/08\/D0DA8F1A-34C1-4A22-B388-9409728A07B3-480x359.jpeg 480w, http:\/\/aeroclub-abbeville.fr\/wp-content\/uploads\/2019\/08\/D0DA8F1A-34C1-4A22-B388-9409728A07B3-768x574.jpeg 768w, http:\/\/aeroclub-abbeville.fr\/wp-content\/uploads\/2019\/08\/D0DA8F1A-34C1-4A22-B388-9409728A07B3-624x466.jpeg 624w\" sizes=\"(max-width: 1024px) 100vw, 1024px\" \/><\/figure><\/li><li class=\"blocks-gallery-item\"><figure><img loading=\"lazy\" decoding=\"async\" width=\"960\" height=\"640\" src=\"http:\/\/aeroclub-abbeville.fr\/wp-content\/uploads\/2019\/08\/03D5D256-CBEA-4CE8-B893-D8F0821BD69C.jpeg\" alt=\"\" data-id=\"2921\" data-link=\"http:\/\/aeroclub-abbeville.fr\/?attachment_id=2921\" class=\"wp-image-2921\" srcset=\"http:\/\/aeroclub-abbeville.fr\/wp-content\/uploads\/2019\/08\/03D5D256-CBEA-4CE8-B893-D8F0821BD69C.jpeg 960w, http:\/\/aeroclub-abbeville.fr\/wp-content\/uploads\/2019\/08\/03D5D256-CBEA-4CE8-B893-D8F0821BD69C-480x320.jpeg 480w, http:\/\/aeroclub-abbeville.fr\/wp-content\/uploads\/2019\/08\/03D5D256-CBEA-4CE8-B893-D8F0821BD69C-768x512.jpeg 768w, http:\/\/aeroclub-abbeville.fr\/wp-content\/uploads\/2019\/08\/03D5D256-CBEA-4CE8-B893-D8F0821BD69C-624x416.jpeg 624w\" sizes=\"(max-width: 960px) 100vw, 960px\" \/><figcaption>Alex, notre Abbevillois <\/figcaption><\/figure><\/li><li class=\"blocks-gallery-item\"><figure><img loading=\"lazy\" decoding=\"async\" width=\"960\" height=\"640\" src=\"http:\/\/aeroclub-abbeville.fr\/wp-content\/uploads\/2019\/08\/FAED3D44-6271-4225-8F46-AF16155BB616.jpeg\" alt=\"\" data-id=\"2922\" data-link=\"http:\/\/aeroclub-abbeville.fr\/?attachment_id=2922\" class=\"wp-image-2922\" srcset=\"http:\/\/aeroclub-abbeville.fr\/wp-content\/uploads\/2019\/08\/FAED3D44-6271-4225-8F46-AF16155BB616.jpeg 960w, http:\/\/aeroclub-abbeville.fr\/wp-content\/uploads\/2019\/08\/FAED3D44-6271-4225-8F46-AF16155BB616-480x320.jpeg 480w, http:\/\/aeroclub-abbeville.fr\/wp-content\/uploads\/2019\/08\/FAED3D44-6271-4225-8F46-AF16155BB616-768x512.jpeg 768w, http:\/\/aeroclub-abbeville.fr\/wp-content\/uploads\/2019\/08\/FAED3D44-6271-4225-8F46-AF16155BB616-624x416.jpeg 624w\" sizes=\"(max-width: 960px) 100vw, 960px\" \/><figcaption>Guy et Astrid, la complicit\u00e9 du Championnat<\/figcaption><\/figure><\/li><li class=\"blocks-gallery-item\"><figure><img loading=\"lazy\" decoding=\"async\" width=\"960\" height=\"639\" src=\"http:\/\/aeroclub-abbeville.fr\/wp-content\/uploads\/2019\/08\/36F4B29F-BC96-41C5-A7C5-37E3550584A2.jpeg\" alt=\"\" data-id=\"2923\" data-link=\"http:\/\/aeroclub-abbeville.fr\/?attachment_id=2923\" class=\"wp-image-2923\" srcset=\"http:\/\/aeroclub-abbeville.fr\/wp-content\/uploads\/2019\/08\/36F4B29F-BC96-41C5-A7C5-37E3550584A2.jpeg 960w, http:\/\/aeroclub-abbeville.fr\/wp-content\/uploads\/2019\/08\/36F4B29F-BC96-41C5-A7C5-37E3550584A2-480x320.jpeg 480w, http:\/\/aeroclub-abbeville.fr\/wp-content\/uploads\/2019\/08\/36F4B29F-BC96-41C5-A7C5-37E3550584A2-768x511.jpeg 768w, http:\/\/aeroclub-abbeville.fr\/wp-content\/uploads\/2019\/08\/36F4B29F-BC96-41C5-A7C5-37E3550584A2-624x415.jpeg 624w\" sizes=\"(max-width: 960px) 100vw, 960px\" \/><figcaption>Francis et Cl\u00e9mence du club troyen ! <\/figcaption><\/figure><\/li><li class=\"blocks-gallery-item\"><figure><img loading=\"lazy\" decoding=\"async\" width=\"1024\" height=\"765\" src=\"http:\/\/aeroclub-abbeville.fr\/wp-content\/uploads\/2019\/08\/5BB23971-0F1F-4003-9858-82A7F328B3C5-1024x765.jpeg\" alt=\"\" data-id=\"2925\" data-link=\"http:\/\/aeroclub-abbeville.fr\/?attachment_id=2925\" class=\"wp-image-2925\" srcset=\"http:\/\/aeroclub-abbeville.fr\/wp-content\/uploads\/2019\/08\/5BB23971-0F1F-4003-9858-82A7F328B3C5-1024x765.jpeg 1024w, http:\/\/aeroclub-abbeville.fr\/wp-content\/uploads\/2019\/08\/5BB23971-0F1F-4003-9858-82A7F328B3C5-480x359.jpeg 480w, http:\/\/aeroclub-abbeville.fr\/wp-content\/uploads\/2019\/08\/5BB23971-0F1F-4003-9858-82A7F328B3C5-768x574.jpeg 768w, http:\/\/aeroclub-abbeville.fr\/wp-content\/uploads\/2019\/08\/5BB23971-0F1F-4003-9858-82A7F328B3C5-624x466.jpeg 624w\" sizes=\"(max-width: 1024px) 100vw, 1024px\" \/><\/figure><\/li><\/ul>\n\n\n\n<p style=\"text-align:center\">Tous unis pour le meilleur et pour le pire ! <\/p>\n\n\n\n<ul class=\"wp-block-gallery aligncenter columns-3 is-cropped wp-block-gallery-4 is-layout-flex wp-block-gallery-is-layout-flex\"><li class=\"blocks-gallery-item\"><figure><img loading=\"lazy\" decoding=\"async\" width=\"1024\" height=\"765\" src=\"http:\/\/aeroclub-abbeville.fr\/wp-content\/uploads\/2019\/08\/49E20DD7-77A2-4622-B5F1-BD6602C35403-1024x765.jpeg\" alt=\"\" data-id=\"2926\" data-link=\"http:\/\/aeroclub-abbeville.fr\/?attachment_id=2926\" class=\"wp-image-2926\" srcset=\"http:\/\/aeroclub-abbeville.fr\/wp-content\/uploads\/2019\/08\/49E20DD7-77A2-4622-B5F1-BD6602C35403-1024x765.jpeg 1024w, http:\/\/aeroclub-abbeville.fr\/wp-content\/uploads\/2019\/08\/49E20DD7-77A2-4622-B5F1-BD6602C35403-480x359.jpeg 480w, http:\/\/aeroclub-abbeville.fr\/wp-content\/uploads\/2019\/08\/49E20DD7-77A2-4622-B5F1-BD6602C35403-768x574.jpeg 768w, http:\/\/aeroclub-abbeville.fr\/wp-content\/uploads\/2019\/08\/49E20DD7-77A2-4622-B5F1-BD6602C35403-624x466.jpeg 624w\" sizes=\"(max-width: 1024px) 100vw, 1024px\" \/><figcaption>Adrien et Brigitte en cuisine<\/figcaption><\/figure><\/li><li class=\"blocks-gallery-item\"><figure><img loading=\"lazy\" decoding=\"async\" width=\"1024\" height=\"765\" src=\"http:\/\/aeroclub-abbeville.fr\/wp-content\/uploads\/2019\/08\/F7F8B1D4-70A0-46A7-8CE3-55B9FF5A1539-1024x765.jpeg\" alt=\"\" data-id=\"2927\" data-link=\"http:\/\/aeroclub-abbeville.fr\/?attachment_id=2927\" class=\"wp-image-2927\" srcset=\"http:\/\/aeroclub-abbeville.fr\/wp-content\/uploads\/2019\/08\/F7F8B1D4-70A0-46A7-8CE3-55B9FF5A1539-1024x765.jpeg 1024w, http:\/\/aeroclub-abbeville.fr\/wp-content\/uploads\/2019\/08\/F7F8B1D4-70A0-46A7-8CE3-55B9FF5A1539-480x359.jpeg 480w, http:\/\/aeroclub-abbeville.fr\/wp-content\/uploads\/2019\/08\/F7F8B1D4-70A0-46A7-8CE3-55B9FF5A1539-768x574.jpeg 768w, http:\/\/aeroclub-abbeville.fr\/wp-content\/uploads\/2019\/08\/F7F8B1D4-70A0-46A7-8CE3-55B9FF5A1539-624x466.jpeg 624w\" sizes=\"(max-width: 1024px) 100vw, 1024px\" \/><figcaption>Bonjour Gerard <\/figcaption><\/figure><\/li><li class=\"blocks-gallery-item\"><figure><img loading=\"lazy\" decoding=\"async\" width=\"1024\" height=\"765\" src=\"http:\/\/aeroclub-abbeville.fr\/wp-content\/uploads\/2019\/08\/3D343070-4BC1-49BB-B7B4-1A3FE8CF9C3A-1024x765.jpeg\" alt=\"\" data-id=\"2928\" data-link=\"http:\/\/aeroclub-abbeville.fr\/?attachment_id=2928\" class=\"wp-image-2928\" srcset=\"http:\/\/aeroclub-abbeville.fr\/wp-content\/uploads\/2019\/08\/3D343070-4BC1-49BB-B7B4-1A3FE8CF9C3A-1024x765.jpeg 1024w, http:\/\/aeroclub-abbeville.fr\/wp-content\/uploads\/2019\/08\/3D343070-4BC1-49BB-B7B4-1A3FE8CF9C3A-480x359.jpeg 480w, http:\/\/aeroclub-abbeville.fr\/wp-content\/uploads\/2019\/08\/3D343070-4BC1-49BB-B7B4-1A3FE8CF9C3A-768x574.jpeg 768w, http:\/\/aeroclub-abbeville.fr\/wp-content\/uploads\/2019\/08\/3D343070-4BC1-49BB-B7B4-1A3FE8CF9C3A-624x466.jpeg 624w\" sizes=\"(max-width: 1024px) 100vw, 1024px\" \/><figcaption>Xavier et Fran\u00e7ois <\/figcaption><\/figure><\/li><li class=\"blocks-gallery-item\"><figure><img loading=\"lazy\" decoding=\"async\" width=\"1024\" height=\"765\" src=\"http:\/\/aeroclub-abbeville.fr\/wp-content\/uploads\/2019\/08\/9052A9D3-C70B-46EB-A504-1E031A2A3381-1024x765.jpeg\" alt=\"\" data-id=\"2929\" data-link=\"http:\/\/aeroclub-abbeville.fr\/?attachment_id=2929\" class=\"wp-image-2929\" srcset=\"http:\/\/aeroclub-abbeville.fr\/wp-content\/uploads\/2019\/08\/9052A9D3-C70B-46EB-A504-1E031A2A3381-1024x765.jpeg 1024w, http:\/\/aeroclub-abbeville.fr\/wp-content\/uploads\/2019\/08\/9052A9D3-C70B-46EB-A504-1E031A2A3381-480x359.jpeg 480w, http:\/\/aeroclub-abbeville.fr\/wp-content\/uploads\/2019\/08\/9052A9D3-C70B-46EB-A504-1E031A2A3381-768x574.jpeg 768w, http:\/\/aeroclub-abbeville.fr\/wp-content\/uploads\/2019\/08\/9052A9D3-C70B-46EB-A504-1E031A2A3381-624x466.jpeg 624w\" sizes=\"(max-width: 1024px) 100vw, 1024px\" \/><figcaption>Les jeunes en tourn\u00e9e de vaisselle <\/figcaption><\/figure><\/li><li class=\"blocks-gallery-item\"><figure><img loading=\"lazy\" decoding=\"async\" width=\"1024\" height=\"765\" src=\"http:\/\/aeroclub-abbeville.fr\/wp-content\/uploads\/2019\/08\/492F66E4-E9CB-4DE8-999B-8487209A6DB7-1024x765.jpeg\" alt=\"\" data-id=\"2930\" data-link=\"http:\/\/aeroclub-abbeville.fr\/?attachment_id=2930\" class=\"wp-image-2930\" srcset=\"http:\/\/aeroclub-abbeville.fr\/wp-content\/uploads\/2019\/08\/492F66E4-E9CB-4DE8-999B-8487209A6DB7-1024x765.jpeg 1024w, http:\/\/aeroclub-abbeville.fr\/wp-content\/uploads\/2019\/08\/492F66E4-E9CB-4DE8-999B-8487209A6DB7-480x359.jpeg 480w, http:\/\/aeroclub-abbeville.fr\/wp-content\/uploads\/2019\/08\/492F66E4-E9CB-4DE8-999B-8487209A6DB7-768x574.jpeg 768w, http:\/\/aeroclub-abbeville.fr\/wp-content\/uploads\/2019\/08\/492F66E4-E9CB-4DE8-999B-8487209A6DB7-624x466.jpeg 624w\" sizes=\"(max-width: 1024px) 100vw, 1024px\" \/><\/figure><\/li><li class=\"blocks-gallery-item\"><figure><img loading=\"lazy\" decoding=\"async\" width=\"1024\" height=\"765\" src=\"http:\/\/aeroclub-abbeville.fr\/wp-content\/uploads\/2019\/08\/2D6917A4-44ED-44A4-B95C-6594D8335672-1024x765.jpeg\" alt=\"\" data-id=\"2931\" data-link=\"http:\/\/aeroclub-abbeville.fr\/?attachment_id=2931\" class=\"wp-image-2931\" srcset=\"http:\/\/aeroclub-abbeville.fr\/wp-content\/uploads\/2019\/08\/2D6917A4-44ED-44A4-B95C-6594D8335672-1024x765.jpeg 1024w, http:\/\/aeroclub-abbeville.fr\/wp-content\/uploads\/2019\/08\/2D6917A4-44ED-44A4-B95C-6594D8335672-480x359.jpeg 480w, http:\/\/aeroclub-abbeville.fr\/wp-content\/uploads\/2019\/08\/2D6917A4-44ED-44A4-B95C-6594D8335672-768x574.jpeg 768w, http:\/\/aeroclub-abbeville.fr\/wp-content\/uploads\/2019\/08\/2D6917A4-44ED-44A4-B95C-6594D8335672-624x466.jpeg 624w\" sizes=\"(max-width: 1024px) 100vw, 1024px\" \/><\/figure><\/li><li class=\"blocks-gallery-item\"><figure><img loading=\"lazy\" decoding=\"async\" width=\"1024\" height=\"765\" src=\"http:\/\/aeroclub-abbeville.fr\/wp-content\/uploads\/2019\/08\/2F5B2A10-45BF-46C1-B208-3D641BC380BD-1024x765.jpeg\" alt=\"\" data-id=\"2932\" data-link=\"http:\/\/aeroclub-abbeville.fr\/?attachment_id=2932\" class=\"wp-image-2932\" srcset=\"http:\/\/aeroclub-abbeville.fr\/wp-content\/uploads\/2019\/08\/2F5B2A10-45BF-46C1-B208-3D641BC380BD-1024x765.jpeg 1024w, http:\/\/aeroclub-abbeville.fr\/wp-content\/uploads\/2019\/08\/2F5B2A10-45BF-46C1-B208-3D641BC380BD-480x359.jpeg 480w, http:\/\/aeroclub-abbeville.fr\/wp-content\/uploads\/2019\/08\/2F5B2A10-45BF-46C1-B208-3D641BC380BD-768x574.jpeg 768w, http:\/\/aeroclub-abbeville.fr\/wp-content\/uploads\/2019\/08\/2F5B2A10-45BF-46C1-B208-3D641BC380BD-624x466.jpeg 624w\" sizes=\"(max-width: 1024px) 100vw, 1024px\" \/><figcaption>Francis et Fran\u00e7ois, le grand d\u00e9bat <\/figcaption><\/figure><\/li><li class=\"blocks-gallery-item\"><figure><img loading=\"lazy\" decoding=\"async\" width=\"1024\" height=\"765\" src=\"http:\/\/aeroclub-abbeville.fr\/wp-content\/uploads\/2019\/08\/BFEB7C32-895F-4920-839F-68D448E76E58-1024x765.jpeg\" alt=\"\" data-id=\"2933\" data-link=\"http:\/\/aeroclub-abbeville.fr\/?attachment_id=2933\" class=\"wp-image-2933\" srcset=\"http:\/\/aeroclub-abbeville.fr\/wp-content\/uploads\/2019\/08\/BFEB7C32-895F-4920-839F-68D448E76E58-1024x765.jpeg 1024w, http:\/\/aeroclub-abbeville.fr\/wp-content\/uploads\/2019\/08\/BFEB7C32-895F-4920-839F-68D448E76E58-480x359.jpeg 480w, http:\/\/aeroclub-abbeville.fr\/wp-content\/uploads\/2019\/08\/BFEB7C32-895F-4920-839F-68D448E76E58-768x574.jpeg 768w, http:\/\/aeroclub-abbeville.fr\/wp-content\/uploads\/2019\/08\/BFEB7C32-895F-4920-839F-68D448E76E58-624x466.jpeg 624w\" sizes=\"(max-width: 1024px) 100vw, 1024px\" \/><\/figure><\/li><li class=\"blocks-gallery-item\"><figure><img loading=\"lazy\" decoding=\"async\" width=\"1024\" height=\"765\" src=\"http:\/\/aeroclub-abbeville.fr\/wp-content\/uploads\/2019\/08\/545731C7-B3A8-4E02-A240-B39944DD1A92-1024x765.jpeg\" alt=\"\" data-id=\"2934\" data-link=\"http:\/\/aeroclub-abbeville.fr\/?attachment_id=2934\" class=\"wp-image-2934\" srcset=\"http:\/\/aeroclub-abbeville.fr\/wp-content\/uploads\/2019\/08\/545731C7-B3A8-4E02-A240-B39944DD1A92-1024x765.jpeg 1024w, http:\/\/aeroclub-abbeville.fr\/wp-content\/uploads\/2019\/08\/545731C7-B3A8-4E02-A240-B39944DD1A92-480x359.jpeg 480w, http:\/\/aeroclub-abbeville.fr\/wp-content\/uploads\/2019\/08\/545731C7-B3A8-4E02-A240-B39944DD1A92-768x574.jpeg 768w, http:\/\/aeroclub-abbeville.fr\/wp-content\/uploads\/2019\/08\/545731C7-B3A8-4E02-A240-B39944DD1A92-624x466.jpeg 624w\" sizes=\"(max-width: 1024px) 100vw, 1024px\" \/><figcaption>Les moins jeunes s\u2019y mettent aussi <\/figcaption><\/figure><\/li><li class=\"blocks-gallery-item\"><figure><img loading=\"lazy\" decoding=\"async\" width=\"1024\" height=\"765\" src=\"http:\/\/aeroclub-abbeville.fr\/wp-content\/uploads\/2019\/08\/2E292544-A361-46A2-9E43-E719DBCBBEF6-1024x765.jpeg\" alt=\"\" data-id=\"2935\" data-link=\"http:\/\/aeroclub-abbeville.fr\/?attachment_id=2935\" class=\"wp-image-2935\" srcset=\"http:\/\/aeroclub-abbeville.fr\/wp-content\/uploads\/2019\/08\/2E292544-A361-46A2-9E43-E719DBCBBEF6-1024x765.jpeg 1024w, http:\/\/aeroclub-abbeville.fr\/wp-content\/uploads\/2019\/08\/2E292544-A361-46A2-9E43-E719DBCBBEF6-480x359.jpeg 480w, http:\/\/aeroclub-abbeville.fr\/wp-content\/uploads\/2019\/08\/2E292544-A361-46A2-9E43-E719DBCBBEF6-768x574.jpeg 768w, http:\/\/aeroclub-abbeville.fr\/wp-content\/uploads\/2019\/08\/2E292544-A361-46A2-9E43-E719DBCBBEF6-624x466.jpeg 624w\" sizes=\"(max-width: 1024px) 100vw, 1024px\" \/><figcaption>Abbeville-Troyes, ils sont tous l\u00e0 <\/figcaption><\/figure><\/li><li class=\"blocks-gallery-item\"><figure><img loading=\"lazy\" decoding=\"async\" width=\"1024\" height=\"498\" src=\"http:\/\/aeroclub-abbeville.fr\/wp-content\/uploads\/2019\/08\/FEB05A94-AD7E-499B-B60C-D7BAF22F5F9E-1024x498.jpeg\" alt=\"\" data-id=\"2936\" data-link=\"http:\/\/aeroclub-abbeville.fr\/?attachment_id=2936\" class=\"wp-image-2936\" srcset=\"http:\/\/aeroclub-abbeville.fr\/wp-content\/uploads\/2019\/08\/FEB05A94-AD7E-499B-B60C-D7BAF22F5F9E-1024x498.jpeg 1024w, http:\/\/aeroclub-abbeville.fr\/wp-content\/uploads\/2019\/08\/FEB05A94-AD7E-499B-B60C-D7BAF22F5F9E-480x233.jpeg 480w, http:\/\/aeroclub-abbeville.fr\/wp-content\/uploads\/2019\/08\/FEB05A94-AD7E-499B-B60C-D7BAF22F5F9E-768x373.jpeg 768w, http:\/\/aeroclub-abbeville.fr\/wp-content\/uploads\/2019\/08\/FEB05A94-AD7E-499B-B60C-D7BAF22F5F9E-624x303.jpeg 624w\" sizes=\"(max-width: 1024px) 100vw, 1024px\" \/><\/figure><\/li><\/ul>\n\n\n\n<div class=\"wp-block-image\"><figure class=\"aligncenter is-resized\"><img loading=\"lazy\" decoding=\"async\" src=\"http:\/\/aeroclub-abbeville.fr\/wp-content\/uploads\/2019\/08\/C2A3C9B3-E91B-4731-BE24-93B5AF8EBF05.jpeg\" alt=\"\" class=\"wp-image-2947\" width=\"360\" height=\"480\" srcset=\"http:\/\/aeroclub-abbeville.fr\/wp-content\/uploads\/2019\/08\/C2A3C9B3-E91B-4731-BE24-93B5AF8EBF05.jpeg 720w, http:\/\/aeroclub-abbeville.fr\/wp-content\/uploads\/2019\/08\/C2A3C9B3-E91B-4731-BE24-93B5AF8EBF05-360x480.jpeg 360w, http:\/\/aeroclub-abbeville.fr\/wp-content\/uploads\/2019\/08\/C2A3C9B3-E91B-4731-BE24-93B5AF8EBF05-624x832.jpeg 624w\" sizes=\"(max-width: 360px) 100vw, 360px\" \/><\/figure><\/div>\n\n\n\n<p style=\"text-align:center\">Tous r\u00e9unis de Bonheur pour le Planeur ! <\/p>\n\n\n\n<p style=\"text-align:center\">Merci \u00e0 tous, au Pr\u00e9sident, Xavier Barbera, aux piliers du club : Francis, G\u00e9rard, Paul, Maurice, Jean Paul, Jean-Yves, et pardon \u00e0 tous ceux qu\u2019on oublie , mais qui \u00e9taient l\u00e0 pour nous rendre ce s\u00e9jour si agr\u00e9able &#8230;.. Gr\u00e2ce \u00e0 vous, encore une fois, avec Abbeville, \u00ab&nbsp; La guerre de Troyes n\u2019a pas eu lieu&nbsp;\u00bb ! Et l\u2019ann\u00e9e prochaine, on reviendra ! <\/p>\n\n\n\n<div class=\"wp-block-image\"><figure class=\"aligncenter is-resized\"><img loading=\"lazy\" decoding=\"async\" src=\"http:\/\/aeroclub-abbeville.fr\/wp-content\/uploads\/2019\/08\/B2826C06-5E6E-4AF1-BA28-EF98BED4D2B8-1024x765.jpeg\" alt=\"\" class=\"wp-image-2938\" width=\"512\" height=\"383\" srcset=\"http:\/\/aeroclub-abbeville.fr\/wp-content\/uploads\/2019\/08\/B2826C06-5E6E-4AF1-BA28-EF98BED4D2B8-1024x765.jpeg 1024w, http:\/\/aeroclub-abbeville.fr\/wp-content\/uploads\/2019\/08\/B2826C06-5E6E-4AF1-BA28-EF98BED4D2B8-480x359.jpeg 480w, http:\/\/aeroclub-abbeville.fr\/wp-content\/uploads\/2019\/08\/B2826C06-5E6E-4AF1-BA28-EF98BED4D2B8-768x574.jpeg 768w, http:\/\/aeroclub-abbeville.fr\/wp-content\/uploads\/2019\/08\/B2826C06-5E6E-4AF1-BA28-EF98BED4D2B8-624x466.jpeg 624w\" sizes=\"(max-width: 512px) 100vw, 512px\" \/><\/figure><\/div>\n\n\n\n<p style=\"text-align:center\">A bient\u00f4t pour de nouvelles aventures !<\/p>\n\n\n\n<div class=\"wp-block-image\"><figure class=\"aligncenter is-resized\"><img loading=\"lazy\" decoding=\"async\" src=\"http:\/\/aeroclub-abbeville.fr\/wp-content\/uploads\/2019\/08\/D446BCEC-EF79-4A5F-8492-B7597901EA73-1024x765.jpeg\" alt=\"\" class=\"wp-image-2939\" width=\"512\" height=\"383\"\/><figcaption>Coucher de soleil Troyen ! C\u2019est beau, n\u2019est ce pas ? <\/figcaption><\/figure><\/div>\n\n\n\n<p style=\"text-align:center\">Cr\u00e9dits photos : Simon Caudrelier, Suzanne Caudrelier, Badou Michel, Fran\u00e7oise Sockeel<\/p>\n\n\n\n<p style=\"text-align:center\">Fran\u00e7oise Sockeel <\/p>\n","protected":false},"excerpt":{"rendered":"<p>2 Juillet 2019 Abbeville-Troyes, les Centres de Planeurs intensifient leur partenariat ! C\u2019est une histoire d\u2019Amiti\u00e9, qui dure depuis presque 10 ans, maintenant ! Pour leur stage d\u2019\u00e9t\u00e9, le Centre de Planeurs d\u2019Abbeville d\u00e9localise ses entra\u00eenements au pilotage et fait vivre aux \u00e9l\u00e8ves-Pilotes de nouvelles exp\u00e9riences a\u00e9riennes. Fort de quelques aventures pass\u00e9es, le choix s\u2019est [&hellip;]<\/p>\n","protected":false},"author":211,"featured_media":0,"comment_status":"open","ping_status":"closed","sticky":false,"template":"","format":"standard","meta":{"inline_featured_image":false,"footnotes":""},"categories":[20,3,4,6,8,11,13,18,19,31],"tags":[],"class_list":["post-2892","post","type-post","status-publish","format-standard","hentry","category-actualites","category-club","category-competitions","category-formation","category-formation_planeur","category-manifestations","category-planeur","category-vie-du-club","category-vol-a-voile","category-voyages"],"_links":{"self":[{"href":"http:\/\/aeroclub-abbeville.fr\/index.php?rest_route=\/wp\/v2\/posts\/2892","targetHints":{"allow":["GET"]}}],"collection":[{"href":"http:\/\/aeroclub-abbeville.fr\/index.php?rest_route=\/wp\/v2\/posts"}],"about":[{"href":"http:\/\/aeroclub-abbeville.fr\/index.php?rest_route=\/wp\/v2\/types\/post"}],"author":[{"embeddable":true,"href":"http:\/\/aeroclub-abbeville.fr\/index.php?rest_route=\/wp\/v2\/users\/211"}],"replies":[{"embeddable":true,"href":"http:\/\/aeroclub-abbeville.fr\/index.php?rest_route=%2Fwp%2Fv2%2Fcomments&post=2892"}],"version-history":[{"count":21,"href":"http:\/\/aeroclub-abbeville.fr\/index.php?rest_route=\/wp\/v2\/posts\/2892\/revisions"}],"predecessor-version":[{"id":2954,"href":"http:\/\/aeroclub-abbeville.fr\/index.php?rest_route=\/wp\/v2\/posts\/2892\/revisions\/2954"}],"wp:attachment":[{"href":"http:\/\/aeroclub-abbeville.fr\/index.php?rest_route=%2Fwp%2Fv2%2Fmedia&parent=2892"}],"wp:term":[{"taxonomy":"category","embeddable":true,"href":"http:\/\/aeroclub-abbeville.fr\/index.php?rest_route=%2Fwp%2Fv2%2Fcategories&post=2892"},{"taxonomy":"post_tag","embeddable":true,"href":"http:\/\/aeroclub-abbeville.fr\/index.php?rest_route=%2Fwp%2Fv2%2Ftags&post=2892"}],"curies":[{"name":"wp","href":"https:\/\/api.w.org\/{rel}","templated":true}]}}