{"id":292,"date":"2012-04-17T20:19:58","date_gmt":"2012-04-17T19:19:58","guid":{"rendered":"http:\/\/web.aeroclub-abbeville.fr\/aeroclub\/?p=292"},"modified":"2012-04-17T20:19:58","modified_gmt":"2012-04-17T19:19:58","slug":"larmee-de-lair-nous-met-en-garde","status":"publish","type":"post","link":"http:\/\/aeroclub-abbeville.fr\/?p=292","title":{"rendered":"L&rsquo;Arm\u00e9e de l&rsquo;Air nous met en garde"},"content":{"rendered":"<p>Mardi 17 avril, deux repr\u00e9sentants de l&rsquo;arm\u00e9e de l&rsquo;air sont venus faire un expos\u00e9 des risques encourus par ceux qui p\u00e9n\u00e9treraient les ZIT et autres zones P. Une quinzaine de personnes y ont assist\u00e9, membres du club et autres usagers de la plate-forme.<br \/>\nL&rsquo;accent a \u00e9t\u00e9 mis sur le cas de la centrale de Penly qui fera l&rsquo;objet de mesures de surveillance renforc\u00e9es ces jours-ci, avec installation d&rsquo;un radar sur le site et maintien d&rsquo;un h\u00e9licopt\u00e8re en alerte, pr\u00eat \u00e0 intercepter les contrevenants (du 24 au 30 avril). Malheur \u00e0 celui qui se fera prendre !<br \/>\nCes mesures de s\u00e9curit\u00e9, dont l&rsquo;utilit\u00e9 et l&rsquo;efficacit\u00e9 sont largement contest\u00e9es au sein de la communaut\u00e9 des pilotes priv\u00e9s, doivent \u00eatre respect\u00e9es sous peine de graves poursuites judiciaires.<\/p>\n<p><a href=\"http:\/\/aeroclub-abbeville.fr\/wp-content\/uploads\/2014\/01\/zonesp1.jpg\"><img fetchpriority=\"high\" decoding=\"async\" class=\"aligncenter size-medium wp-image-294\" alt=\"zonesp\" src=\"http:\/\/aeroclub-abbeville.fr\/wp-content\/uploads\/2014\/01\/zonesp1-212x300.jpg\" width=\"212\" height=\"300\" srcset=\"http:\/\/aeroclub-abbeville.fr\/wp-content\/uploads\/2014\/01\/zonesp1-212x300.jpg 212w, http:\/\/aeroclub-abbeville.fr\/wp-content\/uploads\/2014\/01\/zonesp1.jpg 622w\" sizes=\"(max-width: 212px) 100vw, 212px\" \/><\/a><\/p>\n","protected":false},"excerpt":{"rendered":"<p>Mardi 17 avril, deux repr\u00e9sentants de l&rsquo;arm\u00e9e de l&rsquo;air sont venus faire un expos\u00e9 des risques encourus par ceux qui p\u00e9n\u00e9treraient les ZIT et autres zones P. Une quinzaine de personnes y ont assist\u00e9, membres du club et autres usagers de la plate-forme. L&rsquo;accent a \u00e9t\u00e9 mis sur le cas de la centrale de Penly [&hellip;]<\/p>\n","protected":false},"author":67,"featured_media":0,"comment_status":"open","ping_status":"open","sticky":false,"template":"","format":"standard","meta":{"inline_featured_image":false,"footnotes":""},"categories":[2,15],"tags":[],"class_list":["post-292","post","type-post","status-publish","format-standard","hentry","category-avion","category-reglementation"],"_links":{"self":[{"href":"http:\/\/aeroclub-abbeville.fr\/index.php?rest_route=\/wp\/v2\/posts\/292","targetHints":{"allow":["GET"]}}],"collection":[{"href":"http:\/\/aeroclub-abbeville.fr\/index.php?rest_route=\/wp\/v2\/posts"}],"about":[{"href":"http:\/\/aeroclub-abbeville.fr\/index.php?rest_route=\/wp\/v2\/types\/post"}],"author":[{"embeddable":true,"href":"http:\/\/aeroclub-abbeville.fr\/index.php?rest_route=\/wp\/v2\/users\/67"}],"replies":[{"embeddable":true,"href":"http:\/\/aeroclub-abbeville.fr\/index.php?rest_route=%2Fwp%2Fv2%2Fcomments&post=292"}],"version-history":[{"count":0,"href":"http:\/\/aeroclub-abbeville.fr\/index.php?rest_route=\/wp\/v2\/posts\/292\/revisions"}],"wp:attachment":[{"href":"http:\/\/aeroclub-abbeville.fr\/index.php?rest_route=%2Fwp%2Fv2%2Fmedia&parent=292"}],"wp:term":[{"taxonomy":"category","embeddable":true,"href":"http:\/\/aeroclub-abbeville.fr\/index.php?rest_route=%2Fwp%2Fv2%2Fcategories&post=292"},{"taxonomy":"post_tag","embeddable":true,"href":"http:\/\/aeroclub-abbeville.fr\/index.php?rest_route=%2Fwp%2Fv2%2Ftags&post=292"}],"curies":[{"name":"wp","href":"https:\/\/api.w.org\/{rel}","templated":true}]}}