{"id":2955,"date":"2019-08-15T15:06:32","date_gmt":"2019-08-15T14:06:32","guid":{"rendered":"http:\/\/aeroclub-abbeville.fr\/?p=2955"},"modified":"2019-08-15T18:38:35","modified_gmt":"2019-08-15T17:38:35","slug":"dans-lbia-devinez-quoi-quil-y-a-dans-lbia-devinez-quoi-quil-y-a-air-connu","status":"publish","type":"post","link":"http:\/\/aeroclub-abbeville.fr\/?p=2955","title":{"rendered":"\u00ab\u00a0Dans l\u2019BIA, devinez quoi qu\u2019il y a, dans l\u2019BIA, devinez quoi qu\u2019il y a !!!\u00a0\u00bb ( air connu )"},"content":{"rendered":"\n<p>15 Ao\u00fbt 2019 <\/p>\n\n\n\n<p style=\"text-align:center\">Qu\u2019il est doux de ne rien faire, quand tout s\u2019agite autour de vous ! Mais il ne faut pas trop procrastiner, on peut aussi r\u00eaver et \u00e7a, c\u2019est l\u2019avenir en projets ! Alors, d\u00e8s la rentr\u00e9e, on s\u2019y met ! <\/p>\n\n\n\n<div class=\"wp-block-image\"><figure class=\"aligncenter is-resized\"><img fetchpriority=\"high\" decoding=\"async\" src=\"http:\/\/aeroclub-abbeville.fr\/wp-content\/uploads\/2019\/08\/BA58379E-1185-49B7-A668-F466D0B8365B-1024x521.jpeg\" alt=\"\" class=\"wp-image-2958\" width=\"512\" height=\"261\" srcset=\"http:\/\/aeroclub-abbeville.fr\/wp-content\/uploads\/2019\/08\/BA58379E-1185-49B7-A668-F466D0B8365B-1024x521.jpeg 1024w, http:\/\/aeroclub-abbeville.fr\/wp-content\/uploads\/2019\/08\/BA58379E-1185-49B7-A668-F466D0B8365B-480x244.jpeg 480w, http:\/\/aeroclub-abbeville.fr\/wp-content\/uploads\/2019\/08\/BA58379E-1185-49B7-A668-F466D0B8365B-768x391.jpeg 768w, http:\/\/aeroclub-abbeville.fr\/wp-content\/uploads\/2019\/08\/BA58379E-1185-49B7-A668-F466D0B8365B-624x318.jpeg 624w\" sizes=\"(max-width: 512px) 100vw, 512px\" \/><figcaption>Aimez vous prendre l\u2019air ?<\/figcaption><\/figure><\/div>\n\n\n\n<p style=\"text-align:center\">Le Brevet d\u2019initiation A\u00e9ronautique est un dipl\u00f4me fran\u00e7ais de l\u2019\u00c9ducation Nationale d\u00e9livr\u00e9 conjointement avec le Minist\u00e8re de l\u2019\u00c9cologie, du D\u00e9veloppement durable, du Logement et des Transports. <\/p>\n\n\n\n<p style=\"text-align:center\">Destin\u00e9 \u00e0 tous, \u00e0 partir d\u2019un niveau de 3 \u00e8me minimum, il \u00e9value une culture g\u00e9n\u00e9rale dans le domaine a\u00e9ronautique. La formation peut se d\u00e9rouler dans un a\u00e9roclub ou dans un \u00e9tablissement scolaire et doit \u00eatre anim\u00e9e par une personne ayant acquis le certificat d\u2019aptitude \u00e0 l\u2019enseignement a\u00e9ronautique. Pour les plus courageux, il est possible de se pr\u00e9senter \u00e0 l\u2019examen en candidat libre. <\/p>\n\n\n\n<div class=\"wp-block-image\"><figure class=\"aligncenter\"><img decoding=\"async\" width=\"1024\" height=\"683\" src=\"http:\/\/aeroclub-abbeville.fr\/wp-content\/uploads\/2019\/08\/49CE2021-CCA0-47EE-BB25-547F0694769E-1024x683.jpeg\" alt=\"\" class=\"wp-image-2973\" srcset=\"http:\/\/aeroclub-abbeville.fr\/wp-content\/uploads\/2019\/08\/49CE2021-CCA0-47EE-BB25-547F0694769E-1024x683.jpeg 1024w, http:\/\/aeroclub-abbeville.fr\/wp-content\/uploads\/2019\/08\/49CE2021-CCA0-47EE-BB25-547F0694769E-480x320.jpeg 480w, http:\/\/aeroclub-abbeville.fr\/wp-content\/uploads\/2019\/08\/49CE2021-CCA0-47EE-BB25-547F0694769E-768x512.jpeg 768w, http:\/\/aeroclub-abbeville.fr\/wp-content\/uploads\/2019\/08\/49CE2021-CCA0-47EE-BB25-547F0694769E-624x416.jpeg 624w\" sizes=\"(max-width: 1024px) 100vw, 1024px\" \/><figcaption>Les cours, c\u2019est comme les briefings !<\/figcaption><\/figure><\/div>\n\n\n\n<p style=\"text-align:center\">Ce sont les acad\u00e9mies qui organisent les examens. Il a lieu g\u00e9n\u00e9ralement au mois de mai <\/p>\n\n\n\n<div class=\"wp-block-image\"><figure class=\"aligncenter is-resized\"><img decoding=\"async\" src=\"http:\/\/aeroclub-abbeville.fr\/wp-content\/uploads\/2019\/08\/88B504FA-9019-4F17-8BD7-B0D31320B5A3.jpeg\" alt=\"\" class=\"wp-image-2961\" width=\"525\" height=\"380\" srcset=\"http:\/\/aeroclub-abbeville.fr\/wp-content\/uploads\/2019\/08\/88B504FA-9019-4F17-8BD7-B0D31320B5A3.jpeg 700w, http:\/\/aeroclub-abbeville.fr\/wp-content\/uploads\/2019\/08\/88B504FA-9019-4F17-8BD7-B0D31320B5A3-480x347.jpeg 480w, http:\/\/aeroclub-abbeville.fr\/wp-content\/uploads\/2019\/08\/88B504FA-9019-4F17-8BD7-B0D31320B5A3-624x451.jpeg 624w\" sizes=\"(max-width: 525px) 100vw, 525px\" \/><\/figure><\/div>\n\n\n\n<p style=\"text-align:center\">L\u2019examen est d\u00e9fini par un QCM de 100 questions r\u00e9parties dans 5 th\u00e8mes :<\/p>\n\n\n\n<ul class=\"wp-block-list\"><li>A\u00e9rodynamique, A\u00e9rostatique et Principes de vol<\/li><li>M\u00e9t\u00e9orologie et A\u00e9rologie<\/li><li>\u00c9tude des a\u00e9ronefs et des engins spatiaux<\/li><li>Navigation, R\u00e9glementation, S\u00e9curit\u00e9 des Vols<\/li><li>Histoire et Culture de l\u2019a\u00e9ronautique et du spatial<\/li><\/ul>\n\n\n\n<p style=\"text-align:center\">Les candidats peuvent \u00e9galement passer une \u00e9preuve facultative d\u2019Anglais compos\u00e9e de 20 questions.<\/p>\n\n\n\n<div class=\"wp-block-image\"><figure class=\"aligncenter is-resized\"><img loading=\"lazy\" decoding=\"async\" src=\"http:\/\/aeroclub-abbeville.fr\/wp-content\/uploads\/2019\/08\/8BEA908D-A280-4CEC-B6BB-8B8B23B57367.jpeg\" alt=\"\" class=\"wp-image-2965\" width=\"480\" height=\"360\"\/><figcaption>Un petit tour en Baie de Somme avant l\u2019examen !<\/figcaption><\/figure><\/div>\n\n\n\n<p style=\"text-align:center\">Gr\u00e2ce \u00e0 l\u2019obtention du BIA, les candidats de moins de 25 ans peuvent obtenir une bourse et payer moins cher leur Brevet de pilote. D\u2019autres avantages vous sont r\u00e9pertori\u00e9s en cliquant <a href=\"http:\/\/www.aerobuzz.fr\/jobs\/article\/le-bia-nouveau-est-arrive\">ici<\/a><\/p>\n\n\n\n<p style=\"text-align:center\">\u00c0 l\u2019A\u00e9roclub d\u2019Abbeville-Baie-de-Somme, la remise des dipl\u00f4mes 2019 et les inscriptions pour l\u2019ann\u00e9e 2020 se feront le <strong>Samedi 28 Septembre <\/strong>\u00e0 <strong>17<\/strong>h<\/p>\n\n\n\n<p style=\"text-align:center\">Les cours d\u00e9buteront le <strong>Dimanche 6 Octobre <\/strong>\u00e0 <strong>9h30<\/strong><\/p>\n\n\n\n<div class=\"wp-block-image\"><figure class=\"aligncenter is-resized\"><img loading=\"lazy\" decoding=\"async\" src=\"http:\/\/aeroclub-abbeville.fr\/wp-content\/uploads\/2019\/08\/FB8569CC-8C8D-4228-9E58-AD46F5EB45D1.jpeg\" alt=\"\" class=\"wp-image-2979\" width=\"479\" height=\"473\" srcset=\"http:\/\/aeroclub-abbeville.fr\/wp-content\/uploads\/2019\/08\/FB8569CC-8C8D-4228-9E58-AD46F5EB45D1.jpeg 639w, http:\/\/aeroclub-abbeville.fr\/wp-content\/uploads\/2019\/08\/FB8569CC-8C8D-4228-9E58-AD46F5EB45D1-480x473.jpeg 480w, http:\/\/aeroclub-abbeville.fr\/wp-content\/uploads\/2019\/08\/FB8569CC-8C8D-4228-9E58-AD46F5EB45D1-624x615.jpeg 624w\" sizes=\"(max-width: 479px) 100vw, 479px\" \/><figcaption>Venez nombreux !<\/figcaption><\/figure><\/div>\n\n\n\n<p style=\"text-align:center\">Au cours de cette ann\u00e9e 2019, la promotion s\u2019est vue octroy\u00e9e une belle opportunit\u00e9 par l\u2019&nbsp;\u00ab&nbsp;Arm\u00e9e de l\u2019Air&nbsp;\u00bb , partenaire du BIA : une visite du Salon du  Bourget avec leurs instructeurs. <\/p>\n\n\n\n<ul class=\"wp-block-gallery aligncenter columns-3 is-cropped wp-block-gallery-1 is-layout-flex wp-block-gallery-is-layout-flex\"><li class=\"blocks-gallery-item\"><figure><img loading=\"lazy\" decoding=\"async\" width=\"576\" height=\"1024\" src=\"http:\/\/aeroclub-abbeville.fr\/wp-content\/uploads\/2019\/08\/E1B6D64D-4D0D-46BB-B698-BB204E86EB9A-576x1024.jpeg\" alt=\"\" data-id=\"2967\" class=\"wp-image-2967\" srcset=\"http:\/\/aeroclub-abbeville.fr\/wp-content\/uploads\/2019\/08\/E1B6D64D-4D0D-46BB-B698-BB204E86EB9A-576x1024.jpeg 576w, http:\/\/aeroclub-abbeville.fr\/wp-content\/uploads\/2019\/08\/E1B6D64D-4D0D-46BB-B698-BB204E86EB9A-270x480.jpeg 270w, http:\/\/aeroclub-abbeville.fr\/wp-content\/uploads\/2019\/08\/E1B6D64D-4D0D-46BB-B698-BB204E86EB9A-624x1110.jpeg 624w, http:\/\/aeroclub-abbeville.fr\/wp-content\/uploads\/2019\/08\/E1B6D64D-4D0D-46BB-B698-BB204E86EB9A.jpeg 750w\" sizes=\"(max-width: 576px) 100vw, 576px\" \/><\/figure><\/li><li class=\"blocks-gallery-item\"><figure><img loading=\"lazy\" decoding=\"async\" width=\"1024\" height=\"576\" src=\"http:\/\/aeroclub-abbeville.fr\/wp-content\/uploads\/2019\/08\/C8EA45D4-524A-4110-8D03-5F31A2089548-1024x576.jpeg\" alt=\"\" data-id=\"2968\" data-link=\"http:\/\/aeroclub-abbeville.fr\/?attachment_id=2968\" class=\"wp-image-2968\" srcset=\"http:\/\/aeroclub-abbeville.fr\/wp-content\/uploads\/2019\/08\/C8EA45D4-524A-4110-8D03-5F31A2089548-1024x576.jpeg 1024w, http:\/\/aeroclub-abbeville.fr\/wp-content\/uploads\/2019\/08\/C8EA45D4-524A-4110-8D03-5F31A2089548-480x270.jpeg 480w, http:\/\/aeroclub-abbeville.fr\/wp-content\/uploads\/2019\/08\/C8EA45D4-524A-4110-8D03-5F31A2089548-768x432.jpeg 768w, http:\/\/aeroclub-abbeville.fr\/wp-content\/uploads\/2019\/08\/C8EA45D4-524A-4110-8D03-5F31A2089548-624x351.jpeg 624w\" sizes=\"(max-width: 1024px) 100vw, 1024px\" \/><\/figure><\/li><li class=\"blocks-gallery-item\"><figure><img loading=\"lazy\" decoding=\"async\" width=\"1024\" height=\"576\" src=\"http:\/\/aeroclub-abbeville.fr\/wp-content\/uploads\/2019\/08\/EEDA8F21-F563-4C31-88EB-52A667B3DCD4-1024x576.jpeg\" alt=\"\" data-id=\"2969\" data-link=\"http:\/\/aeroclub-abbeville.fr\/?attachment_id=2969\" class=\"wp-image-2969\" srcset=\"http:\/\/aeroclub-abbeville.fr\/wp-content\/uploads\/2019\/08\/EEDA8F21-F563-4C31-88EB-52A667B3DCD4-1024x576.jpeg 1024w, http:\/\/aeroclub-abbeville.fr\/wp-content\/uploads\/2019\/08\/EEDA8F21-F563-4C31-88EB-52A667B3DCD4-480x270.jpeg 480w, http:\/\/aeroclub-abbeville.fr\/wp-content\/uploads\/2019\/08\/EEDA8F21-F563-4C31-88EB-52A667B3DCD4-768x432.jpeg 768w, http:\/\/aeroclub-abbeville.fr\/wp-content\/uploads\/2019\/08\/EEDA8F21-F563-4C31-88EB-52A667B3DCD4-624x351.jpeg 624w\" sizes=\"(max-width: 1024px) 100vw, 1024px\" \/><\/figure><\/li><li class=\"blocks-gallery-item\"><figure><img loading=\"lazy\" decoding=\"async\" width=\"1024\" height=\"576\" src=\"http:\/\/aeroclub-abbeville.fr\/wp-content\/uploads\/2019\/08\/6D13B4F1-9521-4284-812E-D90A5B52723D-1024x576.jpeg\" alt=\"\" data-id=\"2971\" data-link=\"http:\/\/aeroclub-abbeville.fr\/?attachment_id=2971\" class=\"wp-image-2971\" srcset=\"http:\/\/aeroclub-abbeville.fr\/wp-content\/uploads\/2019\/08\/6D13B4F1-9521-4284-812E-D90A5B52723D-1024x576.jpeg 1024w, http:\/\/aeroclub-abbeville.fr\/wp-content\/uploads\/2019\/08\/6D13B4F1-9521-4284-812E-D90A5B52723D-480x270.jpeg 480w, http:\/\/aeroclub-abbeville.fr\/wp-content\/uploads\/2019\/08\/6D13B4F1-9521-4284-812E-D90A5B52723D-768x432.jpeg 768w, http:\/\/aeroclub-abbeville.fr\/wp-content\/uploads\/2019\/08\/6D13B4F1-9521-4284-812E-D90A5B52723D-624x351.jpeg 624w\" sizes=\"(max-width: 1024px) 100vw, 1024px\" \/><\/figure><\/li><\/ul>\n\n\n\n<p style=\"text-align:center\">Remercions tous les enseignants-instructeurs b\u00e9n\u00e9voles de nous faire d\u00e9couvrir toutes les richesses de cette belle aventure !<\/p>\n\n\n\n<div class=\"wp-block-image\"><figure class=\"aligncenter is-resized\"><img loading=\"lazy\" decoding=\"async\" src=\"http:\/\/aeroclub-abbeville.fr\/wp-content\/uploads\/2019\/08\/2F6981A9-1449-4EB8-8CB1-0BF7E823DBA1.jpeg\" alt=\"\" class=\"wp-image-2985\" width=\"360\" height=\"540\" srcset=\"http:\/\/aeroclub-abbeville.fr\/wp-content\/uploads\/2019\/08\/2F6981A9-1449-4EB8-8CB1-0BF7E823DBA1.jpeg 480w, http:\/\/aeroclub-abbeville.fr\/wp-content\/uploads\/2019\/08\/2F6981A9-1449-4EB8-8CB1-0BF7E823DBA1-320x480.jpeg 320w\" sizes=\"(max-width: 360px) 100vw, 360px\" \/><\/figure><\/div>\n\n\n\n<p style=\"text-align:center\">On vous attend tr\u00e8s bient\u00f4t \u00e0 l\u2019a\u00e9roclub !<\/p>\n\n\n\n<p style=\"text-align:center\">Cr\u00e9dits photos : Badou Michel, Alexandre Fierain, Air France, Louis Adams.<\/p>\n\n\n\n<p style=\"text-align:center\">Fran\u00e7oise Sockeel pour l\u2019enseignant-r\u00e9f\u00e9rent Louis Adams<\/p>\n","protected":false},"excerpt":{"rendered":"<p>15 Ao\u00fbt 2019 Qu\u2019il est doux de ne rien faire, quand tout s\u2019agite autour de vous ! Mais il ne faut pas trop procrastiner, on peut aussi r\u00eaver et \u00e7a, c\u2019est l\u2019avenir en projets ! Alors, d\u00e8s la rentr\u00e9e, on s\u2019y met ! Le Brevet d\u2019initiation A\u00e9ronautique est un dipl\u00f4me fran\u00e7ais de l\u2019\u00c9ducation Nationale d\u00e9livr\u00e9 [&hellip;]<\/p>\n","protected":false},"author":211,"featured_media":0,"comment_status":"open","ping_status":"closed","sticky":false,"template":"","format":"standard","meta":{"inline_featured_image":false,"footnotes":""},"categories":[20,2,22,3,6,7,8,11,12,13,15,16,17,18,19],"tags":[],"class_list":["post-2955","post","type-post","status-publish","format-standard","hentry","category-actualites","category-avion","category-bia","category-club","category-formation","category-formation_avion","category-formation_planeur","category-manifestations","category-meteo","category-planeur","category-reglementation","category-securite","category-ulm","category-vie-du-club","category-vol-a-voile"],"_links":{"self":[{"href":"http:\/\/aeroclub-abbeville.fr\/index.php?rest_route=\/wp\/v2\/posts\/2955","targetHints":{"allow":["GET"]}}],"collection":[{"href":"http:\/\/aeroclub-abbeville.fr\/index.php?rest_route=\/wp\/v2\/posts"}],"about":[{"href":"http:\/\/aeroclub-abbeville.fr\/index.php?rest_route=\/wp\/v2\/types\/post"}],"author":[{"embeddable":true,"href":"http:\/\/aeroclub-abbeville.fr\/index.php?rest_route=\/wp\/v2\/users\/211"}],"replies":[{"embeddable":true,"href":"http:\/\/aeroclub-abbeville.fr\/index.php?rest_route=%2Fwp%2Fv2%2Fcomments&post=2955"}],"version-history":[{"count":19,"href":"http:\/\/aeroclub-abbeville.fr\/index.php?rest_route=\/wp\/v2\/posts\/2955\/revisions"}],"predecessor-version":[{"id":2992,"href":"http:\/\/aeroclub-abbeville.fr\/index.php?rest_route=\/wp\/v2\/posts\/2955\/revisions\/2992"}],"wp:attachment":[{"href":"http:\/\/aeroclub-abbeville.fr\/index.php?rest_route=%2Fwp%2Fv2%2Fmedia&parent=2955"}],"wp:term":[{"taxonomy":"category","embeddable":true,"href":"http:\/\/aeroclub-abbeville.fr\/index.php?rest_route=%2Fwp%2Fv2%2Fcategories&post=2955"},{"taxonomy":"post_tag","embeddable":true,"href":"http:\/\/aeroclub-abbeville.fr\/index.php?rest_route=%2Fwp%2Fv2%2Ftags&post=2955"}],"curies":[{"name":"wp","href":"https:\/\/api.w.org\/{rel}","templated":true}]}}