{"id":296,"date":"2012-01-21T20:27:28","date_gmt":"2012-01-21T19:27:28","guid":{"rendered":"http:\/\/web.aeroclub-abbeville.fr\/aeroclub\/?p=296"},"modified":"2012-01-21T20:27:28","modified_gmt":"2012-01-21T19:27:28","slug":"debut-de-saison-2012","status":"publish","type":"post","link":"http:\/\/aeroclub-abbeville.fr\/?p=296","title":{"rendered":"D\u00e9but de saison 2012"},"content":{"rendered":"<p>Le d\u00e9but de saison a \u00e9t\u00e9 un peu chaotique pour le vol \u00e0 voile avec l&rsquo;immobilisation de son remorqueur suite a un probl\u00e8me de train. Nous avons cependant commenc\u00e9 \u00e0 voler avec un remorqueur de location.<\/p>\n<p>Cela a permis le tournage de cette petite vid\u00e9o pleine d&rsquo;humour (Merci Paul-Edouard). Les concours d&rsquo;Amiens, de Lille et le remorqueur de location nous permettrons d&rsquo;\u00eatre tr\u00e8s actifs quand m\u00eame en ce d\u00e9but de saison.<\/p>\n<p>&nbsp;<\/p>\n<p>Et n&rsquo;oubliez pas de devenir ami avec planeur Abbeville pour plus de d\u00e9tails, entre autres les photos des travaux de pon\u00e7age.<\/p>\n","protected":false},"excerpt":{"rendered":"<p>Le d\u00e9but de saison a \u00e9t\u00e9 un peu chaotique pour le vol \u00e0 voile avec l&rsquo;immobilisation de son remorqueur suite a un probl\u00e8me de train. Nous avons cependant commenc\u00e9 \u00e0 voler avec un remorqueur de location. Cela a permis le tournage de cette petite vid\u00e9o pleine d&rsquo;humour (Merci Paul-Edouard). Les concours d&rsquo;Amiens, de Lille et [&hellip;]<\/p>\n","protected":false},"author":67,"featured_media":0,"comment_status":"open","ping_status":"open","sticky":false,"template":"","format":"standard","meta":{"inline_featured_image":false,"footnotes":""},"categories":[13,19],"tags":[],"class_list":["post-296","post","type-post","status-publish","format-standard","hentry","category-planeur","category-vol-a-voile"],"_links":{"self":[{"href":"http:\/\/aeroclub-abbeville.fr\/index.php?rest_route=\/wp\/v2\/posts\/296","targetHints":{"allow":["GET"]}}],"collection":[{"href":"http:\/\/aeroclub-abbeville.fr\/index.php?rest_route=\/wp\/v2\/posts"}],"about":[{"href":"http:\/\/aeroclub-abbeville.fr\/index.php?rest_route=\/wp\/v2\/types\/post"}],"author":[{"embeddable":true,"href":"http:\/\/aeroclub-abbeville.fr\/index.php?rest_route=\/wp\/v2\/users\/67"}],"replies":[{"embeddable":true,"href":"http:\/\/aeroclub-abbeville.fr\/index.php?rest_route=%2Fwp%2Fv2%2Fcomments&post=296"}],"version-history":[{"count":0,"href":"http:\/\/aeroclub-abbeville.fr\/index.php?rest_route=\/wp\/v2\/posts\/296\/revisions"}],"wp:attachment":[{"href":"http:\/\/aeroclub-abbeville.fr\/index.php?rest_route=%2Fwp%2Fv2%2Fmedia&parent=296"}],"wp:term":[{"taxonomy":"category","embeddable":true,"href":"http:\/\/aeroclub-abbeville.fr\/index.php?rest_route=%2Fwp%2Fv2%2Fcategories&post=296"},{"taxonomy":"post_tag","embeddable":true,"href":"http:\/\/aeroclub-abbeville.fr\/index.php?rest_route=%2Fwp%2Fv2%2Ftags&post=296"}],"curies":[{"name":"wp","href":"https:\/\/api.w.org\/{rel}","templated":true}]}}