{"id":298,"date":"2012-01-21T20:30:59","date_gmt":"2012-01-21T19:30:59","guid":{"rendered":"http:\/\/web.aeroclub-abbeville.fr\/aeroclub\/?p=298"},"modified":"2012-01-21T20:30:59","modified_gmt":"2012-01-21T19:30:59","slug":"preparez-vos-navigation-sur-le-web","status":"publish","type":"post","link":"http:\/\/aeroclub-abbeville.fr\/?p=298","title":{"rendered":"Pr\u00e9parez vos navigation sur le WEB"},"content":{"rendered":"<p><a title=\"http:\/\/carte.f-aero.fr\/\" href=\"http:\/\/carte.f-aero.fr\/\" rel=\"nofollow\">CARTE F-AERO<\/a><br \/>\nOui si vous lisez Info-Pilote ou les autres titres de la presse sp\u00e9cialis\u00e9e. Dans le cas contraire ne manquez pas d&rsquo;y jeter un coup d&rsquo;oeil.<br \/>\nSur fond de catre IGN (\u00e0 jour) vous pouvez pr\u00e9parer votre navigation et consulter d&rsquo;un clic : Notam, m\u00e9t\u00e9o, zones AZBA, cartes VAC, Sup AIP et j&rsquo;en passe.<br \/>\nDe jour en jour le web nous apporte de nouveaux outils pour faciliter nos vols. A quand l&rsquo;appli qui fera baisser le prix de la 100ll ?<\/p>\n","protected":false},"excerpt":{"rendered":"<p>CARTE F-AERO Oui si vous lisez Info-Pilote ou les autres titres de la presse sp\u00e9cialis\u00e9e. Dans le cas contraire ne manquez pas d&rsquo;y jeter un coup d&rsquo;oeil. Sur fond de catre IGN (\u00e0 jour) vous pouvez pr\u00e9parer votre navigation et consulter d&rsquo;un clic : Notam, m\u00e9t\u00e9o, zones AZBA, cartes VAC, Sup AIP et j&rsquo;en passe. [&hellip;]<\/p>\n","protected":false},"author":67,"featured_media":0,"comment_status":"open","ping_status":"open","sticky":false,"template":"","format":"standard","meta":{"inline_featured_image":false,"footnotes":""},"categories":[2,9,16],"tags":[],"class_list":["post-298","post","type-post","status-publish","format-standard","hentry","category-avion","category-informatique","category-securite"],"_links":{"self":[{"href":"http:\/\/aeroclub-abbeville.fr\/index.php?rest_route=\/wp\/v2\/posts\/298","targetHints":{"allow":["GET"]}}],"collection":[{"href":"http:\/\/aeroclub-abbeville.fr\/index.php?rest_route=\/wp\/v2\/posts"}],"about":[{"href":"http:\/\/aeroclub-abbeville.fr\/index.php?rest_route=\/wp\/v2\/types\/post"}],"author":[{"embeddable":true,"href":"http:\/\/aeroclub-abbeville.fr\/index.php?rest_route=\/wp\/v2\/users\/67"}],"replies":[{"embeddable":true,"href":"http:\/\/aeroclub-abbeville.fr\/index.php?rest_route=%2Fwp%2Fv2%2Fcomments&post=298"}],"version-history":[{"count":0,"href":"http:\/\/aeroclub-abbeville.fr\/index.php?rest_route=\/wp\/v2\/posts\/298\/revisions"}],"wp:attachment":[{"href":"http:\/\/aeroclub-abbeville.fr\/index.php?rest_route=%2Fwp%2Fv2%2Fmedia&parent=298"}],"wp:term":[{"taxonomy":"category","embeddable":true,"href":"http:\/\/aeroclub-abbeville.fr\/index.php?rest_route=%2Fwp%2Fv2%2Fcategories&post=298"},{"taxonomy":"post_tag","embeddable":true,"href":"http:\/\/aeroclub-abbeville.fr\/index.php?rest_route=%2Fwp%2Fv2%2Ftags&post=298"}],"curies":[{"name":"wp","href":"https:\/\/api.w.org\/{rel}","templated":true}]}}