{"id":2996,"date":"2019-08-26T11:48:08","date_gmt":"2019-08-26T10:48:08","guid":{"rendered":"http:\/\/aeroclub-abbeville.fr\/?p=2996"},"modified":"2019-08-26T12:53:13","modified_gmt":"2019-08-26T11:53:13","slug":"voyage-voyage","status":"publish","type":"post","link":"http:\/\/aeroclub-abbeville.fr\/?p=2996","title":{"rendered":"Voyage, Voyage !"},"content":{"rendered":"\n<h1 style=\"text-align: center;\">Carnet de Souvenirs et de Stage ! <br>Le Club de Planeurs d\u2019 Abbeville \u00e0 Troyes ! <br>Retrouvons des vacances \u00e0 notre image ! <br>G\u00e9n\u00e9reuses, sympathiques et dynamiques !<\/h1>\n\n\n\n\n\n\n\n<p>26 Ao\u00fbt  2019<\/p>\n\n\n\n<h4 style=\"text-align: center;\"><em><strong>Prochainement \u00e0 l\u2019a\u00e9roclub : <br><\/strong><\/em><em><strong>Soir\u00e9e Souvenirs-REX-Barbecue !<\/strong><\/em><\/h4>\n\n\n\n<div class=\"wp-block-image\"><figure class=\"aligncenter is-resized\"><img fetchpriority=\"high\" decoding=\"async\" src=\"http:\/\/aeroclub-abbeville.fr\/wp-content\/uploads\/2019\/08\/C3C54F42-5AF4-4343-A01B-EE9DE0A43C83-1024x765.jpeg\" alt=\"\" class=\"wp-image-2998\" width=\"512\" height=\"383\" srcset=\"http:\/\/aeroclub-abbeville.fr\/wp-content\/uploads\/2019\/08\/C3C54F42-5AF4-4343-A01B-EE9DE0A43C83-1024x765.jpeg 1024w, http:\/\/aeroclub-abbeville.fr\/wp-content\/uploads\/2019\/08\/C3C54F42-5AF4-4343-A01B-EE9DE0A43C83-480x359.jpeg 480w, http:\/\/aeroclub-abbeville.fr\/wp-content\/uploads\/2019\/08\/C3C54F42-5AF4-4343-A01B-EE9DE0A43C83-768x574.jpeg 768w, http:\/\/aeroclub-abbeville.fr\/wp-content\/uploads\/2019\/08\/C3C54F42-5AF4-4343-A01B-EE9DE0A43C83-624x466.jpeg 624w\" sizes=\"(max-width: 512px) 100vw, 512px\" \/><figcaption>Heureux d\u2019\u00eatre l\u00e0 ! <\/figcaption><\/figure><\/div>\n\n\n\n<p style=\"text-align:center\">Pour terminer l\u2019ann\u00e9e de stage de Vols en Planeurs, nous vous attendons nombreux \u00e0 l\u2019a\u00e9roclub d\u2019Abbeville-Baie-de-Somme: <\/p>\n\n\n\n<h3 style=\"text-align: center;\"><em>Le Samedi 14 Septembre \u00e0 19h<\/em><\/h3>\n\n\n\n<div class=\"wp-block-image\"><figure class=\"aligncenter is-resized\"><img decoding=\"async\" src=\"http:\/\/aeroclub-abbeville.fr\/wp-content\/uploads\/2019\/08\/27AE0B94-3998-4477-81ED-42A1F8C63E68.jpeg\" alt=\"\" class=\"wp-image-3013\" width=\"546\" height=\"450\" srcset=\"http:\/\/aeroclub-abbeville.fr\/wp-content\/uploads\/2019\/08\/27AE0B94-3998-4477-81ED-42A1F8C63E68.jpeg 728w, http:\/\/aeroclub-abbeville.fr\/wp-content\/uploads\/2019\/08\/27AE0B94-3998-4477-81ED-42A1F8C63E68-480x396.jpeg 480w, http:\/\/aeroclub-abbeville.fr\/wp-content\/uploads\/2019\/08\/27AE0B94-3998-4477-81ED-42A1F8C63E68-624x514.jpeg 624w\" sizes=\"(max-width: 546px) 100vw, 546px\" \/><\/figure><\/div>\n\n\n\n<p style=\"text-align:center\">La r\u00e9union de fin de stage sera suivie d\u2019un Barbecue sous le signe de l\u2019amiti\u00e9 v\u00e9livole.<\/p>\n\n\n\n<div class=\"wp-block-image\"><figure class=\"aligncenter is-resized\"><img decoding=\"async\" src=\"http:\/\/aeroclub-abbeville.fr\/wp-content\/uploads\/2019\/08\/E04E41D7-2383-4EDF-94D1-E34A895FBDE6.jpeg\" alt=\"\" class=\"wp-image-3024\" width=\"360\" height=\"480\" srcset=\"http:\/\/aeroclub-abbeville.fr\/wp-content\/uploads\/2019\/08\/E04E41D7-2383-4EDF-94D1-E34A895FBDE6.jpeg 720w, http:\/\/aeroclub-abbeville.fr\/wp-content\/uploads\/2019\/08\/E04E41D7-2383-4EDF-94D1-E34A895FBDE6-360x480.jpeg 360w, http:\/\/aeroclub-abbeville.fr\/wp-content\/uploads\/2019\/08\/E04E41D7-2383-4EDF-94D1-E34A895FBDE6-624x832.jpeg 624w\" sizes=\"(max-width: 360px) 100vw, 360px\" \/><\/figure><\/div>\n\n\n\n<p style=\"text-align:center\">Comme d\u2019habitude, au Club d\u2019Abbeville, le Planeur, le retour d\u2019exp\u00e9riences, l\u2019amiti\u00e9, les sympathiques \u00e9changes sont toujours au rendez-vous !<\/p>\n\n\n\n<ul class=\"wp-block-gallery aligncenter columns-3 is-cropped wp-block-gallery-1 is-layout-flex wp-block-gallery-is-layout-flex\"><li class=\"blocks-gallery-item\"><figure><img loading=\"lazy\" decoding=\"async\" width=\"1024\" height=\"683\" src=\"http:\/\/aeroclub-abbeville.fr\/wp-content\/uploads\/2019\/08\/58350C8F-A0F0-4789-ADAE-14A9D479DBD1-1024x683.jpeg\" alt=\"\" data-id=\"3027\" class=\"wp-image-3027\" srcset=\"http:\/\/aeroclub-abbeville.fr\/wp-content\/uploads\/2019\/08\/58350C8F-A0F0-4789-ADAE-14A9D479DBD1-1024x683.jpeg 1024w, http:\/\/aeroclub-abbeville.fr\/wp-content\/uploads\/2019\/08\/58350C8F-A0F0-4789-ADAE-14A9D479DBD1-480x320.jpeg 480w, http:\/\/aeroclub-abbeville.fr\/wp-content\/uploads\/2019\/08\/58350C8F-A0F0-4789-ADAE-14A9D479DBD1-768x512.jpeg 768w, http:\/\/aeroclub-abbeville.fr\/wp-content\/uploads\/2019\/08\/58350C8F-A0F0-4789-ADAE-14A9D479DBD1-624x416.jpeg 624w\" sizes=\"(max-width: 1024px) 100vw, 1024px\" \/><\/figure><\/li><li class=\"blocks-gallery-item\"><figure><img loading=\"lazy\" decoding=\"async\" width=\"1024\" height=\"1024\" src=\"http:\/\/aeroclub-abbeville.fr\/wp-content\/uploads\/2019\/08\/C49756FE-3EAE-44BC-8DBD-0046C7CBDB31-1024x1024.jpeg\" alt=\"\" data-id=\"3029\" data-link=\"http:\/\/aeroclub-abbeville.fr\/?attachment_id=3029\" class=\"wp-image-3029\" srcset=\"http:\/\/aeroclub-abbeville.fr\/wp-content\/uploads\/2019\/08\/C49756FE-3EAE-44BC-8DBD-0046C7CBDB31-1024x1024.jpeg 1024w, http:\/\/aeroclub-abbeville.fr\/wp-content\/uploads\/2019\/08\/C49756FE-3EAE-44BC-8DBD-0046C7CBDB31-150x150.jpeg 150w, http:\/\/aeroclub-abbeville.fr\/wp-content\/uploads\/2019\/08\/C49756FE-3EAE-44BC-8DBD-0046C7CBDB31-480x480.jpeg 480w, http:\/\/aeroclub-abbeville.fr\/wp-content\/uploads\/2019\/08\/C49756FE-3EAE-44BC-8DBD-0046C7CBDB31-768x768.jpeg 768w, http:\/\/aeroclub-abbeville.fr\/wp-content\/uploads\/2019\/08\/C49756FE-3EAE-44BC-8DBD-0046C7CBDB31-624x624.jpeg 624w, http:\/\/aeroclub-abbeville.fr\/wp-content\/uploads\/2019\/08\/C49756FE-3EAE-44BC-8DBD-0046C7CBDB31.jpeg 1203w\" sizes=\"(max-width: 1024px) 100vw, 1024px\" \/><\/figure><\/li><li class=\"blocks-gallery-item\"><figure><img loading=\"lazy\" decoding=\"async\" width=\"960\" height=\"640\" src=\"http:\/\/aeroclub-abbeville.fr\/wp-content\/uploads\/2019\/08\/556072D2-7B7E-4B6D-947D-A7EE89C2C110.jpeg\" alt=\"\" data-id=\"3030\" data-link=\"http:\/\/aeroclub-abbeville.fr\/?attachment_id=3030\" class=\"wp-image-3030\" srcset=\"http:\/\/aeroclub-abbeville.fr\/wp-content\/uploads\/2019\/08\/556072D2-7B7E-4B6D-947D-A7EE89C2C110.jpeg 960w, http:\/\/aeroclub-abbeville.fr\/wp-content\/uploads\/2019\/08\/556072D2-7B7E-4B6D-947D-A7EE89C2C110-480x320.jpeg 480w, http:\/\/aeroclub-abbeville.fr\/wp-content\/uploads\/2019\/08\/556072D2-7B7E-4B6D-947D-A7EE89C2C110-768x512.jpeg 768w, http:\/\/aeroclub-abbeville.fr\/wp-content\/uploads\/2019\/08\/556072D2-7B7E-4B6D-947D-A7EE89C2C110-624x416.jpeg 624w\" sizes=\"(max-width: 960px) 100vw, 960px\" \/><\/figure><\/li><li class=\"blocks-gallery-item\"><figure><img loading=\"lazy\" decoding=\"async\" width=\"1024\" height=\"336\" src=\"http:\/\/aeroclub-abbeville.fr\/wp-content\/uploads\/2019\/08\/7910D135-DC7C-43B2-8379-8C6E3550FA7D-1024x336.jpeg\" alt=\"\" data-id=\"3031\" data-link=\"http:\/\/aeroclub-abbeville.fr\/?attachment_id=3031\" class=\"wp-image-3031\" srcset=\"http:\/\/aeroclub-abbeville.fr\/wp-content\/uploads\/2019\/08\/7910D135-DC7C-43B2-8379-8C6E3550FA7D-1024x336.jpeg 1024w, http:\/\/aeroclub-abbeville.fr\/wp-content\/uploads\/2019\/08\/7910D135-DC7C-43B2-8379-8C6E3550FA7D-480x157.jpeg 480w, http:\/\/aeroclub-abbeville.fr\/wp-content\/uploads\/2019\/08\/7910D135-DC7C-43B2-8379-8C6E3550FA7D-768x252.jpeg 768w, http:\/\/aeroclub-abbeville.fr\/wp-content\/uploads\/2019\/08\/7910D135-DC7C-43B2-8379-8C6E3550FA7D-624x205.jpeg 624w, http:\/\/aeroclub-abbeville.fr\/wp-content\/uploads\/2019\/08\/7910D135-DC7C-43B2-8379-8C6E3550FA7D.jpeg 1678w\" sizes=\"(max-width: 1024px) 100vw, 1024px\" \/><\/figure><\/li><li class=\"blocks-gallery-item\"><figure><img loading=\"lazy\" decoding=\"async\" width=\"1024\" height=\"768\" src=\"http:\/\/aeroclub-abbeville.fr\/wp-content\/uploads\/2019\/08\/16B3BA80-ACBF-40E8-A2AA-3E8FEA701CC7-1024x768.jpeg\" alt=\"\" data-id=\"3032\" data-link=\"http:\/\/aeroclub-abbeville.fr\/?attachment_id=3032\" class=\"wp-image-3032\" srcset=\"http:\/\/aeroclub-abbeville.fr\/wp-content\/uploads\/2019\/08\/16B3BA80-ACBF-40E8-A2AA-3E8FEA701CC7-1024x768.jpeg 1024w, http:\/\/aeroclub-abbeville.fr\/wp-content\/uploads\/2019\/08\/16B3BA80-ACBF-40E8-A2AA-3E8FEA701CC7-480x360.jpeg 480w, http:\/\/aeroclub-abbeville.fr\/wp-content\/uploads\/2019\/08\/16B3BA80-ACBF-40E8-A2AA-3E8FEA701CC7-768x576.jpeg 768w, http:\/\/aeroclub-abbeville.fr\/wp-content\/uploads\/2019\/08\/16B3BA80-ACBF-40E8-A2AA-3E8FEA701CC7-624x468.jpeg 624w\" sizes=\"(max-width: 1024px) 100vw, 1024px\" \/><\/figure><\/li><li class=\"blocks-gallery-item\"><figure><img loading=\"lazy\" decoding=\"async\" width=\"1024\" height=\"683\" src=\"http:\/\/aeroclub-abbeville.fr\/wp-content\/uploads\/2019\/08\/524CE99A-E8C9-4D03-BFC3-8DCCF1BF0306-1024x683.jpeg\" alt=\"\" data-id=\"3033\" data-link=\"http:\/\/aeroclub-abbeville.fr\/?attachment_id=3033\" class=\"wp-image-3033\" srcset=\"http:\/\/aeroclub-abbeville.fr\/wp-content\/uploads\/2019\/08\/524CE99A-E8C9-4D03-BFC3-8DCCF1BF0306-1024x683.jpeg 1024w, http:\/\/aeroclub-abbeville.fr\/wp-content\/uploads\/2019\/08\/524CE99A-E8C9-4D03-BFC3-8DCCF1BF0306-480x320.jpeg 480w, http:\/\/aeroclub-abbeville.fr\/wp-content\/uploads\/2019\/08\/524CE99A-E8C9-4D03-BFC3-8DCCF1BF0306-768x512.jpeg 768w, http:\/\/aeroclub-abbeville.fr\/wp-content\/uploads\/2019\/08\/524CE99A-E8C9-4D03-BFC3-8DCCF1BF0306-624x416.jpeg 624w\" sizes=\"(max-width: 1024px) 100vw, 1024px\" \/><\/figure><\/li><li class=\"blocks-gallery-item\"><figure><img loading=\"lazy\" decoding=\"async\" width=\"1024\" height=\"683\" src=\"http:\/\/aeroclub-abbeville.fr\/wp-content\/uploads\/2019\/08\/B92F199D-231D-4B71-AC0A-AAF96E497829-1024x683.jpeg\" alt=\"\" data-id=\"3034\" data-link=\"http:\/\/aeroclub-abbeville.fr\/?attachment_id=3034\" class=\"wp-image-3034\" srcset=\"http:\/\/aeroclub-abbeville.fr\/wp-content\/uploads\/2019\/08\/B92F199D-231D-4B71-AC0A-AAF96E497829-1024x683.jpeg 1024w, http:\/\/aeroclub-abbeville.fr\/wp-content\/uploads\/2019\/08\/B92F199D-231D-4B71-AC0A-AAF96E497829-480x320.jpeg 480w, http:\/\/aeroclub-abbeville.fr\/wp-content\/uploads\/2019\/08\/B92F199D-231D-4B71-AC0A-AAF96E497829-768x512.jpeg 768w, http:\/\/aeroclub-abbeville.fr\/wp-content\/uploads\/2019\/08\/B92F199D-231D-4B71-AC0A-AAF96E497829-624x416.jpeg 624w\" sizes=\"(max-width: 1024px) 100vw, 1024px\" \/><\/figure><\/li><\/ul>\n\n\n\n<div class=\"wp-block-image\"><figure class=\"aligncenter\"><img loading=\"lazy\" decoding=\"async\" width=\"1024\" height=\"765\" src=\"http:\/\/aeroclub-abbeville.fr\/wp-content\/uploads\/2019\/08\/0FC802FB-B4C8-4872-804C-AC2B039F91DB-1024x765.jpeg\" alt=\"\" class=\"wp-image-3009\" srcset=\"http:\/\/aeroclub-abbeville.fr\/wp-content\/uploads\/2019\/08\/0FC802FB-B4C8-4872-804C-AC2B039F91DB-1024x765.jpeg 1024w, http:\/\/aeroclub-abbeville.fr\/wp-content\/uploads\/2019\/08\/0FC802FB-B4C8-4872-804C-AC2B039F91DB-480x359.jpeg 480w, http:\/\/aeroclub-abbeville.fr\/wp-content\/uploads\/2019\/08\/0FC802FB-B4C8-4872-804C-AC2B039F91DB-768x574.jpeg 768w, http:\/\/aeroclub-abbeville.fr\/wp-content\/uploads\/2019\/08\/0FC802FB-B4C8-4872-804C-AC2B039F91DB-624x466.jpeg 624w\" sizes=\"(max-width: 1024px) 100vw, 1024px\" \/><figcaption>On vous attend pour une soir\u00e9e de toute beaut\u00e9 !<br><\/figcaption><\/figure><\/div>\n\n\n\n<h3 style=\"text-align: center;\"><em><strong>\u00c0 Samedi 14 Septembre \u00e0 partir de 19h<\/strong><\/em><\/h3>\n\n\n\n<p style=\"text-align:center\">Fran\u00e7oise Sockeel<\/p>\n\n\n\n<p style=\"text-align: left;\"><span style=\"color: #000000;\"><sub>Cr\u00e9dits photos : Badou Michel, Fran\u00e7oise Sockeel<\/sub><\/span><\/p>\n","protected":false},"excerpt":{"rendered":"<p>26 Ao\u00fbt 2019 Pour terminer l\u2019ann\u00e9e de stage de Vols en Planeurs, nous vous attendons nombreux \u00e0 l\u2019a\u00e9roclub d\u2019Abbeville-Baie-de-Somme: La r\u00e9union de fin de stage sera suivie d\u2019un Barbecue sous le signe de l\u2019amiti\u00e9 v\u00e9livole. Comme d\u2019habitude, au Club d\u2019Abbeville, le Planeur, le retour d\u2019exp\u00e9riences, l\u2019amiti\u00e9, les sympathiques \u00e9changes sont toujours au rendez-vous ! Fran\u00e7oise [&hellip;]<\/p>\n","protected":false},"author":211,"featured_media":0,"comment_status":"open","ping_status":"closed","sticky":false,"template":"","format":"standard","meta":{"inline_featured_image":false,"footnotes":""},"categories":[20,21,3,6,8,11,13,18,19,31],"tags":[],"class_list":["post-2996","post","type-post","status-publish","format-standard","hentry","category-actualites","category-arrosages-fetes","category-club","category-formation","category-formation_planeur","category-manifestations","category-planeur","category-vie-du-club","category-vol-a-voile","category-voyages"],"_links":{"self":[{"href":"http:\/\/aeroclub-abbeville.fr\/index.php?rest_route=\/wp\/v2\/posts\/2996","targetHints":{"allow":["GET"]}}],"collection":[{"href":"http:\/\/aeroclub-abbeville.fr\/index.php?rest_route=\/wp\/v2\/posts"}],"about":[{"href":"http:\/\/aeroclub-abbeville.fr\/index.php?rest_route=\/wp\/v2\/types\/post"}],"author":[{"embeddable":true,"href":"http:\/\/aeroclub-abbeville.fr\/index.php?rest_route=\/wp\/v2\/users\/211"}],"replies":[{"embeddable":true,"href":"http:\/\/aeroclub-abbeville.fr\/index.php?rest_route=%2Fwp%2Fv2%2Fcomments&post=2996"}],"version-history":[{"count":21,"href":"http:\/\/aeroclub-abbeville.fr\/index.php?rest_route=\/wp\/v2\/posts\/2996\/revisions"}],"predecessor-version":[{"id":3035,"href":"http:\/\/aeroclub-abbeville.fr\/index.php?rest_route=\/wp\/v2\/posts\/2996\/revisions\/3035"}],"wp:attachment":[{"href":"http:\/\/aeroclub-abbeville.fr\/index.php?rest_route=%2Fwp%2Fv2%2Fmedia&parent=2996"}],"wp:term":[{"taxonomy":"category","embeddable":true,"href":"http:\/\/aeroclub-abbeville.fr\/index.php?rest_route=%2Fwp%2Fv2%2Fcategories&post=2996"},{"taxonomy":"post_tag","embeddable":true,"href":"http:\/\/aeroclub-abbeville.fr\/index.php?rest_route=%2Fwp%2Fv2%2Ftags&post=2996"}],"curies":[{"name":"wp","href":"https:\/\/api.w.org\/{rel}","templated":true}]}}