{"id":3037,"date":"2019-09-03T18:10:27","date_gmt":"2019-09-03T17:10:27","guid":{"rendered":"http:\/\/aeroclub-abbeville.fr\/?p=3037"},"modified":"2019-09-05T08:51:51","modified_gmt":"2019-09-05T07:51:51","slug":"septembre-est-deja-la-oh-la-vache","status":"publish","type":"post","link":"http:\/\/aeroclub-abbeville.fr\/?p=3037","title":{"rendered":"Septembre est d\u00e9j\u00e0 l\u00e0 ? Oh, la Vache !!!"},"content":{"rendered":"\n<p>3 Septembre 2019<\/p>\n\n\n\n<p style=\"text-align:center\">Septembre est arriv\u00e9, le mois d&rsquo;Ao\u00fbt se repose ! C&rsquo;est la fin de l&rsquo;\u00e9t\u00e9, la F\u00eate en Plaine est termin\u00e9e, juste dans le pr\u00e9 o\u00f9 Suzanne s&rsquo;est \u00ab\u00a0Vach\u00e9e\u00a0\u00bb ! Maintenant il est temps de rentrer !<\/p>\n\n\n\n<ul class=\"wp-block-gallery aligncenter columns-3 is-cropped wp-block-gallery-1 is-layout-flex wp-block-gallery-is-layout-flex\"><li class=\"blocks-gallery-item\"><figure><img fetchpriority=\"high\" decoding=\"async\" width=\"1024\" height=\"768\" src=\"http:\/\/aeroclub-abbeville.fr\/wp-content\/uploads\/2019\/09\/20190902_180426-1024x768.jpg\" alt=\"\" data-id=\"3039\" class=\"wp-image-3039\" srcset=\"http:\/\/aeroclub-abbeville.fr\/wp-content\/uploads\/2019\/09\/20190902_180426-1024x768.jpg 1024w, http:\/\/aeroclub-abbeville.fr\/wp-content\/uploads\/2019\/09\/20190902_180426-480x360.jpg 480w, http:\/\/aeroclub-abbeville.fr\/wp-content\/uploads\/2019\/09\/20190902_180426-768x576.jpg 768w, http:\/\/aeroclub-abbeville.fr\/wp-content\/uploads\/2019\/09\/20190902_180426-624x468.jpg 624w\" sizes=\"(max-width: 1024px) 100vw, 1024px\" \/><figcaption>L&rsquo;\u00e9quipe est sur les lieux !<\/figcaption><\/figure><\/li><li class=\"blocks-gallery-item\"><figure><img decoding=\"async\" width=\"1024\" height=\"768\" src=\"http:\/\/aeroclub-abbeville.fr\/wp-content\/uploads\/2019\/09\/20190902_181925-1024x768.jpg\" alt=\"\" data-id=\"3069\" data-link=\"http:\/\/aeroclub-abbeville.fr\/?attachment_id=3069\" class=\"wp-image-3069\" srcset=\"http:\/\/aeroclub-abbeville.fr\/wp-content\/uploads\/2019\/09\/20190902_181925-1024x768.jpg 1024w, http:\/\/aeroclub-abbeville.fr\/wp-content\/uploads\/2019\/09\/20190902_181925-480x360.jpg 480w, http:\/\/aeroclub-abbeville.fr\/wp-content\/uploads\/2019\/09\/20190902_181925-768x576.jpg 768w, http:\/\/aeroclub-abbeville.fr\/wp-content\/uploads\/2019\/09\/20190902_181925-624x468.jpg 624w\" sizes=\"(max-width: 1024px) 100vw, 1024px\" \/><\/figure><\/li><li class=\"blocks-gallery-item\"><figure><img decoding=\"async\" width=\"1024\" height=\"768\" src=\"http:\/\/aeroclub-abbeville.fr\/wp-content\/uploads\/2019\/09\/20190902_181919-1024x768.jpg\" alt=\"\" data-id=\"3070\" data-link=\"http:\/\/aeroclub-abbeville.fr\/?attachment_id=3070\" class=\"wp-image-3070\" srcset=\"http:\/\/aeroclub-abbeville.fr\/wp-content\/uploads\/2019\/09\/20190902_181919-1024x768.jpg 1024w, http:\/\/aeroclub-abbeville.fr\/wp-content\/uploads\/2019\/09\/20190902_181919-480x360.jpg 480w, http:\/\/aeroclub-abbeville.fr\/wp-content\/uploads\/2019\/09\/20190902_181919-768x576.jpg 768w, http:\/\/aeroclub-abbeville.fr\/wp-content\/uploads\/2019\/09\/20190902_181919-624x468.jpg 624w\" sizes=\"(max-width: 1024px) 100vw, 1024px\" \/><\/figure><\/li><\/ul>\n\n\n\n<p style=\"text-align:center\">Ne reculant devant aucun sacrifice, notre championne a fait appel \u00e0 une \u00e9quipe de choc pour ce sauvetage exceptionnel !<\/p>\n\n\n\n<p style=\"text-align:center\">Le patient repose tranquille, dans les sillons bien expos\u00e9s ! Suzanne s&rsquo;est \u00ab\u00a0vach\u00e9e\u00a0\u00bb avec exp\u00e9rience et s\u00e9curit\u00e9, dans un champ bien moissonn\u00e9, les \u00e9oliennes et les lignes \u00e9lectriques ont \u00e9t\u00e9 \u00e9vit\u00e9es ! l&rsquo;\u00e9quipe d&rsquo;experts des Docteurs Lucas et Pascal, va pouvoir g\u00e9rer l&rsquo;intervention en toute tranquillit\u00e9 !<\/p>\n\n\n\n<ul class=\"wp-block-gallery aligncenter columns-2 is-cropped wp-block-gallery-2 is-layout-flex wp-block-gallery-is-layout-flex\"><li class=\"blocks-gallery-item\"><figure><img loading=\"lazy\" decoding=\"async\" width=\"768\" height=\"1024\" src=\"http:\/\/aeroclub-abbeville.fr\/wp-content\/uploads\/2019\/09\/20190902_180825-768x1024.jpg\" alt=\"\" data-id=\"3041\" data-link=\"http:\/\/aeroclub-abbeville.fr\/?attachment_id=3041\" class=\"wp-image-3041\" srcset=\"http:\/\/aeroclub-abbeville.fr\/wp-content\/uploads\/2019\/09\/20190902_180825-768x1024.jpg 768w, http:\/\/aeroclub-abbeville.fr\/wp-content\/uploads\/2019\/09\/20190902_180825-360x480.jpg 360w, http:\/\/aeroclub-abbeville.fr\/wp-content\/uploads\/2019\/09\/20190902_180825-624x832.jpg 624w\" sizes=\"(max-width: 768px) 100vw, 768px\" \/><\/figure><\/li><li class=\"blocks-gallery-item\"><figure><img loading=\"lazy\" decoding=\"async\" width=\"768\" height=\"1024\" src=\"http:\/\/aeroclub-abbeville.fr\/wp-content\/uploads\/2019\/09\/20190902_181008-768x1024.jpg\" alt=\"\" data-id=\"3042\" data-link=\"http:\/\/aeroclub-abbeville.fr\/?attachment_id=3042\" class=\"wp-image-3042\" srcset=\"http:\/\/aeroclub-abbeville.fr\/wp-content\/uploads\/2019\/09\/20190902_181008-768x1024.jpg 768w, http:\/\/aeroclub-abbeville.fr\/wp-content\/uploads\/2019\/09\/20190902_181008-360x480.jpg 360w, http:\/\/aeroclub-abbeville.fr\/wp-content\/uploads\/2019\/09\/20190902_181008-624x832.jpg 624w\" sizes=\"(max-width: 768px) 100vw, 768px\" \/><\/figure><\/li><\/ul>\n\n\n\n<div class=\"wp-block-image\"><figure class=\"aligncenter\"><img loading=\"lazy\" decoding=\"async\" width=\"1024\" height=\"768\" src=\"http:\/\/aeroclub-abbeville.fr\/wp-content\/uploads\/2019\/09\/20190902_180859-1-1024x768.jpg\" alt=\"\" class=\"wp-image-3043\" srcset=\"http:\/\/aeroclub-abbeville.fr\/wp-content\/uploads\/2019\/09\/20190902_180859-1-1024x768.jpg 1024w, http:\/\/aeroclub-abbeville.fr\/wp-content\/uploads\/2019\/09\/20190902_180859-1-480x360.jpg 480w, http:\/\/aeroclub-abbeville.fr\/wp-content\/uploads\/2019\/09\/20190902_180859-1-768x576.jpg 768w, http:\/\/aeroclub-abbeville.fr\/wp-content\/uploads\/2019\/09\/20190902_180859-1-624x468.jpg 624w\" sizes=\"(max-width: 1024px) 100vw, 1024px\" \/><figcaption>L&rsquo;\u00e9quipe chirurgicale en action !<\/figcaption><\/figure><\/div>\n\n\n\n<p style=\"text-align:center\">Le d\u00e9montage commence par celui des \u00ab\u00a0Gouvernes\u00a0\u00bb. Cette op\u00e9ration est cruciale et notre \u00e9quipe est sous tension, pr\u00eate \u00e0 toute \u00e9ventualit\u00e9 !<\/p>\n\n\n\n<div class=\"wp-block-image\"><figure class=\"aligncenter\"><img loading=\"lazy\" decoding=\"async\" width=\"1024\" height=\"768\" src=\"http:\/\/aeroclub-abbeville.fr\/wp-content\/uploads\/2019\/09\/20190902_181231-1024x768.jpg\" alt=\"\" class=\"wp-image-3045\" srcset=\"http:\/\/aeroclub-abbeville.fr\/wp-content\/uploads\/2019\/09\/20190902_181231-1024x768.jpg 1024w, http:\/\/aeroclub-abbeville.fr\/wp-content\/uploads\/2019\/09\/20190902_181231-480x360.jpg 480w, http:\/\/aeroclub-abbeville.fr\/wp-content\/uploads\/2019\/09\/20190902_181231-768x576.jpg 768w, http:\/\/aeroclub-abbeville.fr\/wp-content\/uploads\/2019\/09\/20190902_181231-624x468.jpg 624w\" sizes=\"(max-width: 1024px) 100vw, 1024px\" \/><figcaption>L&rsquo;aide d&rsquo;un Mat\u00e9riel mobile plus performant sera bien n\u00e9cessaire !<\/figcaption><\/figure><\/div>\n\n\n\n<p style=\"text-align:center\">Pour le d\u00e9montages des ailes, Thibaut vient nous pr\u00eater main forte !  L&rsquo;\u00e9quipe mobile agricole n&rsquo;est pas de trop !<\/p>\n\n\n\n<ul class=\"wp-block-gallery aligncenter columns-3 is-cropped wp-block-gallery-3 is-layout-flex wp-block-gallery-is-layout-flex\"><li class=\"blocks-gallery-item\"><figure><img loading=\"lazy\" decoding=\"async\" width=\"1024\" height=\"768\" src=\"http:\/\/aeroclub-abbeville.fr\/wp-content\/uploads\/2019\/09\/20190902_181250-1024x768.jpg\" alt=\"\" data-id=\"3049\" data-link=\"http:\/\/aeroclub-abbeville.fr\/?attachment_id=3049\" class=\"wp-image-3049\" srcset=\"http:\/\/aeroclub-abbeville.fr\/wp-content\/uploads\/2019\/09\/20190902_181250-1024x768.jpg 1024w, http:\/\/aeroclub-abbeville.fr\/wp-content\/uploads\/2019\/09\/20190902_181250-480x360.jpg 480w, http:\/\/aeroclub-abbeville.fr\/wp-content\/uploads\/2019\/09\/20190902_181250-768x576.jpg 768w, http:\/\/aeroclub-abbeville.fr\/wp-content\/uploads\/2019\/09\/20190902_181250-624x468.jpg 624w\" sizes=\"(max-width: 1024px) 100vw, 1024px\" \/><\/figure><\/li><li class=\"blocks-gallery-item\"><figure><img loading=\"lazy\" decoding=\"async\" width=\"1024\" height=\"768\" src=\"http:\/\/aeroclub-abbeville.fr\/wp-content\/uploads\/2019\/09\/20190902_181255-1024x768.jpg\" alt=\"\" data-id=\"3050\" data-link=\"http:\/\/aeroclub-abbeville.fr\/?attachment_id=3050\" class=\"wp-image-3050\" srcset=\"http:\/\/aeroclub-abbeville.fr\/wp-content\/uploads\/2019\/09\/20190902_181255-1024x768.jpg 1024w, http:\/\/aeroclub-abbeville.fr\/wp-content\/uploads\/2019\/09\/20190902_181255-480x360.jpg 480w, http:\/\/aeroclub-abbeville.fr\/wp-content\/uploads\/2019\/09\/20190902_181255-768x576.jpg 768w, http:\/\/aeroclub-abbeville.fr\/wp-content\/uploads\/2019\/09\/20190902_181255-624x468.jpg 624w\" sizes=\"(max-width: 1024px) 100vw, 1024px\" \/><\/figure><\/li><li class=\"blocks-gallery-item\"><figure><img loading=\"lazy\" decoding=\"async\" width=\"1024\" height=\"768\" src=\"http:\/\/aeroclub-abbeville.fr\/wp-content\/uploads\/2019\/09\/20190902_181311-1024x768.jpg\" alt=\"\" data-id=\"3051\" data-link=\"http:\/\/aeroclub-abbeville.fr\/?attachment_id=3051\" class=\"wp-image-3051\" srcset=\"http:\/\/aeroclub-abbeville.fr\/wp-content\/uploads\/2019\/09\/20190902_181311-1024x768.jpg 1024w, http:\/\/aeroclub-abbeville.fr\/wp-content\/uploads\/2019\/09\/20190902_181311-480x360.jpg 480w, http:\/\/aeroclub-abbeville.fr\/wp-content\/uploads\/2019\/09\/20190902_181311-768x576.jpg 768w, http:\/\/aeroclub-abbeville.fr\/wp-content\/uploads\/2019\/09\/20190902_181311-624x468.jpg 624w\" sizes=\"(max-width: 1024px) 100vw, 1024px\" \/><\/figure><\/li><li class=\"blocks-gallery-item\"><figure><img loading=\"lazy\" decoding=\"async\" width=\"1024\" height=\"768\" src=\"http:\/\/aeroclub-abbeville.fr\/wp-content\/uploads\/2019\/09\/20190902_181332-1024x768.jpg\" alt=\"\" data-id=\"3052\" data-link=\"http:\/\/aeroclub-abbeville.fr\/?attachment_id=3052\" class=\"wp-image-3052\" srcset=\"http:\/\/aeroclub-abbeville.fr\/wp-content\/uploads\/2019\/09\/20190902_181332-1024x768.jpg 1024w, http:\/\/aeroclub-abbeville.fr\/wp-content\/uploads\/2019\/09\/20190902_181332-480x360.jpg 480w, http:\/\/aeroclub-abbeville.fr\/wp-content\/uploads\/2019\/09\/20190902_181332-768x576.jpg 768w, http:\/\/aeroclub-abbeville.fr\/wp-content\/uploads\/2019\/09\/20190902_181332-624x468.jpg 624w\" sizes=\"(max-width: 1024px) 100vw, 1024px\" \/><\/figure><\/li><\/ul>\n\n\n\n<ul class=\"wp-block-gallery aligncenter columns-3 is-cropped wp-block-gallery-4 is-layout-flex wp-block-gallery-is-layout-flex\"><li class=\"blocks-gallery-item\"><figure><img loading=\"lazy\" decoding=\"async\" width=\"1024\" height=\"768\" src=\"http:\/\/aeroclub-abbeville.fr\/wp-content\/uploads\/2019\/09\/20190902_181344-1-1024x768.jpg\" alt=\"\" data-id=\"3054\" data-link=\"http:\/\/aeroclub-abbeville.fr\/?attachment_id=3054\" class=\"wp-image-3054\" srcset=\"http:\/\/aeroclub-abbeville.fr\/wp-content\/uploads\/2019\/09\/20190902_181344-1-1024x768.jpg 1024w, http:\/\/aeroclub-abbeville.fr\/wp-content\/uploads\/2019\/09\/20190902_181344-1-480x360.jpg 480w, http:\/\/aeroclub-abbeville.fr\/wp-content\/uploads\/2019\/09\/20190902_181344-1-768x576.jpg 768w, http:\/\/aeroclub-abbeville.fr\/wp-content\/uploads\/2019\/09\/20190902_181344-1-624x468.jpg 624w\" sizes=\"(max-width: 1024px) 100vw, 1024px\" \/><\/figure><\/li><li class=\"blocks-gallery-item\"><figure><img loading=\"lazy\" decoding=\"async\" width=\"1024\" height=\"768\" src=\"http:\/\/aeroclub-abbeville.fr\/wp-content\/uploads\/2019\/09\/20190902_181401-1024x768.jpg\" alt=\"\" data-id=\"3055\" data-link=\"http:\/\/aeroclub-abbeville.fr\/?attachment_id=3055\" class=\"wp-image-3055\" srcset=\"http:\/\/aeroclub-abbeville.fr\/wp-content\/uploads\/2019\/09\/20190902_181401-1024x768.jpg 1024w, http:\/\/aeroclub-abbeville.fr\/wp-content\/uploads\/2019\/09\/20190902_181401-480x360.jpg 480w, http:\/\/aeroclub-abbeville.fr\/wp-content\/uploads\/2019\/09\/20190902_181401-768x576.jpg 768w, http:\/\/aeroclub-abbeville.fr\/wp-content\/uploads\/2019\/09\/20190902_181401-624x468.jpg 624w\" sizes=\"(max-width: 1024px) 100vw, 1024px\" \/><\/figure><\/li><li class=\"blocks-gallery-item\"><figure><img loading=\"lazy\" decoding=\"async\" width=\"1024\" height=\"768\" src=\"http:\/\/aeroclub-abbeville.fr\/wp-content\/uploads\/2019\/09\/20190902_181500-1024x768.jpg\" alt=\"\" data-id=\"3056\" data-link=\"http:\/\/aeroclub-abbeville.fr\/?attachment_id=3056\" class=\"wp-image-3056\" srcset=\"http:\/\/aeroclub-abbeville.fr\/wp-content\/uploads\/2019\/09\/20190902_181500-1024x768.jpg 1024w, http:\/\/aeroclub-abbeville.fr\/wp-content\/uploads\/2019\/09\/20190902_181500-480x360.jpg 480w, http:\/\/aeroclub-abbeville.fr\/wp-content\/uploads\/2019\/09\/20190902_181500-768x576.jpg 768w, http:\/\/aeroclub-abbeville.fr\/wp-content\/uploads\/2019\/09\/20190902_181500-624x468.jpg 624w\" sizes=\"(max-width: 1024px) 100vw, 1024px\" \/><\/figure><\/li><li class=\"blocks-gallery-item\"><figure><img loading=\"lazy\" decoding=\"async\" width=\"1024\" height=\"768\" src=\"http:\/\/aeroclub-abbeville.fr\/wp-content\/uploads\/2019\/09\/20190902_181518-1024x768.jpg\" alt=\"\" data-id=\"3057\" data-link=\"http:\/\/aeroclub-abbeville.fr\/?attachment_id=3057\" class=\"wp-image-3057\" srcset=\"http:\/\/aeroclub-abbeville.fr\/wp-content\/uploads\/2019\/09\/20190902_181518-1024x768.jpg 1024w, http:\/\/aeroclub-abbeville.fr\/wp-content\/uploads\/2019\/09\/20190902_181518-480x360.jpg 480w, http:\/\/aeroclub-abbeville.fr\/wp-content\/uploads\/2019\/09\/20190902_181518-768x576.jpg 768w, http:\/\/aeroclub-abbeville.fr\/wp-content\/uploads\/2019\/09\/20190902_181518-624x468.jpg 624w\" sizes=\"(max-width: 1024px) 100vw, 1024px\" \/><\/figure><\/li><li class=\"blocks-gallery-item\"><figure><img loading=\"lazy\" decoding=\"async\" width=\"1024\" height=\"768\" src=\"http:\/\/aeroclub-abbeville.fr\/wp-content\/uploads\/2019\/09\/20190902_181455-1024x768.jpg\" alt=\"\" data-id=\"3058\" data-link=\"http:\/\/aeroclub-abbeville.fr\/?attachment_id=3058\" class=\"wp-image-3058\" srcset=\"http:\/\/aeroclub-abbeville.fr\/wp-content\/uploads\/2019\/09\/20190902_181455-1024x768.jpg 1024w, http:\/\/aeroclub-abbeville.fr\/wp-content\/uploads\/2019\/09\/20190902_181455-480x360.jpg 480w, http:\/\/aeroclub-abbeville.fr\/wp-content\/uploads\/2019\/09\/20190902_181455-768x576.jpg 768w, http:\/\/aeroclub-abbeville.fr\/wp-content\/uploads\/2019\/09\/20190902_181455-624x468.jpg 624w\" sizes=\"(max-width: 1024px) 100vw, 1024px\" \/><\/figure><\/li><li class=\"blocks-gallery-item\"><figure><img loading=\"lazy\" decoding=\"async\" width=\"1024\" height=\"768\" src=\"http:\/\/aeroclub-abbeville.fr\/wp-content\/uploads\/2019\/09\/20190902_181549-1024x768.jpg\" alt=\"\" data-id=\"3059\" data-link=\"http:\/\/aeroclub-abbeville.fr\/?attachment_id=3059\" class=\"wp-image-3059\" srcset=\"http:\/\/aeroclub-abbeville.fr\/wp-content\/uploads\/2019\/09\/20190902_181549-1024x768.jpg 1024w, http:\/\/aeroclub-abbeville.fr\/wp-content\/uploads\/2019\/09\/20190902_181549-480x360.jpg 480w, http:\/\/aeroclub-abbeville.fr\/wp-content\/uploads\/2019\/09\/20190902_181549-768x576.jpg 768w, http:\/\/aeroclub-abbeville.fr\/wp-content\/uploads\/2019\/09\/20190902_181549-624x468.jpg 624w\" sizes=\"(max-width: 1024px) 100vw, 1024px\" \/><\/figure><\/li><\/ul>\n\n\n\n<p style=\"text-align:center\">Apr\u00e8s les ailes, c&rsquo;est au tour du cockpit de rentrer dans la remorque ! Pas de stress, il y a 3 S !!!<\/p>\n\n\n\n<ul class=\"wp-block-gallery aligncenter columns-3 is-cropped wp-block-gallery-5 is-layout-flex wp-block-gallery-is-layout-flex\"><li class=\"blocks-gallery-item\"><figure><img loading=\"lazy\" decoding=\"async\" width=\"1024\" height=\"768\" src=\"http:\/\/aeroclub-abbeville.fr\/wp-content\/uploads\/2019\/09\/20190902_181817-1024x768.jpg\" alt=\"\" data-id=\"3062\" data-link=\"http:\/\/aeroclub-abbeville.fr\/?attachment_id=3062\" class=\"wp-image-3062\" srcset=\"http:\/\/aeroclub-abbeville.fr\/wp-content\/uploads\/2019\/09\/20190902_181817-1024x768.jpg 1024w, http:\/\/aeroclub-abbeville.fr\/wp-content\/uploads\/2019\/09\/20190902_181817-480x360.jpg 480w, http:\/\/aeroclub-abbeville.fr\/wp-content\/uploads\/2019\/09\/20190902_181817-768x576.jpg 768w, http:\/\/aeroclub-abbeville.fr\/wp-content\/uploads\/2019\/09\/20190902_181817-624x468.jpg 624w\" sizes=\"(max-width: 1024px) 100vw, 1024px\" \/><\/figure><\/li><li class=\"blocks-gallery-item\"><figure><img loading=\"lazy\" decoding=\"async\" width=\"1024\" height=\"768\" src=\"http:\/\/aeroclub-abbeville.fr\/wp-content\/uploads\/2019\/09\/20190902_181639-1024x768.jpg\" alt=\"\" data-id=\"3063\" data-link=\"http:\/\/aeroclub-abbeville.fr\/?attachment_id=3063\" class=\"wp-image-3063\" srcset=\"http:\/\/aeroclub-abbeville.fr\/wp-content\/uploads\/2019\/09\/20190902_181639-1024x768.jpg 1024w, http:\/\/aeroclub-abbeville.fr\/wp-content\/uploads\/2019\/09\/20190902_181639-480x360.jpg 480w, http:\/\/aeroclub-abbeville.fr\/wp-content\/uploads\/2019\/09\/20190902_181639-768x576.jpg 768w, http:\/\/aeroclub-abbeville.fr\/wp-content\/uploads\/2019\/09\/20190902_181639-624x468.jpg 624w\" sizes=\"(max-width: 1024px) 100vw, 1024px\" \/><\/figure><\/li><li class=\"blocks-gallery-item\"><figure><img loading=\"lazy\" decoding=\"async\" width=\"1024\" height=\"768\" src=\"http:\/\/aeroclub-abbeville.fr\/wp-content\/uploads\/2019\/09\/20190902_181724-1024x768.jpg\" alt=\"\" data-id=\"3064\" data-link=\"http:\/\/aeroclub-abbeville.fr\/?attachment_id=3064\" class=\"wp-image-3064\" srcset=\"http:\/\/aeroclub-abbeville.fr\/wp-content\/uploads\/2019\/09\/20190902_181724-1024x768.jpg 1024w, http:\/\/aeroclub-abbeville.fr\/wp-content\/uploads\/2019\/09\/20190902_181724-480x360.jpg 480w, http:\/\/aeroclub-abbeville.fr\/wp-content\/uploads\/2019\/09\/20190902_181724-768x576.jpg 768w, http:\/\/aeroclub-abbeville.fr\/wp-content\/uploads\/2019\/09\/20190902_181724-624x468.jpg 624w\" sizes=\"(max-width: 1024px) 100vw, 1024px\" \/><\/figure><\/li><li class=\"blocks-gallery-item\"><figure><img loading=\"lazy\" decoding=\"async\" width=\"1024\" height=\"768\" src=\"http:\/\/aeroclub-abbeville.fr\/wp-content\/uploads\/2019\/09\/20190902_182022-1024x768.jpg\" alt=\"\" data-id=\"3065\" data-link=\"http:\/\/aeroclub-abbeville.fr\/?attachment_id=3065\" class=\"wp-image-3065\" srcset=\"http:\/\/aeroclub-abbeville.fr\/wp-content\/uploads\/2019\/09\/20190902_182022-1024x768.jpg 1024w, http:\/\/aeroclub-abbeville.fr\/wp-content\/uploads\/2019\/09\/20190902_182022-480x360.jpg 480w, http:\/\/aeroclub-abbeville.fr\/wp-content\/uploads\/2019\/09\/20190902_182022-768x576.jpg 768w, http:\/\/aeroclub-abbeville.fr\/wp-content\/uploads\/2019\/09\/20190902_182022-624x468.jpg 624w\" sizes=\"(max-width: 1024px) 100vw, 1024px\" \/><\/figure><\/li><li class=\"blocks-gallery-item\"><figure><img loading=\"lazy\" decoding=\"async\" width=\"1024\" height=\"768\" src=\"http:\/\/aeroclub-abbeville.fr\/wp-content\/uploads\/2019\/09\/20190902_182137-1024x768.jpg\" alt=\"\" data-id=\"3067\" data-link=\"http:\/\/aeroclub-abbeville.fr\/?attachment_id=3067\" class=\"wp-image-3067\" srcset=\"http:\/\/aeroclub-abbeville.fr\/wp-content\/uploads\/2019\/09\/20190902_182137-1024x768.jpg 1024w, http:\/\/aeroclub-abbeville.fr\/wp-content\/uploads\/2019\/09\/20190902_182137-480x360.jpg 480w, http:\/\/aeroclub-abbeville.fr\/wp-content\/uploads\/2019\/09\/20190902_182137-768x576.jpg 768w, http:\/\/aeroclub-abbeville.fr\/wp-content\/uploads\/2019\/09\/20190902_182137-624x468.jpg 624w\" sizes=\"(max-width: 1024px) 100vw, 1024px\" \/><\/figure><\/li><\/ul>\n\n\n\n<p style=\"text-align:center\">Tout est plac\u00e9 ! On peut se diriger vers l&rsquo;a\u00e9roclub en toute s\u00e9curit\u00e9 !<\/p>\n\n\n\n<p style=\"text-align:center\">Lucas et Thibaud en tracteur, Pascal, Suzanne et Fran\u00e7oise partent avec l&rsquo;attelage au complet !<\/p>\n\n\n\n<ul class=\"wp-block-gallery columns-2 is-cropped wp-block-gallery-6 is-layout-flex wp-block-gallery-is-layout-flex\"><li class=\"blocks-gallery-item\"><figure><img loading=\"lazy\" decoding=\"async\" width=\"1024\" height=\"768\" src=\"http:\/\/aeroclub-abbeville.fr\/wp-content\/uploads\/2019\/09\/20190902_182705-1024x768.jpg\" alt=\"\" data-id=\"3075\" data-link=\"http:\/\/aeroclub-abbeville.fr\/?attachment_id=3075\" class=\"wp-image-3075\" srcset=\"http:\/\/aeroclub-abbeville.fr\/wp-content\/uploads\/2019\/09\/20190902_182705-1024x768.jpg 1024w, http:\/\/aeroclub-abbeville.fr\/wp-content\/uploads\/2019\/09\/20190902_182705-480x360.jpg 480w, http:\/\/aeroclub-abbeville.fr\/wp-content\/uploads\/2019\/09\/20190902_182705-768x576.jpg 768w, http:\/\/aeroclub-abbeville.fr\/wp-content\/uploads\/2019\/09\/20190902_182705-624x468.jpg 624w\" sizes=\"(max-width: 1024px) 100vw, 1024px\" \/><\/figure><\/li><li class=\"blocks-gallery-item\"><figure><img loading=\"lazy\" decoding=\"async\" width=\"1024\" height=\"768\" src=\"http:\/\/aeroclub-abbeville.fr\/wp-content\/uploads\/2019\/09\/20190902_182049-1-1024x768.jpg\" alt=\"\" data-id=\"3076\" data-link=\"http:\/\/aeroclub-abbeville.fr\/?attachment_id=3076\" class=\"wp-image-3076\" srcset=\"http:\/\/aeroclub-abbeville.fr\/wp-content\/uploads\/2019\/09\/20190902_182049-1-1024x768.jpg 1024w, http:\/\/aeroclub-abbeville.fr\/wp-content\/uploads\/2019\/09\/20190902_182049-1-480x360.jpg 480w, http:\/\/aeroclub-abbeville.fr\/wp-content\/uploads\/2019\/09\/20190902_182049-1-768x576.jpg 768w, http:\/\/aeroclub-abbeville.fr\/wp-content\/uploads\/2019\/09\/20190902_182049-1-624x468.jpg 624w\" sizes=\"(max-width: 1024px) 100vw, 1024px\" \/><\/figure><\/li><\/ul>\n\n\n\n<p style=\"text-align:center\">Tout le monde est bien rentr\u00e9 ! le planeur va se reposer dans son hangar bien prot\u00e9g\u00e9 ! Voil\u00e0 une vache qui s&rsquo;est bien termin\u00e9e ! Cependant en face des pistes, dans la ferme des bien-nomm\u00e9es, \u00ab\u00a0Les Mille Vaches\u00a0\u00bb en ont un peu assez ! <\/p>\n\n\n\n<ul class=\"wp-block-gallery columns-2 is-cropped wp-block-gallery-7 is-layout-flex wp-block-gallery-is-layout-flex\"><li class=\"blocks-gallery-item\"><figure><img loading=\"lazy\" decoding=\"async\" width=\"1024\" height=\"768\" src=\"http:\/\/aeroclub-abbeville.fr\/wp-content\/uploads\/2019\/09\/20190902_185652-1024x768.jpg\" alt=\"\" data-id=\"3080\" data-link=\"http:\/\/aeroclub-abbeville.fr\/?attachment_id=3080\" class=\"wp-image-3080\" srcset=\"http:\/\/aeroclub-abbeville.fr\/wp-content\/uploads\/2019\/09\/20190902_185652-1024x768.jpg 1024w, http:\/\/aeroclub-abbeville.fr\/wp-content\/uploads\/2019\/09\/20190902_185652-480x360.jpg 480w, http:\/\/aeroclub-abbeville.fr\/wp-content\/uploads\/2019\/09\/20190902_185652-768x576.jpg 768w, http:\/\/aeroclub-abbeville.fr\/wp-content\/uploads\/2019\/09\/20190902_185652-624x468.jpg 624w\" sizes=\"(max-width: 1024px) 100vw, 1024px\" \/><\/figure><\/li><li class=\"blocks-gallery-item\"><figure><img loading=\"lazy\" decoding=\"async\" width=\"1024\" height=\"768\" src=\"http:\/\/aeroclub-abbeville.fr\/wp-content\/uploads\/2019\/09\/20190902_185709-1024x768.jpg\" alt=\"\" data-id=\"3081\" data-link=\"http:\/\/aeroclub-abbeville.fr\/?attachment_id=3081\" class=\"wp-image-3081\" srcset=\"http:\/\/aeroclub-abbeville.fr\/wp-content\/uploads\/2019\/09\/20190902_185709-1024x768.jpg 1024w, http:\/\/aeroclub-abbeville.fr\/wp-content\/uploads\/2019\/09\/20190902_185709-480x360.jpg 480w, http:\/\/aeroclub-abbeville.fr\/wp-content\/uploads\/2019\/09\/20190902_185709-768x576.jpg 768w, http:\/\/aeroclub-abbeville.fr\/wp-content\/uploads\/2019\/09\/20190902_185709-624x468.jpg 624w\" sizes=\"(max-width: 1024px) 100vw, 1024px\" \/><\/figure><\/li><\/ul>\n\n\n\n<p style=\"text-align:center\">Au fait, savez vous d&rsquo;o\u00f9 vient le terme de \u00ab\u00a0Se Vacher\u00a0\u00bb ? <\/p>\n\n\n\n<p style=\"text-align:center\">| Oh la vache ! |&nbsp;&#x1f42e;<\/p>\n\n\n\n<p style=\"text-align:center\">En planeur, l\u2019expression \u00ab se vacher \u00bb prend son origine lors du d\u00e9barquement et plus particuli\u00e8rement pendant l\u2019op\u00e9ration Tonga, le 5 juin 1944.<br>Les planeurs Horsa et Waco devaient se poser avec leurs 13 passagers derri\u00e8res les lignes ennemies. Les informations faisaient cependant \u00e9tat d\u2019un nombre important de champs min\u00e9s. Le conseil donn\u00e9 aux pilotes \u00e9tait de rep\u00e9rer les champs o\u00f9 il y avait des vaches pour s\u2019y poser et ne pas craindre d&rsquo;exploser sur un champ de mines !<\/p>\n\n\n\n<p style=\"text-align:center\">Et vous, \u00eates vous un sp\u00e9cialiste des champs vachables ?&nbsp;&#x1f602;&#x1f609;<\/p>\n\n\n\n<p style=\"text-align:center\">A bient\u00f4t pour de nouvelles aventures !<\/p>\n\n\n\n<p style=\"text-align:center\">Fran\u00e7oise Sockeel<\/p>\n","protected":false},"excerpt":{"rendered":"<p>3 Septembre 2019 Septembre est arriv\u00e9, le mois d&rsquo;Ao\u00fbt se repose ! C&rsquo;est la fin de l&rsquo;\u00e9t\u00e9, la F\u00eate en Plaine est termin\u00e9e, juste dans le pr\u00e9 o\u00f9 Suzanne s&rsquo;est \u00ab\u00a0Vach\u00e9e\u00a0\u00bb ! Maintenant il est temps de rentrer ! Ne reculant devant aucun sacrifice, notre championne a fait appel \u00e0 une \u00e9quipe de choc pour [&hellip;]<\/p>\n","protected":false},"author":211,"featured_media":0,"comment_status":"open","ping_status":"closed","sticky":false,"template":"","format":"standard","meta":{"inline_featured_image":false,"footnotes":""},"categories":[20,3,6,8,13,18,19,31],"tags":[],"class_list":["post-3037","post","type-post","status-publish","format-standard","hentry","category-actualites","category-club","category-formation","category-formation_planeur","category-planeur","category-vie-du-club","category-vol-a-voile","category-voyages"],"_links":{"self":[{"href":"http:\/\/aeroclub-abbeville.fr\/index.php?rest_route=\/wp\/v2\/posts\/3037","targetHints":{"allow":["GET"]}}],"collection":[{"href":"http:\/\/aeroclub-abbeville.fr\/index.php?rest_route=\/wp\/v2\/posts"}],"about":[{"href":"http:\/\/aeroclub-abbeville.fr\/index.php?rest_route=\/wp\/v2\/types\/post"}],"author":[{"embeddable":true,"href":"http:\/\/aeroclub-abbeville.fr\/index.php?rest_route=\/wp\/v2\/users\/211"}],"replies":[{"embeddable":true,"href":"http:\/\/aeroclub-abbeville.fr\/index.php?rest_route=%2Fwp%2Fv2%2Fcomments&post=3037"}],"version-history":[{"count":23,"href":"http:\/\/aeroclub-abbeville.fr\/index.php?rest_route=\/wp\/v2\/posts\/3037\/revisions"}],"predecessor-version":[{"id":3213,"href":"http:\/\/aeroclub-abbeville.fr\/index.php?rest_route=\/wp\/v2\/posts\/3037\/revisions\/3213"}],"wp:attachment":[{"href":"http:\/\/aeroclub-abbeville.fr\/index.php?rest_route=%2Fwp%2Fv2%2Fmedia&parent=3037"}],"wp:term":[{"taxonomy":"category","embeddable":true,"href":"http:\/\/aeroclub-abbeville.fr\/index.php?rest_route=%2Fwp%2Fv2%2Fcategories&post=3037"},{"taxonomy":"post_tag","embeddable":true,"href":"http:\/\/aeroclub-abbeville.fr\/index.php?rest_route=%2Fwp%2Fv2%2Ftags&post=3037"}],"curies":[{"name":"wp","href":"https:\/\/api.w.org\/{rel}","templated":true}]}}