{"id":307,"date":"2011-09-21T20:42:01","date_gmt":"2011-09-21T19:42:01","guid":{"rendered":"http:\/\/web.aeroclub-abbeville.fr\/aeroclub\/?p=307"},"modified":"2011-09-21T20:42:01","modified_gmt":"2011-09-21T19:42:01","slug":"la-boutique","status":"publish","type":"post","link":"http:\/\/aeroclub-abbeville.fr\/?p=307","title":{"rendered":"La Boutique"},"content":{"rendered":"<p><strong>Portez fi\u00e8rement les couleurs de notre a\u00e9ro-club !<\/strong><br \/>\nL&rsquo;a\u00e9roclub d&rsquo;Abbeville lance sa ligne de v\u00eatements : casquettes, polos et blousons au look a\u00e9ronautique, orn\u00e9s du logo du club.<br \/>\nLes articles sont disponibles \u00e0 l&rsquo;accueil.<\/p>\n<p><a href=\"http:\/\/aeroclub-abbeville.fr\/wp-content\/uploads\/2014\/01\/casquette.jpg\"><img fetchpriority=\"high\" decoding=\"async\" class=\"aligncenter size-medium wp-image-308\" alt=\"casquette\" src=\"http:\/\/aeroclub-abbeville.fr\/wp-content\/uploads\/2014\/01\/casquette-300x225.jpg\" width=\"300\" height=\"225\" srcset=\"http:\/\/aeroclub-abbeville.fr\/wp-content\/uploads\/2014\/01\/casquette-300x225.jpg 300w, http:\/\/aeroclub-abbeville.fr\/wp-content\/uploads\/2014\/01\/casquette.jpg 800w\" sizes=\"(max-width: 300px) 100vw, 300px\" \/><\/a><\/p>\n","protected":false},"excerpt":{"rendered":"<p>Portez fi\u00e8rement les couleurs de notre a\u00e9ro-club ! L&rsquo;a\u00e9roclub d&rsquo;Abbeville lance sa ligne de v\u00eatements : casquettes, polos et blousons au look a\u00e9ronautique, orn\u00e9s du logo du club. Les articles sont disponibles \u00e0 l&rsquo;accueil.<\/p>\n","protected":false},"author":67,"featured_media":0,"comment_status":"open","ping_status":"open","sticky":false,"template":"","format":"standard","meta":{"inline_featured_image":false,"footnotes":""},"categories":[3],"tags":[],"class_list":["post-307","post","type-post","status-publish","format-standard","hentry","category-club"],"_links":{"self":[{"href":"http:\/\/aeroclub-abbeville.fr\/index.php?rest_route=\/wp\/v2\/posts\/307","targetHints":{"allow":["GET"]}}],"collection":[{"href":"http:\/\/aeroclub-abbeville.fr\/index.php?rest_route=\/wp\/v2\/posts"}],"about":[{"href":"http:\/\/aeroclub-abbeville.fr\/index.php?rest_route=\/wp\/v2\/types\/post"}],"author":[{"embeddable":true,"href":"http:\/\/aeroclub-abbeville.fr\/index.php?rest_route=\/wp\/v2\/users\/67"}],"replies":[{"embeddable":true,"href":"http:\/\/aeroclub-abbeville.fr\/index.php?rest_route=%2Fwp%2Fv2%2Fcomments&post=307"}],"version-history":[{"count":0,"href":"http:\/\/aeroclub-abbeville.fr\/index.php?rest_route=\/wp\/v2\/posts\/307\/revisions"}],"wp:attachment":[{"href":"http:\/\/aeroclub-abbeville.fr\/index.php?rest_route=%2Fwp%2Fv2%2Fmedia&parent=307"}],"wp:term":[{"taxonomy":"category","embeddable":true,"href":"http:\/\/aeroclub-abbeville.fr\/index.php?rest_route=%2Fwp%2Fv2%2Fcategories&post=307"},{"taxonomy":"post_tag","embeddable":true,"href":"http:\/\/aeroclub-abbeville.fr\/index.php?rest_route=%2Fwp%2Fv2%2Ftags&post=307"}],"curies":[{"name":"wp","href":"https:\/\/api.w.org\/{rel}","templated":true}]}}