{"id":3093,"date":"2019-09-04T21:44:54","date_gmt":"2019-09-04T20:44:54","guid":{"rendered":"http:\/\/aeroclub-abbeville.fr\/?p=3093"},"modified":"2019-09-05T21:56:10","modified_gmt":"2019-09-05T20:56:10","slug":"sur-les-ailes-de-la-baie-on-peut-voler-de-soleil-en-soleil-tous-les-jours-quand-on-aime-ca","status":"publish","type":"post","link":"http:\/\/aeroclub-abbeville.fr\/?p=3093","title":{"rendered":"Sur les Ailes de la Baie, On peut voler de Soleil en Soleil, tous les jours, quand on aime, \u00e7a !!!"},"content":{"rendered":"\n<p style=\"text-align:left\">4 Septembre 2019 <\/p>\n\n\n\n<p style=\"text-align:center\">C&rsquo;est un Carnet de Voyages, Souvenirs des Vols en avion pour d\u00e9couvrir notre r\u00e9gion et m\u00eame un peu plus loin ! <\/p>\n\n\n\n<p style=\"text-align:center\">A partir d&rsquo;Abbeville-Baie-de-Somme, \u00ab\u00a0On peut marcher sur la mer, Danser autour de la terre, Se balancer dans les airs, On peut tout faire, Quand on aime\u00a0\u00bb, \u00e7a !<\/p>\n\n\n\n<div class=\"wp-block-image\"><figure class=\"aligncenter\"><img fetchpriority=\"high\" decoding=\"async\" width=\"1024\" height=\"576\" src=\"http:\/\/aeroclub-abbeville.fr\/wp-content\/uploads\/2019\/09\/20180710_150200-1024x576.jpg\" alt=\"\" class=\"wp-image-3104\" srcset=\"http:\/\/aeroclub-abbeville.fr\/wp-content\/uploads\/2019\/09\/20180710_150200-1024x576.jpg 1024w, http:\/\/aeroclub-abbeville.fr\/wp-content\/uploads\/2019\/09\/20180710_150200-480x270.jpg 480w, http:\/\/aeroclub-abbeville.fr\/wp-content\/uploads\/2019\/09\/20180710_150200-768x432.jpg 768w, http:\/\/aeroclub-abbeville.fr\/wp-content\/uploads\/2019\/09\/20180710_150200-624x351.jpg 624w\" sizes=\"(max-width: 1024px) 100vw, 1024px\" \/><figcaption>En balade au dessus de la Baie de Somme !<\/figcaption><\/figure><\/div>\n\n\n\n<p style=\"text-align:center\">Pour un anniversaire ou une envie de ne rien faire, rien qu&rsquo;admirer la beaut\u00e9 de la Terre, venez avec nous, il suffit de prendre l&rsquo;air ! <\/p>\n\n\n\n<p style=\"text-align:center\"> \u00ab\u00a0Ecoute, \u00e9coute le temps, moi je le trouve h\u00e9sitant, puisqu&rsquo;il varie tout le temps entre beau fixe et printemps !\u00a0\u00bb Il suffit de choisir son moment !<\/p>\n\n\n\n<ul class=\"wp-block-gallery columns-2 is-cropped wp-block-gallery-1 is-layout-flex wp-block-gallery-is-layout-flex\"><li class=\"blocks-gallery-item\"><figure><img decoding=\"async\" width=\"1024\" height=\"768\" src=\"http:\/\/aeroclub-abbeville.fr\/wp-content\/uploads\/2019\/09\/20190825_145942-1024x768.jpg\" alt=\"\" data-id=\"3113\" data-link=\"http:\/\/aeroclub-abbeville.fr\/?attachment_id=3113\" class=\"wp-image-3113\" srcset=\"http:\/\/aeroclub-abbeville.fr\/wp-content\/uploads\/2019\/09\/20190825_145942-1024x768.jpg 1024w, http:\/\/aeroclub-abbeville.fr\/wp-content\/uploads\/2019\/09\/20190825_145942-480x360.jpg 480w, http:\/\/aeroclub-abbeville.fr\/wp-content\/uploads\/2019\/09\/20190825_145942-768x576.jpg 768w, http:\/\/aeroclub-abbeville.fr\/wp-content\/uploads\/2019\/09\/20190825_145942-624x468.jpg 624w\" sizes=\"(max-width: 1024px) 100vw, 1024px\" \/><\/figure><\/li><li class=\"blocks-gallery-item\"><figure><img decoding=\"async\" width=\"1024\" height=\"768\" src=\"http:\/\/aeroclub-abbeville.fr\/wp-content\/uploads\/2019\/09\/20190825_145949-1024x768.jpg\" alt=\"\" data-id=\"3114\" data-link=\"http:\/\/aeroclub-abbeville.fr\/?attachment_id=3114\" class=\"wp-image-3114\" srcset=\"http:\/\/aeroclub-abbeville.fr\/wp-content\/uploads\/2019\/09\/20190825_145949-1024x768.jpg 1024w, http:\/\/aeroclub-abbeville.fr\/wp-content\/uploads\/2019\/09\/20190825_145949-480x360.jpg 480w, http:\/\/aeroclub-abbeville.fr\/wp-content\/uploads\/2019\/09\/20190825_145949-768x576.jpg 768w, http:\/\/aeroclub-abbeville.fr\/wp-content\/uploads\/2019\/09\/20190825_145949-624x468.jpg 624w\" sizes=\"(max-width: 1024px) 100vw, 1024px\" \/><\/figure><\/li><\/ul>\n\n\n\n<div class=\"wp-block-image\"><figure class=\"aligncenter\"><img loading=\"lazy\" decoding=\"async\" width=\"1024\" height=\"576\" src=\"http:\/\/aeroclub-abbeville.fr\/wp-content\/uploads\/2019\/09\/20180603_155918-4-1024x576.jpg\" alt=\"\" class=\"wp-image-3116\" srcset=\"http:\/\/aeroclub-abbeville.fr\/wp-content\/uploads\/2019\/09\/20180603_155918-4-1024x576.jpg 1024w, http:\/\/aeroclub-abbeville.fr\/wp-content\/uploads\/2019\/09\/20180603_155918-4-480x270.jpg 480w, http:\/\/aeroclub-abbeville.fr\/wp-content\/uploads\/2019\/09\/20180603_155918-4-768x432.jpg 768w, http:\/\/aeroclub-abbeville.fr\/wp-content\/uploads\/2019\/09\/20180603_155918-4-624x351.jpg 624w\" sizes=\"(max-width: 1024px) 100vw, 1024px\" \/><\/figure><\/div>\n\n\n\n<p style=\"text-align:center\">De la Baie de Somme, en passant au dessus des falaises d&rsquo;Ault-Onival, jusqu&rsquo;\u00e0 la limite du Tr\u00e9port, notre pilote, aux commandes d&rsquo;un Robin, nous laisse admirer toutes les lumi\u00e8res de ce vol magnifique !<\/p>\n\n\n\n<ul class=\"wp-block-gallery columns-3 is-cropped wp-block-gallery-2 is-layout-flex wp-block-gallery-is-layout-flex\"><li class=\"blocks-gallery-item\"><figure><img loading=\"lazy\" decoding=\"async\" width=\"1024\" height=\"576\" src=\"http:\/\/aeroclub-abbeville.fr\/wp-content\/uploads\/2019\/09\/20180603_155936-2-1024x576.jpg\" alt=\"\" data-id=\"3137\" data-link=\"http:\/\/aeroclub-abbeville.fr\/?attachment_id=3137\" class=\"wp-image-3137\" srcset=\"http:\/\/aeroclub-abbeville.fr\/wp-content\/uploads\/2019\/09\/20180603_155936-2-1024x576.jpg 1024w, http:\/\/aeroclub-abbeville.fr\/wp-content\/uploads\/2019\/09\/20180603_155936-2-480x270.jpg 480w, http:\/\/aeroclub-abbeville.fr\/wp-content\/uploads\/2019\/09\/20180603_155936-2-768x432.jpg 768w, http:\/\/aeroclub-abbeville.fr\/wp-content\/uploads\/2019\/09\/20180603_155936-2-624x351.jpg 624w\" sizes=\"(max-width: 1024px) 100vw, 1024px\" \/><\/figure><\/li><li class=\"blocks-gallery-item\"><figure><img loading=\"lazy\" decoding=\"async\" width=\"1024\" height=\"576\" src=\"http:\/\/aeroclub-abbeville.fr\/wp-content\/uploads\/2019\/09\/20180603_160010-1-1024x576.jpg\" alt=\"\" data-id=\"3138\" data-link=\"http:\/\/aeroclub-abbeville.fr\/?attachment_id=3138\" class=\"wp-image-3138\" srcset=\"http:\/\/aeroclub-abbeville.fr\/wp-content\/uploads\/2019\/09\/20180603_160010-1-1024x576.jpg 1024w, http:\/\/aeroclub-abbeville.fr\/wp-content\/uploads\/2019\/09\/20180603_160010-1-480x270.jpg 480w, http:\/\/aeroclub-abbeville.fr\/wp-content\/uploads\/2019\/09\/20180603_160010-1-768x432.jpg 768w, http:\/\/aeroclub-abbeville.fr\/wp-content\/uploads\/2019\/09\/20180603_160010-1-624x351.jpg 624w\" sizes=\"(max-width: 1024px) 100vw, 1024px\" \/><\/figure><\/li><li class=\"blocks-gallery-item\"><figure><img loading=\"lazy\" decoding=\"async\" width=\"1024\" height=\"576\" src=\"http:\/\/aeroclub-abbeville.fr\/wp-content\/uploads\/2019\/09\/20180603_160312-1-1024x576.jpg\" alt=\"\" data-id=\"3139\" data-link=\"http:\/\/aeroclub-abbeville.fr\/?attachment_id=3139\" class=\"wp-image-3139\" srcset=\"http:\/\/aeroclub-abbeville.fr\/wp-content\/uploads\/2019\/09\/20180603_160312-1-1024x576.jpg 1024w, http:\/\/aeroclub-abbeville.fr\/wp-content\/uploads\/2019\/09\/20180603_160312-1-480x270.jpg 480w, http:\/\/aeroclub-abbeville.fr\/wp-content\/uploads\/2019\/09\/20180603_160312-1-768x432.jpg 768w, http:\/\/aeroclub-abbeville.fr\/wp-content\/uploads\/2019\/09\/20180603_160312-1-624x351.jpg 624w\" sizes=\"(max-width: 1024px) 100vw, 1024px\" \/><\/figure><\/li><\/ul>\n\n\n\n<p style=\"text-align:center\">Des \u00e9tendues de la C\u00f4te Picarde, puis la d\u00e9couverte de Mers les Bains et le retour vers la Pointe du Hourdel, en Baie de Somme, le Bonheur est dans les Airs !<\/p>\n\n\n\n<p style=\"text-align:center\">Cap vers le Nord ! La C\u00f4te d&rsquo;Opale et son face \u00e0 face avec les C\u00f4tes Anglaises nous donnent des envies de \u00ab\u00a0Five o&rsquo;clock\u00a0\u00bb et de \u00ab\u00a0Cups of thea\u00a0\u00bb ! Les \u00ab\u00a0Deux Caps\u00a0\u00bb nous tendent les bras ! Alors, on se laisse griser ! \u00ab\u00a0Cap Gris Nez\u00a0\u00bb et \u00ab\u00a0Cap Blanc Nez\u00a0\u00bb, nous voil\u00e0 !<\/p>\n\n\n\n<div class=\"wp-block-image\"><figure class=\"aligncenter\"><img loading=\"lazy\" decoding=\"async\" width=\"1024\" height=\"576\" src=\"http:\/\/aeroclub-abbeville.fr\/wp-content\/uploads\/2019\/09\/20180710_145947-1024x576.jpg\" alt=\"\" class=\"wp-image-3142\" srcset=\"http:\/\/aeroclub-abbeville.fr\/wp-content\/uploads\/2019\/09\/20180710_145947-1024x576.jpg 1024w, http:\/\/aeroclub-abbeville.fr\/wp-content\/uploads\/2019\/09\/20180710_145947-480x270.jpg 480w, http:\/\/aeroclub-abbeville.fr\/wp-content\/uploads\/2019\/09\/20180710_145947-768x432.jpg 768w, http:\/\/aeroclub-abbeville.fr\/wp-content\/uploads\/2019\/09\/20180710_145947-624x351.jpg 624w\" sizes=\"(max-width: 1024px) 100vw, 1024px\" \/><figcaption>De la Somme \u00e0 l&rsquo; Authie !<\/figcaption><\/figure><\/div>\n\n\n\n<p style=\"text-align:center\">Les \u00ab\u00a0Trois Baies\u00a0\u00bb nous accueillent, Baie de Somme, Baie d&rsquo;Authie, Baie de Canche, les estuaires se succ\u00e8dent au gr\u00e9 des courants et des teintes des eaux changeantes sous la lumi\u00e8re.<\/p>\n\n\n\n<ul class=\"wp-block-gallery columns-3 is-cropped wp-block-gallery-3 is-layout-flex wp-block-gallery-is-layout-flex\"><li class=\"blocks-gallery-item\"><figure><img loading=\"lazy\" decoding=\"async\" width=\"1024\" height=\"576\" src=\"http:\/\/aeroclub-abbeville.fr\/wp-content\/uploads\/2019\/09\/20180710_150054-2-1024x576.jpg\" alt=\"\" data-id=\"3157\" data-link=\"http:\/\/aeroclub-abbeville.fr\/?attachment_id=3157\" class=\"wp-image-3157\" srcset=\"http:\/\/aeroclub-abbeville.fr\/wp-content\/uploads\/2019\/09\/20180710_150054-2-1024x576.jpg 1024w, http:\/\/aeroclub-abbeville.fr\/wp-content\/uploads\/2019\/09\/20180710_150054-2-480x270.jpg 480w, http:\/\/aeroclub-abbeville.fr\/wp-content\/uploads\/2019\/09\/20180710_150054-2-768x432.jpg 768w, http:\/\/aeroclub-abbeville.fr\/wp-content\/uploads\/2019\/09\/20180710_150054-2-624x351.jpg 624w\" sizes=\"(max-width: 1024px) 100vw, 1024px\" \/><figcaption>Fort-Mahon Plage<\/figcaption><\/figure><\/li><li class=\"blocks-gallery-item\"><figure><img loading=\"lazy\" decoding=\"async\" width=\"1024\" height=\"576\" src=\"http:\/\/aeroclub-abbeville.fr\/wp-content\/uploads\/2019\/09\/20180710_150312-3-1024x576.jpg\" alt=\"\" data-id=\"3158\" data-link=\"http:\/\/aeroclub-abbeville.fr\/?attachment_id=3158\" class=\"wp-image-3158\" srcset=\"http:\/\/aeroclub-abbeville.fr\/wp-content\/uploads\/2019\/09\/20180710_150312-3-1024x576.jpg 1024w, http:\/\/aeroclub-abbeville.fr\/wp-content\/uploads\/2019\/09\/20180710_150312-3-480x270.jpg 480w, http:\/\/aeroclub-abbeville.fr\/wp-content\/uploads\/2019\/09\/20180710_150312-3-768x432.jpg 768w, http:\/\/aeroclub-abbeville.fr\/wp-content\/uploads\/2019\/09\/20180710_150312-3-624x351.jpg 624w\" sizes=\"(max-width: 1024px) 100vw, 1024px\" \/><figcaption>Berck-Plage<\/figcaption><\/figure><\/li><li class=\"blocks-gallery-item\"><figure><img loading=\"lazy\" decoding=\"async\" width=\"1024\" height=\"576\" src=\"http:\/\/aeroclub-abbeville.fr\/wp-content\/uploads\/2019\/09\/20180710_152004-1-1024x576.jpg\" alt=\"\" data-id=\"3163\" data-link=\"http:\/\/aeroclub-abbeville.fr\/?attachment_id=3163\" class=\"wp-image-3163\" srcset=\"http:\/\/aeroclub-abbeville.fr\/wp-content\/uploads\/2019\/09\/20180710_152004-1-1024x576.jpg 1024w, http:\/\/aeroclub-abbeville.fr\/wp-content\/uploads\/2019\/09\/20180710_152004-1-480x270.jpg 480w, http:\/\/aeroclub-abbeville.fr\/wp-content\/uploads\/2019\/09\/20180710_152004-1-768x432.jpg 768w, http:\/\/aeroclub-abbeville.fr\/wp-content\/uploads\/2019\/09\/20180710_152004-1-624x351.jpg 624w\" sizes=\"(max-width: 1024px) 100vw, 1024px\" \/><figcaption>Le boulonnais<\/figcaption><\/figure><\/li><\/ul>\n\n\n\n<p style=\"text-align:center\">Les \u00ab\u00a0Deux Caps\u00a0\u00bb s&rsquo;alignent sous nos ailes ! en face les C\u00f4tes Anglaises, intimid\u00e9es, resteront dans la brume bleut\u00e9e !<\/p>\n\n\n\n<div class=\"wp-block-image\"><figure class=\"aligncenter\"><img loading=\"lazy\" decoding=\"async\" width=\"1024\" height=\"576\" src=\"http:\/\/aeroclub-abbeville.fr\/wp-content\/uploads\/2019\/09\/20180710_152145-1-1024x576.jpg\" alt=\"\" class=\"wp-image-3160\" srcset=\"http:\/\/aeroclub-abbeville.fr\/wp-content\/uploads\/2019\/09\/20180710_152145-1-1024x576.jpg 1024w, http:\/\/aeroclub-abbeville.fr\/wp-content\/uploads\/2019\/09\/20180710_152145-1-480x270.jpg 480w, http:\/\/aeroclub-abbeville.fr\/wp-content\/uploads\/2019\/09\/20180710_152145-1-768x432.jpg 768w, http:\/\/aeroclub-abbeville.fr\/wp-content\/uploads\/2019\/09\/20180710_152145-1-624x351.jpg 624w\" sizes=\"(max-width: 1024px) 100vw, 1024px\" \/><figcaption>Enfin, nous survolons les \u00ab\u00a0Deux Caps\u00a0\u00bb!<\/figcaption><\/figure><\/div>\n\n\n\n<ul class=\"wp-block-gallery columns-3 is-cropped wp-block-gallery-4 is-layout-flex wp-block-gallery-is-layout-flex\"><li class=\"blocks-gallery-item\"><figure><img loading=\"lazy\" decoding=\"async\" width=\"1024\" height=\"576\" src=\"http:\/\/aeroclub-abbeville.fr\/wp-content\/uploads\/2019\/09\/20180710_152501-1024x576.jpg\" alt=\"\" data-id=\"3148\" data-link=\"http:\/\/aeroclub-abbeville.fr\/?attachment_id=3148\" class=\"wp-image-3148\" srcset=\"http:\/\/aeroclub-abbeville.fr\/wp-content\/uploads\/2019\/09\/20180710_152501-1024x576.jpg 1024w, http:\/\/aeroclub-abbeville.fr\/wp-content\/uploads\/2019\/09\/20180710_152501-480x270.jpg 480w, http:\/\/aeroclub-abbeville.fr\/wp-content\/uploads\/2019\/09\/20180710_152501-768x432.jpg 768w, http:\/\/aeroclub-abbeville.fr\/wp-content\/uploads\/2019\/09\/20180710_152501-624x351.jpg 624w\" sizes=\"(max-width: 1024px) 100vw, 1024px\" \/><\/figure><\/li><li class=\"blocks-gallery-item\"><figure><img loading=\"lazy\" decoding=\"async\" width=\"1024\" height=\"576\" src=\"http:\/\/aeroclub-abbeville.fr\/wp-content\/uploads\/2019\/09\/20180710_152745-1024x576.jpg\" alt=\"\" data-id=\"3149\" data-link=\"http:\/\/aeroclub-abbeville.fr\/?attachment_id=3149\" class=\"wp-image-3149\" srcset=\"http:\/\/aeroclub-abbeville.fr\/wp-content\/uploads\/2019\/09\/20180710_152745-1024x576.jpg 1024w, http:\/\/aeroclub-abbeville.fr\/wp-content\/uploads\/2019\/09\/20180710_152745-480x270.jpg 480w, http:\/\/aeroclub-abbeville.fr\/wp-content\/uploads\/2019\/09\/20180710_152745-768x432.jpg 768w, http:\/\/aeroclub-abbeville.fr\/wp-content\/uploads\/2019\/09\/20180710_152745-624x351.jpg 624w\" sizes=\"(max-width: 1024px) 100vw, 1024px\" \/><\/figure><\/li><li class=\"blocks-gallery-item\"><figure><img loading=\"lazy\" decoding=\"async\" width=\"1024\" height=\"576\" src=\"http:\/\/aeroclub-abbeville.fr\/wp-content\/uploads\/2019\/09\/20180710_152627-1-1024x576.jpg\" alt=\"\" data-id=\"3150\" data-link=\"http:\/\/aeroclub-abbeville.fr\/?attachment_id=3150\" class=\"wp-image-3150\" srcset=\"http:\/\/aeroclub-abbeville.fr\/wp-content\/uploads\/2019\/09\/20180710_152627-1-1024x576.jpg 1024w, http:\/\/aeroclub-abbeville.fr\/wp-content\/uploads\/2019\/09\/20180710_152627-1-480x270.jpg 480w, http:\/\/aeroclub-abbeville.fr\/wp-content\/uploads\/2019\/09\/20180710_152627-1-768x432.jpg 768w, http:\/\/aeroclub-abbeville.fr\/wp-content\/uploads\/2019\/09\/20180710_152627-1-624x351.jpg 624w\" sizes=\"(max-width: 1024px) 100vw, 1024px\" \/><\/figure><\/li><\/ul>\n\n\n\n<div class=\"wp-block-image\"><figure class=\"aligncenter is-resized\"><img loading=\"lazy\" decoding=\"async\" src=\"http:\/\/aeroclub-abbeville.fr\/wp-content\/uploads\/2019\/09\/20190825_145956-1024x768.jpg\" alt=\"\" class=\"wp-image-3151\" width=\"512\" height=\"384\" srcset=\"http:\/\/aeroclub-abbeville.fr\/wp-content\/uploads\/2019\/09\/20190825_145956-1024x768.jpg 1024w, http:\/\/aeroclub-abbeville.fr\/wp-content\/uploads\/2019\/09\/20190825_145956-480x360.jpg 480w, http:\/\/aeroclub-abbeville.fr\/wp-content\/uploads\/2019\/09\/20190825_145956-768x576.jpg 768w, http:\/\/aeroclub-abbeville.fr\/wp-content\/uploads\/2019\/09\/20190825_145956-624x468.jpg 624w\" sizes=\"(max-width: 512px) 100vw, 512px\" \/><figcaption>Pour le retour, apr\u00e8s les C\u00f4tes de Calais, nous survolons les massifs dunaires, puis les collines du Boulonnais jusqu&rsquo;\u00e0 la Baie ! La fin d&rsquo;un beau voyage !<\/figcaption><\/figure><\/div>\n\n\n\n<p style=\"text-align:center\">Jamais deux sans trois, aujourd&rsquo;hui, ce sera un vol jusqu&rsquo;\u00e0 Etretat, le long de la C\u00f4te Normande ! Cette fois \u00e0 bord d&rsquo;un Cessna, avec le pilote, nous serons trois \u00e0 admirer les magnifiques panoramas !<\/p>\n\n\n\n<ul class=\"wp-block-gallery columns-1 is-cropped wp-block-gallery-5 is-layout-flex wp-block-gallery-is-layout-flex\"><li class=\"blocks-gallery-item\"><figure><img loading=\"lazy\" decoding=\"async\" width=\"1024\" height=\"768\" src=\"http:\/\/aeroclub-abbeville.fr\/wp-content\/uploads\/2019\/09\/20190825_151939-1024x768.jpg\" alt=\"\" data-id=\"3168\" data-link=\"http:\/\/aeroclub-abbeville.fr\/?attachment_id=3168\" class=\"wp-image-3168\" srcset=\"http:\/\/aeroclub-abbeville.fr\/wp-content\/uploads\/2019\/09\/20190825_151939-1024x768.jpg 1024w, http:\/\/aeroclub-abbeville.fr\/wp-content\/uploads\/2019\/09\/20190825_151939-480x360.jpg 480w, http:\/\/aeroclub-abbeville.fr\/wp-content\/uploads\/2019\/09\/20190825_151939-768x576.jpg 768w, http:\/\/aeroclub-abbeville.fr\/wp-content\/uploads\/2019\/09\/20190825_151939-624x468.jpg 624w\" sizes=\"(max-width: 1024px) 100vw, 1024px\" \/><figcaption>Entre Le Tr\u00e9port et Dieppe<\/figcaption><\/figure><\/li><\/ul>\n\n\n\n<ul class=\"wp-block-gallery columns-3 is-cropped wp-block-gallery-6 is-layout-flex wp-block-gallery-is-layout-flex\"><li class=\"blocks-gallery-item\"><figure><img loading=\"lazy\" decoding=\"async\" width=\"1024\" height=\"768\" src=\"http:\/\/aeroclub-abbeville.fr\/wp-content\/uploads\/2019\/09\/20190825_151953-1024x768.jpg\" alt=\"\" data-id=\"3169\" data-link=\"http:\/\/aeroclub-abbeville.fr\/?attachment_id=3169\" class=\"wp-image-3169\" srcset=\"http:\/\/aeroclub-abbeville.fr\/wp-content\/uploads\/2019\/09\/20190825_151953-1024x768.jpg 1024w, http:\/\/aeroclub-abbeville.fr\/wp-content\/uploads\/2019\/09\/20190825_151953-480x360.jpg 480w, http:\/\/aeroclub-abbeville.fr\/wp-content\/uploads\/2019\/09\/20190825_151953-768x576.jpg 768w, http:\/\/aeroclub-abbeville.fr\/wp-content\/uploads\/2019\/09\/20190825_151953-624x468.jpg 624w\" sizes=\"(max-width: 1024px) 100vw, 1024px\" \/><\/figure><\/li><li class=\"blocks-gallery-item\"><figure><img loading=\"lazy\" decoding=\"async\" width=\"1024\" height=\"768\" src=\"http:\/\/aeroclub-abbeville.fr\/wp-content\/uploads\/2019\/09\/20190825_152032-1024x768.jpg\" alt=\"\" data-id=\"3170\" data-link=\"http:\/\/aeroclub-abbeville.fr\/?attachment_id=3170\" class=\"wp-image-3170\" srcset=\"http:\/\/aeroclub-abbeville.fr\/wp-content\/uploads\/2019\/09\/20190825_152032-1024x768.jpg 1024w, http:\/\/aeroclub-abbeville.fr\/wp-content\/uploads\/2019\/09\/20190825_152032-480x360.jpg 480w, http:\/\/aeroclub-abbeville.fr\/wp-content\/uploads\/2019\/09\/20190825_152032-768x576.jpg 768w, http:\/\/aeroclub-abbeville.fr\/wp-content\/uploads\/2019\/09\/20190825_152032-624x468.jpg 624w\" sizes=\"(max-width: 1024px) 100vw, 1024px\" \/><\/figure><\/li><li class=\"blocks-gallery-item\"><figure><img loading=\"lazy\" decoding=\"async\" width=\"1024\" height=\"768\" src=\"http:\/\/aeroclub-abbeville.fr\/wp-content\/uploads\/2019\/09\/20190825_152156-1024x768.jpg\" alt=\"\" data-id=\"3171\" data-link=\"http:\/\/aeroclub-abbeville.fr\/?attachment_id=3171\" class=\"wp-image-3171\" srcset=\"http:\/\/aeroclub-abbeville.fr\/wp-content\/uploads\/2019\/09\/20190825_152156-1024x768.jpg 1024w, http:\/\/aeroclub-abbeville.fr\/wp-content\/uploads\/2019\/09\/20190825_152156-480x360.jpg 480w, http:\/\/aeroclub-abbeville.fr\/wp-content\/uploads\/2019\/09\/20190825_152156-768x576.jpg 768w, http:\/\/aeroclub-abbeville.fr\/wp-content\/uploads\/2019\/09\/20190825_152156-624x468.jpg 624w\" sizes=\"(max-width: 1024px) 100vw, 1024px\" \/><\/figure><\/li><\/ul>\n\n\n\n<div class=\"wp-block-image\"><figure class=\"aligncenter\"><img loading=\"lazy\" decoding=\"async\" width=\"1024\" height=\"768\" src=\"http:\/\/aeroclub-abbeville.fr\/wp-content\/uploads\/2019\/09\/20190825_152202-1024x768.jpg\" alt=\"\" class=\"wp-image-3172\" srcset=\"http:\/\/aeroclub-abbeville.fr\/wp-content\/uploads\/2019\/09\/20190825_152202-1024x768.jpg 1024w, http:\/\/aeroclub-abbeville.fr\/wp-content\/uploads\/2019\/09\/20190825_152202-480x360.jpg 480w, http:\/\/aeroclub-abbeville.fr\/wp-content\/uploads\/2019\/09\/20190825_152202-768x576.jpg 768w, http:\/\/aeroclub-abbeville.fr\/wp-content\/uploads\/2019\/09\/20190825_152202-624x468.jpg 624w\" sizes=\"(max-width: 1024px) 100vw, 1024px\" \/><figcaption>De la Seine Maritime \u00e0 La Normandie !<\/figcaption><\/figure><\/div>\n\n\n\n<p> <\/p>\n\n\n\n<div class=\"wp-block-image\"><figure class=\"aligncenter is-resized\"><img loading=\"lazy\" decoding=\"async\" src=\"http:\/\/aeroclub-abbeville.fr\/wp-content\/uploads\/2019\/09\/20190825_152604-1024x768.jpg\" alt=\"\" class=\"wp-image-3173\" width=\"512\" height=\"384\" srcset=\"http:\/\/aeroclub-abbeville.fr\/wp-content\/uploads\/2019\/09\/20190825_152604-1024x768.jpg 1024w, http:\/\/aeroclub-abbeville.fr\/wp-content\/uploads\/2019\/09\/20190825_152604-480x360.jpg 480w, http:\/\/aeroclub-abbeville.fr\/wp-content\/uploads\/2019\/09\/20190825_152604-768x576.jpg 768w, http:\/\/aeroclub-abbeville.fr\/wp-content\/uploads\/2019\/09\/20190825_152604-624x468.jpg 624w\" sizes=\"(max-width: 512px) 100vw, 512px\" \/><figcaption>Un petit d\u00e9tour pour \u00e9viter la Centrale !<\/figcaption><\/figure><\/div>\n\n\n\n<ul class=\"wp-block-gallery columns-3 is-cropped wp-block-gallery-7 is-layout-flex wp-block-gallery-is-layout-flex\"><li class=\"blocks-gallery-item\"><figure><img loading=\"lazy\" decoding=\"async\" width=\"1024\" height=\"768\" src=\"http:\/\/aeroclub-abbeville.fr\/wp-content\/uploads\/2019\/09\/20190825_153802-1024x768.jpg\" alt=\"\" data-id=\"3174\" data-link=\"http:\/\/aeroclub-abbeville.fr\/?attachment_id=3174\" class=\"wp-image-3174\" srcset=\"http:\/\/aeroclub-abbeville.fr\/wp-content\/uploads\/2019\/09\/20190825_153802-1024x768.jpg 1024w, http:\/\/aeroclub-abbeville.fr\/wp-content\/uploads\/2019\/09\/20190825_153802-480x360.jpg 480w, http:\/\/aeroclub-abbeville.fr\/wp-content\/uploads\/2019\/09\/20190825_153802-768x576.jpg 768w, http:\/\/aeroclub-abbeville.fr\/wp-content\/uploads\/2019\/09\/20190825_153802-624x468.jpg 624w\" sizes=\"(max-width: 1024px) 100vw, 1024px\" \/><\/figure><\/li><li class=\"blocks-gallery-item\"><figure><img loading=\"lazy\" decoding=\"async\" width=\"1024\" height=\"768\" src=\"http:\/\/aeroclub-abbeville.fr\/wp-content\/uploads\/2019\/09\/20190825_153904-1024x768.jpg\" alt=\"\" data-id=\"3175\" data-link=\"http:\/\/aeroclub-abbeville.fr\/?attachment_id=3175\" class=\"wp-image-3175\" srcset=\"http:\/\/aeroclub-abbeville.fr\/wp-content\/uploads\/2019\/09\/20190825_153904-1024x768.jpg 1024w, http:\/\/aeroclub-abbeville.fr\/wp-content\/uploads\/2019\/09\/20190825_153904-480x360.jpg 480w, http:\/\/aeroclub-abbeville.fr\/wp-content\/uploads\/2019\/09\/20190825_153904-768x576.jpg 768w, http:\/\/aeroclub-abbeville.fr\/wp-content\/uploads\/2019\/09\/20190825_153904-624x468.jpg 624w\" sizes=\"(max-width: 1024px) 100vw, 1024px\" \/><\/figure><\/li><li class=\"blocks-gallery-item\"><figure><img loading=\"lazy\" decoding=\"async\" width=\"1024\" height=\"768\" src=\"http:\/\/aeroclub-abbeville.fr\/wp-content\/uploads\/2019\/09\/20190825_154122-1024x768.jpg\" alt=\"\" data-id=\"3176\" data-link=\"http:\/\/aeroclub-abbeville.fr\/?attachment_id=3176\" class=\"wp-image-3176\" srcset=\"http:\/\/aeroclub-abbeville.fr\/wp-content\/uploads\/2019\/09\/20190825_154122-1024x768.jpg 1024w, http:\/\/aeroclub-abbeville.fr\/wp-content\/uploads\/2019\/09\/20190825_154122-480x360.jpg 480w, http:\/\/aeroclub-abbeville.fr\/wp-content\/uploads\/2019\/09\/20190825_154122-768x576.jpg 768w, http:\/\/aeroclub-abbeville.fr\/wp-content\/uploads\/2019\/09\/20190825_154122-624x468.jpg 624w\" sizes=\"(max-width: 1024px) 100vw, 1024px\" \/><\/figure><\/li><\/ul>\n\n\n\n<div class=\"wp-block-image\"><figure class=\"aligncenter\"><img loading=\"lazy\" decoding=\"async\" width=\"1024\" height=\"768\" src=\"http:\/\/aeroclub-abbeville.fr\/wp-content\/uploads\/2019\/09\/20190825_154221-1024x768.jpg\" alt=\"\" class=\"wp-image-3177\" srcset=\"http:\/\/aeroclub-abbeville.fr\/wp-content\/uploads\/2019\/09\/20190825_154221-1024x768.jpg 1024w, http:\/\/aeroclub-abbeville.fr\/wp-content\/uploads\/2019\/09\/20190825_154221-480x360.jpg 480w, http:\/\/aeroclub-abbeville.fr\/wp-content\/uploads\/2019\/09\/20190825_154221-768x576.jpg 768w, http:\/\/aeroclub-abbeville.fr\/wp-content\/uploads\/2019\/09\/20190825_154221-624x468.jpg 624w\" sizes=\"(max-width: 1024px) 100vw, 1024px\" \/><figcaption>L&rsquo;aiguille d&rsquo;Etretat et le Cap d&rsquo;Antifer !<\/figcaption><\/figure><\/div>\n\n\n\n<p style=\"text-align:center\">Notre but est atteint, avec notre pilote exp\u00e9riment\u00e9, une navigation bien pr\u00e9par\u00e9e et un mat\u00e9riel bien g\u00e9r\u00e9, c&rsquo;est un magnifique voyage en toute s\u00e9curit\u00e9 ! A faire r\u00eaver ! Maintenant, il faut rentrer !<\/p>\n\n\n\n<ul class=\"wp-block-gallery columns-3 is-cropped wp-block-gallery-8 is-layout-flex wp-block-gallery-is-layout-flex\"><li class=\"blocks-gallery-item\"><figure><img loading=\"lazy\" decoding=\"async\" width=\"1024\" height=\"768\" src=\"http:\/\/aeroclub-abbeville.fr\/wp-content\/uploads\/2019\/09\/20190825_154520-1024x768.jpg\" alt=\"\" data-id=\"3180\" data-link=\"http:\/\/aeroclub-abbeville.fr\/?attachment_id=3180\" class=\"wp-image-3180\" srcset=\"http:\/\/aeroclub-abbeville.fr\/wp-content\/uploads\/2019\/09\/20190825_154520-1024x768.jpg 1024w, http:\/\/aeroclub-abbeville.fr\/wp-content\/uploads\/2019\/09\/20190825_154520-480x360.jpg 480w, http:\/\/aeroclub-abbeville.fr\/wp-content\/uploads\/2019\/09\/20190825_154520-768x576.jpg 768w, http:\/\/aeroclub-abbeville.fr\/wp-content\/uploads\/2019\/09\/20190825_154520-624x468.jpg 624w\" sizes=\"(max-width: 1024px) 100vw, 1024px\" \/><\/figure><\/li><li class=\"blocks-gallery-item\"><figure><img loading=\"lazy\" decoding=\"async\" width=\"1024\" height=\"768\" src=\"http:\/\/aeroclub-abbeville.fr\/wp-content\/uploads\/2019\/09\/20190825_155853-1024x768.jpg\" alt=\"\" data-id=\"3182\" data-link=\"http:\/\/aeroclub-abbeville.fr\/?attachment_id=3182\" class=\"wp-image-3182\" srcset=\"http:\/\/aeroclub-abbeville.fr\/wp-content\/uploads\/2019\/09\/20190825_155853-1024x768.jpg 1024w, http:\/\/aeroclub-abbeville.fr\/wp-content\/uploads\/2019\/09\/20190825_155853-480x360.jpg 480w, http:\/\/aeroclub-abbeville.fr\/wp-content\/uploads\/2019\/09\/20190825_155853-768x576.jpg 768w, http:\/\/aeroclub-abbeville.fr\/wp-content\/uploads\/2019\/09\/20190825_155853-624x468.jpg 624w\" sizes=\"(max-width: 1024px) 100vw, 1024px\" \/><\/figure><\/li><li class=\"blocks-gallery-item\"><figure><img loading=\"lazy\" decoding=\"async\" width=\"1024\" height=\"768\" src=\"http:\/\/aeroclub-abbeville.fr\/wp-content\/uploads\/2019\/09\/20190825_155956-1024x768.jpg\" alt=\"\" data-id=\"3185\" data-link=\"http:\/\/aeroclub-abbeville.fr\/?attachment_id=3185\" class=\"wp-image-3185\" srcset=\"http:\/\/aeroclub-abbeville.fr\/wp-content\/uploads\/2019\/09\/20190825_155956-1024x768.jpg 1024w, http:\/\/aeroclub-abbeville.fr\/wp-content\/uploads\/2019\/09\/20190825_155956-480x360.jpg 480w, http:\/\/aeroclub-abbeville.fr\/wp-content\/uploads\/2019\/09\/20190825_155956-768x576.jpg 768w, http:\/\/aeroclub-abbeville.fr\/wp-content\/uploads\/2019\/09\/20190825_155956-624x468.jpg 624w\" sizes=\"(max-width: 1024px) 100vw, 1024px\" \/><\/figure><\/li><\/ul>\n\n\n\n<div class=\"wp-block-image\"><figure class=\"aligncenter is-resized\"><img loading=\"lazy\" decoding=\"async\" src=\"http:\/\/aeroclub-abbeville.fr\/wp-content\/uploads\/2019\/09\/20190825_161614-1024x768.jpg\" alt=\"\" class=\"wp-image-3186\" width=\"512\" height=\"384\" srcset=\"http:\/\/aeroclub-abbeville.fr\/wp-content\/uploads\/2019\/09\/20190825_161614-1024x768.jpg 1024w, http:\/\/aeroclub-abbeville.fr\/wp-content\/uploads\/2019\/09\/20190825_161614-480x360.jpg 480w, http:\/\/aeroclub-abbeville.fr\/wp-content\/uploads\/2019\/09\/20190825_161614-768x576.jpg 768w, http:\/\/aeroclub-abbeville.fr\/wp-content\/uploads\/2019\/09\/20190825_161614-624x468.jpg 624w\" sizes=\"(max-width: 512px) 100vw, 512px\" \/><figcaption>Fin de journ\u00e9e,  la mar\u00e9e s&rsquo;est retir\u00e9e !<\/figcaption><\/figure><\/div>\n\n\n\n<p style=\"text-align:center\">Avec de telles beaut\u00e9s, on est vite contamin\u00e9 par ce virus des voyages a\u00e9riens ! Alors, si comme moi, le coeur vous en dit, venez vous renseigner pour un vol r\u00e9serv\u00e9 et n&rsquo;h\u00e9sitez pas \u00e0 nous contacter !<\/p>\n\n\n\n<p style=\"text-align:center\">A bient\u00f4t pour de nouvelles aventures !<\/p>\n\n\n\n<p style=\"text-align:center\">Fran\u00e7oise Sockeel<\/p>\n\n\n\n<p style=\"text-align:left\">Cr\u00e9dits photos : Fran\u00e7oise et Pascal Sockeel<br>Texte inspir\u00e9 de Michel Legrand<\/p>\n\n\n","protected":false},"excerpt":{"rendered":"<p>4 Septembre 2019 C&rsquo;est un Carnet de Voyages, Souvenirs des Vols en avion pour d\u00e9couvrir notre r\u00e9gion et m\u00eame un peu plus loin ! A partir d&rsquo;Abbeville-Baie-de-Somme, \u00ab\u00a0On peut marcher sur la mer, Danser autour de la terre, Se balancer dans les airs, On peut tout faire, Quand on aime\u00a0\u00bb, \u00e7a ! Pour un anniversaire [&hellip;]<\/p>\n","protected":false},"author":211,"featured_media":0,"comment_status":"open","ping_status":"closed","sticky":false,"template":"","format":"standard","meta":{"inline_featured_image":false,"footnotes":""},"categories":[20,2,3,18,31],"tags":[],"class_list":["post-3093","post","type-post","status-publish","format-standard","hentry","category-actualites","category-avion","category-club","category-vie-du-club","category-voyages"],"_links":{"self":[{"href":"http:\/\/aeroclub-abbeville.fr\/index.php?rest_route=\/wp\/v2\/posts\/3093","targetHints":{"allow":["GET"]}}],"collection":[{"href":"http:\/\/aeroclub-abbeville.fr\/index.php?rest_route=\/wp\/v2\/posts"}],"about":[{"href":"http:\/\/aeroclub-abbeville.fr\/index.php?rest_route=\/wp\/v2\/types\/post"}],"author":[{"embeddable":true,"href":"http:\/\/aeroclub-abbeville.fr\/index.php?rest_route=\/wp\/v2\/users\/211"}],"replies":[{"embeddable":true,"href":"http:\/\/aeroclub-abbeville.fr\/index.php?rest_route=%2Fwp%2Fv2%2Fcomments&post=3093"}],"version-history":[{"count":56,"href":"http:\/\/aeroclub-abbeville.fr\/index.php?rest_route=\/wp\/v2\/posts\/3093\/revisions"}],"predecessor-version":[{"id":5021,"href":"http:\/\/aeroclub-abbeville.fr\/index.php?rest_route=\/wp\/v2\/posts\/3093\/revisions\/5021"}],"wp:attachment":[{"href":"http:\/\/aeroclub-abbeville.fr\/index.php?rest_route=%2Fwp%2Fv2%2Fmedia&parent=3093"}],"wp:term":[{"taxonomy":"category","embeddable":true,"href":"http:\/\/aeroclub-abbeville.fr\/index.php?rest_route=%2Fwp%2Fv2%2Fcategories&post=3093"},{"taxonomy":"post_tag","embeddable":true,"href":"http:\/\/aeroclub-abbeville.fr\/index.php?rest_route=%2Fwp%2Fv2%2Ftags&post=3093"}],"curies":[{"name":"wp","href":"https:\/\/api.w.org\/{rel}","templated":true}]}}