{"id":3218,"date":"2019-09-07T08:57:53","date_gmt":"2019-09-07T07:57:53","guid":{"rendered":"http:\/\/aeroclub-abbeville.fr\/?p=3218"},"modified":"2019-09-17T16:53:32","modified_gmt":"2019-09-17T15:53:32","slug":"au-revoir-nounours","status":"publish","type":"post","link":"http:\/\/aeroclub-abbeville.fr\/?p=3218","title":{"rendered":"Au revoir Nounours !"},"content":{"rendered":"\n<p style=\"text-align: left;\">7 Septembre 2019<\/p>\n\n\n\n<p><img fetchpriority=\"high\" decoding=\"async\" class=\"alignnone size-medium wp-image-3219\" src=\"http:\/\/aeroclub-abbeville.fr\/wp-content\/uploads\/2019\/09\/IMG_3824-480x320.jpg\" alt=\"\" width=\"480\" height=\"320\" srcset=\"http:\/\/aeroclub-abbeville.fr\/wp-content\/uploads\/2019\/09\/IMG_3824-480x320.jpg 480w, http:\/\/aeroclub-abbeville.fr\/wp-content\/uploads\/2019\/09\/IMG_3824-768x512.jpg 768w, http:\/\/aeroclub-abbeville.fr\/wp-content\/uploads\/2019\/09\/IMG_3824-1024x683.jpg 1024w, http:\/\/aeroclub-abbeville.fr\/wp-content\/uploads\/2019\/09\/IMG_3824-624x416.jpg 624w\" sizes=\"(max-width: 480px) 100vw, 480px\" \/><\/p>\n<p style=\"text-align: center;\">Notre ami Alain Bernage, chef pilote de Saint Romain le Havre nous a quitt\u00e9 \u00e0 l&rsquo;aube de ses 75 ans.<br \/>Pendant une dixaine d&rsquo;ann\u00e9es, nous avons partag\u00e9 ensembe une bonne ambiance lors des camps a\u00e9ronautique d&rsquo;Argenton sur Creuse.<\/p>\n<p style=\"text-align: center;\">Alain revenait deux \u00e0 trois fois par an en compagnie de Ghislaine sur Abbeville pour renouveler les visites (CEN) de nos planeurs.<br \/><br \/>Les fun\u00e9railles auront lieu le mardi 10 septembre \u00e0 14h30.<br \/><br \/>Nous sommes de tout coeur avec la famille et le club de Saint Romain.<\/p>\n\n\n\n<p style=\"text-align:left\">Suzanne Cdr<\/p>\n","protected":false},"excerpt":{"rendered":"<p>Suzanne Cdr<\/p>\n","protected":false},"author":4,"featured_media":0,"comment_status":"open","ping_status":"closed","sticky":false,"template":"","format":"standard","meta":{"inline_featured_image":false,"footnotes":""},"categories":[1],"tags":[],"class_list":["post-3218","post","type-post","status-publish","format-standard","hentry","category-non-classe"],"_links":{"self":[{"href":"http:\/\/aeroclub-abbeville.fr\/index.php?rest_route=\/wp\/v2\/posts\/3218","targetHints":{"allow":["GET"]}}],"collection":[{"href":"http:\/\/aeroclub-abbeville.fr\/index.php?rest_route=\/wp\/v2\/posts"}],"about":[{"href":"http:\/\/aeroclub-abbeville.fr\/index.php?rest_route=\/wp\/v2\/types\/post"}],"author":[{"embeddable":true,"href":"http:\/\/aeroclub-abbeville.fr\/index.php?rest_route=\/wp\/v2\/users\/4"}],"replies":[{"embeddable":true,"href":"http:\/\/aeroclub-abbeville.fr\/index.php?rest_route=%2Fwp%2Fv2%2Fcomments&post=3218"}],"version-history":[{"count":4,"href":"http:\/\/aeroclub-abbeville.fr\/index.php?rest_route=\/wp\/v2\/posts\/3218\/revisions"}],"predecessor-version":[{"id":3250,"href":"http:\/\/aeroclub-abbeville.fr\/index.php?rest_route=\/wp\/v2\/posts\/3218\/revisions\/3250"}],"wp:attachment":[{"href":"http:\/\/aeroclub-abbeville.fr\/index.php?rest_route=%2Fwp%2Fv2%2Fmedia&parent=3218"}],"wp:term":[{"taxonomy":"category","embeddable":true,"href":"http:\/\/aeroclub-abbeville.fr\/index.php?rest_route=%2Fwp%2Fv2%2Fcategories&post=3218"},{"taxonomy":"post_tag","embeddable":true,"href":"http:\/\/aeroclub-abbeville.fr\/index.php?rest_route=%2Fwp%2Fv2%2Ftags&post=3218"}],"curies":[{"name":"wp","href":"https:\/\/api.w.org\/{rel}","templated":true}]}}