{"id":3222,"date":"2019-09-17T16:17:22","date_gmt":"2019-09-17T15:17:22","guid":{"rendered":"http:\/\/aeroclub-abbeville.fr\/?p=3222"},"modified":"2019-09-17T16:54:37","modified_gmt":"2019-09-17T15:54:37","slug":"en-vol-a-voile-a-abbeville-la-valeur-du-velivole-nattend-pas-le-nombre-des-heures-de-vol","status":"publish","type":"post","link":"http:\/\/aeroclub-abbeville.fr\/?p=3222","title":{"rendered":"En Vol \u00e0 Voile, \u00e0 Abbeville, la valeur du V\u00e9livole n\u2019attend pas le nombre d\u2019heures de vol !!!"},"content":{"rendered":"\n<p style=\"text-align:left\">15 Septembre 2019<\/p>\n\n\n\n<p style=\"text-align:center\">Cette ann\u00e9e, les vendanges du BIA promettent un \u00ab&nbsp;Grand Cru&nbsp;\u00bb encore meilleur qu\u2019on ne croit !<\/p>\n\n\n\n<div class=\"wp-block-image\"><figure class=\"aligncenter\"><img fetchpriority=\"high\" decoding=\"async\" width=\"758\" height=\"1024\" src=\"http:\/\/aeroclub-abbeville.fr\/wp-content\/uploads\/2019\/09\/F1D98E10-CFE6-42F6-B9C8-8443357F8632-758x1024.jpeg\" alt=\"\" class=\"wp-image-3231\" srcset=\"http:\/\/aeroclub-abbeville.fr\/wp-content\/uploads\/2019\/09\/F1D98E10-CFE6-42F6-B9C8-8443357F8632-758x1024.jpeg 758w, http:\/\/aeroclub-abbeville.fr\/wp-content\/uploads\/2019\/09\/F1D98E10-CFE6-42F6-B9C8-8443357F8632-355x480.jpeg 355w, http:\/\/aeroclub-abbeville.fr\/wp-content\/uploads\/2019\/09\/F1D98E10-CFE6-42F6-B9C8-8443357F8632-768x1037.jpeg 768w, http:\/\/aeroclub-abbeville.fr\/wp-content\/uploads\/2019\/09\/F1D98E10-CFE6-42F6-B9C8-8443357F8632-624x843.jpeg 624w, http:\/\/aeroclub-abbeville.fr\/wp-content\/uploads\/2019\/09\/F1D98E10-CFE6-42F6-B9C8-8443357F8632.jpeg 1250w\" sizes=\"(max-width: 758px) 100vw, 758px\" \/><figcaption>Votez tous pour Marius ! <\/figcaption><\/figure><\/div>\n\n\n\n<p style=\"text-align:center\">Marius Lartisien, tout jeune Pilote de planeur, nous a surpris depuis ses premiers moments d\u2019apprentissage, par sa rigueur attentive, ses comp\u00e9tences, sa solidarit\u00e9 et sa motivation sans faille. <\/p>\n\n\n\n<div class=\"wp-block-image\"><figure class=\"aligncenter\"><img decoding=\"async\" width=\"1024\" height=\"768\" src=\"http:\/\/aeroclub-abbeville.fr\/wp-content\/uploads\/2019\/09\/B22E8997-F72F-4560-A68A-0459FD9DC844-1024x768.jpeg\" alt=\"\" class=\"wp-image-3227\" srcset=\"http:\/\/aeroclub-abbeville.fr\/wp-content\/uploads\/2019\/09\/B22E8997-F72F-4560-A68A-0459FD9DC844-1024x768.jpeg 1024w, http:\/\/aeroclub-abbeville.fr\/wp-content\/uploads\/2019\/09\/B22E8997-F72F-4560-A68A-0459FD9DC844-480x360.jpeg 480w, http:\/\/aeroclub-abbeville.fr\/wp-content\/uploads\/2019\/09\/B22E8997-F72F-4560-A68A-0459FD9DC844-768x576.jpeg 768w, http:\/\/aeroclub-abbeville.fr\/wp-content\/uploads\/2019\/09\/B22E8997-F72F-4560-A68A-0459FD9DC844-624x468.jpeg 624w\" sizes=\"(max-width: 1024px) 100vw, 1024px\" \/><figcaption>L\u2019ASK13, c\u2019est \u00ab&nbsp;Bal\u00e8se, Blaise !&nbsp;\u00bb<\/figcaption><\/figure><\/div>\n\n\n\n<p style=\"text-align:center\">Avec son p\u00e8re Xavier, ils ont pris leurs premi\u00e8res le\u00e7ons de Vol en Planeur, tout en pr\u00e9parant le Brevet d\u2019Initiation \u00e0 l\u2019A\u00e9ronautique. Comme cela ne leur suffisait pas dans ce relais de \u00ab&nbsp;Saute-Nuages&nbsp;\u00bb, ils ont effectu\u00e9, au mois de juillet, le Stage d\u2019\u00e9t\u00e9, \u00e0 Troyes, avec toute l\u2019\u00e9quipe d\u2019Abbeville,  pour engranger les heures de vol et les exp\u00e9riences. <\/p>\n\n\n\n<p style=\"text-align:center\">Et Marius nous en parle avec tellement de ferveur ! <\/p>\n\n\n\n<p style=\"text-align:center\">\u00ab&nbsp;Etant un passionn\u00e9 d&rsquo;a\u00e9ronautique et voulant par la suite y faire carri\u00e8re, j&rsquo;ai d&rsquo;abord commenc\u00e9 par le BIA et assez rapidement&nbsp; on m&rsquo;a parl\u00e9 du planeur. Sous l&rsquo;impulsion de mon instructeur Fred, j&rsquo;ai d&rsquo;abord d\u00e9but\u00e9 sur Simu, puis sur planeur pour de vrai et j&rsquo;ai \u00e9t\u00e9 piqu\u00e9 !!! Y&rsquo;a pas de moteur, mais tu peux voler loin et haut, pendant des heures, \u00e0 fleur de nuages, donc d\u00e8s que je peux, je vole, car le planeur c&rsquo;est GENIAL !&nbsp;\u00bb<\/p>\n\n\n\n<div class=\"wp-block-image\"><figure class=\"aligncenter\"><img decoding=\"async\" width=\"1024\" height=\"768\" src=\"http:\/\/aeroclub-abbeville.fr\/wp-content\/uploads\/2019\/09\/06CDF0D7-8B38-4450-8FDD-9FB0B29810E4-1024x768.jpeg\" alt=\"\" class=\"wp-image-3224\" srcset=\"http:\/\/aeroclub-abbeville.fr\/wp-content\/uploads\/2019\/09\/06CDF0D7-8B38-4450-8FDD-9FB0B29810E4-1024x768.jpeg 1024w, http:\/\/aeroclub-abbeville.fr\/wp-content\/uploads\/2019\/09\/06CDF0D7-8B38-4450-8FDD-9FB0B29810E4-480x360.jpeg 480w, http:\/\/aeroclub-abbeville.fr\/wp-content\/uploads\/2019\/09\/06CDF0D7-8B38-4450-8FDD-9FB0B29810E4-768x576.jpeg 768w, http:\/\/aeroclub-abbeville.fr\/wp-content\/uploads\/2019\/09\/06CDF0D7-8B38-4450-8FDD-9FB0B29810E4-624x468.jpeg 624w\" sizes=\"(max-width: 1024px) 100vw, 1024px\" \/><figcaption>Marius Lartisien, <br>Quand on aime, on s\u2019y tient !<\/figcaption><\/figure><\/div>\n\n\n\n<p style=\"text-align:center\">Marius a donc d\u00e9cid\u00e9 de participer au Concours du BIA, lanc\u00e9 par la F\u00e9d\u00e9ration Fran\u00e7aise de Vol en Planeur et nous a pr\u00e9par\u00e9 une superbe vid\u00e9o pour pr\u00e9senter sa passion.<\/p>\n\n\n\n<p style=\"text-align: center;\"><a href=\"https:\/\/m.youtube.com\/watch?v=_fK2afkWL7I\">https:\/\/m.youtube.com\/watch?v=_fK2afkWL7I<\/a><\/p>\n\n\n\n<p style=\"text-align:center\">Nous lui souhaitons bonne chance et votons pour lui sur la page de la FFVP<\/p>\n\n\n\n<div class=\"wp-block-image\"><figure class=\"aligncenter\"><img loading=\"lazy\" decoding=\"async\" width=\"1024\" height=\"765\" src=\"http:\/\/aeroclub-abbeville.fr\/wp-content\/uploads\/2019\/09\/953532A2-6879-4C0C-AF9C-5CECC866E28D-1024x765.jpeg\" alt=\"\" class=\"wp-image-3237\" srcset=\"http:\/\/aeroclub-abbeville.fr\/wp-content\/uploads\/2019\/09\/953532A2-6879-4C0C-AF9C-5CECC866E28D-1024x765.jpeg 1024w, http:\/\/aeroclub-abbeville.fr\/wp-content\/uploads\/2019\/09\/953532A2-6879-4C0C-AF9C-5CECC866E28D-480x359.jpeg 480w, http:\/\/aeroclub-abbeville.fr\/wp-content\/uploads\/2019\/09\/953532A2-6879-4C0C-AF9C-5CECC866E28D-768x574.jpeg 768w, http:\/\/aeroclub-abbeville.fr\/wp-content\/uploads\/2019\/09\/953532A2-6879-4C0C-AF9C-5CECC866E28D-624x466.jpeg 624w\" sizes=\"(max-width: 1024px) 100vw, 1024px\" \/><figcaption>Marius ( au centre de la photo ) est toujours pr\u00eat ! T\u2019inqui\u00e8tes pas, Marius, on croit en toi !<\/figcaption><\/figure><\/div>\n\n\n\n<p style=\"text-align:center\">\u00c0 bient\u00f4t pour les r\u00e9sultats !<\/p>\n\n\n\n<p style=\"text-align:center\">Venez nombreux \u00e0 la journ\u00e9e de remise des dipl\u00f4mes du BIA !<\/p>\n\n\n\n<p style=\"text-align:center\">Le Samedi 28 Septembre \u00e0 17h<\/p>\n\n\n\n<p style=\"text-align:center\">Fran\u00e7oise Sockeel <\/p>\n\n\n\n<p style=\"text-align:left\">Cr\u00e9dits photos : Xavier Lartisien, Fran\u00e7oise Sockeel, <\/p>\n\n\n\n<p>Vid\u00e9o : Alex<\/p>\n\n\n\n<p><\/p>\n","protected":false},"excerpt":{"rendered":"<p>15 Septembre 2019 Cette ann\u00e9e, les vendanges du BIA promettent un \u00ab&nbsp;Grand Cru&nbsp;\u00bb encore meilleur qu\u2019on ne croit ! Marius Lartisien, tout jeune Pilote de planeur, nous a surpris depuis ses premiers moments d\u2019apprentissage, par sa rigueur attentive, ses comp\u00e9tences, sa solidarit\u00e9 et sa motivation sans faille. Avec son p\u00e8re Xavier, ils ont pris leurs [&hellip;]<\/p>\n","protected":false},"author":211,"featured_media":0,"comment_status":"open","ping_status":"closed","sticky":false,"template":"","format":"standard","meta":{"inline_featured_image":false,"footnotes":""},"categories":[20,22,3,6,8,11,13,18,19,31],"tags":[],"class_list":["post-3222","post","type-post","status-publish","format-standard","hentry","category-actualites","category-bia","category-club","category-formation","category-formation_planeur","category-manifestations","category-planeur","category-vie-du-club","category-vol-a-voile","category-voyages"],"_links":{"self":[{"href":"http:\/\/aeroclub-abbeville.fr\/index.php?rest_route=\/wp\/v2\/posts\/3222","targetHints":{"allow":["GET"]}}],"collection":[{"href":"http:\/\/aeroclub-abbeville.fr\/index.php?rest_route=\/wp\/v2\/posts"}],"about":[{"href":"http:\/\/aeroclub-abbeville.fr\/index.php?rest_route=\/wp\/v2\/types\/post"}],"author":[{"embeddable":true,"href":"http:\/\/aeroclub-abbeville.fr\/index.php?rest_route=\/wp\/v2\/users\/211"}],"replies":[{"embeddable":true,"href":"http:\/\/aeroclub-abbeville.fr\/index.php?rest_route=%2Fwp%2Fv2%2Fcomments&post=3222"}],"version-history":[{"count":17,"href":"http:\/\/aeroclub-abbeville.fr\/index.php?rest_route=\/wp\/v2\/posts\/3222\/revisions"}],"predecessor-version":[{"id":3251,"href":"http:\/\/aeroclub-abbeville.fr\/index.php?rest_route=\/wp\/v2\/posts\/3222\/revisions\/3251"}],"wp:attachment":[{"href":"http:\/\/aeroclub-abbeville.fr\/index.php?rest_route=%2Fwp%2Fv2%2Fmedia&parent=3222"}],"wp:term":[{"taxonomy":"category","embeddable":true,"href":"http:\/\/aeroclub-abbeville.fr\/index.php?rest_route=%2Fwp%2Fv2%2Fcategories&post=3222"},{"taxonomy":"post_tag","embeddable":true,"href":"http:\/\/aeroclub-abbeville.fr\/index.php?rest_route=%2Fwp%2Fv2%2Ftags&post=3222"}],"curies":[{"name":"wp","href":"https:\/\/api.w.org\/{rel}","templated":true}]}}