{"id":3253,"date":"2019-09-23T11:57:46","date_gmt":"2019-09-23T10:57:46","guid":{"rendered":"http:\/\/aeroclub-abbeville.fr\/?p=3253"},"modified":"2019-09-23T13:34:45","modified_gmt":"2019-09-23T12:34:45","slug":"la-passion-fait-tout-toujours-et-partout-la-belle-histoire-du-brevet-de-pilote-dalan-barjou","status":"publish","type":"post","link":"http:\/\/aeroclub-abbeville.fr\/?p=3253","title":{"rendered":"La Passion fait tout ! Toujours et Partout ! La belle histoire du Brevet de Pilote d\u2019Alan Barjou !"},"content":{"rendered":"\n<p>23 Septembre 2019<\/p>\n\n\n\n<p style=\"text-align:center\">\u00c7a y est ! Depuis quelques semaines, Alan Barjou, Brevet PPL en poche ( Licence de Pilote Priv\u00e9), est Pilote d\u2019avion ! Alan est un habitu\u00e9 des pistes de l\u2019A\u00e9roclub d\u2019Abbeville-Baie-de-Somme, il vole maintenant en toute libert\u00e9 vers son lieu de pr\u00e9dilection, le \u00ab\u00a0Ciel de la Baie\u00a0\u00bb et ses autres contr\u00e9es privil\u00e9gi\u00e9es. <\/p>\n\n\n\n<div class=\"wp-block-image\"><figure class=\"aligncenter\"><img fetchpriority=\"high\" decoding=\"async\" width=\"1024\" height=\"768\" src=\"http:\/\/aeroclub-abbeville.fr\/wp-content\/uploads\/2019\/09\/B28AE65D-CE62-4A2B-BAB2-270ED282ADDD-1024x768.jpeg\" alt=\"\" class=\"wp-image-3259\" srcset=\"http:\/\/aeroclub-abbeville.fr\/wp-content\/uploads\/2019\/09\/B28AE65D-CE62-4A2B-BAB2-270ED282ADDD-1024x768.jpeg 1024w, http:\/\/aeroclub-abbeville.fr\/wp-content\/uploads\/2019\/09\/B28AE65D-CE62-4A2B-BAB2-270ED282ADDD-480x360.jpeg 480w, http:\/\/aeroclub-abbeville.fr\/wp-content\/uploads\/2019\/09\/B28AE65D-CE62-4A2B-BAB2-270ED282ADDD-768x576.jpeg 768w, http:\/\/aeroclub-abbeville.fr\/wp-content\/uploads\/2019\/09\/B28AE65D-CE62-4A2B-BAB2-270ED282ADDD-624x468.jpeg 624w\" sizes=\"(max-width: 1024px) 100vw, 1024px\" \/><figcaption>Alan et le Cessna !<\/figcaption><\/figure><\/div>\n\n\n\n<p style=\"text-align:center\">Depuis son plus jeune \u00e2ge, Alan s\u2019est int\u00e9ress\u00e9 \u00e0 l&rsquo;a\u00e9ronautique. D\u00e8s ses 14 ans, il passe r\u00e9guli\u00e8rement ses heures de d\u00e9tente sur les simulateurs de vol et passe son Brevet de base \u00e0 15 ans, \u00e0 Pontoise. Sa maman lui offre  un superbe cadeau, fort appr\u00e9ci\u00e9, 12h de vol pour s\u2019entrainer.<\/p>\n\n\n\n<div class=\"wp-block-image\"><figure class=\"aligncenter is-resized\"><img decoding=\"async\" src=\"http:\/\/aeroclub-abbeville.fr\/wp-content\/uploads\/2019\/09\/20190825_161549-1024x768.jpg\" alt=\"\" class=\"wp-image-3183\" width=\"768\" height=\"576\" srcset=\"http:\/\/aeroclub-abbeville.fr\/wp-content\/uploads\/2019\/09\/20190825_161549-1024x768.jpg 1024w, http:\/\/aeroclub-abbeville.fr\/wp-content\/uploads\/2019\/09\/20190825_161549-480x360.jpg 480w, http:\/\/aeroclub-abbeville.fr\/wp-content\/uploads\/2019\/09\/20190825_161549-768x576.jpg 768w, http:\/\/aeroclub-abbeville.fr\/wp-content\/uploads\/2019\/09\/20190825_161549-624x468.jpg 624w\" sizes=\"(max-width: 768px) 100vw, 768px\" \/><figcaption>Les beaut\u00e9s de la Baie de Somme ! <\/figcaption><\/figure><\/div>\n\n\n\n<p style=\"text-align:center\">Mais la vie a ses contraintes ! Et Alan doit arr\u00eater de voler pour continuer ses \u00e9tudes de Master en logistique, transports et Commerce international \u00e0 Monchy Saint \u00c9loi. Il pourra n\u00e9anmoins profiter d\u2019un stage de 6 mois \u00e0 New York, renfor\u00e7ant ainsi son go\u00fbt des voyages. Ses heures de d\u00e9tente se passant r\u00e9guli\u00e8rement \u00e0 approfondir ses comp\u00e9tences sur les Simulateurs de vol.<\/p>\n\n\n\n<div class=\"wp-block-image\"><figure class=\"aligncenter is-resized\"><img decoding=\"async\" src=\"http:\/\/aeroclub-abbeville.fr\/wp-content\/uploads\/2019\/09\/BCF2374F-A1F1-483A-B6BF-B134118EDE31.jpeg\" alt=\"\" class=\"wp-image-3269\" width=\"540\" height=\"298\" srcset=\"http:\/\/aeroclub-abbeville.fr\/wp-content\/uploads\/2019\/09\/BCF2374F-A1F1-483A-B6BF-B134118EDE31.jpeg 720w, http:\/\/aeroclub-abbeville.fr\/wp-content\/uploads\/2019\/09\/BCF2374F-A1F1-483A-B6BF-B134118EDE31-480x265.jpeg 480w, http:\/\/aeroclub-abbeville.fr\/wp-content\/uploads\/2019\/09\/BCF2374F-A1F1-483A-B6BF-B134118EDE31-624x344.jpeg 624w\" sizes=\"(max-width: 540px) 100vw, 540px\" \/><figcaption>New York !<\/figcaption><\/figure><\/div>\n\n\n\n<div class=\"wp-block-image\"><figure class=\"aligncenter is-resized\"><img loading=\"lazy\" decoding=\"async\" src=\"http:\/\/aeroclub-abbeville.fr\/wp-content\/uploads\/2019\/09\/942F3AD6-8794-4194-A3DC-424848D12CA2.jpeg\" alt=\"\" class=\"wp-image-3271\" width=\"540\" height=\"405\" srcset=\"http:\/\/aeroclub-abbeville.fr\/wp-content\/uploads\/2019\/09\/942F3AD6-8794-4194-A3DC-424848D12CA2.jpeg 720w, http:\/\/aeroclub-abbeville.fr\/wp-content\/uploads\/2019\/09\/942F3AD6-8794-4194-A3DC-424848D12CA2-480x360.jpeg 480w, http:\/\/aeroclub-abbeville.fr\/wp-content\/uploads\/2019\/09\/942F3AD6-8794-4194-A3DC-424848D12CA2-624x468.jpeg 624w\" sizes=\"(max-width: 540px) 100vw, 540px\" \/><\/figure><\/div>\n\n\n\n<ul class=\"wp-block-gallery columns-2 is-cropped wp-block-gallery-1 is-layout-flex wp-block-gallery-is-layout-flex\"><li class=\"blocks-gallery-item\"><figure><img loading=\"lazy\" decoding=\"async\" width=\"720\" height=\"405\" src=\"http:\/\/aeroclub-abbeville.fr\/wp-content\/uploads\/2019\/09\/83F9955A-CD18-4B72-A3DE-86D7AC012335.jpeg\" alt=\"\" data-id=\"3266\" data-link=\"http:\/\/aeroclub-abbeville.fr\/?attachment_id=3266\" class=\"wp-image-3266\" srcset=\"http:\/\/aeroclub-abbeville.fr\/wp-content\/uploads\/2019\/09\/83F9955A-CD18-4B72-A3DE-86D7AC012335.jpeg 720w, http:\/\/aeroclub-abbeville.fr\/wp-content\/uploads\/2019\/09\/83F9955A-CD18-4B72-A3DE-86D7AC012335-480x270.jpeg 480w, http:\/\/aeroclub-abbeville.fr\/wp-content\/uploads\/2019\/09\/83F9955A-CD18-4B72-A3DE-86D7AC012335-624x351.jpeg 624w\" sizes=\"(max-width: 720px) 100vw, 720px\" \/><\/figure><\/li><li class=\"blocks-gallery-item\"><figure><img loading=\"lazy\" decoding=\"async\" width=\"720\" height=\"479\" src=\"http:\/\/aeroclub-abbeville.fr\/wp-content\/uploads\/2019\/09\/36DCEE0B-224F-4D51-A194-FD6263C2F604.jpeg\" alt=\"\" data-id=\"3268\" data-link=\"http:\/\/aeroclub-abbeville.fr\/?attachment_id=3268\" class=\"wp-image-3268\" srcset=\"http:\/\/aeroclub-abbeville.fr\/wp-content\/uploads\/2019\/09\/36DCEE0B-224F-4D51-A194-FD6263C2F604.jpeg 720w, http:\/\/aeroclub-abbeville.fr\/wp-content\/uploads\/2019\/09\/36DCEE0B-224F-4D51-A194-FD6263C2F604-480x319.jpeg 480w, http:\/\/aeroclub-abbeville.fr\/wp-content\/uploads\/2019\/09\/36DCEE0B-224F-4D51-A194-FD6263C2F604-624x415.jpeg 624w\" sizes=\"(max-width: 720px) 100vw, 720px\" \/><\/figure><\/li><\/ul>\n\n\n\n<p style=\"text-align:center\">Mais aussi d\u2019autres contr\u00e9es lointaines comme Duba\u00ef, la Jordanie ou Sydney &#8230;<\/p>\n\n\n\n<p style=\"text-align:center\">De retour en Picardie, toujours aussi amoureux du ciel, Alan se replonge enfin dans ses heures de vol ! D\u2019abord, d\u00e8s le 25 Juin 2018, il prend une dizaine d\u2019heures avec Claude Delohen, instructeur en Vol moteur de l\u2019a\u00e9roclub, puis ce sera la finalisation de son r\u00eave, fin ao\u00fbt 2019, au bout d\u2019un total de 49h d\u2019instruction,  dont 35h aupr\u00e8s de Philippe Deloye, qui signera, avec fiert\u00e9 le dipl\u00f4me de son Brevet.<\/p>\n\n\n\n<div class=\"wp-block-image\"><figure class=\"aligncenter is-resized\"><img loading=\"lazy\" decoding=\"async\" src=\"http:\/\/aeroclub-abbeville.fr\/wp-content\/uploads\/2019\/09\/2D683BCA-279E-450A-B046-97F7D7827133-1024x768.jpeg\" alt=\"\" class=\"wp-image-3281\" width=\"512\" height=\"384\" srcset=\"http:\/\/aeroclub-abbeville.fr\/wp-content\/uploads\/2019\/09\/2D683BCA-279E-450A-B046-97F7D7827133-1024x768.jpeg 1024w, http:\/\/aeroclub-abbeville.fr\/wp-content\/uploads\/2019\/09\/2D683BCA-279E-450A-B046-97F7D7827133-480x360.jpeg 480w, http:\/\/aeroclub-abbeville.fr\/wp-content\/uploads\/2019\/09\/2D683BCA-279E-450A-B046-97F7D7827133-768x576.jpeg 768w, http:\/\/aeroclub-abbeville.fr\/wp-content\/uploads\/2019\/09\/2D683BCA-279E-450A-B046-97F7D7827133-624x468.jpeg 624w\" sizes=\"(max-width: 512px) 100vw, 512px\" \/><figcaption>Alan et un de nos chefs pilotes chevronn\u00e9s : Alain Hermant.<\/figcaption><\/figure><\/div>\n\n\n\n<p style=\"text-align:center\">Les projets s\u2019intensifient. Le passage en classe 1 serait le futur privil\u00e9gi\u00e9, avec l\u2019apprentissage du vol de nuit, le vol en IFR ( Vol aux instruments), le FCL ( Certificat de Langue Anglaise), puis le CPL IR-ME ( Commercial Pilot Licence Instrument Rating- Multi Engine ) dans les prochaines ann\u00e9es &#8230;<\/p>\n\n\n\n<div class=\"wp-block-image\"><figure class=\"aligncenter is-resized\"><img loading=\"lazy\" decoding=\"async\" src=\"http:\/\/aeroclub-abbeville.fr\/wp-content\/uploads\/2019\/09\/759BE1EE-2A93-4565-AF7D-11EB95BFCBE0-1024x768.jpeg\" alt=\"\" class=\"wp-image-3285\" width=\"512\" height=\"384\" srcset=\"http:\/\/aeroclub-abbeville.fr\/wp-content\/uploads\/2019\/09\/759BE1EE-2A93-4565-AF7D-11EB95BFCBE0-1024x768.jpeg 1024w, http:\/\/aeroclub-abbeville.fr\/wp-content\/uploads\/2019\/09\/759BE1EE-2A93-4565-AF7D-11EB95BFCBE0-480x360.jpeg 480w, http:\/\/aeroclub-abbeville.fr\/wp-content\/uploads\/2019\/09\/759BE1EE-2A93-4565-AF7D-11EB95BFCBE0-768x576.jpeg 768w, http:\/\/aeroclub-abbeville.fr\/wp-content\/uploads\/2019\/09\/759BE1EE-2A93-4565-AF7D-11EB95BFCBE0-624x468.jpeg 624w, http:\/\/aeroclub-abbeville.fr\/wp-content\/uploads\/2019\/09\/759BE1EE-2A93-4565-AF7D-11EB95BFCBE0.jpeg 1200w\" sizes=\"(max-width: 512px) 100vw, 512px\" \/><figcaption>Attirant, n\u2019est ce pas ?<\/figcaption><\/figure><\/div>\n\n\n\n<ul class=\"wp-block-gallery aligncenter columns-3 is-cropped wp-block-gallery-2 is-layout-flex wp-block-gallery-is-layout-flex\"><li class=\"blocks-gallery-item\"><figure><img loading=\"lazy\" decoding=\"async\" width=\"700\" height=\"506\" src=\"http:\/\/aeroclub-abbeville.fr\/wp-content\/uploads\/2019\/09\/7CD76B3E-9D97-4404-9A9B-6F12C280911C.jpeg\" alt=\"\" data-id=\"3288\" class=\"wp-image-3288\" srcset=\"http:\/\/aeroclub-abbeville.fr\/wp-content\/uploads\/2019\/09\/7CD76B3E-9D97-4404-9A9B-6F12C280911C.jpeg 700w, http:\/\/aeroclub-abbeville.fr\/wp-content\/uploads\/2019\/09\/7CD76B3E-9D97-4404-9A9B-6F12C280911C-480x347.jpeg 480w, http:\/\/aeroclub-abbeville.fr\/wp-content\/uploads\/2019\/09\/7CD76B3E-9D97-4404-9A9B-6F12C280911C-624x451.jpeg 624w\" sizes=\"(max-width: 700px) 100vw, 700px\" \/><\/figure><\/li><li class=\"blocks-gallery-item\"><figure><img loading=\"lazy\" decoding=\"async\" width=\"1024\" height=\"768\" src=\"http:\/\/aeroclub-abbeville.fr\/wp-content\/uploads\/2019\/09\/8B3CB207-6F68-4090-8CEE-4A6AE8157BF1-1024x768.jpeg\" alt=\"\" data-id=\"3289\" data-link=\"http:\/\/aeroclub-abbeville.fr\/?attachment_id=3289\" class=\"wp-image-3289\" srcset=\"http:\/\/aeroclub-abbeville.fr\/wp-content\/uploads\/2019\/09\/8B3CB207-6F68-4090-8CEE-4A6AE8157BF1-1024x768.jpeg 1024w, http:\/\/aeroclub-abbeville.fr\/wp-content\/uploads\/2019\/09\/8B3CB207-6F68-4090-8CEE-4A6AE8157BF1-480x360.jpeg 480w, http:\/\/aeroclub-abbeville.fr\/wp-content\/uploads\/2019\/09\/8B3CB207-6F68-4090-8CEE-4A6AE8157BF1-768x576.jpeg 768w, http:\/\/aeroclub-abbeville.fr\/wp-content\/uploads\/2019\/09\/8B3CB207-6F68-4090-8CEE-4A6AE8157BF1-624x468.jpeg 624w, http:\/\/aeroclub-abbeville.fr\/wp-content\/uploads\/2019\/09\/8B3CB207-6F68-4090-8CEE-4A6AE8157BF1.jpeg 1200w\" sizes=\"(max-width: 1024px) 100vw, 1024px\" \/><\/figure><\/li><li class=\"blocks-gallery-item\"><figure><img loading=\"lazy\" decoding=\"async\" width=\"834\" height=\"1024\" src=\"http:\/\/aeroclub-abbeville.fr\/wp-content\/uploads\/2019\/09\/C038E970-3A5B-482D-91FF-20F42DC6368E-834x1024.jpeg\" alt=\"\" data-id=\"3290\" data-link=\"http:\/\/aeroclub-abbeville.fr\/?attachment_id=3290\" class=\"wp-image-3290\" srcset=\"http:\/\/aeroclub-abbeville.fr\/wp-content\/uploads\/2019\/09\/C038E970-3A5B-482D-91FF-20F42DC6368E-834x1024.jpeg 834w, http:\/\/aeroclub-abbeville.fr\/wp-content\/uploads\/2019\/09\/C038E970-3A5B-482D-91FF-20F42DC6368E-391x480.jpeg 391w, http:\/\/aeroclub-abbeville.fr\/wp-content\/uploads\/2019\/09\/C038E970-3A5B-482D-91FF-20F42DC6368E-768x943.jpeg 768w, http:\/\/aeroclub-abbeville.fr\/wp-content\/uploads\/2019\/09\/C038E970-3A5B-482D-91FF-20F42DC6368E-624x766.jpeg 624w, http:\/\/aeroclub-abbeville.fr\/wp-content\/uploads\/2019\/09\/C038E970-3A5B-482D-91FF-20F42DC6368E.jpeg 977w\" sizes=\"(max-width: 834px) 100vw, 834px\" \/><\/figure><\/li><li class=\"blocks-gallery-item\"><figure><img loading=\"lazy\" decoding=\"async\" width=\"960\" height=\"640\" src=\"http:\/\/aeroclub-abbeville.fr\/wp-content\/uploads\/2019\/09\/A5D13212-47F7-4D1E-80D4-F064EC491E97.jpeg\" alt=\"\" data-id=\"3291\" data-link=\"http:\/\/aeroclub-abbeville.fr\/?attachment_id=3291\" class=\"wp-image-3291\" srcset=\"http:\/\/aeroclub-abbeville.fr\/wp-content\/uploads\/2019\/09\/A5D13212-47F7-4D1E-80D4-F064EC491E97.jpeg 960w, http:\/\/aeroclub-abbeville.fr\/wp-content\/uploads\/2019\/09\/A5D13212-47F7-4D1E-80D4-F064EC491E97-480x320.jpeg 480w, http:\/\/aeroclub-abbeville.fr\/wp-content\/uploads\/2019\/09\/A5D13212-47F7-4D1E-80D4-F064EC491E97-768x512.jpeg 768w, http:\/\/aeroclub-abbeville.fr\/wp-content\/uploads\/2019\/09\/A5D13212-47F7-4D1E-80D4-F064EC491E97-624x416.jpeg 624w\" sizes=\"(max-width: 960px) 100vw, 960px\" \/><\/figure><\/li><\/ul>\n\n\n\n<p style=\"text-align:center\">Allez Alan, on y croit !<\/p>\n\n\n\n<p style=\"text-align:center\">A bient\u00f4t pour tes nouvelles aventures !<\/p>\n\n\n\n<p style=\"text-align:center\">Fran\u00e7oise Sockeel<\/p>\n\n\n\n<p>Cr\u00e9dits Photos : Alan Barjou, A\u00e9roclub d\u2019Abbeville, Air France, Fran\u00e7oise Sockeel<\/p>\n\n\n","protected":false},"excerpt":{"rendered":"<p>23 Septembre 2019 \u00c7a y est ! Depuis quelques semaines, Alan Barjou, Brevet PPL en poche ( Licence de Pilote Priv\u00e9), est Pilote d\u2019avion ! Alan est un habitu\u00e9 des pistes de l\u2019A\u00e9roclub d\u2019Abbeville-Baie-de-Somme, il vole maintenant en toute libert\u00e9 vers son lieu de pr\u00e9dilection, le \u00ab\u00a0Ciel de la Baie\u00a0\u00bb et ses autres contr\u00e9es privil\u00e9gi\u00e9es. [&hellip;]<\/p>\n","protected":false},"author":211,"featured_media":0,"comment_status":"open","ping_status":"closed","sticky":false,"template":"","format":"standard","meta":{"inline_featured_image":false,"footnotes":""},"categories":[20,2,3,6,7,18],"tags":[],"class_list":["post-3253","post","type-post","status-publish","format-standard","hentry","category-actualites","category-avion","category-club","category-formation","category-formation_avion","category-vie-du-club"],"_links":{"self":[{"href":"http:\/\/aeroclub-abbeville.fr\/index.php?rest_route=\/wp\/v2\/posts\/3253","targetHints":{"allow":["GET"]}}],"collection":[{"href":"http:\/\/aeroclub-abbeville.fr\/index.php?rest_route=\/wp\/v2\/posts"}],"about":[{"href":"http:\/\/aeroclub-abbeville.fr\/index.php?rest_route=\/wp\/v2\/types\/post"}],"author":[{"embeddable":true,"href":"http:\/\/aeroclub-abbeville.fr\/index.php?rest_route=\/wp\/v2\/users\/211"}],"replies":[{"embeddable":true,"href":"http:\/\/aeroclub-abbeville.fr\/index.php?rest_route=%2Fwp%2Fv2%2Fcomments&post=3253"}],"version-history":[{"count":25,"href":"http:\/\/aeroclub-abbeville.fr\/index.php?rest_route=\/wp\/v2\/posts\/3253\/revisions"}],"predecessor-version":[{"id":3299,"href":"http:\/\/aeroclub-abbeville.fr\/index.php?rest_route=\/wp\/v2\/posts\/3253\/revisions\/3299"}],"wp:attachment":[{"href":"http:\/\/aeroclub-abbeville.fr\/index.php?rest_route=%2Fwp%2Fv2%2Fmedia&parent=3253"}],"wp:term":[{"taxonomy":"category","embeddable":true,"href":"http:\/\/aeroclub-abbeville.fr\/index.php?rest_route=%2Fwp%2Fv2%2Fcategories&post=3253"},{"taxonomy":"post_tag","embeddable":true,"href":"http:\/\/aeroclub-abbeville.fr\/index.php?rest_route=%2Fwp%2Fv2%2Ftags&post=3253"}],"curies":[{"name":"wp","href":"https:\/\/api.w.org\/{rel}","templated":true}]}}