{"id":3302,"date":"2019-10-02T16:15:25","date_gmt":"2019-10-02T15:15:25","guid":{"rendered":"http:\/\/aeroclub-abbeville.fr\/?p=3302"},"modified":"2019-10-07T20:37:32","modified_gmt":"2019-10-07T19:37:32","slug":"quand-diplomes-il-y-a-cest-pour-la-remise-des-bia","status":"publish","type":"post","link":"http:\/\/aeroclub-abbeville.fr\/?p=3302","title":{"rendered":"Quand dipl\u00f4mes il y a, c\u2019est pour la Remise des BIA !"},"content":{"rendered":"\n<p>2 Octobre 2019<\/p>\n\n\n\n<p style=\"text-align:center\">Samedi dernier, le grand jour est arriv\u00e9 ! <\/p>\n\n\n\n<p style=\"text-align:center\">C\u2019est la conclusion de toute une ann\u00e9e ! Une ann\u00e9e de cours th\u00e9oriques, une ann\u00e9e de dimanches matins de travail, d\u2019attention, de vigilance, de r\u00e9flexions, de patience et d\u2019apprentis-sage pour tous, instructeurs-enseignants et \u00e9l\u00e8ves, pour obtenir le Brevet d\u2019Initiation \u00e0 l\u2019A\u00e9ronautique ! Et les Brevets de Pilotes !<\/p>\n\n\n\n\n\n<div class=\"wp-block-image\"><figure class=\"aligncenter is-resized\"><img fetchpriority=\"high\" decoding=\"async\" src=\"http:\/\/aeroclub-abbeville.fr\/wp-content\/uploads\/2019\/10\/84624DD0-8FB6-4C11-9B20-A6EBF5305E34-1024x683.jpeg\" alt=\"\" class=\"wp-image-3303\" width=\"768\" height=\"512\" srcset=\"http:\/\/aeroclub-abbeville.fr\/wp-content\/uploads\/2019\/10\/84624DD0-8FB6-4C11-9B20-A6EBF5305E34-1024x683.jpeg 1024w, http:\/\/aeroclub-abbeville.fr\/wp-content\/uploads\/2019\/10\/84624DD0-8FB6-4C11-9B20-A6EBF5305E34-480x320.jpeg 480w, http:\/\/aeroclub-abbeville.fr\/wp-content\/uploads\/2019\/10\/84624DD0-8FB6-4C11-9B20-A6EBF5305E34-768x512.jpeg 768w, http:\/\/aeroclub-abbeville.fr\/wp-content\/uploads\/2019\/10\/84624DD0-8FB6-4C11-9B20-A6EBF5305E34-624x416.jpeg 624w, http:\/\/aeroclub-abbeville.fr\/wp-content\/uploads\/2019\/10\/84624DD0-8FB6-4C11-9B20-A6EBF5305E34.jpeg 2048w\" sizes=\"(max-width: 768px) 100vw, 768px\" \/><figcaption>Tous pr\u00e9sents ce soir l\u00e0 !<\/figcaption><\/figure><\/div>\n\n\n\n<p style=\"text-align:center\">Le Pr\u00e9sident de l\u2019a\u00e9roclub, Jean Pierre Lignier, pr\u00e9sente les conclusions de l&rsquo;ann\u00e9e, devant un public d\u00e9j\u00e0 conquis par les succ\u00e8s des jeunes et moins jeunes laur\u00e9ats.<\/p>\n\n\n\n<ul class=\"wp-block-gallery columns-3 is-cropped wp-block-gallery-1 is-layout-flex wp-block-gallery-is-layout-flex\"><li class=\"blocks-gallery-item\"><figure><img decoding=\"async\" width=\"1024\" height=\"683\" src=\"http:\/\/aeroclub-abbeville.fr\/wp-content\/uploads\/2019\/10\/D395164E-1FDF-40D0-A52E-24ACDB568E4B-1024x683.jpeg\" alt=\"\" data-id=\"3304\" class=\"wp-image-3304\" srcset=\"http:\/\/aeroclub-abbeville.fr\/wp-content\/uploads\/2019\/10\/D395164E-1FDF-40D0-A52E-24ACDB568E4B-1024x683.jpeg 1024w, http:\/\/aeroclub-abbeville.fr\/wp-content\/uploads\/2019\/10\/D395164E-1FDF-40D0-A52E-24ACDB568E4B-480x320.jpeg 480w, http:\/\/aeroclub-abbeville.fr\/wp-content\/uploads\/2019\/10\/D395164E-1FDF-40D0-A52E-24ACDB568E4B-768x512.jpeg 768w, http:\/\/aeroclub-abbeville.fr\/wp-content\/uploads\/2019\/10\/D395164E-1FDF-40D0-A52E-24ACDB568E4B-624x416.jpeg 624w, http:\/\/aeroclub-abbeville.fr\/wp-content\/uploads\/2019\/10\/D395164E-1FDF-40D0-A52E-24ACDB568E4B.jpeg 2048w\" sizes=\"(max-width: 1024px) 100vw, 1024px\" \/><\/figure><\/li><li class=\"blocks-gallery-item\"><figure><img decoding=\"async\" width=\"1024\" height=\"683\" src=\"http:\/\/aeroclub-abbeville.fr\/wp-content\/uploads\/2019\/10\/84D8D466-CE2C-498F-9AF9-0CBF09C3BC11-1024x683.jpeg\" alt=\"\" data-id=\"3305\" data-link=\"http:\/\/aeroclub-abbeville.fr\/?attachment_id=3305\" class=\"wp-image-3305\" srcset=\"http:\/\/aeroclub-abbeville.fr\/wp-content\/uploads\/2019\/10\/84D8D466-CE2C-498F-9AF9-0CBF09C3BC11-1024x683.jpeg 1024w, http:\/\/aeroclub-abbeville.fr\/wp-content\/uploads\/2019\/10\/84D8D466-CE2C-498F-9AF9-0CBF09C3BC11-480x320.jpeg 480w, http:\/\/aeroclub-abbeville.fr\/wp-content\/uploads\/2019\/10\/84D8D466-CE2C-498F-9AF9-0CBF09C3BC11-768x512.jpeg 768w, http:\/\/aeroclub-abbeville.fr\/wp-content\/uploads\/2019\/10\/84D8D466-CE2C-498F-9AF9-0CBF09C3BC11-624x416.jpeg 624w, http:\/\/aeroclub-abbeville.fr\/wp-content\/uploads\/2019\/10\/84D8D466-CE2C-498F-9AF9-0CBF09C3BC11.jpeg 2048w\" sizes=\"(max-width: 1024px) 100vw, 1024px\" \/><\/figure><\/li><li class=\"blocks-gallery-item\"><figure><img loading=\"lazy\" decoding=\"async\" width=\"1024\" height=\"683\" src=\"http:\/\/aeroclub-abbeville.fr\/wp-content\/uploads\/2019\/10\/0BB025AA-4DEE-4478-844D-5E88B36B2E86-1024x683.jpeg\" alt=\"\" data-id=\"3306\" data-link=\"http:\/\/aeroclub-abbeville.fr\/?attachment_id=3306\" class=\"wp-image-3306\" srcset=\"http:\/\/aeroclub-abbeville.fr\/wp-content\/uploads\/2019\/10\/0BB025AA-4DEE-4478-844D-5E88B36B2E86-1024x683.jpeg 1024w, http:\/\/aeroclub-abbeville.fr\/wp-content\/uploads\/2019\/10\/0BB025AA-4DEE-4478-844D-5E88B36B2E86-480x320.jpeg 480w, http:\/\/aeroclub-abbeville.fr\/wp-content\/uploads\/2019\/10\/0BB025AA-4DEE-4478-844D-5E88B36B2E86-768x512.jpeg 768w, http:\/\/aeroclub-abbeville.fr\/wp-content\/uploads\/2019\/10\/0BB025AA-4DEE-4478-844D-5E88B36B2E86-624x416.jpeg 624w, http:\/\/aeroclub-abbeville.fr\/wp-content\/uploads\/2019\/10\/0BB025AA-4DEE-4478-844D-5E88B36B2E86.jpeg 2048w\" sizes=\"(max-width: 1024px) 100vw, 1024px\" \/><\/figure><\/li><li class=\"blocks-gallery-item\"><figure><img loading=\"lazy\" decoding=\"async\" width=\"1024\" height=\"683\" src=\"http:\/\/aeroclub-abbeville.fr\/wp-content\/uploads\/2019\/10\/B458B62D-13B9-479F-9713-BAEDFEDFB477-1024x683.jpeg\" alt=\"\" data-id=\"3307\" data-link=\"http:\/\/aeroclub-abbeville.fr\/?attachment_id=3307\" class=\"wp-image-3307\" srcset=\"http:\/\/aeroclub-abbeville.fr\/wp-content\/uploads\/2019\/10\/B458B62D-13B9-479F-9713-BAEDFEDFB477-1024x683.jpeg 1024w, http:\/\/aeroclub-abbeville.fr\/wp-content\/uploads\/2019\/10\/B458B62D-13B9-479F-9713-BAEDFEDFB477-480x320.jpeg 480w, http:\/\/aeroclub-abbeville.fr\/wp-content\/uploads\/2019\/10\/B458B62D-13B9-479F-9713-BAEDFEDFB477-768x512.jpeg 768w, http:\/\/aeroclub-abbeville.fr\/wp-content\/uploads\/2019\/10\/B458B62D-13B9-479F-9713-BAEDFEDFB477-624x416.jpeg 624w, http:\/\/aeroclub-abbeville.fr\/wp-content\/uploads\/2019\/10\/B458B62D-13B9-479F-9713-BAEDFEDFB477.jpeg 2048w\" sizes=\"(max-width: 1024px) 100vw, 1024px\" \/><\/figure><\/li><li class=\"blocks-gallery-item\"><figure><img loading=\"lazy\" decoding=\"async\" width=\"1024\" height=\"683\" src=\"http:\/\/aeroclub-abbeville.fr\/wp-content\/uploads\/2019\/10\/0075393D-97BE-4924-8AEB-AE130D2C8CFD-1024x683.jpeg\" alt=\"\" data-id=\"3308\" data-link=\"http:\/\/aeroclub-abbeville.fr\/?attachment_id=3308\" class=\"wp-image-3308\" srcset=\"http:\/\/aeroclub-abbeville.fr\/wp-content\/uploads\/2019\/10\/0075393D-97BE-4924-8AEB-AE130D2C8CFD-1024x683.jpeg 1024w, http:\/\/aeroclub-abbeville.fr\/wp-content\/uploads\/2019\/10\/0075393D-97BE-4924-8AEB-AE130D2C8CFD-480x320.jpeg 480w, http:\/\/aeroclub-abbeville.fr\/wp-content\/uploads\/2019\/10\/0075393D-97BE-4924-8AEB-AE130D2C8CFD-768x512.jpeg 768w, http:\/\/aeroclub-abbeville.fr\/wp-content\/uploads\/2019\/10\/0075393D-97BE-4924-8AEB-AE130D2C8CFD-624x416.jpeg 624w, http:\/\/aeroclub-abbeville.fr\/wp-content\/uploads\/2019\/10\/0075393D-97BE-4924-8AEB-AE130D2C8CFD.jpeg 2048w\" sizes=\"(max-width: 1024px) 100vw, 1024px\" \/><\/figure><\/li><li class=\"blocks-gallery-item\"><figure><img loading=\"lazy\" decoding=\"async\" width=\"1024\" height=\"683\" src=\"http:\/\/aeroclub-abbeville.fr\/wp-content\/uploads\/2019\/10\/47D61B80-98C4-474E-9DC7-1C604DF05DDC-1024x683.jpeg\" alt=\"\" data-id=\"3309\" data-link=\"http:\/\/aeroclub-abbeville.fr\/?attachment_id=3309\" class=\"wp-image-3309\" srcset=\"http:\/\/aeroclub-abbeville.fr\/wp-content\/uploads\/2019\/10\/47D61B80-98C4-474E-9DC7-1C604DF05DDC-1024x683.jpeg 1024w, http:\/\/aeroclub-abbeville.fr\/wp-content\/uploads\/2019\/10\/47D61B80-98C4-474E-9DC7-1C604DF05DDC-480x320.jpeg 480w, http:\/\/aeroclub-abbeville.fr\/wp-content\/uploads\/2019\/10\/47D61B80-98C4-474E-9DC7-1C604DF05DDC-768x512.jpeg 768w, http:\/\/aeroclub-abbeville.fr\/wp-content\/uploads\/2019\/10\/47D61B80-98C4-474E-9DC7-1C604DF05DDC-624x416.jpeg 624w, http:\/\/aeroclub-abbeville.fr\/wp-content\/uploads\/2019\/10\/47D61B80-98C4-474E-9DC7-1C604DF05DDC.jpeg 2048w\" sizes=\"(max-width: 1024px) 100vw, 1024px\" \/><\/figure><\/li><\/ul>\n\n\n\n<p style=\"text-align:center\">Devant le d\u00e9compte des r\u00e9sultats, nos \u00e9lus sont \u00e0 l\u2019\u00e9coute, fiers et heureux pour l\u2019avenir des laur\u00e9ats.<\/p>\n\n\n\n<ul class=\"wp-block-gallery aligncenter columns-3 is-cropped wp-block-gallery-2 is-layout-flex wp-block-gallery-is-layout-flex\"><li class=\"blocks-gallery-item\"><figure><img loading=\"lazy\" decoding=\"async\" width=\"1024\" height=\"683\" src=\"http:\/\/aeroclub-abbeville.fr\/wp-content\/uploads\/2019\/10\/765C6314-2207-4A84-84C8-066894EB7018-1024x683.jpeg\" alt=\"\" data-id=\"3310\" data-link=\"http:\/\/aeroclub-abbeville.fr\/?attachment_id=3310\" class=\"wp-image-3310\" srcset=\"http:\/\/aeroclub-abbeville.fr\/wp-content\/uploads\/2019\/10\/765C6314-2207-4A84-84C8-066894EB7018-1024x683.jpeg 1024w, http:\/\/aeroclub-abbeville.fr\/wp-content\/uploads\/2019\/10\/765C6314-2207-4A84-84C8-066894EB7018-480x320.jpeg 480w, http:\/\/aeroclub-abbeville.fr\/wp-content\/uploads\/2019\/10\/765C6314-2207-4A84-84C8-066894EB7018-768x512.jpeg 768w, http:\/\/aeroclub-abbeville.fr\/wp-content\/uploads\/2019\/10\/765C6314-2207-4A84-84C8-066894EB7018-624x416.jpeg 624w, http:\/\/aeroclub-abbeville.fr\/wp-content\/uploads\/2019\/10\/765C6314-2207-4A84-84C8-066894EB7018.jpeg 2048w\" sizes=\"(max-width: 1024px) 100vw, 1024px\" \/><\/figure><\/li><li class=\"blocks-gallery-item\"><figure><img loading=\"lazy\" decoding=\"async\" width=\"1024\" height=\"683\" src=\"http:\/\/aeroclub-abbeville.fr\/wp-content\/uploads\/2019\/10\/FA3A4E43-A828-48EB-B965-E00B9893D585-1024x683.jpeg\" alt=\"\" data-id=\"3311\" data-link=\"http:\/\/aeroclub-abbeville.fr\/?attachment_id=3311\" class=\"wp-image-3311\" srcset=\"http:\/\/aeroclub-abbeville.fr\/wp-content\/uploads\/2019\/10\/FA3A4E43-A828-48EB-B965-E00B9893D585-1024x683.jpeg 1024w, http:\/\/aeroclub-abbeville.fr\/wp-content\/uploads\/2019\/10\/FA3A4E43-A828-48EB-B965-E00B9893D585-480x320.jpeg 480w, http:\/\/aeroclub-abbeville.fr\/wp-content\/uploads\/2019\/10\/FA3A4E43-A828-48EB-B965-E00B9893D585-768x512.jpeg 768w, http:\/\/aeroclub-abbeville.fr\/wp-content\/uploads\/2019\/10\/FA3A4E43-A828-48EB-B965-E00B9893D585-624x416.jpeg 624w, http:\/\/aeroclub-abbeville.fr\/wp-content\/uploads\/2019\/10\/FA3A4E43-A828-48EB-B965-E00B9893D585.jpeg 2048w\" sizes=\"(max-width: 1024px) 100vw, 1024px\" \/><\/figure><\/li><li class=\"blocks-gallery-item\"><figure><img loading=\"lazy\" decoding=\"async\" width=\"1024\" height=\"683\" src=\"http:\/\/aeroclub-abbeville.fr\/wp-content\/uploads\/2019\/10\/EC73B260-2C03-4E35-943E-DCD2205EE7BC-1024x683.jpeg\" alt=\"\" data-id=\"3312\" data-link=\"http:\/\/aeroclub-abbeville.fr\/?attachment_id=3312\" class=\"wp-image-3312\" srcset=\"http:\/\/aeroclub-abbeville.fr\/wp-content\/uploads\/2019\/10\/EC73B260-2C03-4E35-943E-DCD2205EE7BC-1024x683.jpeg 1024w, http:\/\/aeroclub-abbeville.fr\/wp-content\/uploads\/2019\/10\/EC73B260-2C03-4E35-943E-DCD2205EE7BC-480x320.jpeg 480w, http:\/\/aeroclub-abbeville.fr\/wp-content\/uploads\/2019\/10\/EC73B260-2C03-4E35-943E-DCD2205EE7BC-768x512.jpeg 768w, http:\/\/aeroclub-abbeville.fr\/wp-content\/uploads\/2019\/10\/EC73B260-2C03-4E35-943E-DCD2205EE7BC-624x416.jpeg 624w, http:\/\/aeroclub-abbeville.fr\/wp-content\/uploads\/2019\/10\/EC73B260-2C03-4E35-943E-DCD2205EE7BC.jpeg 2048w\" sizes=\"(max-width: 1024px) 100vw, 1024px\" \/><\/figure><\/li><li class=\"blocks-gallery-item\"><figure><img loading=\"lazy\" decoding=\"async\" width=\"1024\" height=\"683\" src=\"http:\/\/aeroclub-abbeville.fr\/wp-content\/uploads\/2019\/10\/7B10A140-99BF-4111-90FA-1D4D2CCD5F81-1024x683.jpeg\" alt=\"\" data-id=\"3314\" data-link=\"http:\/\/aeroclub-abbeville.fr\/?attachment_id=3314\" class=\"wp-image-3314\" srcset=\"http:\/\/aeroclub-abbeville.fr\/wp-content\/uploads\/2019\/10\/7B10A140-99BF-4111-90FA-1D4D2CCD5F81-1024x683.jpeg 1024w, http:\/\/aeroclub-abbeville.fr\/wp-content\/uploads\/2019\/10\/7B10A140-99BF-4111-90FA-1D4D2CCD5F81-480x320.jpeg 480w, http:\/\/aeroclub-abbeville.fr\/wp-content\/uploads\/2019\/10\/7B10A140-99BF-4111-90FA-1D4D2CCD5F81-768x512.jpeg 768w, http:\/\/aeroclub-abbeville.fr\/wp-content\/uploads\/2019\/10\/7B10A140-99BF-4111-90FA-1D4D2CCD5F81-624x416.jpeg 624w, http:\/\/aeroclub-abbeville.fr\/wp-content\/uploads\/2019\/10\/7B10A140-99BF-4111-90FA-1D4D2CCD5F81.jpeg 2048w\" sizes=\"(max-width: 1024px) 100vw, 1024px\" \/><\/figure><\/li><\/ul>\n\n\n\n<ul class=\"wp-block-gallery columns-3 is-cropped wp-block-gallery-3 is-layout-flex wp-block-gallery-is-layout-flex\"><li class=\"blocks-gallery-item\"><figure><img loading=\"lazy\" decoding=\"async\" width=\"1024\" height=\"683\" src=\"http:\/\/aeroclub-abbeville.fr\/wp-content\/uploads\/2019\/10\/47F5E5CA-629D-43B9-B149-EA87C0385CC5-1024x683.jpeg\" alt=\"\" data-id=\"3319\" data-link=\"http:\/\/aeroclub-abbeville.fr\/?attachment_id=3319\" class=\"wp-image-3319\" srcset=\"http:\/\/aeroclub-abbeville.fr\/wp-content\/uploads\/2019\/10\/47F5E5CA-629D-43B9-B149-EA87C0385CC5-1024x683.jpeg 1024w, http:\/\/aeroclub-abbeville.fr\/wp-content\/uploads\/2019\/10\/47F5E5CA-629D-43B9-B149-EA87C0385CC5-480x320.jpeg 480w, http:\/\/aeroclub-abbeville.fr\/wp-content\/uploads\/2019\/10\/47F5E5CA-629D-43B9-B149-EA87C0385CC5-768x512.jpeg 768w, http:\/\/aeroclub-abbeville.fr\/wp-content\/uploads\/2019\/10\/47F5E5CA-629D-43B9-B149-EA87C0385CC5-624x416.jpeg 624w, http:\/\/aeroclub-abbeville.fr\/wp-content\/uploads\/2019\/10\/47F5E5CA-629D-43B9-B149-EA87C0385CC5.jpeg 2048w\" sizes=\"(max-width: 1024px) 100vw, 1024px\" \/><\/figure><\/li><li class=\"blocks-gallery-item\"><figure><img loading=\"lazy\" decoding=\"async\" width=\"1024\" height=\"683\" src=\"http:\/\/aeroclub-abbeville.fr\/wp-content\/uploads\/2019\/10\/82F230D9-EDAD-4E07-AF6E-DBB861B150CB-1024x683.jpeg\" alt=\"\" data-id=\"3320\" data-link=\"http:\/\/aeroclub-abbeville.fr\/?attachment_id=3320\" class=\"wp-image-3320\" srcset=\"http:\/\/aeroclub-abbeville.fr\/wp-content\/uploads\/2019\/10\/82F230D9-EDAD-4E07-AF6E-DBB861B150CB-1024x683.jpeg 1024w, http:\/\/aeroclub-abbeville.fr\/wp-content\/uploads\/2019\/10\/82F230D9-EDAD-4E07-AF6E-DBB861B150CB-480x320.jpeg 480w, http:\/\/aeroclub-abbeville.fr\/wp-content\/uploads\/2019\/10\/82F230D9-EDAD-4E07-AF6E-DBB861B150CB-768x512.jpeg 768w, http:\/\/aeroclub-abbeville.fr\/wp-content\/uploads\/2019\/10\/82F230D9-EDAD-4E07-AF6E-DBB861B150CB-624x416.jpeg 624w, http:\/\/aeroclub-abbeville.fr\/wp-content\/uploads\/2019\/10\/82F230D9-EDAD-4E07-AF6E-DBB861B150CB.jpeg 2048w\" sizes=\"(max-width: 1024px) 100vw, 1024px\" \/><\/figure><\/li><li class=\"blocks-gallery-item\"><figure><img decoding=\"async\" src=\"http:\/\/aeroclub-abbeville.fr\/wp-content\/uploads\/2019\/10\/4C683812-CA8F-4315-B5FD-BE6B971232DC-1024x683.jpeg\" alt=\"\" data-id=\"3321\" data-link=\"http:\/\/aeroclub-abbeville.fr\/?attachment_id=3321\" class=\"wp-image-3321\"\/><\/figure><\/li><li class=\"blocks-gallery-item\"><figure><img decoding=\"async\" src=\"http:\/\/aeroclub-abbeville.fr\/wp-content\/uploads\/2019\/10\/937936CE-B07C-49AE-B676-0FE5334CD66E-1024x683.jpeg\" alt=\"\" data-id=\"3322\" data-link=\"http:\/\/aeroclub-abbeville.fr\/?attachment_id=3322\" class=\"wp-image-3322\"\/><\/figure><\/li><\/ul>\n\n\n\n<p style=\"text-align:center\">On est tous un peu tendus, quand m\u00eame ! <\/p>\n\n\n\n<p style=\"text-align:center\">Roulements de tambour !!! \u00c7a y est ! Tout est l\u00e0 ! Une ann\u00e9e de travail s\u2019\u00e9tale devant soi ! <\/p>\n\n\n\n<ul class=\"wp-block-gallery columns-3 is-cropped wp-block-gallery-4 is-layout-flex wp-block-gallery-is-layout-flex\"><li class=\"blocks-gallery-item\"><figure><img loading=\"lazy\" decoding=\"async\" width=\"1024\" height=\"683\" src=\"http:\/\/aeroclub-abbeville.fr\/wp-content\/uploads\/2019\/10\/8DC70765-AC42-4A46-88B9-97C4A3F6CBA8-1024x683.jpeg\" alt=\"\" data-id=\"3323\" data-link=\"http:\/\/aeroclub-abbeville.fr\/?attachment_id=3323\" class=\"wp-image-3323\" srcset=\"http:\/\/aeroclub-abbeville.fr\/wp-content\/uploads\/2019\/10\/8DC70765-AC42-4A46-88B9-97C4A3F6CBA8-1024x683.jpeg 1024w, http:\/\/aeroclub-abbeville.fr\/wp-content\/uploads\/2019\/10\/8DC70765-AC42-4A46-88B9-97C4A3F6CBA8-480x320.jpeg 480w, http:\/\/aeroclub-abbeville.fr\/wp-content\/uploads\/2019\/10\/8DC70765-AC42-4A46-88B9-97C4A3F6CBA8-768x512.jpeg 768w, http:\/\/aeroclub-abbeville.fr\/wp-content\/uploads\/2019\/10\/8DC70765-AC42-4A46-88B9-97C4A3F6CBA8-624x416.jpeg 624w, http:\/\/aeroclub-abbeville.fr\/wp-content\/uploads\/2019\/10\/8DC70765-AC42-4A46-88B9-97C4A3F6CBA8.jpeg 2048w\" sizes=\"(max-width: 1024px) 100vw, 1024px\" \/><\/figure><\/li><li class=\"blocks-gallery-item\"><figure><img loading=\"lazy\" decoding=\"async\" width=\"1024\" height=\"683\" src=\"http:\/\/aeroclub-abbeville.fr\/wp-content\/uploads\/2019\/10\/7B971758-80B1-409E-99DC-E8AB7D4F6DEA-1024x683.jpeg\" alt=\"\" data-id=\"3324\" data-link=\"http:\/\/aeroclub-abbeville.fr\/?attachment_id=3324\" class=\"wp-image-3324\" srcset=\"http:\/\/aeroclub-abbeville.fr\/wp-content\/uploads\/2019\/10\/7B971758-80B1-409E-99DC-E8AB7D4F6DEA-1024x683.jpeg 1024w, http:\/\/aeroclub-abbeville.fr\/wp-content\/uploads\/2019\/10\/7B971758-80B1-409E-99DC-E8AB7D4F6DEA-480x320.jpeg 480w, http:\/\/aeroclub-abbeville.fr\/wp-content\/uploads\/2019\/10\/7B971758-80B1-409E-99DC-E8AB7D4F6DEA-768x512.jpeg 768w, http:\/\/aeroclub-abbeville.fr\/wp-content\/uploads\/2019\/10\/7B971758-80B1-409E-99DC-E8AB7D4F6DEA-624x416.jpeg 624w, http:\/\/aeroclub-abbeville.fr\/wp-content\/uploads\/2019\/10\/7B971758-80B1-409E-99DC-E8AB7D4F6DEA.jpeg 2048w\" sizes=\"(max-width: 1024px) 100vw, 1024px\" \/><\/figure><\/li><li class=\"blocks-gallery-item\"><figure><img loading=\"lazy\" decoding=\"async\" width=\"1024\" height=\"683\" src=\"http:\/\/aeroclub-abbeville.fr\/wp-content\/uploads\/2019\/10\/01FD74F0-E984-4CC4-8400-F700C864B56D-1024x683.jpeg\" alt=\"\" data-id=\"3325\" data-link=\"http:\/\/aeroclub-abbeville.fr\/?attachment_id=3325\" class=\"wp-image-3325\" srcset=\"http:\/\/aeroclub-abbeville.fr\/wp-content\/uploads\/2019\/10\/01FD74F0-E984-4CC4-8400-F700C864B56D-1024x683.jpeg 1024w, http:\/\/aeroclub-abbeville.fr\/wp-content\/uploads\/2019\/10\/01FD74F0-E984-4CC4-8400-F700C864B56D-480x320.jpeg 480w, http:\/\/aeroclub-abbeville.fr\/wp-content\/uploads\/2019\/10\/01FD74F0-E984-4CC4-8400-F700C864B56D-768x512.jpeg 768w, http:\/\/aeroclub-abbeville.fr\/wp-content\/uploads\/2019\/10\/01FD74F0-E984-4CC4-8400-F700C864B56D-624x416.jpeg 624w, http:\/\/aeroclub-abbeville.fr\/wp-content\/uploads\/2019\/10\/01FD74F0-E984-4CC4-8400-F700C864B56D.jpeg 2048w\" sizes=\"(max-width: 1024px) 100vw, 1024px\" \/><\/figure><\/li><li class=\"blocks-gallery-item\"><figure><img loading=\"lazy\" decoding=\"async\" width=\"1024\" height=\"683\" src=\"http:\/\/aeroclub-abbeville.fr\/wp-content\/uploads\/2019\/10\/9D2FAC7D-5663-44B7-9EB3-A3B4B0E8155F-1024x683.jpeg\" alt=\"\" data-id=\"3326\" data-link=\"http:\/\/aeroclub-abbeville.fr\/?attachment_id=3326\" class=\"wp-image-3326\" srcset=\"http:\/\/aeroclub-abbeville.fr\/wp-content\/uploads\/2019\/10\/9D2FAC7D-5663-44B7-9EB3-A3B4B0E8155F-1024x683.jpeg 1024w, http:\/\/aeroclub-abbeville.fr\/wp-content\/uploads\/2019\/10\/9D2FAC7D-5663-44B7-9EB3-A3B4B0E8155F-480x320.jpeg 480w, http:\/\/aeroclub-abbeville.fr\/wp-content\/uploads\/2019\/10\/9D2FAC7D-5663-44B7-9EB3-A3B4B0E8155F-768x512.jpeg 768w, http:\/\/aeroclub-abbeville.fr\/wp-content\/uploads\/2019\/10\/9D2FAC7D-5663-44B7-9EB3-A3B4B0E8155F-624x416.jpeg 624w, http:\/\/aeroclub-abbeville.fr\/wp-content\/uploads\/2019\/10\/9D2FAC7D-5663-44B7-9EB3-A3B4B0E8155F.jpeg 2048w\" sizes=\"(max-width: 1024px) 100vw, 1024px\" \/><\/figure><\/li><li class=\"blocks-gallery-item\"><figure><img loading=\"lazy\" decoding=\"async\" width=\"1024\" height=\"683\" src=\"http:\/\/aeroclub-abbeville.fr\/wp-content\/uploads\/2019\/10\/96A48771-87F9-4AF5-801D-1958E9B0E681-1024x683.jpeg\" alt=\"\" data-id=\"3328\" data-link=\"http:\/\/aeroclub-abbeville.fr\/?attachment_id=3328\" class=\"wp-image-3328\" srcset=\"http:\/\/aeroclub-abbeville.fr\/wp-content\/uploads\/2019\/10\/96A48771-87F9-4AF5-801D-1958E9B0E681-1024x683.jpeg 1024w, http:\/\/aeroclub-abbeville.fr\/wp-content\/uploads\/2019\/10\/96A48771-87F9-4AF5-801D-1958E9B0E681-480x320.jpeg 480w, http:\/\/aeroclub-abbeville.fr\/wp-content\/uploads\/2019\/10\/96A48771-87F9-4AF5-801D-1958E9B0E681-768x512.jpeg 768w, http:\/\/aeroclub-abbeville.fr\/wp-content\/uploads\/2019\/10\/96A48771-87F9-4AF5-801D-1958E9B0E681-624x416.jpeg 624w, http:\/\/aeroclub-abbeville.fr\/wp-content\/uploads\/2019\/10\/96A48771-87F9-4AF5-801D-1958E9B0E681.jpeg 2048w\" sizes=\"(max-width: 1024px) 100vw, 1024px\" \/><\/figure><\/li><li class=\"blocks-gallery-item\"><figure><img loading=\"lazy\" decoding=\"async\" width=\"1024\" height=\"683\" src=\"http:\/\/aeroclub-abbeville.fr\/wp-content\/uploads\/2019\/10\/690381DB-5CA8-4640-84B5-26B220CCB4B7-1024x683.jpeg\" alt=\"\" data-id=\"3329\" data-link=\"http:\/\/aeroclub-abbeville.fr\/?attachment_id=3329\" class=\"wp-image-3329\" srcset=\"http:\/\/aeroclub-abbeville.fr\/wp-content\/uploads\/2019\/10\/690381DB-5CA8-4640-84B5-26B220CCB4B7-1024x683.jpeg 1024w, http:\/\/aeroclub-abbeville.fr\/wp-content\/uploads\/2019\/10\/690381DB-5CA8-4640-84B5-26B220CCB4B7-480x320.jpeg 480w, http:\/\/aeroclub-abbeville.fr\/wp-content\/uploads\/2019\/10\/690381DB-5CA8-4640-84B5-26B220CCB4B7-768x512.jpeg 768w, http:\/\/aeroclub-abbeville.fr\/wp-content\/uploads\/2019\/10\/690381DB-5CA8-4640-84B5-26B220CCB4B7-624x416.jpeg 624w, http:\/\/aeroclub-abbeville.fr\/wp-content\/uploads\/2019\/10\/690381DB-5CA8-4640-84B5-26B220CCB4B7.jpeg 2048w\" sizes=\"(max-width: 1024px) 100vw, 1024px\" \/><\/figure><\/li><li class=\"blocks-gallery-item\"><figure><img loading=\"lazy\" decoding=\"async\" width=\"1024\" height=\"683\" src=\"http:\/\/aeroclub-abbeville.fr\/wp-content\/uploads\/2019\/10\/90544B46-500A-42D5-AC80-29D8A0F2907E-1024x683.jpeg\" alt=\"\" data-id=\"3330\" data-link=\"http:\/\/aeroclub-abbeville.fr\/?attachment_id=3330\" class=\"wp-image-3330\" srcset=\"http:\/\/aeroclub-abbeville.fr\/wp-content\/uploads\/2019\/10\/90544B46-500A-42D5-AC80-29D8A0F2907E-1024x683.jpeg 1024w, http:\/\/aeroclub-abbeville.fr\/wp-content\/uploads\/2019\/10\/90544B46-500A-42D5-AC80-29D8A0F2907E-480x320.jpeg 480w, http:\/\/aeroclub-abbeville.fr\/wp-content\/uploads\/2019\/10\/90544B46-500A-42D5-AC80-29D8A0F2907E-768x512.jpeg 768w, http:\/\/aeroclub-abbeville.fr\/wp-content\/uploads\/2019\/10\/90544B46-500A-42D5-AC80-29D8A0F2907E-624x416.jpeg 624w, http:\/\/aeroclub-abbeville.fr\/wp-content\/uploads\/2019\/10\/90544B46-500A-42D5-AC80-29D8A0F2907E.jpeg 2048w\" sizes=\"(max-width: 1024px) 100vw, 1024px\" \/><\/figure><\/li><li class=\"blocks-gallery-item\"><figure><img loading=\"lazy\" decoding=\"async\" width=\"1024\" height=\"683\" src=\"http:\/\/aeroclub-abbeville.fr\/wp-content\/uploads\/2019\/10\/3434DA82-4FE2-4F19-93D8-2B2BE8D7DAE1-1024x683.jpeg\" alt=\"\" data-id=\"3331\" data-link=\"http:\/\/aeroclub-abbeville.fr\/?attachment_id=3331\" class=\"wp-image-3331\" srcset=\"http:\/\/aeroclub-abbeville.fr\/wp-content\/uploads\/2019\/10\/3434DA82-4FE2-4F19-93D8-2B2BE8D7DAE1-1024x683.jpeg 1024w, http:\/\/aeroclub-abbeville.fr\/wp-content\/uploads\/2019\/10\/3434DA82-4FE2-4F19-93D8-2B2BE8D7DAE1-480x320.jpeg 480w, http:\/\/aeroclub-abbeville.fr\/wp-content\/uploads\/2019\/10\/3434DA82-4FE2-4F19-93D8-2B2BE8D7DAE1-768x512.jpeg 768w, http:\/\/aeroclub-abbeville.fr\/wp-content\/uploads\/2019\/10\/3434DA82-4FE2-4F19-93D8-2B2BE8D7DAE1-624x416.jpeg 624w, http:\/\/aeroclub-abbeville.fr\/wp-content\/uploads\/2019\/10\/3434DA82-4FE2-4F19-93D8-2B2BE8D7DAE1.jpeg 2048w\" sizes=\"(max-width: 1024px) 100vw, 1024px\" \/><\/figure><\/li><li class=\"blocks-gallery-item\"><figure><img loading=\"lazy\" decoding=\"async\" width=\"1024\" height=\"683\" src=\"http:\/\/aeroclub-abbeville.fr\/wp-content\/uploads\/2019\/10\/62990A00-FF26-4D8C-A2CD-02D3B9543460-1024x683.jpeg\" alt=\"\" data-id=\"3332\" data-link=\"http:\/\/aeroclub-abbeville.fr\/?attachment_id=3332\" class=\"wp-image-3332\" srcset=\"http:\/\/aeroclub-abbeville.fr\/wp-content\/uploads\/2019\/10\/62990A00-FF26-4D8C-A2CD-02D3B9543460-1024x683.jpeg 1024w, http:\/\/aeroclub-abbeville.fr\/wp-content\/uploads\/2019\/10\/62990A00-FF26-4D8C-A2CD-02D3B9543460-480x320.jpeg 480w, http:\/\/aeroclub-abbeville.fr\/wp-content\/uploads\/2019\/10\/62990A00-FF26-4D8C-A2CD-02D3B9543460-768x512.jpeg 768w, http:\/\/aeroclub-abbeville.fr\/wp-content\/uploads\/2019\/10\/62990A00-FF26-4D8C-A2CD-02D3B9543460-624x416.jpeg 624w, http:\/\/aeroclub-abbeville.fr\/wp-content\/uploads\/2019\/10\/62990A00-FF26-4D8C-A2CD-02D3B9543460.jpeg 2048w\" sizes=\"(max-width: 1024px) 100vw, 1024px\" \/><\/figure><\/li><li class=\"blocks-gallery-item\"><figure><img loading=\"lazy\" decoding=\"async\" width=\"1024\" height=\"683\" src=\"http:\/\/aeroclub-abbeville.fr\/wp-content\/uploads\/2019\/10\/EB32CEF5-F849-4B98-B13B-577735C9651B-1024x683.jpeg\" alt=\"\" data-id=\"3334\" data-link=\"http:\/\/aeroclub-abbeville.fr\/?attachment_id=3334\" class=\"wp-image-3334\" srcset=\"http:\/\/aeroclub-abbeville.fr\/wp-content\/uploads\/2019\/10\/EB32CEF5-F849-4B98-B13B-577735C9651B-1024x683.jpeg 1024w, http:\/\/aeroclub-abbeville.fr\/wp-content\/uploads\/2019\/10\/EB32CEF5-F849-4B98-B13B-577735C9651B-480x320.jpeg 480w, http:\/\/aeroclub-abbeville.fr\/wp-content\/uploads\/2019\/10\/EB32CEF5-F849-4B98-B13B-577735C9651B-768x512.jpeg 768w, http:\/\/aeroclub-abbeville.fr\/wp-content\/uploads\/2019\/10\/EB32CEF5-F849-4B98-B13B-577735C9651B-624x416.jpeg 624w, http:\/\/aeroclub-abbeville.fr\/wp-content\/uploads\/2019\/10\/EB32CEF5-F849-4B98-B13B-577735C9651B.jpeg 2048w\" sizes=\"(max-width: 1024px) 100vw, 1024px\" \/><\/figure><\/li><\/ul>\n\n\n\n<p style=\"text-align:center\">L\u00e9o Demay, R\u00e9gis Lejosne, Fr\u00e9d\u00e9ric Demay, Yanis Briet, Val\u00e9ry H\u00e9nocque, Marius Lartisien, Sarah Lejosne-Defleschelle, R\u00e9my Hannedouche, Xavier Lartisien et Alan Avisse \u00e9taient pr\u00e9sents pour recevoir leur dipl\u00f4me. <\/p>\n\n\n\n<p style=\"text-align:center\">Sur 15 \u00e9l\u00e8ves inscrits \u00e0 l\u2019examen par l\u2019a\u00e9roclub au rectorat d\u2019Amiens, pour cette \u00e9preuve  du Minist\u00e8re de l\u2019Education Nationale, des transports et de la jeunesse et des sports, 12 candidats se sont pr\u00e9sent\u00e9s, 11 ont \u00e9t\u00e9 admis, avec 1 re\u00e7u, 4 re\u00e7us avec mention Bien, 1 avec mention Assez Bien, et 5 candidats avec une mention Tr\u00e8s Bien. Cette classe totalisera une moyenne g\u00e9n\u00e9rale de 14\/20, toutes mati\u00e8res confondues. Un beau palmar\u00e8s !<\/p>\n\n\n\n<p style=\"text-align:center\">Puis ce sont les brevets de pilotes obtenus au cours de l\u2019ann\u00e9e qui sont remis !<\/p>\n\n\n\n<ul class=\"wp-block-gallery columns-3 is-cropped wp-block-gallery-5 is-layout-flex wp-block-gallery-is-layout-flex\"><li class=\"blocks-gallery-item\"><figure><img loading=\"lazy\" decoding=\"async\" width=\"1024\" height=\"683\" src=\"http:\/\/aeroclub-abbeville.fr\/wp-content\/uploads\/2019\/10\/862903DE-20E1-4E74-81E2-C221DA8562A0-1024x683.jpeg\" alt=\"\" data-id=\"3340\" data-link=\"http:\/\/aeroclub-abbeville.fr\/?attachment_id=3340\" class=\"wp-image-3340\" srcset=\"http:\/\/aeroclub-abbeville.fr\/wp-content\/uploads\/2019\/10\/862903DE-20E1-4E74-81E2-C221DA8562A0-1024x683.jpeg 1024w, http:\/\/aeroclub-abbeville.fr\/wp-content\/uploads\/2019\/10\/862903DE-20E1-4E74-81E2-C221DA8562A0-480x320.jpeg 480w, http:\/\/aeroclub-abbeville.fr\/wp-content\/uploads\/2019\/10\/862903DE-20E1-4E74-81E2-C221DA8562A0-768x512.jpeg 768w, http:\/\/aeroclub-abbeville.fr\/wp-content\/uploads\/2019\/10\/862903DE-20E1-4E74-81E2-C221DA8562A0-624x416.jpeg 624w, http:\/\/aeroclub-abbeville.fr\/wp-content\/uploads\/2019\/10\/862903DE-20E1-4E74-81E2-C221DA8562A0.jpeg 2048w\" sizes=\"(max-width: 1024px) 100vw, 1024px\" \/><\/figure><\/li><li class=\"blocks-gallery-item\"><figure><img loading=\"lazy\" decoding=\"async\" width=\"1024\" height=\"683\" src=\"http:\/\/aeroclub-abbeville.fr\/wp-content\/uploads\/2019\/10\/77726418-7C79-47EC-BCF1-36ABD3BA561A-1024x683.jpeg\" alt=\"\" data-id=\"3341\" data-link=\"http:\/\/aeroclub-abbeville.fr\/?attachment_id=3341\" class=\"wp-image-3341\" srcset=\"http:\/\/aeroclub-abbeville.fr\/wp-content\/uploads\/2019\/10\/77726418-7C79-47EC-BCF1-36ABD3BA561A-1024x683.jpeg 1024w, http:\/\/aeroclub-abbeville.fr\/wp-content\/uploads\/2019\/10\/77726418-7C79-47EC-BCF1-36ABD3BA561A-480x320.jpeg 480w, http:\/\/aeroclub-abbeville.fr\/wp-content\/uploads\/2019\/10\/77726418-7C79-47EC-BCF1-36ABD3BA561A-768x512.jpeg 768w, http:\/\/aeroclub-abbeville.fr\/wp-content\/uploads\/2019\/10\/77726418-7C79-47EC-BCF1-36ABD3BA561A-624x416.jpeg 624w, http:\/\/aeroclub-abbeville.fr\/wp-content\/uploads\/2019\/10\/77726418-7C79-47EC-BCF1-36ABD3BA561A.jpeg 2048w\" sizes=\"(max-width: 1024px) 100vw, 1024px\" \/><\/figure><\/li><li class=\"blocks-gallery-item\"><figure><img loading=\"lazy\" decoding=\"async\" width=\"1024\" height=\"683\" src=\"http:\/\/aeroclub-abbeville.fr\/wp-content\/uploads\/2019\/10\/32A8F197-17FB-4021-97F0-DE596E3EB099-1024x683.jpeg\" alt=\"\" data-id=\"3342\" data-link=\"http:\/\/aeroclub-abbeville.fr\/?attachment_id=3342\" class=\"wp-image-3342\" srcset=\"http:\/\/aeroclub-abbeville.fr\/wp-content\/uploads\/2019\/10\/32A8F197-17FB-4021-97F0-DE596E3EB099-1024x683.jpeg 1024w, http:\/\/aeroclub-abbeville.fr\/wp-content\/uploads\/2019\/10\/32A8F197-17FB-4021-97F0-DE596E3EB099-480x320.jpeg 480w, http:\/\/aeroclub-abbeville.fr\/wp-content\/uploads\/2019\/10\/32A8F197-17FB-4021-97F0-DE596E3EB099-768x512.jpeg 768w, http:\/\/aeroclub-abbeville.fr\/wp-content\/uploads\/2019\/10\/32A8F197-17FB-4021-97F0-DE596E3EB099-624x416.jpeg 624w, http:\/\/aeroclub-abbeville.fr\/wp-content\/uploads\/2019\/10\/32A8F197-17FB-4021-97F0-DE596E3EB099.jpeg 2048w\" sizes=\"(max-width: 1024px) 100vw, 1024px\" \/><\/figure><\/li><li class=\"blocks-gallery-item\"><figure><img decoding=\"async\" src=\"http:\/\/aeroclub-abbeville.fr\/wp-content\/uploads\/2019\/10\/5D0CFB62-F3DE-4A81-B381-F8CB7FD0EF1E-1024x683.jpeg\" alt=\"\" data-id=\"3343\" data-link=\"http:\/\/aeroclub-abbeville.fr\/?attachment_id=3343\" class=\"wp-image-3343\"\/><\/figure><\/li><\/ul>\n\n\n\n<p style=\"text-align:center\">Enfin seul sur les Ailes de la Baie ! Alexis Levoir, Germain Delacourt et Alan Barjou sont brevet\u00e9s Pilotes d\u2019avions.<\/p>\n\n\n\n<p style=\"text-align:center\">Nos amis Alain Fauquembergue et Daniel Tellier ont \u00e9t\u00e9 r\u00e9compens\u00e9s pour leur participation, avec le Nynja de l&rsquo;a\u00e9roclub, au Tour ULM 2019, lors de ce  voyage de pr\u00e8s d&rsquo;une semaine autour de la France. Une v\u00e9ritable aventure a\u00e9ronautique pour tous les deux !<\/p>\n\n\n\n<ul class=\"wp-block-gallery columns-3 is-cropped wp-block-gallery-6 is-layout-flex wp-block-gallery-is-layout-flex\"><li class=\"blocks-gallery-item\"><figure><img loading=\"lazy\" decoding=\"async\" width=\"1024\" height=\"768\" src=\"http:\/\/aeroclub-abbeville.fr\/wp-content\/uploads\/2019\/10\/IMG_20190716_080507_BURST001_COVER-1024x768.jpg\" alt=\"\" data-id=\"3381\" data-link=\"http:\/\/aeroclub-abbeville.fr\/?attachment_id=3381\" class=\"wp-image-3381\" srcset=\"http:\/\/aeroclub-abbeville.fr\/wp-content\/uploads\/2019\/10\/IMG_20190716_080507_BURST001_COVER-1024x768.jpg 1024w, http:\/\/aeroclub-abbeville.fr\/wp-content\/uploads\/2019\/10\/IMG_20190716_080507_BURST001_COVER-480x360.jpg 480w, http:\/\/aeroclub-abbeville.fr\/wp-content\/uploads\/2019\/10\/IMG_20190716_080507_BURST001_COVER-768x576.jpg 768w, http:\/\/aeroclub-abbeville.fr\/wp-content\/uploads\/2019\/10\/IMG_20190716_080507_BURST001_COVER-624x468.jpg 624w\" sizes=\"(max-width: 1024px) 100vw, 1024px\" \/><\/figure><\/li><li class=\"blocks-gallery-item\"><figure><img loading=\"lazy\" decoding=\"async\" width=\"1008\" height=\"756\" src=\"http:\/\/aeroclub-abbeville.fr\/wp-content\/uploads\/2019\/10\/Resized_20190719_135842_0011-1.jpg\" alt=\"\" data-id=\"3382\" data-link=\"http:\/\/aeroclub-abbeville.fr\/?attachment_id=3382\" class=\"wp-image-3382\" srcset=\"http:\/\/aeroclub-abbeville.fr\/wp-content\/uploads\/2019\/10\/Resized_20190719_135842_0011-1.jpg 1008w, http:\/\/aeroclub-abbeville.fr\/wp-content\/uploads\/2019\/10\/Resized_20190719_135842_0011-1-480x360.jpg 480w, http:\/\/aeroclub-abbeville.fr\/wp-content\/uploads\/2019\/10\/Resized_20190719_135842_0011-1-768x576.jpg 768w, http:\/\/aeroclub-abbeville.fr\/wp-content\/uploads\/2019\/10\/Resized_20190719_135842_0011-1-624x468.jpg 624w\" sizes=\"(max-width: 1008px) 100vw, 1008px\" \/><figcaption>Alain Fauquembergue <\/figcaption><\/figure><\/li><li class=\"blocks-gallery-item\"><figure><img loading=\"lazy\" decoding=\"async\" width=\"1008\" height=\"756\" src=\"http:\/\/aeroclub-abbeville.fr\/wp-content\/uploads\/2019\/10\/Resized_20190719_1359161.jpg\" alt=\"\" data-id=\"3383\" data-link=\"http:\/\/aeroclub-abbeville.fr\/?attachment_id=3383\" class=\"wp-image-3383\" srcset=\"http:\/\/aeroclub-abbeville.fr\/wp-content\/uploads\/2019\/10\/Resized_20190719_1359161.jpg 1008w, http:\/\/aeroclub-abbeville.fr\/wp-content\/uploads\/2019\/10\/Resized_20190719_1359161-480x360.jpg 480w, http:\/\/aeroclub-abbeville.fr\/wp-content\/uploads\/2019\/10\/Resized_20190719_1359161-768x576.jpg 768w, http:\/\/aeroclub-abbeville.fr\/wp-content\/uploads\/2019\/10\/Resized_20190719_1359161-624x468.jpg 624w\" sizes=\"(max-width: 1008px) 100vw, 1008px\" \/><figcaption>Daniel Tellier<\/figcaption><\/figure><\/li><li class=\"blocks-gallery-item\"><figure><img loading=\"lazy\" decoding=\"async\" width=\"756\" height=\"1008\" src=\"http:\/\/aeroclub-abbeville.fr\/wp-content\/uploads\/2019\/10\/Resized_20190724_095122111.jpg\" alt=\"\" data-id=\"3384\" data-link=\"http:\/\/aeroclub-abbeville.fr\/?attachment_id=3384\" class=\"wp-image-3384\" srcset=\"http:\/\/aeroclub-abbeville.fr\/wp-content\/uploads\/2019\/10\/Resized_20190724_095122111.jpg 756w, http:\/\/aeroclub-abbeville.fr\/wp-content\/uploads\/2019\/10\/Resized_20190724_095122111-360x480.jpg 360w, http:\/\/aeroclub-abbeville.fr\/wp-content\/uploads\/2019\/10\/Resized_20190724_095122111-624x832.jpg 624w\" sizes=\"(max-width: 756px) 100vw, 756px\" \/><figcaption>C&rsquo;est la Grande Vadrouille<\/figcaption><\/figure><\/li><li class=\"blocks-gallery-item\"><figure><img loading=\"lazy\" decoding=\"async\" width=\"768\" height=\"1024\" src=\"http:\/\/aeroclub-abbeville.fr\/wp-content\/uploads\/2019\/10\/Resized_Resized_20190721_181621_65761-768x1024.jpg\" alt=\"\" data-id=\"3385\" data-link=\"http:\/\/aeroclub-abbeville.fr\/?attachment_id=3385\" class=\"wp-image-3385\" srcset=\"http:\/\/aeroclub-abbeville.fr\/wp-content\/uploads\/2019\/10\/Resized_Resized_20190721_181621_65761-768x1024.jpg 768w, http:\/\/aeroclub-abbeville.fr\/wp-content\/uploads\/2019\/10\/Resized_Resized_20190721_181621_65761-360x480.jpg 360w, http:\/\/aeroclub-abbeville.fr\/wp-content\/uploads\/2019\/10\/Resized_Resized_20190721_181621_65761-624x832.jpg 624w, http:\/\/aeroclub-abbeville.fr\/wp-content\/uploads\/2019\/10\/Resized_Resized_20190721_181621_65761.jpg 810w\" sizes=\"(max-width: 768px) 100vw, 768px\" \/><figcaption>Le Pont de Millau<\/figcaption><\/figure><\/li><\/ul>\n\n\n\n<p style=\"text-align:center\">Et maintenant, c&rsquo;est le Vol en Planeur qui est mis \u00e0 l&rsquo;honneur !<\/p>\n\n\n\n<p style=\"text-align:center\">Apr\u00e8s les remises des Brevets de Pilotes de Planeurs et de Remorqueurs, voici le Troph\u00e9e du plus grand nombre de \u00ab&nbsp;poser en plaine&nbsp;\u00bb :  une belle vache a \u00e9t\u00e9  remise au p\u00e8re de la premi\u00e8re du classement qui est lui m\u00eame second &#8230;<\/p>\n\n\n\n<div class=\"wp-block-image\"><figure class=\"aligncenter is-resized\"><img loading=\"lazy\" decoding=\"async\" src=\"http:\/\/aeroclub-abbeville.fr\/wp-content\/uploads\/2019\/10\/Capture-d\u2019e\u0301cran-2019-10-02-a\u0300-16.50.55.png\" alt=\"\" class=\"wp-image-3356\" width=\"752\" height=\"501\" srcset=\"http:\/\/aeroclub-abbeville.fr\/wp-content\/uploads\/2019\/10\/Capture-d\u2019e\u0301cran-2019-10-02-a\u0300-16.50.55.png 1002w, http:\/\/aeroclub-abbeville.fr\/wp-content\/uploads\/2019\/10\/Capture-d\u2019e\u0301cran-2019-10-02-a\u0300-16.50.55-480x320.png 480w, http:\/\/aeroclub-abbeville.fr\/wp-content\/uploads\/2019\/10\/Capture-d\u2019e\u0301cran-2019-10-02-a\u0300-16.50.55-768x512.png 768w, http:\/\/aeroclub-abbeville.fr\/wp-content\/uploads\/2019\/10\/Capture-d\u2019e\u0301cran-2019-10-02-a\u0300-16.50.55-624x416.png 624w\" sizes=\"(max-width: 752px) 100vw, 752px\" \/><figcaption>Olivier Caudrelier, second du classement des \u00ab\u00a0Vaches\u00a0\u00bb re\u00e7oit la Coupe Personnalis\u00e9e, pour sa Fille, Suzanne !<\/figcaption><\/figure><\/div>\n\n\n\n<div class=\"wp-block-image\"><figure class=\"aligncenter is-resized\"><img loading=\"lazy\" decoding=\"async\" src=\"http:\/\/aeroclub-abbeville.fr\/wp-content\/uploads\/2019\/10\/Capture-d\u2019e\u0301cran-2019-10-02-a\u0300-16.38.34.png\" alt=\"\" class=\"wp-image-3357\" width=\"764\" height=\"497\" srcset=\"http:\/\/aeroclub-abbeville.fr\/wp-content\/uploads\/2019\/10\/Capture-d\u2019e\u0301cran-2019-10-02-a\u0300-16.38.34.png 1019w, http:\/\/aeroclub-abbeville.fr\/wp-content\/uploads\/2019\/10\/Capture-d\u2019e\u0301cran-2019-10-02-a\u0300-16.38.34-480x312.png 480w, http:\/\/aeroclub-abbeville.fr\/wp-content\/uploads\/2019\/10\/Capture-d\u2019e\u0301cran-2019-10-02-a\u0300-16.38.34-768x500.png 768w, http:\/\/aeroclub-abbeville.fr\/wp-content\/uploads\/2019\/10\/Capture-d\u2019e\u0301cran-2019-10-02-a\u0300-16.38.34-624x406.png 624w\" sizes=\"(max-width: 764px) 100vw, 764px\" \/><figcaption>Suzanne Caudrelier, est premi\u00e8re \u00e0 la Coupe des Vaches et sera la Marraine du 10\u00e8me Anniversaire du Rassemblement des Femmes de l&rsquo;Air 2020 !<\/figcaption><\/figure><\/div>\n\n\n\n<p style=\"text-align:center\">Pour cl\u00f4re la r\u00e9union par un projet d\u2019envergure, Fran\u00e7oise Sockeel, charg\u00e9e du P\u00f4le Animation, a pr\u00e9sent\u00e9 la  c\u00e9l\u00e9bration prochaine des journ\u00e9es exceptionnelles du<\/p>\n\n\n\n<p style=\"text-align:center\">\u00ab90\u00e8me Anniversaire de l\u2019A\u00e9roclub&nbsp;\u00bb<\/p>\n\n\n\n<p style=\"text-align:center\"> Mi-Septembre 2020, sur le th\u00e8me des<\/p>\n\n\n\n<p style=\"text-align:center\">\u00ab&nbsp;Femmes Pilotes, Femmes de Haut Vol&nbsp;\u00bb !<\/p>\n\n\n\n<p style=\"text-align:center\">Cette c\u00e9r\u00e9monie s\u2019associera au Rassemblement annuel et 10\u00e8me Anniversaire de l\u2019Association Fran\u00e7aise des Femmes Pilotes, nous amenant de multiples stands et animations.<\/p>\n\n\n\n<div class=\"wp-block-image\"><figure class=\"aligncenter is-resized\"><img loading=\"lazy\" decoding=\"async\" src=\"http:\/\/aeroclub-abbeville.fr\/wp-content\/uploads\/2019\/10\/041FEF29-135B-44F5-A3F7-F7FA76AF0CFB-1024x683.jpeg\" alt=\"\" class=\"wp-image-3348\" width=\"768\" height=\"512\" srcset=\"http:\/\/aeroclub-abbeville.fr\/wp-content\/uploads\/2019\/10\/041FEF29-135B-44F5-A3F7-F7FA76AF0CFB-1024x683.jpeg 1024w, http:\/\/aeroclub-abbeville.fr\/wp-content\/uploads\/2019\/10\/041FEF29-135B-44F5-A3F7-F7FA76AF0CFB-480x320.jpeg 480w, http:\/\/aeroclub-abbeville.fr\/wp-content\/uploads\/2019\/10\/041FEF29-135B-44F5-A3F7-F7FA76AF0CFB-768x512.jpeg 768w, http:\/\/aeroclub-abbeville.fr\/wp-content\/uploads\/2019\/10\/041FEF29-135B-44F5-A3F7-F7FA76AF0CFB-624x416.jpeg 624w, http:\/\/aeroclub-abbeville.fr\/wp-content\/uploads\/2019\/10\/041FEF29-135B-44F5-A3F7-F7FA76AF0CFB.jpeg 2048w\" sizes=\"(max-width: 768px) 100vw, 768px\" \/><figcaption>Dans ce cadre de l&rsquo;exposition 2020, C\u00e9cile Lejosne est venue pr\u00e9senter son projet d&rsquo;\u00e9changes a\u00e9ronautiques avec l&rsquo;Oklahoma.<\/figcaption><\/figure><\/div>\n\n\n\n<p style=\"text-align:center\">Retenez bien ces dates et notez les, d\u00e8s maintenant dans vos agendas, on vous en reparlera bient\u00f4t ! <\/p>\n\n\n\n<div class=\"wp-block-image\"><figure class=\"aligncenter is-resized\"><img loading=\"lazy\" decoding=\"async\" src=\"http:\/\/aeroclub-abbeville.fr\/wp-content\/uploads\/2019\/10\/Capture-d\u2019e\u0301cran-2019-10-02-a\u0300-16.40.37.png\" alt=\"\" class=\"wp-image-3363\" width=\"749\" height=\"468\" srcset=\"http:\/\/aeroclub-abbeville.fr\/wp-content\/uploads\/2019\/10\/Capture-d\u2019e\u0301cran-2019-10-02-a\u0300-16.40.37.png 998w, http:\/\/aeroclub-abbeville.fr\/wp-content\/uploads\/2019\/10\/Capture-d\u2019e\u0301cran-2019-10-02-a\u0300-16.40.37-480x300.png 480w, http:\/\/aeroclub-abbeville.fr\/wp-content\/uploads\/2019\/10\/Capture-d\u2019e\u0301cran-2019-10-02-a\u0300-16.40.37-768x480.png 768w, http:\/\/aeroclub-abbeville.fr\/wp-content\/uploads\/2019\/10\/Capture-d\u2019e\u0301cran-2019-10-02-a\u0300-16.40.37-624x390.png 624w\" sizes=\"(max-width: 749px) 100vw, 749px\" \/><figcaption>On est pr\u00eat, on vous attend !<\/figcaption><\/figure><\/div>\n\n\n\n<p style=\"text-align:center\">\u00c0 bient\u00f4t pour de nouvelles aventures !<\/p>\n\n\n\n<p style=\"text-align:center\">Fran\u00e7oise Sockeel <\/p>\n\n\n\n<p>Cr\u00e9dits Photos : Vincent Detaille, Femmes-Pilotes, Christian Galli,<\/p>\n","protected":false},"excerpt":{"rendered":"<p>2 Octobre 2019 Samedi dernier, le grand jour est arriv\u00e9 ! C\u2019est la conclusion de toute une ann\u00e9e ! Une ann\u00e9e de cours th\u00e9oriques, une ann\u00e9e de dimanches matins de travail, d\u2019attention, de vigilance, de r\u00e9flexions, de patience et d\u2019apprentis-sage pour tous, instructeurs-enseignants et \u00e9l\u00e8ves, pour obtenir le Brevet d\u2019Initiation \u00e0 l\u2019A\u00e9ronautique ! Et les [&hellip;]<\/p>\n","protected":false},"author":211,"featured_media":0,"comment_status":"open","ping_status":"closed","sticky":false,"template":"","format":"standard","meta":{"inline_featured_image":false,"footnotes":""},"categories":[20,21,2,22,3,6,7,8,11,13,17,18,19],"tags":[],"class_list":["post-3302","post","type-post","status-publish","format-standard","hentry","category-actualites","category-arrosages-fetes","category-avion","category-bia","category-club","category-formation","category-formation_avion","category-formation_planeur","category-manifestations","category-planeur","category-ulm","category-vie-du-club","category-vol-a-voile"],"_links":{"self":[{"href":"http:\/\/aeroclub-abbeville.fr\/index.php?rest_route=\/wp\/v2\/posts\/3302","targetHints":{"allow":["GET"]}}],"collection":[{"href":"http:\/\/aeroclub-abbeville.fr\/index.php?rest_route=\/wp\/v2\/posts"}],"about":[{"href":"http:\/\/aeroclub-abbeville.fr\/index.php?rest_route=\/wp\/v2\/types\/post"}],"author":[{"embeddable":true,"href":"http:\/\/aeroclub-abbeville.fr\/index.php?rest_route=\/wp\/v2\/users\/211"}],"replies":[{"embeddable":true,"href":"http:\/\/aeroclub-abbeville.fr\/index.php?rest_route=%2Fwp%2Fv2%2Fcomments&post=3302"}],"version-history":[{"count":78,"href":"http:\/\/aeroclub-abbeville.fr\/index.php?rest_route=\/wp\/v2\/posts\/3302\/revisions"}],"predecessor-version":[{"id":3448,"href":"http:\/\/aeroclub-abbeville.fr\/index.php?rest_route=\/wp\/v2\/posts\/3302\/revisions\/3448"}],"wp:attachment":[{"href":"http:\/\/aeroclub-abbeville.fr\/index.php?rest_route=%2Fwp%2Fv2%2Fmedia&parent=3302"}],"wp:term":[{"taxonomy":"category","embeddable":true,"href":"http:\/\/aeroclub-abbeville.fr\/index.php?rest_route=%2Fwp%2Fv2%2Fcategories&post=3302"},{"taxonomy":"post_tag","embeddable":true,"href":"http:\/\/aeroclub-abbeville.fr\/index.php?rest_route=%2Fwp%2Fv2%2Ftags&post=3302"}],"curies":[{"name":"wp","href":"https:\/\/api.w.org\/{rel}","templated":true}]}}