{"id":3450,"date":"2019-10-09T15:21:23","date_gmt":"2019-10-09T14:21:23","guid":{"rendered":"http:\/\/aeroclub-abbeville.fr\/?p=3450"},"modified":"2019-10-17T16:33:11","modified_gmt":"2019-10-17T15:33:11","slug":"quand-les-pilotes-de-planeurs-ont-des-envies-dailleurs","status":"publish","type":"post","link":"http:\/\/aeroclub-abbeville.fr\/?p=3450","title":{"rendered":"Quand les Pilotes de Planeurs ont des envies d\u2019ailleurs !"},"content":{"rendered":"\n<p>9 Octobre 2019<\/p>\n\n\n\n<p style=\"text-align:center\">En Planeur, nous avons aussi nos Baroudeurs ! Habitu\u00e9s des championnats, toujours pr\u00eats \u00e0 d\u00e9couvrir des nouveaux ciels, deci, del\u00e0, nos v\u00e9livoles abbevillois ont d\u00e9cid\u00e9 de s&rsquo;\u00e9loigner un peu plus de leur habitat !<\/p>\n\n\n\n<div class=\"wp-block-image\"><figure class=\"aligncenter is-resized\"><img fetchpriority=\"high\" decoding=\"async\" src=\"http:\/\/aeroclub-abbeville.fr\/wp-content\/uploads\/2019\/10\/6B6509DC-9995-4ABF-9715-8548E254F1DB.jpeg\" alt=\"\" class=\"wp-image-3452\" width=\"480\" height=\"480\" srcset=\"http:\/\/aeroclub-abbeville.fr\/wp-content\/uploads\/2019\/10\/6B6509DC-9995-4ABF-9715-8548E254F1DB.jpeg 960w, http:\/\/aeroclub-abbeville.fr\/wp-content\/uploads\/2019\/10\/6B6509DC-9995-4ABF-9715-8548E254F1DB-150x150.jpeg 150w, http:\/\/aeroclub-abbeville.fr\/wp-content\/uploads\/2019\/10\/6B6509DC-9995-4ABF-9715-8548E254F1DB-480x480.jpeg 480w, http:\/\/aeroclub-abbeville.fr\/wp-content\/uploads\/2019\/10\/6B6509DC-9995-4ABF-9715-8548E254F1DB-768x768.jpeg 768w, http:\/\/aeroclub-abbeville.fr\/wp-content\/uploads\/2019\/10\/6B6509DC-9995-4ABF-9715-8548E254F1DB-624x624.jpeg 624w\" sizes=\"(max-width: 480px) 100vw, 480px\" \/><figcaption>Suzanne Caudrelier et Fran\u00e7ois Duvollet au-dessus De la Baie de Somme !<\/figcaption><\/figure><\/div>\n\n\n\n<p style=\"text-align:center\">Et oui, il s\u2019agit bien de notre Championne de Vol en Planeur,   Suzanne Caudrelier, marraine du Rassemblement des Femmes de l\u2019Air en septembre 2020 et digne repr\u00e9sentante des journ\u00e9es   \u00ab&nbsp;\u00e7a plane pour elles&nbsp;\u00bb !<\/p>\n\n\n\n<ul class=\"wp-block-gallery columns-3 is-cropped wp-block-gallery-1 is-layout-flex wp-block-gallery-is-layout-flex\"><li class=\"blocks-gallery-item\"><figure><img decoding=\"async\" width=\"567\" height=\"567\" src=\"http:\/\/aeroclub-abbeville.fr\/wp-content\/uploads\/2019\/10\/9418105C-FFB2-4A79-9B9C-8CF6BF2EB3A9.jpeg\" alt=\"\" data-id=\"3458\" data-link=\"http:\/\/aeroclub-abbeville.fr\/?attachment_id=3458\" class=\"wp-image-3458\" srcset=\"http:\/\/aeroclub-abbeville.fr\/wp-content\/uploads\/2019\/10\/9418105C-FFB2-4A79-9B9C-8CF6BF2EB3A9.jpeg 567w, http:\/\/aeroclub-abbeville.fr\/wp-content\/uploads\/2019\/10\/9418105C-FFB2-4A79-9B9C-8CF6BF2EB3A9-150x150.jpeg 150w, http:\/\/aeroclub-abbeville.fr\/wp-content\/uploads\/2019\/10\/9418105C-FFB2-4A79-9B9C-8CF6BF2EB3A9-480x480.jpeg 480w\" sizes=\"(max-width: 567px) 100vw, 567px\" \/><\/figure><\/li><li class=\"blocks-gallery-item\"><figure><img decoding=\"async\" width=\"1024\" height=\"765\" src=\"http:\/\/aeroclub-abbeville.fr\/wp-content\/uploads\/2019\/10\/DC2114CF-ADB2-4C68-8A87-591A02D0EBB8-1024x765.jpeg\" alt=\"\" data-id=\"3459\" data-link=\"http:\/\/aeroclub-abbeville.fr\/?attachment_id=3459\" class=\"wp-image-3459\" srcset=\"http:\/\/aeroclub-abbeville.fr\/wp-content\/uploads\/2019\/10\/DC2114CF-ADB2-4C68-8A87-591A02D0EBB8-1024x765.jpeg 1024w, http:\/\/aeroclub-abbeville.fr\/wp-content\/uploads\/2019\/10\/DC2114CF-ADB2-4C68-8A87-591A02D0EBB8-480x359.jpeg 480w, http:\/\/aeroclub-abbeville.fr\/wp-content\/uploads\/2019\/10\/DC2114CF-ADB2-4C68-8A87-591A02D0EBB8-768x574.jpeg 768w, http:\/\/aeroclub-abbeville.fr\/wp-content\/uploads\/2019\/10\/DC2114CF-ADB2-4C68-8A87-591A02D0EBB8-624x466.jpeg 624w, http:\/\/aeroclub-abbeville.fr\/wp-content\/uploads\/2019\/10\/DC2114CF-ADB2-4C68-8A87-591A02D0EBB8.jpeg 1280w\" sizes=\"(max-width: 1024px) 100vw, 1024px\" \/><\/figure><\/li><li class=\"blocks-gallery-item\"><figure><img loading=\"lazy\" decoding=\"async\" width=\"1024\" height=\"768\" src=\"http:\/\/aeroclub-abbeville.fr\/wp-content\/uploads\/2019\/10\/75A72A00-E4CC-40FF-B998-F11103C54353-1024x768.jpeg\" alt=\"\" data-id=\"3469\" data-link=\"http:\/\/aeroclub-abbeville.fr\/?attachment_id=3469\" class=\"wp-image-3469\" srcset=\"http:\/\/aeroclub-abbeville.fr\/wp-content\/uploads\/2019\/10\/75A72A00-E4CC-40FF-B998-F11103C54353-1024x768.jpeg 1024w, http:\/\/aeroclub-abbeville.fr\/wp-content\/uploads\/2019\/10\/75A72A00-E4CC-40FF-B998-F11103C54353-480x360.jpeg 480w, http:\/\/aeroclub-abbeville.fr\/wp-content\/uploads\/2019\/10\/75A72A00-E4CC-40FF-B998-F11103C54353-768x576.jpeg 768w, http:\/\/aeroclub-abbeville.fr\/wp-content\/uploads\/2019\/10\/75A72A00-E4CC-40FF-B998-F11103C54353-624x468.jpeg 624w, http:\/\/aeroclub-abbeville.fr\/wp-content\/uploads\/2019\/10\/75A72A00-E4CC-40FF-B998-F11103C54353.jpeg 2048w\" sizes=\"(max-width: 1024px) 100vw, 1024px\" \/><\/figure><\/li><\/ul>\n\n\n\n<div class=\"wp-block-image\"><figure class=\"aligncenter is-resized\"><img loading=\"lazy\" decoding=\"async\" src=\"http:\/\/aeroclub-abbeville.fr\/wp-content\/uploads\/2019\/10\/575B1412-A90B-41A8-BD7A-9A6804841246-1024x1024.jpeg\" alt=\"\" class=\"wp-image-3461\" width=\"512\" height=\"512\" srcset=\"http:\/\/aeroclub-abbeville.fr\/wp-content\/uploads\/2019\/10\/575B1412-A90B-41A8-BD7A-9A6804841246-1024x1024.jpeg 1024w, http:\/\/aeroclub-abbeville.fr\/wp-content\/uploads\/2019\/10\/575B1412-A90B-41A8-BD7A-9A6804841246-150x150.jpeg 150w, http:\/\/aeroclub-abbeville.fr\/wp-content\/uploads\/2019\/10\/575B1412-A90B-41A8-BD7A-9A6804841246-480x480.jpeg 480w, http:\/\/aeroclub-abbeville.fr\/wp-content\/uploads\/2019\/10\/575B1412-A90B-41A8-BD7A-9A6804841246-768x768.jpeg 768w, http:\/\/aeroclub-abbeville.fr\/wp-content\/uploads\/2019\/10\/575B1412-A90B-41A8-BD7A-9A6804841246-624x624.jpeg 624w, http:\/\/aeroclub-abbeville.fr\/wp-content\/uploads\/2019\/10\/575B1412-A90B-41A8-BD7A-9A6804841246.jpeg 1160w\" sizes=\"(max-width: 512px) 100vw, 512px\" \/><\/figure><\/div>\n\n\n\n<div class=\"wp-block-image\"><figure class=\"aligncenter is-resized\"><img loading=\"lazy\" decoding=\"async\" src=\"http:\/\/aeroclub-abbeville.fr\/wp-content\/uploads\/2019\/10\/B79E58FF-4B7B-4875-9E4E-F25C4E2EF656-1024x768.png\" alt=\"\" class=\"wp-image-3454\" width=\"512\" height=\"384\" srcset=\"http:\/\/aeroclub-abbeville.fr\/wp-content\/uploads\/2019\/10\/B79E58FF-4B7B-4875-9E4E-F25C4E2EF656-1024x768.png 1024w, http:\/\/aeroclub-abbeville.fr\/wp-content\/uploads\/2019\/10\/B79E58FF-4B7B-4875-9E4E-F25C4E2EF656-480x360.png 480w, http:\/\/aeroclub-abbeville.fr\/wp-content\/uploads\/2019\/10\/B79E58FF-4B7B-4875-9E4E-F25C4E2EF656-768x576.png 768w, http:\/\/aeroclub-abbeville.fr\/wp-content\/uploads\/2019\/10\/B79E58FF-4B7B-4875-9E4E-F25C4E2EF656-624x468.png 624w, http:\/\/aeroclub-abbeville.fr\/wp-content\/uploads\/2019\/10\/B79E58FF-4B7B-4875-9E4E-F25C4E2EF656.png 2048w\" sizes=\"(max-width: 512px) 100vw, 512px\" \/><figcaption>Bonjour Suzanne ! <\/figcaption><\/figure><\/div>\n\n\n\n<p style=\"text-align:center\">Quittant Abbeville, le travail, la famille et les amis, elle s\u2019est envol\u00e9e pour un s\u00e9jour plus lointain ! Pour quelques mois, ce sera Vacances et Travail en Australie ! Vous savez bien ? De l\u2019autre c\u00f4t\u00e9 de la terre !<\/p>\n\n\n\n<div class=\"wp-block-image\"><figure class=\"aligncenter is-resized\"><img loading=\"lazy\" decoding=\"async\" src=\"http:\/\/aeroclub-abbeville.fr\/wp-content\/uploads\/2019\/10\/776AE9DC-C2B1-49E7-9564-375A69712BB0-1024x574.jpeg\" alt=\"\" class=\"wp-image-3455\" width=\"512\" height=\"287\" srcset=\"http:\/\/aeroclub-abbeville.fr\/wp-content\/uploads\/2019\/10\/776AE9DC-C2B1-49E7-9564-375A69712BB0-1024x574.jpeg 1024w, http:\/\/aeroclub-abbeville.fr\/wp-content\/uploads\/2019\/10\/776AE9DC-C2B1-49E7-9564-375A69712BB0-480x269.jpeg 480w, http:\/\/aeroclub-abbeville.fr\/wp-content\/uploads\/2019\/10\/776AE9DC-C2B1-49E7-9564-375A69712BB0-768x431.jpeg 768w, http:\/\/aeroclub-abbeville.fr\/wp-content\/uploads\/2019\/10\/776AE9DC-C2B1-49E7-9564-375A69712BB0-624x350.jpeg 624w, http:\/\/aeroclub-abbeville.fr\/wp-content\/uploads\/2019\/10\/776AE9DC-C2B1-49E7-9564-375A69712BB0.jpeg 1328w\" sizes=\"(max-width: 512px) 100vw, 512px\" \/><figcaption>Normal, quand on aime avoir la t\u00eate en l\u2019air ! <\/figcaption><\/figure><\/div>\n\n\n\n<p style=\"text-align:center\">Et voici les derni\u00e8res nouvelles de ses aventures ! <\/p>\n\n\n\n<div class=\"wp-block-image\"><figure class=\"aligncenter is-resized\"><img loading=\"lazy\" decoding=\"async\" src=\"http:\/\/aeroclub-abbeville.fr\/wp-content\/uploads\/2019\/10\/765C881C-AD87-4FAC-A70B-26DC9631AF89.jpeg\" alt=\"\" class=\"wp-image-3463\" width=\"480\" height=\"480\" srcset=\"http:\/\/aeroclub-abbeville.fr\/wp-content\/uploads\/2019\/10\/765C881C-AD87-4FAC-A70B-26DC9631AF89.jpeg 960w, http:\/\/aeroclub-abbeville.fr\/wp-content\/uploads\/2019\/10\/765C881C-AD87-4FAC-A70B-26DC9631AF89-150x150.jpeg 150w, http:\/\/aeroclub-abbeville.fr\/wp-content\/uploads\/2019\/10\/765C881C-AD87-4FAC-A70B-26DC9631AF89-480x480.jpeg 480w, http:\/\/aeroclub-abbeville.fr\/wp-content\/uploads\/2019\/10\/765C881C-AD87-4FAC-A70B-26DC9631AF89-768x768.jpeg 768w, http:\/\/aeroclub-abbeville.fr\/wp-content\/uploads\/2019\/10\/765C881C-AD87-4FAC-A70B-26DC9631AF89-624x624.jpeg 624w\" sizes=\"(max-width: 480px) 100vw, 480px\" \/><figcaption>\u00c0 Cairns au milieu des poissons \u00ab&nbsp;Planants&nbsp;\u00bb ! <\/figcaption><\/figure><\/div>\n\n\n\n<p style=\"text-align:center\">Et au milieu de la \u00ab&nbsp;Rain Forest&nbsp;\u00bb ! <\/p>\n\n\n\n<ul class=\"wp-block-gallery columns-3 is-cropped wp-block-gallery-2 is-layout-flex wp-block-gallery-is-layout-flex\"><li class=\"blocks-gallery-item\"><figure><img loading=\"lazy\" decoding=\"async\" width=\"774\" height=\"774\" src=\"http:\/\/aeroclub-abbeville.fr\/wp-content\/uploads\/2019\/10\/5BA63047-9118-4D6A-965F-73BFA61B2A20.jpeg\" alt=\"\" data-id=\"3465\" data-link=\"http:\/\/aeroclub-abbeville.fr\/?attachment_id=3465\" class=\"wp-image-3465\" srcset=\"http:\/\/aeroclub-abbeville.fr\/wp-content\/uploads\/2019\/10\/5BA63047-9118-4D6A-965F-73BFA61B2A20.jpeg 774w, http:\/\/aeroclub-abbeville.fr\/wp-content\/uploads\/2019\/10\/5BA63047-9118-4D6A-965F-73BFA61B2A20-150x150.jpeg 150w, http:\/\/aeroclub-abbeville.fr\/wp-content\/uploads\/2019\/10\/5BA63047-9118-4D6A-965F-73BFA61B2A20-480x480.jpeg 480w, http:\/\/aeroclub-abbeville.fr\/wp-content\/uploads\/2019\/10\/5BA63047-9118-4D6A-965F-73BFA61B2A20-768x768.jpeg 768w, http:\/\/aeroclub-abbeville.fr\/wp-content\/uploads\/2019\/10\/5BA63047-9118-4D6A-965F-73BFA61B2A20-624x624.jpeg 624w\" sizes=\"(max-width: 774px) 100vw, 774px\" \/><\/figure><\/li><li class=\"blocks-gallery-item\"><figure><img loading=\"lazy\" decoding=\"async\" width=\"960\" height=\"960\" src=\"http:\/\/aeroclub-abbeville.fr\/wp-content\/uploads\/2019\/10\/46E687AE-9001-4B88-A81C-89B31DB62133.jpeg\" alt=\"\" data-id=\"3466\" data-link=\"http:\/\/aeroclub-abbeville.fr\/?attachment_id=3466\" class=\"wp-image-3466\" srcset=\"http:\/\/aeroclub-abbeville.fr\/wp-content\/uploads\/2019\/10\/46E687AE-9001-4B88-A81C-89B31DB62133.jpeg 960w, http:\/\/aeroclub-abbeville.fr\/wp-content\/uploads\/2019\/10\/46E687AE-9001-4B88-A81C-89B31DB62133-150x150.jpeg 150w, http:\/\/aeroclub-abbeville.fr\/wp-content\/uploads\/2019\/10\/46E687AE-9001-4B88-A81C-89B31DB62133-480x480.jpeg 480w, http:\/\/aeroclub-abbeville.fr\/wp-content\/uploads\/2019\/10\/46E687AE-9001-4B88-A81C-89B31DB62133-768x768.jpeg 768w, http:\/\/aeroclub-abbeville.fr\/wp-content\/uploads\/2019\/10\/46E687AE-9001-4B88-A81C-89B31DB62133-624x624.jpeg 624w\" sizes=\"(max-width: 960px) 100vw, 960px\" \/><\/figure><\/li><li class=\"blocks-gallery-item\"><figure><img loading=\"lazy\" decoding=\"async\" width=\"774\" height=\"774\" src=\"http:\/\/aeroclub-abbeville.fr\/wp-content\/uploads\/2019\/10\/83A97A27-5ECC-43C4-8FA4-6F494056BC41.jpeg\" alt=\"\" data-id=\"3467\" data-link=\"http:\/\/aeroclub-abbeville.fr\/?attachment_id=3467\" class=\"wp-image-3467\" srcset=\"http:\/\/aeroclub-abbeville.fr\/wp-content\/uploads\/2019\/10\/83A97A27-5ECC-43C4-8FA4-6F494056BC41.jpeg 774w, http:\/\/aeroclub-abbeville.fr\/wp-content\/uploads\/2019\/10\/83A97A27-5ECC-43C4-8FA4-6F494056BC41-150x150.jpeg 150w, http:\/\/aeroclub-abbeville.fr\/wp-content\/uploads\/2019\/10\/83A97A27-5ECC-43C4-8FA4-6F494056BC41-480x480.jpeg 480w, http:\/\/aeroclub-abbeville.fr\/wp-content\/uploads\/2019\/10\/83A97A27-5ECC-43C4-8FA4-6F494056BC41-768x768.jpeg 768w, http:\/\/aeroclub-abbeville.fr\/wp-content\/uploads\/2019\/10\/83A97A27-5ECC-43C4-8FA4-6F494056BC41-624x624.jpeg 624w\" sizes=\"(max-width: 774px) 100vw, 774px\" \/><\/figure><\/li><\/ul>\n\n\n\n<p style=\"text-align:center\">Reviens nous vite ! \u00c0 bient\u00f4t dans 6 mois ! Ne nous oublie pas ! <\/p>\n\n\n\n<p style=\"text-align:center\">Notre deuxi\u00e8me Baroudeur est Fran\u00e7ois Duvollet, notre Pilote Instructeur, mais aussi Ma\u00eetre d\u2019arme en escrime !<\/p>\n\n\n\n<div class=\"wp-block-image\"><figure class=\"aligncenter is-resized\"><img loading=\"lazy\" decoding=\"async\" src=\"http:\/\/aeroclub-abbeville.fr\/wp-content\/uploads\/2019\/10\/AB4D6460-A9B7-41A2-B608-547511F3CDE8-1024x581.jpeg\" alt=\"\" class=\"wp-image-3475\" width=\"768\" height=\"436\" srcset=\"http:\/\/aeroclub-abbeville.fr\/wp-content\/uploads\/2019\/10\/AB4D6460-A9B7-41A2-B608-547511F3CDE8-1024x581.jpeg 1024w, http:\/\/aeroclub-abbeville.fr\/wp-content\/uploads\/2019\/10\/AB4D6460-A9B7-41A2-B608-547511F3CDE8-480x272.jpeg 480w, http:\/\/aeroclub-abbeville.fr\/wp-content\/uploads\/2019\/10\/AB4D6460-A9B7-41A2-B608-547511F3CDE8-768x436.jpeg 768w, http:\/\/aeroclub-abbeville.fr\/wp-content\/uploads\/2019\/10\/AB4D6460-A9B7-41A2-B608-547511F3CDE8-624x354.jpeg 624w, http:\/\/aeroclub-abbeville.fr\/wp-content\/uploads\/2019\/10\/AB4D6460-A9B7-41A2-B608-547511F3CDE8.jpeg 1080w\" sizes=\"(max-width: 768px) 100vw, 768px\" \/><figcaption>Avec Alexandre Fierain, \u00ab&nbsp;Two fingers in the nose&nbsp;\u00bb !<\/figcaption><\/figure><\/div>\n\n\n\n<p style=\"text-align:center\">Au stage d\u2019\u00e9t\u00e9 \u00e0 Troyes, Fran\u00e7ois est toujours l\u00e0 ! <\/p>\n\n\n\n<ul class=\"wp-block-gallery aligncenter columns-3 is-cropped wp-block-gallery-3 is-layout-flex wp-block-gallery-is-layout-flex\"><li class=\"blocks-gallery-item\"><figure><img loading=\"lazy\" decoding=\"async\" width=\"683\" height=\"1024\" src=\"http:\/\/aeroclub-abbeville.fr\/wp-content\/uploads\/2019\/10\/755E8827-AC7E-4FCD-A66D-84875F077D11-683x1024.jpeg\" alt=\"\" data-id=\"3490\" class=\"wp-image-3490\" srcset=\"http:\/\/aeroclub-abbeville.fr\/wp-content\/uploads\/2019\/10\/755E8827-AC7E-4FCD-A66D-84875F077D11-683x1024.jpeg 683w, http:\/\/aeroclub-abbeville.fr\/wp-content\/uploads\/2019\/10\/755E8827-AC7E-4FCD-A66D-84875F077D11-320x480.jpeg 320w, http:\/\/aeroclub-abbeville.fr\/wp-content\/uploads\/2019\/10\/755E8827-AC7E-4FCD-A66D-84875F077D11-768x1152.jpeg 768w, http:\/\/aeroclub-abbeville.fr\/wp-content\/uploads\/2019\/10\/755E8827-AC7E-4FCD-A66D-84875F077D11-624x936.jpeg 624w, http:\/\/aeroclub-abbeville.fr\/wp-content\/uploads\/2019\/10\/755E8827-AC7E-4FCD-A66D-84875F077D11.jpeg 1536w\" sizes=\"(max-width: 683px) 100vw, 683px\" \/><\/figure><\/li><li class=\"blocks-gallery-item\"><figure><img loading=\"lazy\" decoding=\"async\" width=\"1024\" height=\"765\" src=\"http:\/\/aeroclub-abbeville.fr\/wp-content\/uploads\/2019\/10\/1D8F1EA4-2E81-4FB4-91FF-C9F447E93BAE-1024x765.jpeg\" alt=\"\" data-id=\"3491\" data-link=\"http:\/\/aeroclub-abbeville.fr\/?attachment_id=3491\" class=\"wp-image-3491\" srcset=\"http:\/\/aeroclub-abbeville.fr\/wp-content\/uploads\/2019\/10\/1D8F1EA4-2E81-4FB4-91FF-C9F447E93BAE-1024x765.jpeg 1024w, http:\/\/aeroclub-abbeville.fr\/wp-content\/uploads\/2019\/10\/1D8F1EA4-2E81-4FB4-91FF-C9F447E93BAE-480x359.jpeg 480w, http:\/\/aeroclub-abbeville.fr\/wp-content\/uploads\/2019\/10\/1D8F1EA4-2E81-4FB4-91FF-C9F447E93BAE-768x574.jpeg 768w, http:\/\/aeroclub-abbeville.fr\/wp-content\/uploads\/2019\/10\/1D8F1EA4-2E81-4FB4-91FF-C9F447E93BAE-624x466.jpeg 624w\" sizes=\"(max-width: 1024px) 100vw, 1024px\" \/><\/figure><\/li><li class=\"blocks-gallery-item\"><figure><img loading=\"lazy\" decoding=\"async\" width=\"1024\" height=\"765\" src=\"http:\/\/aeroclub-abbeville.fr\/wp-content\/uploads\/2019\/10\/3A45DA5A-EFB7-4AA4-98D9-C89C1792AC1E-1024x765.jpeg\" alt=\"\" data-id=\"3492\" data-link=\"http:\/\/aeroclub-abbeville.fr\/?attachment_id=3492\" class=\"wp-image-3492\" srcset=\"http:\/\/aeroclub-abbeville.fr\/wp-content\/uploads\/2019\/10\/3A45DA5A-EFB7-4AA4-98D9-C89C1792AC1E-1024x765.jpeg 1024w, http:\/\/aeroclub-abbeville.fr\/wp-content\/uploads\/2019\/10\/3A45DA5A-EFB7-4AA4-98D9-C89C1792AC1E-480x359.jpeg 480w, http:\/\/aeroclub-abbeville.fr\/wp-content\/uploads\/2019\/10\/3A45DA5A-EFB7-4AA4-98D9-C89C1792AC1E-768x574.jpeg 768w, http:\/\/aeroclub-abbeville.fr\/wp-content\/uploads\/2019\/10\/3A45DA5A-EFB7-4AA4-98D9-C89C1792AC1E-624x466.jpeg 624w\" sizes=\"(max-width: 1024px) 100vw, 1024px\" \/><\/figure><\/li><li class=\"blocks-gallery-item\"><figure><img loading=\"lazy\" decoding=\"async\" width=\"1024\" height=\"765\" src=\"http:\/\/aeroclub-abbeville.fr\/wp-content\/uploads\/2019\/10\/F14328B3-1BF9-4495-A4EE-68D43177F638-1024x765.jpeg\" alt=\"\" data-id=\"3493\" data-link=\"http:\/\/aeroclub-abbeville.fr\/?attachment_id=3493\" class=\"wp-image-3493\" srcset=\"http:\/\/aeroclub-abbeville.fr\/wp-content\/uploads\/2019\/10\/F14328B3-1BF9-4495-A4EE-68D43177F638-1024x765.jpeg 1024w, http:\/\/aeroclub-abbeville.fr\/wp-content\/uploads\/2019\/10\/F14328B3-1BF9-4495-A4EE-68D43177F638-480x359.jpeg 480w, http:\/\/aeroclub-abbeville.fr\/wp-content\/uploads\/2019\/10\/F14328B3-1BF9-4495-A4EE-68D43177F638-768x574.jpeg 768w, http:\/\/aeroclub-abbeville.fr\/wp-content\/uploads\/2019\/10\/F14328B3-1BF9-4495-A4EE-68D43177F638-624x466.jpeg 624w\" sizes=\"(max-width: 1024px) 100vw, 1024px\" \/><figcaption>Francis et Fran\u00e7ois, \u00e0 Troyes, le grand d\u00e9bat !<\/figcaption><\/figure><\/li><\/ul>\n\n\n\n<p style=\"text-align:center\">| Les instructeurs de l\u2019ann\u00e9e 2018 | &#x1f468;&#x200d;&#x2708;&#xfe0f;&#x1f469;&#x200d;&#x2708;&#xfe0f;<\/p>\n\n\n\n<p>La FFVP r\u00e9compense les instructeurs b\u00e9n\u00e9voles en leur offrant un stage personnalis\u00e9 au CNVV Saint-Auban.<\/p>\n\n\n\n<p>Cette ann\u00e9e, du 23 au 29 septembre nous avons accueilli, Micheline Jung, instructrice \u00e0 l&rsquo;AAVE &#8211; Association A\u00e9ronautique du Val d&rsquo;Essonne accompagn\u00e9e de 6 instructeurs venus des 4 coins de France pour profiter pleinement et loin de leurs responsabilit\u00e9s habituelles, de vols en planeur au sein du CNVV.<\/p>\n\n\n\n<p>Encadr\u00e9s par Eric Napol\u00e9on et Pierre Prudhomme qui adaptent le programme en fonction des besoins et des attentes de leurs stagiaires, les instructeurs de l\u2019ann\u00e9e profitent du plaisir de voler dans ce lieu magique.<\/p>\n\n\n\n<p>&#x1f4f8; Daniel Barbaza, Philippe Brossard, Alexandre Chausse, Fran\u00e7ois Duvollet, Micheline Jung, Didier Piveteau, Christian Pociello, Philippe Conil et Pierre Prudhomme.<\/p>\n\n\n\n<div class=\"wp-block-image\"><figure class=\"aligncenter is-resized\"><img loading=\"lazy\" decoding=\"async\" src=\"http:\/\/aeroclub-abbeville.fr\/wp-content\/uploads\/2019\/10\/3194CB1A-AC3E-4257-92C1-F77EF062C373-1024x768.jpeg\" alt=\"\" class=\"wp-image-3478\" width=\"512\" height=\"384\" srcset=\"http:\/\/aeroclub-abbeville.fr\/wp-content\/uploads\/2019\/10\/3194CB1A-AC3E-4257-92C1-F77EF062C373-1024x768.jpeg 1024w, http:\/\/aeroclub-abbeville.fr\/wp-content\/uploads\/2019\/10\/3194CB1A-AC3E-4257-92C1-F77EF062C373-480x360.jpeg 480w, http:\/\/aeroclub-abbeville.fr\/wp-content\/uploads\/2019\/10\/3194CB1A-AC3E-4257-92C1-F77EF062C373-768x576.jpeg 768w, http:\/\/aeroclub-abbeville.fr\/wp-content\/uploads\/2019\/10\/3194CB1A-AC3E-4257-92C1-F77EF062C373-624x468.jpeg 624w, http:\/\/aeroclub-abbeville.fr\/wp-content\/uploads\/2019\/10\/3194CB1A-AC3E-4257-92C1-F77EF062C373.jpeg 1944w\" sizes=\"(max-width: 512px) 100vw, 512px\" \/><\/figure><\/div>\n\n\n\n<p style=\"text-align:center\">Avec quelques merveilleux moments de Plein Air bien m\u00e9rit\u00e9s ! <\/p>\n\n\n\n<ul class=\"wp-block-gallery aligncenter columns-2 is-cropped wp-block-gallery-4 is-layout-flex wp-block-gallery-is-layout-flex\"><li class=\"blocks-gallery-item\"><figure><img loading=\"lazy\" decoding=\"async\" width=\"1024\" height=\"663\" src=\"http:\/\/aeroclub-abbeville.fr\/wp-content\/uploads\/2019\/10\/EBFF09B5-E9DB-46D1-AB89-E2FFF4CD68C7-1024x663.jpeg\" alt=\"\" data-id=\"3481\" data-link=\"http:\/\/aeroclub-abbeville.fr\/?attachment_id=3481\" class=\"wp-image-3481\" srcset=\"http:\/\/aeroclub-abbeville.fr\/wp-content\/uploads\/2019\/10\/EBFF09B5-E9DB-46D1-AB89-E2FFF4CD68C7-1024x663.jpeg 1024w, http:\/\/aeroclub-abbeville.fr\/wp-content\/uploads\/2019\/10\/EBFF09B5-E9DB-46D1-AB89-E2FFF4CD68C7-480x311.jpeg 480w, http:\/\/aeroclub-abbeville.fr\/wp-content\/uploads\/2019\/10\/EBFF09B5-E9DB-46D1-AB89-E2FFF4CD68C7-768x497.jpeg 768w, http:\/\/aeroclub-abbeville.fr\/wp-content\/uploads\/2019\/10\/EBFF09B5-E9DB-46D1-AB89-E2FFF4CD68C7-624x404.jpeg 624w, http:\/\/aeroclub-abbeville.fr\/wp-content\/uploads\/2019\/10\/EBFF09B5-E9DB-46D1-AB89-E2FFF4CD68C7.jpeg 1710w\" sizes=\"(max-width: 1024px) 100vw, 1024px\" \/><\/figure><\/li><li class=\"blocks-gallery-item\"><figure><img loading=\"lazy\" decoding=\"async\" width=\"1024\" height=\"729\" src=\"http:\/\/aeroclub-abbeville.fr\/wp-content\/uploads\/2019\/10\/7F6EBA69-AB21-4656-9F28-52CF6D44BD3F-1024x729.jpeg\" alt=\"\" data-id=\"3482\" data-link=\"http:\/\/aeroclub-abbeville.fr\/?attachment_id=3482\" class=\"wp-image-3482\" srcset=\"http:\/\/aeroclub-abbeville.fr\/wp-content\/uploads\/2019\/10\/7F6EBA69-AB21-4656-9F28-52CF6D44BD3F-1024x729.jpeg 1024w, http:\/\/aeroclub-abbeville.fr\/wp-content\/uploads\/2019\/10\/7F6EBA69-AB21-4656-9F28-52CF6D44BD3F-480x342.jpeg 480w, http:\/\/aeroclub-abbeville.fr\/wp-content\/uploads\/2019\/10\/7F6EBA69-AB21-4656-9F28-52CF6D44BD3F-768x547.jpeg 768w, http:\/\/aeroclub-abbeville.fr\/wp-content\/uploads\/2019\/10\/7F6EBA69-AB21-4656-9F28-52CF6D44BD3F-624x444.jpeg 624w, http:\/\/aeroclub-abbeville.fr\/wp-content\/uploads\/2019\/10\/7F6EBA69-AB21-4656-9F28-52CF6D44BD3F.jpeg 1675w\" sizes=\"(max-width: 1024px) 100vw, 1024px\" \/><\/figure><\/li><\/ul>\n\n\n\n<div class=\"wp-block-image\"><figure class=\"aligncenter is-resized\"><img loading=\"lazy\" decoding=\"async\" src=\"http:\/\/aeroclub-abbeville.fr\/wp-content\/uploads\/2019\/10\/8C7737B5-8CEF-4CD4-9AB7-9CF9832F9611-762x1024.jpeg\" alt=\"\" class=\"wp-image-3485\" width=\"572\" height=\"768\" srcset=\"http:\/\/aeroclub-abbeville.fr\/wp-content\/uploads\/2019\/10\/8C7737B5-8CEF-4CD4-9AB7-9CF9832F9611-762x1024.jpeg 762w, http:\/\/aeroclub-abbeville.fr\/wp-content\/uploads\/2019\/10\/8C7737B5-8CEF-4CD4-9AB7-9CF9832F9611-357x480.jpeg 357w, http:\/\/aeroclub-abbeville.fr\/wp-content\/uploads\/2019\/10\/8C7737B5-8CEF-4CD4-9AB7-9CF9832F9611-768x1032.jpeg 768w, http:\/\/aeroclub-abbeville.fr\/wp-content\/uploads\/2019\/10\/8C7737B5-8CEF-4CD4-9AB7-9CF9832F9611-624x838.jpeg 624w, http:\/\/aeroclub-abbeville.fr\/wp-content\/uploads\/2019\/10\/8C7737B5-8CEF-4CD4-9AB7-9CF9832F9611.jpeg 1072w\" sizes=\"(max-width: 572px) 100vw, 572px\" \/><figcaption>C\u2019est beau les alpes, non !<\/figcaption><\/figure><\/div>\n\n\n\n<p style=\"text-align:center\">Merci  pour tout ce b\u00e9n\u00e9volat  ! <\/p>\n\n\n\n<p style=\"text-align:center\">Nous retrouvons prochainement notre chef-Pilote sur des pistes moins enneig\u00e9es ! Quoique les entr\u00e9es maritimes, c\u2019est pas mal non plus ! <\/p>\n\n\n\n<div class=\"wp-block-image\"><figure class=\"aligncenter is-resized\"><img loading=\"lazy\" decoding=\"async\" src=\"http:\/\/aeroclub-abbeville.fr\/wp-content\/uploads\/2019\/10\/58E7FE14-8BBA-47FE-8984-69FA5D8A72C7-1024x683.jpeg\" alt=\"\" class=\"wp-image-3499\" width=\"768\" height=\"512\" srcset=\"http:\/\/aeroclub-abbeville.fr\/wp-content\/uploads\/2019\/10\/58E7FE14-8BBA-47FE-8984-69FA5D8A72C7-1024x683.jpeg 1024w, http:\/\/aeroclub-abbeville.fr\/wp-content\/uploads\/2019\/10\/58E7FE14-8BBA-47FE-8984-69FA5D8A72C7-480x320.jpeg 480w, http:\/\/aeroclub-abbeville.fr\/wp-content\/uploads\/2019\/10\/58E7FE14-8BBA-47FE-8984-69FA5D8A72C7-768x512.jpeg 768w, http:\/\/aeroclub-abbeville.fr\/wp-content\/uploads\/2019\/10\/58E7FE14-8BBA-47FE-8984-69FA5D8A72C7-624x416.jpeg 624w, http:\/\/aeroclub-abbeville.fr\/wp-content\/uploads\/2019\/10\/58E7FE14-8BBA-47FE-8984-69FA5D8A72C7.jpeg 1800w\" sizes=\"(max-width: 768px) 100vw, 768px\" \/><figcaption>La Baie de Somme, un vol en&nbsp;\u00ab&nbsp;Apaisanteur&nbsp;\u00bb !<\/figcaption><\/figure><\/div>\n\n\n\n<p style=\"text-align:center\">Merci \u00e0 nos deux Baroudeurs picards d\u2019aller porter plus loin l\u2019\u00e9nergie et le talent de notre a\u00e9roclub ! <\/p>\n\n\n\n<p style=\"text-align:center\">\u00c0 bient\u00f4t pour de nouvelles aventures !<\/p>\n\n\n\n<p style=\"text-align:center\">Fran\u00e7oise Sockeel <\/p>\n\n\n\n<p>Cr\u00e9dits photos : Altimage, Nicolas Bleuse, Suzanne Caudrelier, Vincent Detaille, Fran\u00e7ois Duvollet, FFVP, Alexandre Fierain, <\/p>\n\n\n\n<p><\/p>\n","protected":false},"excerpt":{"rendered":"<p>9 Octobre 2019 En Planeur, nous avons aussi nos Baroudeurs ! Habitu\u00e9s des championnats, toujours pr\u00eats \u00e0 d\u00e9couvrir des nouveaux ciels, deci, del\u00e0, nos v\u00e9livoles abbevillois ont d\u00e9cid\u00e9 de s&rsquo;\u00e9loigner un peu plus de leur habitat ! Et oui, il s\u2019agit bien de notre Championne de Vol en Planeur, Suzanne Caudrelier, marraine du Rassemblement des [&hellip;]<\/p>\n","protected":false},"author":211,"featured_media":0,"comment_status":"open","ping_status":"closed","sticky":false,"template":"","format":"standard","meta":{"inline_featured_image":false,"footnotes":""},"categories":[20,3,6,8,11,13,18,19,31],"tags":[],"class_list":["post-3450","post","type-post","status-publish","format-standard","hentry","category-actualites","category-club","category-formation","category-formation_planeur","category-manifestations","category-planeur","category-vie-du-club","category-vol-a-voile","category-voyages"],"_links":{"self":[{"href":"http:\/\/aeroclub-abbeville.fr\/index.php?rest_route=\/wp\/v2\/posts\/3450","targetHints":{"allow":["GET"]}}],"collection":[{"href":"http:\/\/aeroclub-abbeville.fr\/index.php?rest_route=\/wp\/v2\/posts"}],"about":[{"href":"http:\/\/aeroclub-abbeville.fr\/index.php?rest_route=\/wp\/v2\/types\/post"}],"author":[{"embeddable":true,"href":"http:\/\/aeroclub-abbeville.fr\/index.php?rest_route=\/wp\/v2\/users\/211"}],"replies":[{"embeddable":true,"href":"http:\/\/aeroclub-abbeville.fr\/index.php?rest_route=%2Fwp%2Fv2%2Fcomments&post=3450"}],"version-history":[{"count":38,"href":"http:\/\/aeroclub-abbeville.fr\/index.php?rest_route=\/wp\/v2\/posts\/3450\/revisions"}],"predecessor-version":[{"id":3572,"href":"http:\/\/aeroclub-abbeville.fr\/index.php?rest_route=\/wp\/v2\/posts\/3450\/revisions\/3572"}],"wp:attachment":[{"href":"http:\/\/aeroclub-abbeville.fr\/index.php?rest_route=%2Fwp%2Fv2%2Fmedia&parent=3450"}],"wp:term":[{"taxonomy":"category","embeddable":true,"href":"http:\/\/aeroclub-abbeville.fr\/index.php?rest_route=%2Fwp%2Fv2%2Fcategories&post=3450"},{"taxonomy":"post_tag","embeddable":true,"href":"http:\/\/aeroclub-abbeville.fr\/index.php?rest_route=%2Fwp%2Fv2%2Ftags&post=3450"}],"curies":[{"name":"wp","href":"https:\/\/api.w.org\/{rel}","templated":true}]}}