{"id":3588,"date":"2019-10-31T15:15:10","date_gmt":"2019-10-31T14:15:10","guid":{"rendered":"http:\/\/aeroclub-abbeville.fr\/?p=3588"},"modified":"2019-10-31T15:37:41","modified_gmt":"2019-10-31T14:37:41","slug":"au-detour-du-tour-lulm-le-retour","status":"publish","type":"post","link":"http:\/\/aeroclub-abbeville.fr\/?p=3588","title":{"rendered":"Au d\u00e9tour du Tour ! L\u2019ULM, le Retour !"},"content":{"rendered":"\n\n\n<p>31 Octobre 2019<\/p>\n\n\n\n<p>Soir\u00e9e de souvenirs et soir\u00e9e d\u2019amiti\u00e9 ! <\/p>\n\n\n\n<p style=\"text-align:center\">Alain Fauquembergue nous avait tous r\u00e9unis, ce samedi soir, pour nous pr\u00e9senter les conclusions de son exp\u00e9rience de pilote, en compagnie de son navigateur Daniel Tellier, durant le \u00ab&nbsp;Tour ULM 2019&nbsp;\u00bb Une histoire de pilotes et une histoire de passion !<\/p>\n\n\n\n<div class=\"wp-block-image\"><figure class=\"aligncenter is-resized\"><img fetchpriority=\"high\" decoding=\"async\" src=\"http:\/\/aeroclub-abbeville.fr\/wp-content\/uploads\/2019\/10\/EE375392-1265-4CA6-84DA-865242464BAE.jpeg\" alt=\"\" class=\"wp-image-3599\" width=\"588\" height=\"440\" srcset=\"http:\/\/aeroclub-abbeville.fr\/wp-content\/uploads\/2019\/10\/EE375392-1265-4CA6-84DA-865242464BAE.jpeg 784w, http:\/\/aeroclub-abbeville.fr\/wp-content\/uploads\/2019\/10\/EE375392-1265-4CA6-84DA-865242464BAE-480x359.jpeg 480w, http:\/\/aeroclub-abbeville.fr\/wp-content\/uploads\/2019\/10\/EE375392-1265-4CA6-84DA-865242464BAE-768x574.jpeg 768w, http:\/\/aeroclub-abbeville.fr\/wp-content\/uploads\/2019\/10\/EE375392-1265-4CA6-84DA-865242464BAE-624x466.jpeg 624w\" sizes=\"(max-width: 588px) 100vw, 588px\" \/><\/figure><\/div>\n\n\n\n<p style=\"text-align:center\">Le Tour de France en ULM, bien mieux qu\u2019en v\u00e9lo !<\/p>\n\n\n\n<ul class=\"wp-block-gallery columns-3 is-cropped wp-block-gallery-1 is-layout-flex wp-block-gallery-is-layout-flex\"><li class=\"blocks-gallery-item\"><figure><img decoding=\"async\" width=\"1024\" height=\"768\" src=\"http:\/\/aeroclub-abbeville.fr\/wp-content\/uploads\/2019\/10\/0B3EA0C8-2136-4E4B-AFD7-22144FED4C55-1024x768.jpeg\" alt=\"\" data-id=\"3602\" data-link=\"http:\/\/aeroclub-abbeville.fr\/?attachment_id=3602\" class=\"wp-image-3602\" srcset=\"http:\/\/aeroclub-abbeville.fr\/wp-content\/uploads\/2019\/10\/0B3EA0C8-2136-4E4B-AFD7-22144FED4C55-1024x768.jpeg 1024w, http:\/\/aeroclub-abbeville.fr\/wp-content\/uploads\/2019\/10\/0B3EA0C8-2136-4E4B-AFD7-22144FED4C55-480x360.jpeg 480w, http:\/\/aeroclub-abbeville.fr\/wp-content\/uploads\/2019\/10\/0B3EA0C8-2136-4E4B-AFD7-22144FED4C55-768x576.jpeg 768w, http:\/\/aeroclub-abbeville.fr\/wp-content\/uploads\/2019\/10\/0B3EA0C8-2136-4E4B-AFD7-22144FED4C55-624x468.jpeg 624w\" sizes=\"(max-width: 1024px) 100vw, 1024px\" \/><\/figure><\/li><li class=\"blocks-gallery-item\"><figure><img decoding=\"async\" width=\"1024\" height=\"768\" src=\"http:\/\/aeroclub-abbeville.fr\/wp-content\/uploads\/2019\/10\/C1C3BD81-DCF6-4423-AB70-EA2793BEB3F7-1024x768.jpeg\" alt=\"\" data-id=\"3603\" data-link=\"http:\/\/aeroclub-abbeville.fr\/?attachment_id=3603\" class=\"wp-image-3603\" srcset=\"http:\/\/aeroclub-abbeville.fr\/wp-content\/uploads\/2019\/10\/C1C3BD81-DCF6-4423-AB70-EA2793BEB3F7-1024x768.jpeg 1024w, http:\/\/aeroclub-abbeville.fr\/wp-content\/uploads\/2019\/10\/C1C3BD81-DCF6-4423-AB70-EA2793BEB3F7-480x360.jpeg 480w, http:\/\/aeroclub-abbeville.fr\/wp-content\/uploads\/2019\/10\/C1C3BD81-DCF6-4423-AB70-EA2793BEB3F7-768x576.jpeg 768w, http:\/\/aeroclub-abbeville.fr\/wp-content\/uploads\/2019\/10\/C1C3BD81-DCF6-4423-AB70-EA2793BEB3F7-624x468.jpeg 624w\" sizes=\"(max-width: 1024px) 100vw, 1024px\" \/><\/figure><\/li><li class=\"blocks-gallery-item\"><figure><img loading=\"lazy\" decoding=\"async\" width=\"940\" height=\"705\" src=\"http:\/\/aeroclub-abbeville.fr\/wp-content\/uploads\/2019\/10\/22600581-44B2-4D19-A54F-01AC7FA7A4EA.jpeg\" alt=\"\" data-id=\"3604\" data-link=\"http:\/\/aeroclub-abbeville.fr\/?attachment_id=3604\" class=\"wp-image-3604\" srcset=\"http:\/\/aeroclub-abbeville.fr\/wp-content\/uploads\/2019\/10\/22600581-44B2-4D19-A54F-01AC7FA7A4EA.jpeg 940w, http:\/\/aeroclub-abbeville.fr\/wp-content\/uploads\/2019\/10\/22600581-44B2-4D19-A54F-01AC7FA7A4EA-480x360.jpeg 480w, http:\/\/aeroclub-abbeville.fr\/wp-content\/uploads\/2019\/10\/22600581-44B2-4D19-A54F-01AC7FA7A4EA-768x576.jpeg 768w, http:\/\/aeroclub-abbeville.fr\/wp-content\/uploads\/2019\/10\/22600581-44B2-4D19-A54F-01AC7FA7A4EA-624x468.jpeg 624w\" sizes=\"(max-width: 940px) 100vw, 940px\" \/><\/figure><\/li><li class=\"blocks-gallery-item\"><figure><img loading=\"lazy\" decoding=\"async\" width=\"532\" height=\"355\" src=\"http:\/\/aeroclub-abbeville.fr\/wp-content\/uploads\/2019\/10\/1E35169D-31F6-43D2-8C5D-BCA9C8834203.jpeg\" alt=\"\" data-id=\"3605\" data-link=\"http:\/\/aeroclub-abbeville.fr\/?attachment_id=3605\" class=\"wp-image-3605\" srcset=\"http:\/\/aeroclub-abbeville.fr\/wp-content\/uploads\/2019\/10\/1E35169D-31F6-43D2-8C5D-BCA9C8834203.jpeg 532w, http:\/\/aeroclub-abbeville.fr\/wp-content\/uploads\/2019\/10\/1E35169D-31F6-43D2-8C5D-BCA9C8834203-480x320.jpeg 480w\" sizes=\"(max-width: 532px) 100vw, 532px\" \/><\/figure><\/li><li class=\"blocks-gallery-item\"><figure><img loading=\"lazy\" decoding=\"async\" width=\"1008\" height=\"756\" src=\"http:\/\/aeroclub-abbeville.fr\/wp-content\/uploads\/2019\/10\/17B1CC32-FBAE-4BCB-BDFB-17B81B429239.jpeg\" alt=\"\" data-id=\"3606\" data-link=\"http:\/\/aeroclub-abbeville.fr\/?attachment_id=3606\" class=\"wp-image-3606\" srcset=\"http:\/\/aeroclub-abbeville.fr\/wp-content\/uploads\/2019\/10\/17B1CC32-FBAE-4BCB-BDFB-17B81B429239.jpeg 1008w, http:\/\/aeroclub-abbeville.fr\/wp-content\/uploads\/2019\/10\/17B1CC32-FBAE-4BCB-BDFB-17B81B429239-480x360.jpeg 480w, http:\/\/aeroclub-abbeville.fr\/wp-content\/uploads\/2019\/10\/17B1CC32-FBAE-4BCB-BDFB-17B81B429239-768x576.jpeg 768w, http:\/\/aeroclub-abbeville.fr\/wp-content\/uploads\/2019\/10\/17B1CC32-FBAE-4BCB-BDFB-17B81B429239-624x468.jpeg 624w\" sizes=\"(max-width: 1008px) 100vw, 1008px\" \/><\/figure><\/li><li class=\"blocks-gallery-item\"><figure><img decoding=\"async\" src=\"http:\/\/aeroclub-abbeville.fr\/wp-content\/uploads\/2019\/10\/A87D67C8-C50B-4D23-9D4E-31F3300ACC2C.jpeg\" alt=\"\" data-id=\"3607\" data-link=\"http:\/\/aeroclub-abbeville.fr\/?attachment_id=3607\" class=\"wp-image-3607\"\/><\/figure><\/li><li class=\"blocks-gallery-item\"><figure><img loading=\"lazy\" decoding=\"async\" width=\"360\" height=\"270\" src=\"http:\/\/aeroclub-abbeville.fr\/wp-content\/uploads\/2019\/10\/1C6569E4-87F4-44E2-8952-E46E6E104FEF.jpeg\" alt=\"\" data-id=\"3609\" data-link=\"http:\/\/aeroclub-abbeville.fr\/?attachment_id=3609\" class=\"wp-image-3609\"\/><\/figure><\/li><li class=\"blocks-gallery-item\"><figure><img loading=\"lazy\" decoding=\"async\" width=\"768\" height=\"1024\" src=\"http:\/\/aeroclub-abbeville.fr\/wp-content\/uploads\/2019\/10\/841218D9-253D-4DCF-B8F1-964D6DD75E81-768x1024.jpeg\" alt=\"\" data-id=\"3610\" data-link=\"http:\/\/aeroclub-abbeville.fr\/?attachment_id=3610\" class=\"wp-image-3610\" srcset=\"http:\/\/aeroclub-abbeville.fr\/wp-content\/uploads\/2019\/10\/841218D9-253D-4DCF-B8F1-964D6DD75E81-768x1024.jpeg 768w, http:\/\/aeroclub-abbeville.fr\/wp-content\/uploads\/2019\/10\/841218D9-253D-4DCF-B8F1-964D6DD75E81-360x480.jpeg 360w, http:\/\/aeroclub-abbeville.fr\/wp-content\/uploads\/2019\/10\/841218D9-253D-4DCF-B8F1-964D6DD75E81-624x832.jpeg 624w, http:\/\/aeroclub-abbeville.fr\/wp-content\/uploads\/2019\/10\/841218D9-253D-4DCF-B8F1-964D6DD75E81.jpeg 810w\" sizes=\"(max-width: 768px) 100vw, 768px\" \/><\/figure><\/li><\/ul>\n\n\n\n<p style=\"text-align:center\">Les Merveilles de la France vue du ciel !<\/p>\n\n\n\n<p style=\"text-align:center\">Pour en savoir plus cliquez sur le lien :<\/p>\n\n\n\n<p style=\"text-align:center\"><a href=\"https:\/\/ffplum.fr\/la-federation\/le-tour\">https:\/\/ffplum.fr\/la-federation\/le-tour<\/a><\/p>\n\n\n\n<ul class=\"wp-block-gallery aligncenter columns-3 is-cropped wp-block-gallery-2 is-layout-flex wp-block-gallery-is-layout-flex\"><li class=\"blocks-gallery-item\"><figure><img loading=\"lazy\" decoding=\"async\" width=\"1024\" height=\"768\" src=\"http:\/\/aeroclub-abbeville.fr\/wp-content\/uploads\/2019\/10\/C8E1E3A3-058B-472F-9DA1-9F51846708A2-1024x768.jpeg\" alt=\"\" data-id=\"3612\" data-link=\"http:\/\/aeroclub-abbeville.fr\/?attachment_id=3612\" class=\"wp-image-3612\" srcset=\"http:\/\/aeroclub-abbeville.fr\/wp-content\/uploads\/2019\/10\/C8E1E3A3-058B-472F-9DA1-9F51846708A2-1024x768.jpeg 1024w, http:\/\/aeroclub-abbeville.fr\/wp-content\/uploads\/2019\/10\/C8E1E3A3-058B-472F-9DA1-9F51846708A2-480x360.jpeg 480w, http:\/\/aeroclub-abbeville.fr\/wp-content\/uploads\/2019\/10\/C8E1E3A3-058B-472F-9DA1-9F51846708A2-768x576.jpeg 768w, http:\/\/aeroclub-abbeville.fr\/wp-content\/uploads\/2019\/10\/C8E1E3A3-058B-472F-9DA1-9F51846708A2-624x468.jpeg 624w\" sizes=\"(max-width: 1024px) 100vw, 1024px\" \/><\/figure><\/li><li class=\"blocks-gallery-item\"><figure><img loading=\"lazy\" decoding=\"async\" width=\"1024\" height=\"768\" src=\"http:\/\/aeroclub-abbeville.fr\/wp-content\/uploads\/2019\/10\/3EC5E826-628C-4BCD-844B-CD0B9E7F9647-1024x768.jpeg\" alt=\"\" data-id=\"3613\" data-link=\"http:\/\/aeroclub-abbeville.fr\/?attachment_id=3613\" class=\"wp-image-3613\" srcset=\"http:\/\/aeroclub-abbeville.fr\/wp-content\/uploads\/2019\/10\/3EC5E826-628C-4BCD-844B-CD0B9E7F9647-1024x768.jpeg 1024w, http:\/\/aeroclub-abbeville.fr\/wp-content\/uploads\/2019\/10\/3EC5E826-628C-4BCD-844B-CD0B9E7F9647-480x360.jpeg 480w, http:\/\/aeroclub-abbeville.fr\/wp-content\/uploads\/2019\/10\/3EC5E826-628C-4BCD-844B-CD0B9E7F9647-768x576.jpeg 768w, http:\/\/aeroclub-abbeville.fr\/wp-content\/uploads\/2019\/10\/3EC5E826-628C-4BCD-844B-CD0B9E7F9647-624x468.jpeg 624w\" sizes=\"(max-width: 1024px) 100vw, 1024px\" \/><\/figure><\/li><li class=\"blocks-gallery-item\"><figure><img loading=\"lazy\" decoding=\"async\" width=\"1024\" height=\"768\" src=\"http:\/\/aeroclub-abbeville.fr\/wp-content\/uploads\/2019\/10\/02C2C4A1-C06E-4F9B-8E2C-0C84388FA390-1024x768.jpeg\" alt=\"\" data-id=\"3614\" data-link=\"http:\/\/aeroclub-abbeville.fr\/?attachment_id=3614\" class=\"wp-image-3614\" srcset=\"http:\/\/aeroclub-abbeville.fr\/wp-content\/uploads\/2019\/10\/02C2C4A1-C06E-4F9B-8E2C-0C84388FA390-1024x768.jpeg 1024w, http:\/\/aeroclub-abbeville.fr\/wp-content\/uploads\/2019\/10\/02C2C4A1-C06E-4F9B-8E2C-0C84388FA390-480x360.jpeg 480w, http:\/\/aeroclub-abbeville.fr\/wp-content\/uploads\/2019\/10\/02C2C4A1-C06E-4F9B-8E2C-0C84388FA390-768x576.jpeg 768w, http:\/\/aeroclub-abbeville.fr\/wp-content\/uploads\/2019\/10\/02C2C4A1-C06E-4F9B-8E2C-0C84388FA390-624x468.jpeg 624w\" sizes=\"(max-width: 1024px) 100vw, 1024px\" \/><\/figure><\/li><\/ul>\n\n\n\n<p style=\"text-align:center\">Et nous sommes tous l\u00e0 pour applaudir ce bel exploit ! Bravo \u00e0 nos deux pilotes \u00e9m\u00e9rites !<\/p>\n\n\n\n<figure class=\"wp-block-image is-resized\"><img loading=\"lazy\" decoding=\"async\" src=\"http:\/\/aeroclub-abbeville.fr\/wp-content\/uploads\/2019\/10\/7957FD7B-5F94-4950-B348-38D13A49C9E9-1024x498.jpeg\" alt=\"\" class=\"wp-image-3616\" width=\"768\" height=\"374\" srcset=\"http:\/\/aeroclub-abbeville.fr\/wp-content\/uploads\/2019\/10\/7957FD7B-5F94-4950-B348-38D13A49C9E9-1024x498.jpeg 1024w, http:\/\/aeroclub-abbeville.fr\/wp-content\/uploads\/2019\/10\/7957FD7B-5F94-4950-B348-38D13A49C9E9-480x233.jpeg 480w, http:\/\/aeroclub-abbeville.fr\/wp-content\/uploads\/2019\/10\/7957FD7B-5F94-4950-B348-38D13A49C9E9-768x373.jpeg 768w, http:\/\/aeroclub-abbeville.fr\/wp-content\/uploads\/2019\/10\/7957FD7B-5F94-4950-B348-38D13A49C9E9-624x303.jpeg 624w\" sizes=\"(max-width: 768px) 100vw, 768px\" \/><\/figure>\n\n\n\n<p style=\"text-align:center\">Abbeville, l\u2019a\u00e9roclub o\u00f9 on ose vivre ses r\u00eaves !<\/p>\n\n\n\n<div class=\"wp-block-image\"><figure class=\"aligncenter is-resized\"><img loading=\"lazy\" decoding=\"async\" src=\"http:\/\/aeroclub-abbeville.fr\/wp-content\/uploads\/2019\/10\/909EB6CD-B1BD-4F1C-953D-1579698570F0-1024x781.png\" alt=\"\" class=\"wp-image-3617\" width=\"512\" height=\"391\" srcset=\"http:\/\/aeroclub-abbeville.fr\/wp-content\/uploads\/2019\/10\/909EB6CD-B1BD-4F1C-953D-1579698570F0-1024x781.png 1024w, http:\/\/aeroclub-abbeville.fr\/wp-content\/uploads\/2019\/10\/909EB6CD-B1BD-4F1C-953D-1579698570F0-480x366.png 480w, http:\/\/aeroclub-abbeville.fr\/wp-content\/uploads\/2019\/10\/909EB6CD-B1BD-4F1C-953D-1579698570F0-768x586.png 768w, http:\/\/aeroclub-abbeville.fr\/wp-content\/uploads\/2019\/10\/909EB6CD-B1BD-4F1C-953D-1579698570F0-624x476.png 624w\" sizes=\"(max-width: 512px) 100vw, 512px\" \/><\/figure><\/div>\n\n\n\n<p style=\"text-align:center\">\u00c0 bient\u00f4t pour de nouvelles aventures !<\/p>\n\n\n\n<p style=\"text-align:center\">Fran\u00e7oise Sockeel<\/p>\n\n\n\n<p style=\"text-align:left\">Cr\u00e9dit Photos : Jean Pierre Lignier, Fran\u00e7oise Sockeel<\/p>\n","protected":false},"excerpt":{"rendered":"<p>31 Octobre 2019 Soir\u00e9e de souvenirs et soir\u00e9e d\u2019amiti\u00e9 ! Alain Fauquembergue nous avait tous r\u00e9unis, ce samedi soir, pour nous pr\u00e9senter les conclusions de son exp\u00e9rience de pilote, en compagnie de son navigateur Daniel Tellier, durant le \u00ab&nbsp;Tour ULM 2019&nbsp;\u00bb Une histoire de pilotes et une histoire de passion ! Le Tour de France [&hellip;]<\/p>\n","protected":false},"author":211,"featured_media":0,"comment_status":"open","ping_status":"closed","sticky":false,"template":"","format":"standard","meta":{"inline_featured_image":false,"footnotes":""},"categories":[20,21,2,3,11,17,18,31],"tags":[],"class_list":["post-3588","post","type-post","status-publish","format-standard","hentry","category-actualites","category-arrosages-fetes","category-avion","category-club","category-manifestations","category-ulm","category-vie-du-club","category-voyages"],"_links":{"self":[{"href":"http:\/\/aeroclub-abbeville.fr\/index.php?rest_route=\/wp\/v2\/posts\/3588","targetHints":{"allow":["GET"]}}],"collection":[{"href":"http:\/\/aeroclub-abbeville.fr\/index.php?rest_route=\/wp\/v2\/posts"}],"about":[{"href":"http:\/\/aeroclub-abbeville.fr\/index.php?rest_route=\/wp\/v2\/types\/post"}],"author":[{"embeddable":true,"href":"http:\/\/aeroclub-abbeville.fr\/index.php?rest_route=\/wp\/v2\/users\/211"}],"replies":[{"embeddable":true,"href":"http:\/\/aeroclub-abbeville.fr\/index.php?rest_route=%2Fwp%2Fv2%2Fcomments&post=3588"}],"version-history":[{"count":19,"href":"http:\/\/aeroclub-abbeville.fr\/index.php?rest_route=\/wp\/v2\/posts\/3588\/revisions"}],"predecessor-version":[{"id":3774,"href":"http:\/\/aeroclub-abbeville.fr\/index.php?rest_route=\/wp\/v2\/posts\/3588\/revisions\/3774"}],"wp:attachment":[{"href":"http:\/\/aeroclub-abbeville.fr\/index.php?rest_route=%2Fwp%2Fv2%2Fmedia&parent=3588"}],"wp:term":[{"taxonomy":"category","embeddable":true,"href":"http:\/\/aeroclub-abbeville.fr\/index.php?rest_route=%2Fwp%2Fv2%2Fcategories&post=3588"},{"taxonomy":"post_tag","embeddable":true,"href":"http:\/\/aeroclub-abbeville.fr\/index.php?rest_route=%2Fwp%2Fv2%2Ftags&post=3588"}],"curies":[{"name":"wp","href":"https:\/\/api.w.org\/{rel}","templated":true}]}}