{"id":3633,"date":"2019-11-26T15:42:13","date_gmt":"2019-11-26T14:42:13","guid":{"rendered":"http:\/\/aeroclub-abbeville.fr\/?p=3633"},"modified":"2019-11-27T15:19:32","modified_gmt":"2019-11-27T14:19:32","slug":"mais-que-se-passe-t-il-a-abbeville-une-fete-aerienne-et-deux-jours-de-gala-voila-pourquoi","status":"publish","type":"post","link":"http:\/\/aeroclub-abbeville.fr\/?p=3633","title":{"rendered":"Mais que se pr\u00e9pare-t-il \u00e0 Abbeville ? Une F\u00eate A\u00e9rienne et deux jours de Gala ! Voil\u00e0 pourquoi !"},"content":{"rendered":"\n<p>25 Septembre 2019<\/p>\n\n\n\n<p style=\"text-align:center\">L\u2019 a\u00e9roclub d\u2019Abbeville-Buigny-Baie-de-Somme organise pour ses 90 ans, une grande<\/p>\n\n\n\n<p style=\"text-align:center\"> <strong>\u00ab&nbsp;F\u00eate A\u00e9rienne&nbsp;\u00bb<\/strong><\/p>\n\n\n\n<p style=\"text-align:center\"><strong>Les Samedi 12 et Dimanche 13 Septembre 2020<\/strong><\/p>\n\n\n\n<p style=\"text-align:center\">sur le th\u00e8me des<\/p>\n\n\n\n<p style=\"text-align:center\"> <strong>\u00ab Femmes Pilotes, Femmes de Haut Vol&nbsp;\u00bb<\/strong><\/p>\n\n\n\n<p style=\"text-align:center\">qui s\u2019inscrivent, elles aussi, dans l\u2019histoire des Pionniers de l&rsquo;a\u00e9ronautique en Picardie. <\/p>\n\n\n\n<div class=\"wp-block-image\"><figure class=\"aligncenter is-resized\"><img fetchpriority=\"high\" decoding=\"async\" src=\"http:\/\/aeroclub-abbeville.fr\/wp-content\/uploads\/2019\/11\/A67DD3A9-08F1-49F5-88FB-5CE81A006BDF-1024x574.jpeg\" alt=\"\" class=\"wp-image-3635\" width=\"512\" height=\"287\" srcset=\"http:\/\/aeroclub-abbeville.fr\/wp-content\/uploads\/2019\/11\/A67DD3A9-08F1-49F5-88FB-5CE81A006BDF-1024x574.jpeg 1024w, http:\/\/aeroclub-abbeville.fr\/wp-content\/uploads\/2019\/11\/A67DD3A9-08F1-49F5-88FB-5CE81A006BDF-480x269.jpeg 480w, http:\/\/aeroclub-abbeville.fr\/wp-content\/uploads\/2019\/11\/A67DD3A9-08F1-49F5-88FB-5CE81A006BDF-768x431.jpeg 768w, http:\/\/aeroclub-abbeville.fr\/wp-content\/uploads\/2019\/11\/A67DD3A9-08F1-49F5-88FB-5CE81A006BDF-624x350.jpeg 624w, http:\/\/aeroclub-abbeville.fr\/wp-content\/uploads\/2019\/11\/A67DD3A9-08F1-49F5-88FB-5CE81A006BDF.jpeg 1328w\" sizes=\"(max-width: 512px) 100vw, 512px\" \/><figcaption>Suzanne Caudrelier, pilote de Planeur sera la \u00ab&nbsp;Marraine&nbsp;\u00bb de notre F\u00eate A\u00e9rienne.<\/figcaption><\/figure><\/div>\n\n\n\n<p style=\"text-align:center\">Mais que se passe t-il ce jour l\u00e0 ? <\/p>\n\n\n\n<p style=\"text-align:center\">Le 13 Septembre 1930, Michel Dor\u00e9, champion de course de vitesse et aviateur renomm\u00e9, cr\u00e9e un premier hangar et fonde l\u2019A\u00e9roclub d\u2019Abbeville. Seul \u00e0 bord de son Potez 36, il donne des bapt\u00eames de l\u2019air et surtout des le\u00e7ons de pilotage, suivant ainsi les traces d\u2019autres pionniers fondateurs picards : les Fr\u00e8res Caudron. <\/p>\n\n\n\n<p style=\"text-align:center\">En 2020, l\u2019a\u00e9roclub f\u00eatera ses 90 ans et continue de porter et transmettre la m\u00eame passion de l\u2019aviation dans toute la r\u00e9gion. <\/p>\n\n\n\n<div class=\"wp-block-image\"><figure class=\"aligncenter\"><img decoding=\"async\" width=\"179\" height=\"282\" src=\"http:\/\/aeroclub-abbeville.fr\/wp-content\/uploads\/2019\/11\/095FCF06-DDF3-4F3D-B97E-6C81292CADFE.jpeg\" alt=\"\" class=\"wp-image-3650\"\/><\/figure><\/div>\n\n\n\n<div class=\"wp-block-image\"><figure class=\"aligncenter\"><img decoding=\"async\" width=\"263\" height=\"192\" src=\"http:\/\/aeroclub-abbeville.fr\/wp-content\/uploads\/2019\/11\/2C9DD1E9-A565-44F6-ABF5-F4F766481B6F.jpeg\" alt=\"\" class=\"wp-image-3651\"\/><\/figure><\/div>\n\n\n\n<p style=\"text-align:center\"><strong>L\u2019Association Fran\u00e7aise des Femmes Pilotes<\/strong><\/p>\n\n\n\n<p style=\"text-align:center\">f\u00eate avec nous,<\/p>\n\n\n\n<p style=\"text-align:center\"><strong>Le 10 \u00e8me Anniversaire du Rassemblement des Femmes de l\u2019Air !<\/strong><\/p>\n\n\n\n<p style=\"text-align:center\"><strong>90 + 10 = 100<\/strong><\/p>\n\n\n\n<p style=\"text-align:center\"><strong>100 ans de Passion A\u00e9ronautique <\/strong>!<\/p>\n\n\n\n<p style=\"text-align:center\">Dans notre r\u00e9gion de Picardie, pionni\u00e8re de l\u2019Aviation !<\/p>\n\n\n\n<div class=\"wp-block-image\"><figure class=\"aligncenter is-resized\"><img loading=\"lazy\" decoding=\"async\" src=\"http:\/\/aeroclub-abbeville.fr\/wp-content\/uploads\/2019\/11\/68F18E7A-00C5-4766-9ED0-EB21DE76942B.png\" alt=\"\" class=\"wp-image-3648\" width=\"499\" height=\"312\" srcset=\"http:\/\/aeroclub-abbeville.fr\/wp-content\/uploads\/2019\/11\/68F18E7A-00C5-4766-9ED0-EB21DE76942B.png 998w, http:\/\/aeroclub-abbeville.fr\/wp-content\/uploads\/2019\/11\/68F18E7A-00C5-4766-9ED0-EB21DE76942B-480x300.png 480w, http:\/\/aeroclub-abbeville.fr\/wp-content\/uploads\/2019\/11\/68F18E7A-00C5-4766-9ED0-EB21DE76942B-768x480.png 768w, http:\/\/aeroclub-abbeville.fr\/wp-content\/uploads\/2019\/11\/68F18E7A-00C5-4766-9ED0-EB21DE76942B-624x390.png 624w\" sizes=\"(max-width: 499px) 100vw, 499px\" \/><\/figure><\/div>\n\n\n\n<p style=\"text-align:center\">Fond\u00e9e en 1971, par des Femmes Pilotes priv\u00e9es ou professionnelles, pour f\u00e9d\u00e9rer les Femmes Pilotes, les rapprocher et favoriser leur int\u00e9gration dans le milieu a\u00e9ronautique, L\u2019Association organise des rencontres, des stages, des voyages, destin\u00e9s \u00e0 cr\u00e9er et d\u00e9velopper les liens d\u2019amiti\u00e9 entre les membres, de partager l\u2019histoire de nos pionni\u00e8res et lors de son rassemblement annuel, offre des bourses de formations. <\/p>\n\n\n\n<p style=\"text-align:center\"><a href=\"http:\/\/www.femmes-pilotes.com\/\">http:\/\/www.femmes-pilotes.com\/<\/a><\/p>\n\n\n\n<p style=\"text-align:center\">Pendant ces deux jours de F\u00eate A\u00e9rienne, nous pr\u00e9senterons \u00e0 nos publics :<\/p>\n\n\n\n<p>Des Films :<\/p>\n\n\n\n<ul class=\"wp-block-list\"><li>\u00ab&nbsp;L\u2019envol de l\u2019a\u00e9ronautique&nbsp;\u00bb de Jo\u00eblle Novic diffus\u00e9 par l\u2019INA<\/li><li>&nbsp;\u00ab&nbsp;Bessie Coleman&nbsp;\u00bb r\u00e9alis\u00e9 et pr\u00e9sent\u00e9 par Olivier Sarrazin<\/li><\/ul>\n\n\n\n<ul class=\"wp-block-gallery aligncenter columns-3 is-cropped wp-block-gallery-1 is-layout-flex wp-block-gallery-is-layout-flex\"><li class=\"blocks-gallery-item\"><figure><img decoding=\"async\" src=\"http:\/\/aeroclub-abbeville.fr\/wp-content\/uploads\/2019\/11\/1DD383F4-FE26-4307-8CAB-3BF84DAD1F42-724x1024.jpeg\" alt=\"\" data-id=\"3665\" data-link=\"http:\/\/aeroclub-abbeville.fr\/?attachment_id=3665\" class=\"wp-image-3665\"\/><\/figure><\/li><li class=\"blocks-gallery-item\"><figure><img decoding=\"async\" src=\"http:\/\/aeroclub-abbeville.fr\/wp-content\/uploads\/2019\/11\/E87D7D2F-AF2B-4754-A920-5A9AADAC2FEB.jpeg\" alt=\"\" data-id=\"3666\" data-link=\"http:\/\/aeroclub-abbeville.fr\/?attachment_id=3666\" class=\"wp-image-3666\"\/><\/figure><\/li><li class=\"blocks-gallery-item\"><figure><img loading=\"lazy\" decoding=\"async\" width=\"246\" height=\"300\" src=\"http:\/\/aeroclub-abbeville.fr\/wp-content\/uploads\/2019\/11\/7924D113-6C1C-498E-8ECA-3DB08B510A05.jpeg\" alt=\"\" data-id=\"3667\" data-link=\"http:\/\/aeroclub-abbeville.fr\/?attachment_id=3667\" class=\"wp-image-3667\"\/><\/figure><\/li><\/ul>\n\n\n\n<p>Des expositions et des conf\u00e9rences-d\u00e9bats :<\/p>\n\n\n\n<ul class=\"wp-block-list\"><li>\u00ab\u00a0Femmes Pilotes, pionni\u00e8res de l\u2019aviation\u00a0\u00bb pr\u00e9sent\u00e9e par Karine Bellart du Mus\u00e9e des Fr\u00e8res Caudron de la ville de Rue.<\/li><li>\u00a0\u00ab\u00a0Femmes Pilotes, des pionni\u00e8res \u00e0 l\u2019a\u00e9rospatiale\u00a0\u00bb de l\u2019AFFP<\/li><li>\u00ab\u00a0H\u00e9l\u00e8ne Boucher\u00a0\u00bb documents et archives pr\u00e9sent\u00e9s par Michelle Gensbittel <\/li><li>\u00ab\u00a0Mon tour d\u2019Afrique en solo en Piper Cub\u00a0\u00bb de Val\u00e9rie Dereymaeker alias \u00ab\u00a0Lady Bush\u00a0\u00bb<\/li><li>\u00a0\u00ab\u00a0 Suzanne Jannin\u00a0\u00bb par Isabelle Guillart<\/li><li>\u00a0\u00ab\u00a0 Le Liberty Bessie Tour\u00a0\u00bb fera escale chez nous, avec les aventures de \u00ab\u00a0Bessie\u00a0\u00bb en BD, pr\u00e9sent\u00e9e par son dessinateur Vincent Hop.<\/li><li>\u00ab\u00a0Un des derniers pilotes du Concorde\u00a0\u00bb par Jacky Ramon<\/li><li>\u00a0\u00bbFemmes Pilotes et Femmes de Pilotes d\u2019Abbeville<\/li><\/ul>\n\n\n\n<div class=\"wp-block-image\"><figure class=\"aligncenter is-resized\"><img loading=\"lazy\" decoding=\"async\" src=\"http:\/\/aeroclub-abbeville.fr\/wp-content\/uploads\/2019\/11\/48CA1D14-CDC5-48E9-8033-9B1CFBB1D35D-1024x681.jpeg\" alt=\"\" class=\"wp-image-3673\" width=\"512\" height=\"341\" srcset=\"http:\/\/aeroclub-abbeville.fr\/wp-content\/uploads\/2019\/11\/48CA1D14-CDC5-48E9-8033-9B1CFBB1D35D-1024x681.jpeg 1024w, http:\/\/aeroclub-abbeville.fr\/wp-content\/uploads\/2019\/11\/48CA1D14-CDC5-48E9-8033-9B1CFBB1D35D-480x319.jpeg 480w, http:\/\/aeroclub-abbeville.fr\/wp-content\/uploads\/2019\/11\/48CA1D14-CDC5-48E9-8033-9B1CFBB1D35D-768x511.jpeg 768w, http:\/\/aeroclub-abbeville.fr\/wp-content\/uploads\/2019\/11\/48CA1D14-CDC5-48E9-8033-9B1CFBB1D35D-624x415.jpeg 624w, http:\/\/aeroclub-abbeville.fr\/wp-content\/uploads\/2019\/11\/48CA1D14-CDC5-48E9-8033-9B1CFBB1D35D.jpeg 2048w\" sizes=\"(max-width: 512px) 100vw, 512px\" \/><figcaption>Lady Bush au d\u00e9collage de la plage du Crotoy <\/figcaption><\/figure><\/div>\n\n\n\n<p>Les Remises de Dipl\u00f4mes :<\/p>\n\n\n\n<p style=\"text-align:center\">L\u2019une des missions de l\u2019A\u00e9roclub est de transmettre les connaissances th\u00e9oriques et pratiques n\u00e9cessaires au pilotage d\u2019a\u00e9ronefs. La journ\u00e9e de remises des dipl\u00f4mes est la conclusion de toute une ann\u00e9e de cours th\u00e9oriques, de dimanches matins de travail, d\u2019attention, de vigilance, de patience et d\u2019heures de vol, pour les instructeurs-enseignants et leurs \u00e9l\u00e8ves, afin d\u2019obtenir le Brevet d\u2019Initiation \u00e0 l\u2019a\u00e9ronautique (BIA) et le Brevet de Pilote. La c\u00e9r\u00e9monie de remise des dipl\u00f4mes est traditionnellement un grand \u00e9v\u00e9nement auquel sont convi\u00e9s les \u00e9l\u00e8ves et leurs familles, les instructeurs-enseignants, les \u00e9lus de notre r\u00e9gion, l\u2019Arm\u00e9e de l\u2019Air et la Presse. <\/p>\n\n\n\n<ul class=\"wp-block-gallery aligncenter columns-3 is-cropped wp-block-gallery-2 is-layout-flex wp-block-gallery-is-layout-flex\"><li class=\"blocks-gallery-item\"><figure><img loading=\"lazy\" decoding=\"async\" width=\"1024\" height=\"683\" src=\"http:\/\/aeroclub-abbeville.fr\/wp-content\/uploads\/2019\/11\/FAD13DE0-886D-4470-846E-50D7C7F6D67B-1024x683.jpeg\" alt=\"\" data-id=\"3676\" class=\"wp-image-3676\" srcset=\"http:\/\/aeroclub-abbeville.fr\/wp-content\/uploads\/2019\/11\/FAD13DE0-886D-4470-846E-50D7C7F6D67B.jpeg 1024w, http:\/\/aeroclub-abbeville.fr\/wp-content\/uploads\/2019\/11\/FAD13DE0-886D-4470-846E-50D7C7F6D67B-480x320.jpeg 480w, http:\/\/aeroclub-abbeville.fr\/wp-content\/uploads\/2019\/11\/FAD13DE0-886D-4470-846E-50D7C7F6D67B-768x512.jpeg 768w, http:\/\/aeroclub-abbeville.fr\/wp-content\/uploads\/2019\/11\/FAD13DE0-886D-4470-846E-50D7C7F6D67B-624x416.jpeg 624w\" sizes=\"(max-width: 1024px) 100vw, 1024px\" \/><\/figure><\/li><li class=\"blocks-gallery-item\"><figure><img loading=\"lazy\" decoding=\"async\" width=\"1024\" height=\"683\" src=\"http:\/\/aeroclub-abbeville.fr\/wp-content\/uploads\/2019\/11\/ADD13D1E-C14C-47ED-8109-1A8AB030A7C6-1024x683.jpeg\" alt=\"\" data-id=\"3677\" data-link=\"http:\/\/aeroclub-abbeville.fr\/?attachment_id=3677\" class=\"wp-image-3677\" srcset=\"http:\/\/aeroclub-abbeville.fr\/wp-content\/uploads\/2019\/11\/ADD13D1E-C14C-47ED-8109-1A8AB030A7C6.jpeg 1024w, http:\/\/aeroclub-abbeville.fr\/wp-content\/uploads\/2019\/11\/ADD13D1E-C14C-47ED-8109-1A8AB030A7C6-480x320.jpeg 480w, http:\/\/aeroclub-abbeville.fr\/wp-content\/uploads\/2019\/11\/ADD13D1E-C14C-47ED-8109-1A8AB030A7C6-768x512.jpeg 768w, http:\/\/aeroclub-abbeville.fr\/wp-content\/uploads\/2019\/11\/ADD13D1E-C14C-47ED-8109-1A8AB030A7C6-624x416.jpeg 624w\" sizes=\"(max-width: 1024px) 100vw, 1024px\" \/><\/figure><\/li><li class=\"blocks-gallery-item\"><figure><img loading=\"lazy\" decoding=\"async\" width=\"1024\" height=\"683\" src=\"http:\/\/aeroclub-abbeville.fr\/wp-content\/uploads\/2019\/11\/B5342778-26FF-4DD0-9EE5-8C53BD7954E8-1024x683.jpeg\" alt=\"\" data-id=\"3680\" data-link=\"http:\/\/aeroclub-abbeville.fr\/?attachment_id=3680\" class=\"wp-image-3680\" srcset=\"http:\/\/aeroclub-abbeville.fr\/wp-content\/uploads\/2019\/11\/B5342778-26FF-4DD0-9EE5-8C53BD7954E8.jpeg 1024w, http:\/\/aeroclub-abbeville.fr\/wp-content\/uploads\/2019\/11\/B5342778-26FF-4DD0-9EE5-8C53BD7954E8-480x320.jpeg 480w, http:\/\/aeroclub-abbeville.fr\/wp-content\/uploads\/2019\/11\/B5342778-26FF-4DD0-9EE5-8C53BD7954E8-768x512.jpeg 768w, http:\/\/aeroclub-abbeville.fr\/wp-content\/uploads\/2019\/11\/B5342778-26FF-4DD0-9EE5-8C53BD7954E8-624x416.jpeg 624w\" sizes=\"(max-width: 1024px) 100vw, 1024px\" \/><\/figure><\/li><\/ul>\n\n\n\n<p> Des activit\u00e9s et des entra\u00eenements  :<\/p>\n\n\n\n<ul class=\"wp-block-list\"><li>vous pourrez tester vos capacit\u00e9s gr\u00e2ce \u00e0 nos simulateurs de vol,<\/li><li>visiter le \u00ab&nbsp;Spatiobus&nbsp;\u00bb du CNES<\/li><li>faire des Bapt\u00eames de l\u2019air en Avion, Planeur ou ULM, avec des pilotes confirm\u00e9s pour d\u00e9couvrir la Baie de Somme o\u00f9 \u00ab&nbsp;Le Bonheur est dans les Airs&nbsp;\u00bb<\/li><li>assister \u00e0 des d\u00e9monstrations d\u2019avions anciens <\/li><li>voir en petits groupes les avions expos\u00e9s en statique, les multiples stands de m\u00e9canique et de constructeurs.<\/li><\/ul>\n\n\n\n<ul class=\"wp-block-gallery aligncenter columns-3 is-cropped wp-block-gallery-3 is-layout-flex wp-block-gallery-is-layout-flex\"><li class=\"blocks-gallery-item\"><figure><img loading=\"lazy\" decoding=\"async\" width=\"1024\" height=\"575\" src=\"http:\/\/aeroclub-abbeville.fr\/wp-content\/uploads\/2019\/11\/91FD68C7-FC17-42D1-85D8-82BD494D8242-1024x575.jpeg\" alt=\"\" data-id=\"3683\" data-link=\"http:\/\/aeroclub-abbeville.fr\/?attachment_id=3683\" class=\"wp-image-3683\" srcset=\"http:\/\/aeroclub-abbeville.fr\/wp-content\/uploads\/2019\/11\/91FD68C7-FC17-42D1-85D8-82BD494D8242-1024x575.jpeg 1024w, http:\/\/aeroclub-abbeville.fr\/wp-content\/uploads\/2019\/11\/91FD68C7-FC17-42D1-85D8-82BD494D8242-480x270.jpeg 480w, http:\/\/aeroclub-abbeville.fr\/wp-content\/uploads\/2019\/11\/91FD68C7-FC17-42D1-85D8-82BD494D8242-768x431.jpeg 768w, http:\/\/aeroclub-abbeville.fr\/wp-content\/uploads\/2019\/11\/91FD68C7-FC17-42D1-85D8-82BD494D8242-624x350.jpeg 624w, http:\/\/aeroclub-abbeville.fr\/wp-content\/uploads\/2019\/11\/91FD68C7-FC17-42D1-85D8-82BD494D8242.jpeg 2028w\" sizes=\"(max-width: 1024px) 100vw, 1024px\" \/><\/figure><\/li><li class=\"blocks-gallery-item\"><figure><img loading=\"lazy\" decoding=\"async\" width=\"1024\" height=\"680\" src=\"http:\/\/aeroclub-abbeville.fr\/wp-content\/uploads\/2019\/11\/0096AB89-DE06-41E9-A348-D48673D8B025-1024x680.jpeg\" alt=\"\" data-id=\"3684\" data-link=\"http:\/\/aeroclub-abbeville.fr\/?attachment_id=3684\" class=\"wp-image-3684\" srcset=\"http:\/\/aeroclub-abbeville.fr\/wp-content\/uploads\/2019\/11\/0096AB89-DE06-41E9-A348-D48673D8B025-1024x680.jpeg 1024w, http:\/\/aeroclub-abbeville.fr\/wp-content\/uploads\/2019\/11\/0096AB89-DE06-41E9-A348-D48673D8B025-480x319.jpeg 480w, http:\/\/aeroclub-abbeville.fr\/wp-content\/uploads\/2019\/11\/0096AB89-DE06-41E9-A348-D48673D8B025-768x510.jpeg 768w, http:\/\/aeroclub-abbeville.fr\/wp-content\/uploads\/2019\/11\/0096AB89-DE06-41E9-A348-D48673D8B025-624x414.jpeg 624w, http:\/\/aeroclub-abbeville.fr\/wp-content\/uploads\/2019\/11\/0096AB89-DE06-41E9-A348-D48673D8B025.jpeg 1200w\" sizes=\"(max-width: 1024px) 100vw, 1024px\" \/><\/figure><\/li><li class=\"blocks-gallery-item\"><figure><img loading=\"lazy\" decoding=\"async\" width=\"1024\" height=\"681\" src=\"http:\/\/aeroclub-abbeville.fr\/wp-content\/uploads\/2019\/11\/AEFAB46A-D2FA-4E60-BCD7-28233C30A064-1024x681.jpeg\" alt=\"\" data-id=\"3685\" data-link=\"http:\/\/aeroclub-abbeville.fr\/?attachment_id=3685\" class=\"wp-image-3685\" srcset=\"http:\/\/aeroclub-abbeville.fr\/wp-content\/uploads\/2019\/11\/AEFAB46A-D2FA-4E60-BCD7-28233C30A064-1024x681.jpeg 1024w, http:\/\/aeroclub-abbeville.fr\/wp-content\/uploads\/2019\/11\/AEFAB46A-D2FA-4E60-BCD7-28233C30A064-480x319.jpeg 480w, http:\/\/aeroclub-abbeville.fr\/wp-content\/uploads\/2019\/11\/AEFAB46A-D2FA-4E60-BCD7-28233C30A064-768x511.jpeg 768w, http:\/\/aeroclub-abbeville.fr\/wp-content\/uploads\/2019\/11\/AEFAB46A-D2FA-4E60-BCD7-28233C30A064-624x415.jpeg 624w, http:\/\/aeroclub-abbeville.fr\/wp-content\/uploads\/2019\/11\/AEFAB46A-D2FA-4E60-BCD7-28233C30A064.jpeg 1692w\" sizes=\"(max-width: 1024px) 100vw, 1024px\" \/><\/figure><\/li><li class=\"blocks-gallery-item\"><figure><img loading=\"lazy\" decoding=\"async\" width=\"1024\" height=\"681\" src=\"http:\/\/aeroclub-abbeville.fr\/wp-content\/uploads\/2019\/11\/6FC23BBE-6E81-4074-B993-20DD3B2EF23C-1024x681.jpeg\" alt=\"\" data-id=\"3686\" data-link=\"http:\/\/aeroclub-abbeville.fr\/?attachment_id=3686\" class=\"wp-image-3686\" srcset=\"http:\/\/aeroclub-abbeville.fr\/wp-content\/uploads\/2019\/11\/6FC23BBE-6E81-4074-B993-20DD3B2EF23C-1024x681.jpeg 1024w, http:\/\/aeroclub-abbeville.fr\/wp-content\/uploads\/2019\/11\/6FC23BBE-6E81-4074-B993-20DD3B2EF23C-480x319.jpeg 480w, http:\/\/aeroclub-abbeville.fr\/wp-content\/uploads\/2019\/11\/6FC23BBE-6E81-4074-B993-20DD3B2EF23C-768x511.jpeg 768w, http:\/\/aeroclub-abbeville.fr\/wp-content\/uploads\/2019\/11\/6FC23BBE-6E81-4074-B993-20DD3B2EF23C-624x415.jpeg 624w, http:\/\/aeroclub-abbeville.fr\/wp-content\/uploads\/2019\/11\/6FC23BBE-6E81-4074-B993-20DD3B2EF23C.jpeg 1692w\" sizes=\"(max-width: 1024px) 100vw, 1024px\" \/><\/figure><\/li><li class=\"blocks-gallery-item\"><figure><img loading=\"lazy\" decoding=\"async\" width=\"1024\" height=\"681\" src=\"http:\/\/aeroclub-abbeville.fr\/wp-content\/uploads\/2019\/11\/982E7FC1-0DA0-4F3C-9D94-315612B1B80D-1024x681.jpeg\" alt=\"\" data-id=\"3687\" data-link=\"http:\/\/aeroclub-abbeville.fr\/?attachment_id=3687\" class=\"wp-image-3687\" srcset=\"http:\/\/aeroclub-abbeville.fr\/wp-content\/uploads\/2019\/11\/982E7FC1-0DA0-4F3C-9D94-315612B1B80D-1024x681.jpeg 1024w, http:\/\/aeroclub-abbeville.fr\/wp-content\/uploads\/2019\/11\/982E7FC1-0DA0-4F3C-9D94-315612B1B80D-480x319.jpeg 480w, http:\/\/aeroclub-abbeville.fr\/wp-content\/uploads\/2019\/11\/982E7FC1-0DA0-4F3C-9D94-315612B1B80D-768x511.jpeg 768w, http:\/\/aeroclub-abbeville.fr\/wp-content\/uploads\/2019\/11\/982E7FC1-0DA0-4F3C-9D94-315612B1B80D-624x415.jpeg 624w, http:\/\/aeroclub-abbeville.fr\/wp-content\/uploads\/2019\/11\/982E7FC1-0DA0-4F3C-9D94-315612B1B80D.jpeg 2000w\" sizes=\"(max-width: 1024px) 100vw, 1024px\" \/><\/figure><\/li><li class=\"blocks-gallery-item\"><figure><img loading=\"lazy\" decoding=\"async\" width=\"1024\" height=\"681\" src=\"http:\/\/aeroclub-abbeville.fr\/wp-content\/uploads\/2019\/11\/C1DC2B50-DBEC-432E-BB57-037F2DB46CD6-1024x681.jpeg\" alt=\"\" data-id=\"3688\" data-link=\"http:\/\/aeroclub-abbeville.fr\/?attachment_id=3688\" class=\"wp-image-3688\" srcset=\"http:\/\/aeroclub-abbeville.fr\/wp-content\/uploads\/2019\/11\/C1DC2B50-DBEC-432E-BB57-037F2DB46CD6-1024x681.jpeg 1024w, http:\/\/aeroclub-abbeville.fr\/wp-content\/uploads\/2019\/11\/C1DC2B50-DBEC-432E-BB57-037F2DB46CD6-480x319.jpeg 480w, http:\/\/aeroclub-abbeville.fr\/wp-content\/uploads\/2019\/11\/C1DC2B50-DBEC-432E-BB57-037F2DB46CD6-768x510.jpeg 768w, http:\/\/aeroclub-abbeville.fr\/wp-content\/uploads\/2019\/11\/C1DC2B50-DBEC-432E-BB57-037F2DB46CD6-624x415.jpeg 624w, http:\/\/aeroclub-abbeville.fr\/wp-content\/uploads\/2019\/11\/C1DC2B50-DBEC-432E-BB57-037F2DB46CD6.jpeg 2048w\" sizes=\"(max-width: 1024px) 100vw, 1024px\" \/><\/figure><\/li><li class=\"blocks-gallery-item\"><figure><img loading=\"lazy\" decoding=\"async\" width=\"567\" height=\"567\" src=\"http:\/\/aeroclub-abbeville.fr\/wp-content\/uploads\/2019\/11\/D7BFAABD-1768-49BC-AE1E-7137912AAAD1.jpeg\" alt=\"\" data-id=\"3691\" data-link=\"http:\/\/aeroclub-abbeville.fr\/?attachment_id=3691\" class=\"wp-image-3691\" srcset=\"http:\/\/aeroclub-abbeville.fr\/wp-content\/uploads\/2019\/11\/D7BFAABD-1768-49BC-AE1E-7137912AAAD1.jpeg 567w, http:\/\/aeroclub-abbeville.fr\/wp-content\/uploads\/2019\/11\/D7BFAABD-1768-49BC-AE1E-7137912AAAD1-150x150.jpeg 150w, http:\/\/aeroclub-abbeville.fr\/wp-content\/uploads\/2019\/11\/D7BFAABD-1768-49BC-AE1E-7137912AAAD1-480x480.jpeg 480w\" sizes=\"(max-width: 567px) 100vw, 567px\" \/><\/figure><\/li><li class=\"blocks-gallery-item\"><figure><img loading=\"lazy\" decoding=\"async\" width=\"1024\" height=\"681\" src=\"http:\/\/aeroclub-abbeville.fr\/wp-content\/uploads\/2019\/11\/55053D78-E483-4A0E-B5C3-9B13B96E1268-1024x681.jpeg\" alt=\"\" data-id=\"3693\" data-link=\"http:\/\/aeroclub-abbeville.fr\/?attachment_id=3693\" class=\"wp-image-3693\" srcset=\"http:\/\/aeroclub-abbeville.fr\/wp-content\/uploads\/2019\/11\/55053D78-E483-4A0E-B5C3-9B13B96E1268-1024x681.jpeg 1024w, http:\/\/aeroclub-abbeville.fr\/wp-content\/uploads\/2019\/11\/55053D78-E483-4A0E-B5C3-9B13B96E1268-480x319.jpeg 480w, http:\/\/aeroclub-abbeville.fr\/wp-content\/uploads\/2019\/11\/55053D78-E483-4A0E-B5C3-9B13B96E1268-768x510.jpeg 768w, http:\/\/aeroclub-abbeville.fr\/wp-content\/uploads\/2019\/11\/55053D78-E483-4A0E-B5C3-9B13B96E1268-624x415.jpeg 624w, http:\/\/aeroclub-abbeville.fr\/wp-content\/uploads\/2019\/11\/55053D78-E483-4A0E-B5C3-9B13B96E1268.jpeg 2048w\" sizes=\"(max-width: 1024px) 100vw, 1024px\" \/><\/figure><\/li><li class=\"blocks-gallery-item\"><figure><img loading=\"lazy\" decoding=\"async\" width=\"1024\" height=\"768\" src=\"http:\/\/aeroclub-abbeville.fr\/wp-content\/uploads\/2019\/11\/629A4E8C-1E12-455C-97DC-4B9B6CFC5F9D-1024x768.jpeg\" alt=\"\" data-id=\"3694\" data-link=\"http:\/\/aeroclub-abbeville.fr\/?attachment_id=3694\" class=\"wp-image-3694\" srcset=\"http:\/\/aeroclub-abbeville.fr\/wp-content\/uploads\/2019\/11\/629A4E8C-1E12-455C-97DC-4B9B6CFC5F9D-1024x768.jpeg 1024w, http:\/\/aeroclub-abbeville.fr\/wp-content\/uploads\/2019\/11\/629A4E8C-1E12-455C-97DC-4B9B6CFC5F9D-480x360.jpeg 480w, http:\/\/aeroclub-abbeville.fr\/wp-content\/uploads\/2019\/11\/629A4E8C-1E12-455C-97DC-4B9B6CFC5F9D-768x576.jpeg 768w, http:\/\/aeroclub-abbeville.fr\/wp-content\/uploads\/2019\/11\/629A4E8C-1E12-455C-97DC-4B9B6CFC5F9D-624x468.jpeg 624w\" sizes=\"(max-width: 1024px) 100vw, 1024px\" \/><\/figure><\/li><li class=\"blocks-gallery-item\"><figure><img loading=\"lazy\" decoding=\"async\" width=\"1024\" height=\"768\" src=\"http:\/\/aeroclub-abbeville.fr\/wp-content\/uploads\/2019\/11\/A0613EDD-1226-41E7-8908-C3CFB4D9B9E5-1024x768.jpeg\" alt=\"\" data-id=\"3695\" data-link=\"http:\/\/aeroclub-abbeville.fr\/?attachment_id=3695\" class=\"wp-image-3695\" srcset=\"http:\/\/aeroclub-abbeville.fr\/wp-content\/uploads\/2019\/11\/A0613EDD-1226-41E7-8908-C3CFB4D9B9E5-1024x768.jpeg 1024w, http:\/\/aeroclub-abbeville.fr\/wp-content\/uploads\/2019\/11\/A0613EDD-1226-41E7-8908-C3CFB4D9B9E5-480x360.jpeg 480w, http:\/\/aeroclub-abbeville.fr\/wp-content\/uploads\/2019\/11\/A0613EDD-1226-41E7-8908-C3CFB4D9B9E5-768x576.jpeg 768w, http:\/\/aeroclub-abbeville.fr\/wp-content\/uploads\/2019\/11\/A0613EDD-1226-41E7-8908-C3CFB4D9B9E5-624x468.jpeg 624w\" sizes=\"(max-width: 1024px) 100vw, 1024px\" \/><\/figure><\/li><li class=\"blocks-gallery-item\"><figure><img loading=\"lazy\" decoding=\"async\" width=\"1024\" height=\"768\" src=\"http:\/\/aeroclub-abbeville.fr\/wp-content\/uploads\/2019\/11\/04A2F1DD-3197-4343-8659-A494E916C7D9-1024x768.jpeg\" alt=\"\" data-id=\"3696\" data-link=\"http:\/\/aeroclub-abbeville.fr\/?attachment_id=3696\" class=\"wp-image-3696\" srcset=\"http:\/\/aeroclub-abbeville.fr\/wp-content\/uploads\/2019\/11\/04A2F1DD-3197-4343-8659-A494E916C7D9.jpeg 1024w, http:\/\/aeroclub-abbeville.fr\/wp-content\/uploads\/2019\/11\/04A2F1DD-3197-4343-8659-A494E916C7D9-480x360.jpeg 480w, http:\/\/aeroclub-abbeville.fr\/wp-content\/uploads\/2019\/11\/04A2F1DD-3197-4343-8659-A494E916C7D9-768x576.jpeg 768w, http:\/\/aeroclub-abbeville.fr\/wp-content\/uploads\/2019\/11\/04A2F1DD-3197-4343-8659-A494E916C7D9-624x468.jpeg 624w\" sizes=\"(max-width: 1024px) 100vw, 1024px\" \/><\/figure><\/li><li class=\"blocks-gallery-item\"><figure><img loading=\"lazy\" decoding=\"async\" width=\"275\" height=\"183\" src=\"http:\/\/aeroclub-abbeville.fr\/wp-content\/uploads\/2019\/11\/3ACA79C7-169B-4847-B81B-33956EFB88A1.jpeg\" alt=\"\" data-id=\"3722\" data-link=\"http:\/\/aeroclub-abbeville.fr\/?attachment_id=3722\" class=\"wp-image-3722\"\/><\/figure><\/li><li class=\"blocks-gallery-item\"><figure><img loading=\"lazy\" decoding=\"async\" width=\"1024\" height=\"768\" src=\"http:\/\/aeroclub-abbeville.fr\/wp-content\/uploads\/2019\/11\/9946BA29-40CF-416B-BCC0-FD7D338012D5-1024x768.png\" alt=\"\" data-id=\"3724\" data-link=\"http:\/\/aeroclub-abbeville.fr\/?attachment_id=3724\" class=\"wp-image-3724\" srcset=\"http:\/\/aeroclub-abbeville.fr\/wp-content\/uploads\/2019\/11\/9946BA29-40CF-416B-BCC0-FD7D338012D5-1024x768.png 1024w, http:\/\/aeroclub-abbeville.fr\/wp-content\/uploads\/2019\/11\/9946BA29-40CF-416B-BCC0-FD7D338012D5-480x360.png 480w, http:\/\/aeroclub-abbeville.fr\/wp-content\/uploads\/2019\/11\/9946BA29-40CF-416B-BCC0-FD7D338012D5-768x576.png 768w, http:\/\/aeroclub-abbeville.fr\/wp-content\/uploads\/2019\/11\/9946BA29-40CF-416B-BCC0-FD7D338012D5-624x468.png 624w, http:\/\/aeroclub-abbeville.fr\/wp-content\/uploads\/2019\/11\/9946BA29-40CF-416B-BCC0-FD7D338012D5.png 2048w\" sizes=\"(max-width: 1024px) 100vw, 1024px\" \/><\/figure><\/li><\/ul>\n\n\n\n<p style=\"text-align:center\">Vous \u00e9changerez avec les multiples stands de Professionnels, F\u00e9d\u00e9rations, \u00c9coles des m\u00e9tiers de l\u2019a\u00e9ronautique et de l\u2019aviation.. <\/p>\n\n\n\n<div class=\"wp-block-image\"><figure class=\"aligncenter is-resized\"><img loading=\"lazy\" decoding=\"async\" src=\"http:\/\/aeroclub-abbeville.fr\/wp-content\/uploads\/2019\/11\/734091B6-1476-44E0-98CB-A332423049EA.jpeg\" alt=\"\" class=\"wp-image-3700\" width=\"480\" height=\"473\" srcset=\"http:\/\/aeroclub-abbeville.fr\/wp-content\/uploads\/2019\/11\/734091B6-1476-44E0-98CB-A332423049EA.jpeg 960w, http:\/\/aeroclub-abbeville.fr\/wp-content\/uploads\/2019\/11\/734091B6-1476-44E0-98CB-A332423049EA-480x473.jpeg 480w, http:\/\/aeroclub-abbeville.fr\/wp-content\/uploads\/2019\/11\/734091B6-1476-44E0-98CB-A332423049EA-768x756.jpeg 768w, http:\/\/aeroclub-abbeville.fr\/wp-content\/uploads\/2019\/11\/734091B6-1476-44E0-98CB-A332423049EA-624x614.jpeg 624w\" sizes=\"(max-width: 480px) 100vw, 480px\" \/><\/figure><\/div>\n\n\n\n<p style=\"text-align:center\">Et, si possible, nous esp\u00e9rons la participation de :<\/p>\n\n\n\n<ul class=\"wp-block-list\"><li>La Patrouille de France<\/li><li>l\u2019Equipe de Voltige de l\u2019Arm\u00e9e de l\u2019Air<\/li><li>les Chipmunks DHC-1 pilot\u00e9s par des passionn\u00e9s de ces avions de \u00ab&nbsp;De Havilland&nbsp;\u00bb<\/li><li>les repr\u00e9sentantes des \u00ab&nbsp;Ninety Nines&nbsp;\u00bb , association des Femmes Pilotes  am\u00e9ricaines, fond\u00e9e par Am\u00e9lia Earhart, avec lesquelles nous esp\u00e9rons des jumelages fructueux.<\/li><li>des collectionneurs et amateurs de voitures anciennes &#8230;<\/li><\/ul>\n\n\n\n<ul class=\"wp-block-gallery columns-3 is-cropped wp-block-gallery-4 is-layout-flex wp-block-gallery-is-layout-flex\"><li class=\"blocks-gallery-item\"><figure><img loading=\"lazy\" decoding=\"async\" width=\"1024\" height=\"681\" src=\"http:\/\/aeroclub-abbeville.fr\/wp-content\/uploads\/2019\/11\/36D8404E-AA08-4078-8FB0-9AACB8705F2C-1024x681.jpeg\" alt=\"\" data-id=\"3707\" data-link=\"http:\/\/aeroclub-abbeville.fr\/?attachment_id=3707\" class=\"wp-image-3707\" srcset=\"http:\/\/aeroclub-abbeville.fr\/wp-content\/uploads\/2019\/11\/36D8404E-AA08-4078-8FB0-9AACB8705F2C-1024x681.jpeg 1024w, http:\/\/aeroclub-abbeville.fr\/wp-content\/uploads\/2019\/11\/36D8404E-AA08-4078-8FB0-9AACB8705F2C-480x319.jpeg 480w, http:\/\/aeroclub-abbeville.fr\/wp-content\/uploads\/2019\/11\/36D8404E-AA08-4078-8FB0-9AACB8705F2C-768x510.jpeg 768w, http:\/\/aeroclub-abbeville.fr\/wp-content\/uploads\/2019\/11\/36D8404E-AA08-4078-8FB0-9AACB8705F2C-624x415.jpeg 624w, http:\/\/aeroclub-abbeville.fr\/wp-content\/uploads\/2019\/11\/36D8404E-AA08-4078-8FB0-9AACB8705F2C.jpeg 2048w\" sizes=\"(max-width: 1024px) 100vw, 1024px\" \/><\/figure><\/li><li class=\"blocks-gallery-item\"><figure><img loading=\"lazy\" decoding=\"async\" width=\"266\" height=\"190\" src=\"http:\/\/aeroclub-abbeville.fr\/wp-content\/uploads\/2019\/11\/6A312DC7-0ECE-4190-9E90-1339E9F4C88D.jpeg\" alt=\"\" data-id=\"3710\" data-link=\"http:\/\/aeroclub-abbeville.fr\/?attachment_id=3710\" class=\"wp-image-3710\"\/><\/figure><\/li><li class=\"blocks-gallery-item\"><figure><img loading=\"lazy\" decoding=\"async\" width=\"1024\" height=\"682\" src=\"http:\/\/aeroclub-abbeville.fr\/wp-content\/uploads\/2019\/11\/776BF231-41B7-4BC1-B3BF-7807335F500D-1024x682.jpeg\" alt=\"\" data-id=\"3718\" data-link=\"http:\/\/aeroclub-abbeville.fr\/?attachment_id=3718\" class=\"wp-image-3718\" srcset=\"http:\/\/aeroclub-abbeville.fr\/wp-content\/uploads\/2019\/11\/776BF231-41B7-4BC1-B3BF-7807335F500D-1024x682.jpeg 1024w, http:\/\/aeroclub-abbeville.fr\/wp-content\/uploads\/2019\/11\/776BF231-41B7-4BC1-B3BF-7807335F500D-480x320.jpeg 480w, http:\/\/aeroclub-abbeville.fr\/wp-content\/uploads\/2019\/11\/776BF231-41B7-4BC1-B3BF-7807335F500D-768x512.jpeg 768w, http:\/\/aeroclub-abbeville.fr\/wp-content\/uploads\/2019\/11\/776BF231-41B7-4BC1-B3BF-7807335F500D-624x416.jpeg 624w, http:\/\/aeroclub-abbeville.fr\/wp-content\/uploads\/2019\/11\/776BF231-41B7-4BC1-B3BF-7807335F500D.jpeg 1838w\" sizes=\"(max-width: 1024px) 100vw, 1024px\" \/><\/figure><\/li><li class=\"blocks-gallery-item\"><figure><img loading=\"lazy\" decoding=\"async\" width=\"960\" height=\"637\" src=\"http:\/\/aeroclub-abbeville.fr\/wp-content\/uploads\/2019\/11\/DC1AADEF-7362-4F34-A63B-D299E51F8A42.jpeg\" alt=\"\" data-id=\"3719\" data-link=\"http:\/\/aeroclub-abbeville.fr\/?attachment_id=3719\" class=\"wp-image-3719\" srcset=\"http:\/\/aeroclub-abbeville.fr\/wp-content\/uploads\/2019\/11\/DC1AADEF-7362-4F34-A63B-D299E51F8A42.jpeg 960w, http:\/\/aeroclub-abbeville.fr\/wp-content\/uploads\/2019\/11\/DC1AADEF-7362-4F34-A63B-D299E51F8A42-480x319.jpeg 480w, http:\/\/aeroclub-abbeville.fr\/wp-content\/uploads\/2019\/11\/DC1AADEF-7362-4F34-A63B-D299E51F8A42-768x510.jpeg 768w, http:\/\/aeroclub-abbeville.fr\/wp-content\/uploads\/2019\/11\/DC1AADEF-7362-4F34-A63B-D299E51F8A42-624x414.jpeg 624w\" sizes=\"(max-width: 960px) 100vw, 960px\" \/><\/figure><\/li><\/ul>\n\n\n\n<p style=\"text-align:center\">Et pleins d\u2019autres animations encore &#8230;<\/p>\n\n\n\n<p style=\"text-align:center\">Nous vous esp\u00e9rons nombreux \u00e0 nous rendre visite !<\/p>\n\n\n\n<p style=\"text-align:center\">\u00c0 bient\u00f4t pour de nouvelles aventures !<\/p>\n\n\n\n<p style=\"text-align:center\">Fran\u00e7oise Sockeel<\/p>\n\n\n\n<p><\/p>\n","protected":false},"excerpt":{"rendered":"<p>25 Septembre 2019 L\u2019 a\u00e9roclub d\u2019Abbeville-Buigny-Baie-de-Somme organise pour ses 90 ans, une grande \u00ab&nbsp;F\u00eate A\u00e9rienne&nbsp;\u00bb Les Samedi 12 et Dimanche 13 Septembre 2020 sur le th\u00e8me des \u00ab Femmes Pilotes, Femmes de Haut Vol&nbsp;\u00bb qui s\u2019inscrivent, elles aussi, dans l\u2019histoire des Pionniers de l&rsquo;a\u00e9ronautique en Picardie. Mais que se passe t-il ce jour l\u00e0 ? [&hellip;]<\/p>\n","protected":false},"author":211,"featured_media":0,"comment_status":"open","ping_status":"closed","sticky":false,"template":"","format":"standard","meta":{"inline_featured_image":false,"footnotes":""},"categories":[20,21,2,22,3,6,7,8,11,13,14,17,18,19],"tags":[],"class_list":["post-3633","post","type-post","status-publish","format-standard","hentry","category-actualites","category-arrosages-fetes","category-avion","category-bia","category-club","category-formation","category-formation_avion","category-formation_planeur","category-manifestations","category-planeur","category-presse","category-ulm","category-vie-du-club","category-vol-a-voile"],"_links":{"self":[{"href":"http:\/\/aeroclub-abbeville.fr\/index.php?rest_route=\/wp\/v2\/posts\/3633","targetHints":{"allow":["GET"]}}],"collection":[{"href":"http:\/\/aeroclub-abbeville.fr\/index.php?rest_route=\/wp\/v2\/posts"}],"about":[{"href":"http:\/\/aeroclub-abbeville.fr\/index.php?rest_route=\/wp\/v2\/types\/post"}],"author":[{"embeddable":true,"href":"http:\/\/aeroclub-abbeville.fr\/index.php?rest_route=\/wp\/v2\/users\/211"}],"replies":[{"embeddable":true,"href":"http:\/\/aeroclub-abbeville.fr\/index.php?rest_route=%2Fwp%2Fv2%2Fcomments&post=3633"}],"version-history":[{"count":48,"href":"http:\/\/aeroclub-abbeville.fr\/index.php?rest_route=\/wp\/v2\/posts\/3633\/revisions"}],"predecessor-version":[{"id":3740,"href":"http:\/\/aeroclub-abbeville.fr\/index.php?rest_route=\/wp\/v2\/posts\/3633\/revisions\/3740"}],"wp:attachment":[{"href":"http:\/\/aeroclub-abbeville.fr\/index.php?rest_route=%2Fwp%2Fv2%2Fmedia&parent=3633"}],"wp:term":[{"taxonomy":"category","embeddable":true,"href":"http:\/\/aeroclub-abbeville.fr\/index.php?rest_route=%2Fwp%2Fv2%2Fcategories&post=3633"},{"taxonomy":"post_tag","embeddable":true,"href":"http:\/\/aeroclub-abbeville.fr\/index.php?rest_route=%2Fwp%2Fv2%2Ftags&post=3633"}],"curies":[{"name":"wp","href":"https:\/\/api.w.org\/{rel}","templated":true}]}}