{"id":3757,"date":"2019-12-24T16:08:13","date_gmt":"2019-12-24T15:08:13","guid":{"rendered":"http:\/\/aeroclub-abbeville.fr\/?p=3757"},"modified":"2019-12-24T16:12:08","modified_gmt":"2019-12-24T15:12:08","slug":"cest-ce-soir-tout-est-pret","status":"publish","type":"post","link":"http:\/\/aeroclub-abbeville.fr\/?p=3757","title":{"rendered":"C\u2019est ce Soir ! Tout est pr\u00eat !"},"content":{"rendered":"\n<p>24 D\u00e9cembre 2019<\/p>\n\n\n\n<p style=\"text-align:center\">\u00c7a y est ! C\u2019est le Grand Jour ! La \u00ab&nbsp;Pr\u00e9-Vol&nbsp;\u00bb est faite ! On y va ! <\/p>\n\n\n\n<p style=\"text-align:center\"><strong>BON R\u00c9VEILLON \u00c0 VOUS TOUS !<\/strong><\/p>\n\n\n\n<div class=\"wp-block-image\"><figure class=\"aligncenter\"><img decoding=\"async\" src=\"http:\/\/aeroclub-abbeville.fr\/wp-content\/uploads\/2019\/12\/4A886869-0290-43AC-B35C-5476782E6197.jpeg\" alt=\"\" class=\"wp-image-3762\"\/><figcaption>Et tout le Monde y croit ! N\u2019est ce pas ?<br><\/figcaption><\/figure><\/div>\n\n\n\n<p style=\"text-align:center\">\u00c0 bient\u00f4t pour 2020 !<\/p>\n\n\n\n<p style=\"text-align:left\">Fran\u00e7oise Sockeel <\/p>\n","protected":false},"excerpt":{"rendered":"<p>24 D\u00e9cembre 2019 \u00c7a y est ! C\u2019est le Grand Jour ! La \u00ab&nbsp;Pr\u00e9-Vol&nbsp;\u00bb est faite ! On y va ! BON R\u00c9VEILLON \u00c0 VOUS TOUS ! \u00c0 bient\u00f4t pour 2020 ! Fran\u00e7oise Sockeel<\/p>\n","protected":false},"author":211,"featured_media":0,"comment_status":"open","ping_status":"closed","sticky":false,"template":"","format":"standard","meta":{"inline_featured_image":false,"footnotes":""},"categories":[20,21,2,3,11,13,17,18,19],"tags":[],"class_list":["post-3757","post","type-post","status-publish","format-standard","hentry","category-actualites","category-arrosages-fetes","category-avion","category-club","category-manifestations","category-planeur","category-ulm","category-vie-du-club","category-vol-a-voile"],"_links":{"self":[{"href":"http:\/\/aeroclub-abbeville.fr\/index.php?rest_route=\/wp\/v2\/posts\/3757","targetHints":{"allow":["GET"]}}],"collection":[{"href":"http:\/\/aeroclub-abbeville.fr\/index.php?rest_route=\/wp\/v2\/posts"}],"about":[{"href":"http:\/\/aeroclub-abbeville.fr\/index.php?rest_route=\/wp\/v2\/types\/post"}],"author":[{"embeddable":true,"href":"http:\/\/aeroclub-abbeville.fr\/index.php?rest_route=\/wp\/v2\/users\/211"}],"replies":[{"embeddable":true,"href":"http:\/\/aeroclub-abbeville.fr\/index.php?rest_route=%2Fwp%2Fv2%2Fcomments&post=3757"}],"version-history":[{"count":7,"href":"http:\/\/aeroclub-abbeville.fr\/index.php?rest_route=\/wp\/v2\/posts\/3757\/revisions"}],"predecessor-version":[{"id":3768,"href":"http:\/\/aeroclub-abbeville.fr\/index.php?rest_route=\/wp\/v2\/posts\/3757\/revisions\/3768"}],"wp:attachment":[{"href":"http:\/\/aeroclub-abbeville.fr\/index.php?rest_route=%2Fwp%2Fv2%2Fmedia&parent=3757"}],"wp:term":[{"taxonomy":"category","embeddable":true,"href":"http:\/\/aeroclub-abbeville.fr\/index.php?rest_route=%2Fwp%2Fv2%2Fcategories&post=3757"},{"taxonomy":"post_tag","embeddable":true,"href":"http:\/\/aeroclub-abbeville.fr\/index.php?rest_route=%2Fwp%2Fv2%2Ftags&post=3757"}],"curies":[{"name":"wp","href":"https:\/\/api.w.org\/{rel}","templated":true}]}}