{"id":376,"date":"2014-02-02T20:23:55","date_gmt":"2014-02-02T19:23:55","guid":{"rendered":"http:\/\/aeroclub-abbeville.fr\/?p=376"},"modified":"2014-02-02T20:50:23","modified_gmt":"2014-02-02T19:50:23","slug":"videos-vol-a-voile-2013","status":"publish","type":"post","link":"http:\/\/aeroclub-abbeville.fr\/?p=376","title":{"rendered":"Vid\u00e9os vol \u00e0 voile 2013"},"content":{"rendered":"<p>L&rsquo;hiver est le temps du montage vid\u00e9o. Merci \u00e0 Nicolas pour cette magnifique vid\u00e9o de nos vols pendant le stage \u00e0 Troyes.<\/p>\n<p><iframe src=\"\/\/www.youtube.com\/embed\/HFfhBVx4SoA\" height=\"315\" width=\"560\" allowfullscreen=\"\" frameborder=\"0\"><\/iframe><\/p>\n<p>Ainsi qu&rsquo;\u00e0 S\u00e9bastien, pour ces images de Saint-Auban<\/p>\n<p><iframe width=\"560\" height=\"315\" src=\"\/\/www.youtube.com\/embed\/cF7vHli_HQ8\" frameborder=\"0\" allowfullscreen><\/iframe><\/p>\n","protected":false},"excerpt":{"rendered":"<p>L&rsquo;hiver est le temps du montage vid\u00e9o. Merci \u00e0 Nicolas pour cette magnifique vid\u00e9o de nos vols pendant le stage \u00e0 Troyes. Ainsi qu&rsquo;\u00e0 S\u00e9bastien, pour ces images de Saint-Auban<\/p>\n","protected":false},"author":67,"featured_media":0,"comment_status":"open","ping_status":"open","sticky":false,"template":"","format":"standard","meta":{"inline_featured_image":false,"footnotes":""},"categories":[13,19],"tags":[],"class_list":["post-376","post","type-post","status-publish","format-standard","hentry","category-planeur","category-vol-a-voile"],"_links":{"self":[{"href":"http:\/\/aeroclub-abbeville.fr\/index.php?rest_route=\/wp\/v2\/posts\/376","targetHints":{"allow":["GET"]}}],"collection":[{"href":"http:\/\/aeroclub-abbeville.fr\/index.php?rest_route=\/wp\/v2\/posts"}],"about":[{"href":"http:\/\/aeroclub-abbeville.fr\/index.php?rest_route=\/wp\/v2\/types\/post"}],"author":[{"embeddable":true,"href":"http:\/\/aeroclub-abbeville.fr\/index.php?rest_route=\/wp\/v2\/users\/67"}],"replies":[{"embeddable":true,"href":"http:\/\/aeroclub-abbeville.fr\/index.php?rest_route=%2Fwp%2Fv2%2Fcomments&post=376"}],"version-history":[{"count":3,"href":"http:\/\/aeroclub-abbeville.fr\/index.php?rest_route=\/wp\/v2\/posts\/376\/revisions"}],"predecessor-version":[{"id":379,"href":"http:\/\/aeroclub-abbeville.fr\/index.php?rest_route=\/wp\/v2\/posts\/376\/revisions\/379"}],"wp:attachment":[{"href":"http:\/\/aeroclub-abbeville.fr\/index.php?rest_route=%2Fwp%2Fv2%2Fmedia&parent=376"}],"wp:term":[{"taxonomy":"category","embeddable":true,"href":"http:\/\/aeroclub-abbeville.fr\/index.php?rest_route=%2Fwp%2Fv2%2Fcategories&post=376"},{"taxonomy":"post_tag","embeddable":true,"href":"http:\/\/aeroclub-abbeville.fr\/index.php?rest_route=%2Fwp%2Fv2%2Ftags&post=376"}],"curies":[{"name":"wp","href":"https:\/\/api.w.org\/{rel}","templated":true}]}}