{"id":3771,"date":"2020-02-04T08:29:32","date_gmt":"2020-02-04T07:29:32","guid":{"rendered":"http:\/\/aeroclub-abbeville.fr\/?p=3771"},"modified":"2020-02-04T08:29:32","modified_gmt":"2020-02-04T07:29:32","slug":"date-a-retenir-2","status":"publish","type":"post","link":"http:\/\/aeroclub-abbeville.fr\/?p=3771","title":{"rendered":"Date \u00e0 retenir!"},"content":{"rendered":"\n<p>Notre assembl\u00e9e g\u00e9n\u00e9rale annuelle se tiendra le<\/p>\n<p style=\"text-align: center;\"><strong>samedi 4 avril 2020 \u00e0 17h<\/strong>.<\/p>\n<p>Nous comptons sur votre pr\u00e9sence \u00e0 ce moment essentiel dans la vie de l&rsquo;a\u00e9roclub. Pensez \u00e0 bloquer cette date dans votre agenda.<\/p>\n","protected":false},"excerpt":{"rendered":"","protected":false},"author":20,"featured_media":0,"comment_status":"open","ping_status":"closed","sticky":false,"template":"","format":"standard","meta":{"inline_featured_image":false,"footnotes":""},"categories":[1],"tags":[],"class_list":["post-3771","post","type-post","status-publish","format-standard","hentry","category-non-classe"],"_links":{"self":[{"href":"http:\/\/aeroclub-abbeville.fr\/index.php?rest_route=\/wp\/v2\/posts\/3771","targetHints":{"allow":["GET"]}}],"collection":[{"href":"http:\/\/aeroclub-abbeville.fr\/index.php?rest_route=\/wp\/v2\/posts"}],"about":[{"href":"http:\/\/aeroclub-abbeville.fr\/index.php?rest_route=\/wp\/v2\/types\/post"}],"author":[{"embeddable":true,"href":"http:\/\/aeroclub-abbeville.fr\/index.php?rest_route=\/wp\/v2\/users\/20"}],"replies":[{"embeddable":true,"href":"http:\/\/aeroclub-abbeville.fr\/index.php?rest_route=%2Fwp%2Fv2%2Fcomments&post=3771"}],"version-history":[{"count":1,"href":"http:\/\/aeroclub-abbeville.fr\/index.php?rest_route=\/wp\/v2\/posts\/3771\/revisions"}],"predecessor-version":[{"id":3772,"href":"http:\/\/aeroclub-abbeville.fr\/index.php?rest_route=\/wp\/v2\/posts\/3771\/revisions\/3772"}],"wp:attachment":[{"href":"http:\/\/aeroclub-abbeville.fr\/index.php?rest_route=%2Fwp%2Fv2%2Fmedia&parent=3771"}],"wp:term":[{"taxonomy":"category","embeddable":true,"href":"http:\/\/aeroclub-abbeville.fr\/index.php?rest_route=%2Fwp%2Fv2%2Fcategories&post=3771"},{"taxonomy":"post_tag","embeddable":true,"href":"http:\/\/aeroclub-abbeville.fr\/index.php?rest_route=%2Fwp%2Fv2%2Ftags&post=3771"}],"curies":[{"name":"wp","href":"https:\/\/api.w.org\/{rel}","templated":true}]}}