{"id":3777,"date":"2020-03-15T20:57:31","date_gmt":"2020-03-15T19:57:31","guid":{"rendered":"http:\/\/aeroclub-abbeville.fr\/?p=3777"},"modified":"2020-03-15T20:57:31","modified_gmt":"2020-03-15T19:57:31","slug":"a-partir-de-minuit-on-ferme","status":"publish","type":"post","link":"http:\/\/aeroclub-abbeville.fr\/?p=3777","title":{"rendered":"\u00c0 partir de Minuit, on ferme !"},"content":{"rendered":"\n<p>15 Mars 2020<\/p>\n\n\n\n<div class=\"wp-block-image\"><figure class=\"aligncenter is-resized\"><img fetchpriority=\"high\" decoding=\"async\" src=\"http:\/\/aeroclub-abbeville.fr\/wp-content\/uploads\/2020\/03\/F02F7EFE-738D-4EC6-B739-AE19E701964F.jpeg\" alt=\"\" class=\"wp-image-3778\" width=\"480\" height=\"333\" srcset=\"http:\/\/aeroclub-abbeville.fr\/wp-content\/uploads\/2020\/03\/F02F7EFE-738D-4EC6-B739-AE19E701964F.jpeg 960w, http:\/\/aeroclub-abbeville.fr\/wp-content\/uploads\/2020\/03\/F02F7EFE-738D-4EC6-B739-AE19E701964F-480x333.jpeg 480w, http:\/\/aeroclub-abbeville.fr\/wp-content\/uploads\/2020\/03\/F02F7EFE-738D-4EC6-B739-AE19E701964F-768x533.jpeg 768w, http:\/\/aeroclub-abbeville.fr\/wp-content\/uploads\/2020\/03\/F02F7EFE-738D-4EC6-B739-AE19E701964F-624x433.jpeg 624w\" sizes=\"(max-width: 480px) 100vw, 480px\" \/><figcaption>Arr\u00eats de tous les vols de l\u2019a\u00e9roclub !<\/figcaption><\/figure><\/div>\n\n\n\n<p style=\"text-align:center\">Bonsoir \u00e0 tous&nbsp;<\/p>\n\n\n\n<p style=\"text-align:center\">Je vous informe que sur demande pr\u00e9fectorale, toute activit\u00e9 de l&rsquo;a\u00e9roclub est suspendue jusqu&rsquo;\u00e0 nouvel ordre pour les raisons sanitaires que nous connaissons tous maintenant. Il s&rsquo;agit des vols priv\u00e9s, bapt\u00eames de l&rsquo;air, vols d&rsquo;instruction&#8230; et ce quel que soit le type d&rsquo;appareil (avion, planeur, ulm), des cours en salle, simulateurs&#8230;&nbsp;<br>Je vous invite cependant \u00e0 ne pas rester totalement \u00ab\u00a0coup\u00e9\u00a0\u00bb de notre club: des contacts t\u00e9l\u00e9phoniques, par courriels&#8230; sont toujours possibles et vivement souhaitables.&nbsp;<br>Je vous informerai de toute \u00e9volution de cette situation. \u00c0 bient\u00f4t . <\/p>\n\n\n\n<p style=\"text-align:center\">Jean Pierre Lignier , Pr\u00e9sident de l\u2019a\u00e9roclub.<\/p>\n\n\n\n<p><br><\/p>\n\n\n\n<ul class=\"wp-block-gallery columns-2 is-cropped wp-block-gallery-1 is-layout-flex wp-block-gallery-is-layout-flex\"><li class=\"blocks-gallery-item\"><figure><img decoding=\"async\" width=\"1024\" height=\"576\" src=\"http:\/\/aeroclub-abbeville.fr\/wp-content\/uploads\/2020\/03\/81071D40-FB6A-4654-9776-F8AF59D8DD62-1024x576.jpeg\" alt=\"\" data-id=\"3779\" class=\"wp-image-3779\" srcset=\"http:\/\/aeroclub-abbeville.fr\/wp-content\/uploads\/2020\/03\/81071D40-FB6A-4654-9776-F8AF59D8DD62-1024x576.jpeg 1024w, http:\/\/aeroclub-abbeville.fr\/wp-content\/uploads\/2020\/03\/81071D40-FB6A-4654-9776-F8AF59D8DD62-480x270.jpeg 480w, http:\/\/aeroclub-abbeville.fr\/wp-content\/uploads\/2020\/03\/81071D40-FB6A-4654-9776-F8AF59D8DD62-768x432.jpeg 768w, http:\/\/aeroclub-abbeville.fr\/wp-content\/uploads\/2020\/03\/81071D40-FB6A-4654-9776-F8AF59D8DD62-624x351.jpeg 624w, http:\/\/aeroclub-abbeville.fr\/wp-content\/uploads\/2020\/03\/81071D40-FB6A-4654-9776-F8AF59D8DD62.jpeg 2025w\" sizes=\"(max-width: 1024px) 100vw, 1024px\" \/><\/figure><\/li><li class=\"blocks-gallery-item\"><figure><img decoding=\"async\" width=\"1024\" height=\"636\" src=\"http:\/\/aeroclub-abbeville.fr\/wp-content\/uploads\/2020\/03\/26C54D5A-845F-43D1-A915-8C713CD35FC2-1024x636.jpeg\" alt=\"\" data-id=\"3780\" data-link=\"http:\/\/aeroclub-abbeville.fr\/?attachment_id=3780\" class=\"wp-image-3780\" srcset=\"http:\/\/aeroclub-abbeville.fr\/wp-content\/uploads\/2020\/03\/26C54D5A-845F-43D1-A915-8C713CD35FC2-1024x636.jpeg 1024w, http:\/\/aeroclub-abbeville.fr\/wp-content\/uploads\/2020\/03\/26C54D5A-845F-43D1-A915-8C713CD35FC2-480x298.jpeg 480w, http:\/\/aeroclub-abbeville.fr\/wp-content\/uploads\/2020\/03\/26C54D5A-845F-43D1-A915-8C713CD35FC2-768x477.jpeg 768w, http:\/\/aeroclub-abbeville.fr\/wp-content\/uploads\/2020\/03\/26C54D5A-845F-43D1-A915-8C713CD35FC2-624x388.jpeg 624w, http:\/\/aeroclub-abbeville.fr\/wp-content\/uploads\/2020\/03\/26C54D5A-845F-43D1-A915-8C713CD35FC2.jpeg 1756w\" sizes=\"(max-width: 1024px) 100vw, 1024px\" \/><\/figure><\/li><\/ul>\n\n\n\n<div class=\"wp-block-image\"><figure class=\"aligncenter is-resized\"><img loading=\"lazy\" decoding=\"async\" src=\"http:\/\/aeroclub-abbeville.fr\/wp-content\/uploads\/2020\/03\/9C548D92-25E8-4807-8FD9-6602C245D69A.jpeg\" alt=\"\" class=\"wp-image-3782\" width=\"540\" height=\"449\"\/><figcaption>Tout le Monde reste au sol et prend en compte les consignes de s\u00e9curit\u00e9 !<br><\/figcaption><\/figure><\/div>\n\n\n\n<p style=\"text-align:center\">M\u00eame si certains peuvent essayer d\u2019autres moyens plus personnels et efficaces, \u00e0 voir !!!!<\/p>\n\n\n\n<ul class=\"wp-block-gallery aligncenter columns-2 is-cropped wp-block-gallery-2 is-layout-flex wp-block-gallery-is-layout-flex\"><li class=\"blocks-gallery-item\"><figure><img loading=\"lazy\" decoding=\"async\" width=\"852\" height=\"852\" src=\"http:\/\/aeroclub-abbeville.fr\/wp-content\/uploads\/2020\/03\/DFD343A5-6949-40A2-8A94-35F407B1862E.jpeg\" alt=\"\" data-id=\"3783\" data-link=\"http:\/\/aeroclub-abbeville.fr\/?attachment_id=3783\" class=\"wp-image-3783\" srcset=\"http:\/\/aeroclub-abbeville.fr\/wp-content\/uploads\/2020\/03\/DFD343A5-6949-40A2-8A94-35F407B1862E.jpeg 852w, http:\/\/aeroclub-abbeville.fr\/wp-content\/uploads\/2020\/03\/DFD343A5-6949-40A2-8A94-35F407B1862E-150x150.jpeg 150w, http:\/\/aeroclub-abbeville.fr\/wp-content\/uploads\/2020\/03\/DFD343A5-6949-40A2-8A94-35F407B1862E-480x480.jpeg 480w, http:\/\/aeroclub-abbeville.fr\/wp-content\/uploads\/2020\/03\/DFD343A5-6949-40A2-8A94-35F407B1862E-768x768.jpeg 768w, http:\/\/aeroclub-abbeville.fr\/wp-content\/uploads\/2020\/03\/DFD343A5-6949-40A2-8A94-35F407B1862E-624x624.jpeg 624w\" sizes=\"(max-width: 852px) 100vw, 852px\" \/><\/figure><\/li><li class=\"blocks-gallery-item\"><figure><img loading=\"lazy\" decoding=\"async\" width=\"960\" height=\"882\" src=\"http:\/\/aeroclub-abbeville.fr\/wp-content\/uploads\/2020\/03\/8D3CC3E0-9445-42F2-931C-21C771192B1C.jpeg\" alt=\"\" data-id=\"3785\" data-link=\"http:\/\/aeroclub-abbeville.fr\/?attachment_id=3785\" class=\"wp-image-3785\" srcset=\"http:\/\/aeroclub-abbeville.fr\/wp-content\/uploads\/2020\/03\/8D3CC3E0-9445-42F2-931C-21C771192B1C.jpeg 960w, http:\/\/aeroclub-abbeville.fr\/wp-content\/uploads\/2020\/03\/8D3CC3E0-9445-42F2-931C-21C771192B1C-480x441.jpeg 480w, http:\/\/aeroclub-abbeville.fr\/wp-content\/uploads\/2020\/03\/8D3CC3E0-9445-42F2-931C-21C771192B1C-768x706.jpeg 768w, http:\/\/aeroclub-abbeville.fr\/wp-content\/uploads\/2020\/03\/8D3CC3E0-9445-42F2-931C-21C771192B1C-624x573.jpeg 624w\" sizes=\"(max-width: 960px) 100vw, 960px\" \/><\/figure><\/li><\/ul>\n\n\n\n\n\n<div class=\"wp-block-image\"><figure class=\"aligncenter is-resized\"><img loading=\"lazy\" decoding=\"async\" src=\"http:\/\/aeroclub-abbeville.fr\/wp-content\/uploads\/2020\/03\/97C1F08D-901F-4F14-A43A-DE4036E5C116.jpeg\" alt=\"\" class=\"wp-image-3786\" width=\"480\" height=\"365\" srcset=\"http:\/\/aeroclub-abbeville.fr\/wp-content\/uploads\/2020\/03\/97C1F08D-901F-4F14-A43A-DE4036E5C116.jpeg 960w, http:\/\/aeroclub-abbeville.fr\/wp-content\/uploads\/2020\/03\/97C1F08D-901F-4F14-A43A-DE4036E5C116-480x365.jpeg 480w, http:\/\/aeroclub-abbeville.fr\/wp-content\/uploads\/2020\/03\/97C1F08D-901F-4F14-A43A-DE4036E5C116-768x584.jpeg 768w, http:\/\/aeroclub-abbeville.fr\/wp-content\/uploads\/2020\/03\/97C1F08D-901F-4F14-A43A-DE4036E5C116-624x475.jpeg 624w\" sizes=\"(max-width: 480px) 100vw, 480px\" \/><figcaption>Philippe Pallu \u00e0 la pr\u00e9paration de son anti-virus !<\/figcaption><\/figure><\/div>\n\n\n\n<p style=\"text-align:center\">Restons tous au calme et respectons les consignes de base !<\/p>\n\n\n\n<ul class=\"wp-block-gallery aligncenter columns-2 is-cropped wp-block-gallery-3 is-layout-flex wp-block-gallery-is-layout-flex\"><li class=\"blocks-gallery-item\"><figure><img loading=\"lazy\" decoding=\"async\" width=\"720\" height=\"783\" src=\"http:\/\/aeroclub-abbeville.fr\/wp-content\/uploads\/2020\/03\/AF5390E3-91A3-4DE8-B625-937F5B864CEF.jpeg\" alt=\"\" data-id=\"3787\" class=\"wp-image-3787\" srcset=\"http:\/\/aeroclub-abbeville.fr\/wp-content\/uploads\/2020\/03\/AF5390E3-91A3-4DE8-B625-937F5B864CEF.jpeg 720w, http:\/\/aeroclub-abbeville.fr\/wp-content\/uploads\/2020\/03\/AF5390E3-91A3-4DE8-B625-937F5B864CEF-441x480.jpeg 441w, http:\/\/aeroclub-abbeville.fr\/wp-content\/uploads\/2020\/03\/AF5390E3-91A3-4DE8-B625-937F5B864CEF-624x679.jpeg 624w\" sizes=\"(max-width: 720px) 100vw, 720px\" \/><\/figure><\/li><li class=\"blocks-gallery-item\"><figure><img loading=\"lazy\" decoding=\"async\" width=\"960\" height=\"838\" src=\"http:\/\/aeroclub-abbeville.fr\/wp-content\/uploads\/2020\/03\/24B4CD56-837C-4CFA-8713-D306078F8A3C.jpeg\" alt=\"\" data-id=\"3788\" data-link=\"http:\/\/aeroclub-abbeville.fr\/?attachment_id=3788\" class=\"wp-image-3788\" srcset=\"http:\/\/aeroclub-abbeville.fr\/wp-content\/uploads\/2020\/03\/24B4CD56-837C-4CFA-8713-D306078F8A3C.jpeg 960w, http:\/\/aeroclub-abbeville.fr\/wp-content\/uploads\/2020\/03\/24B4CD56-837C-4CFA-8713-D306078F8A3C-480x419.jpeg 480w, http:\/\/aeroclub-abbeville.fr\/wp-content\/uploads\/2020\/03\/24B4CD56-837C-4CFA-8713-D306078F8A3C-768x670.jpeg 768w, http:\/\/aeroclub-abbeville.fr\/wp-content\/uploads\/2020\/03\/24B4CD56-837C-4CFA-8713-D306078F8A3C-624x545.jpeg 624w\" sizes=\"(max-width: 960px) 100vw, 960px\" \/><\/figure><\/li><\/ul>\n\n\n\n<p style=\"text-align:center\">Il y a toujours moyen de faire un petit vol d\u2019essai !<\/p>\n\n\n\n<div class=\"wp-block-image\"><figure class=\"aligncenter is-resized\"><img loading=\"lazy\" decoding=\"async\" src=\"http:\/\/aeroclub-abbeville.fr\/wp-content\/uploads\/2020\/03\/C498E94B-65D7-4626-856A-C9C89AEA138D.jpeg\" alt=\"\" class=\"wp-image-3789\" width=\"480\" height=\"320\"\/><figcaption>\u00c0 1 m de distance, s\u2019il vous pla\u00eet !<\/figcaption><\/figure><\/div>\n\n\n\n<div class=\"wp-block-image\"><figure class=\"aligncenter is-resized\"><img loading=\"lazy\" decoding=\"async\" src=\"http:\/\/aeroclub-abbeville.fr\/wp-content\/uploads\/2020\/03\/5CDB35EA-2B61-4588-A770-C639D311253F.jpeg\" alt=\"\" class=\"wp-image-3790\" width=\"480\" height=\"540\"\/><\/figure><\/div>\n\n\n\n<p style=\"text-align:center\">Continuez \u00e0 garder le contact, l\u2019a\u00e9roclub est toujours pr\u00e9sent pour vous !<\/p>\n\n\n\n<p style=\"text-align:center\">\u00c0 bient\u00f4t pour des nouvelles plus rassurantes et des retrouvailles a\u00e9riennes <\/p>\n\n\n\n<div class=\"wp-block-image\"><figure class=\"aligncenter is-resized\"><img loading=\"lazy\" decoding=\"async\" src=\"http:\/\/aeroclub-abbeville.fr\/wp-content\/uploads\/2020\/03\/DEC727A0-A758-44C9-837F-165B4B4FA4DE.jpeg\" alt=\"\" class=\"wp-image-3791\" width=\"534\" height=\"401\" srcset=\"http:\/\/aeroclub-abbeville.fr\/wp-content\/uploads\/2020\/03\/DEC727A0-A758-44C9-837F-165B4B4FA4DE.jpeg 534w, http:\/\/aeroclub-abbeville.fr\/wp-content\/uploads\/2020\/03\/DEC727A0-A758-44C9-837F-165B4B4FA4DE-480x360.jpeg 480w\" sizes=\"(max-width: 534px) 100vw, 534px\" \/><figcaption>Sam Shepard et Chuck Yeager<br>L\u2019\u00c9toffe des H\u00e9ros !<\/figcaption><\/figure><\/div>\n\n\n\n<p>Fran\u00e7oise Sockeel <\/p>\n","protected":false},"excerpt":{"rendered":"<p>15 Mars 2020 Bonsoir \u00e0 tous&nbsp; Je vous informe que sur demande pr\u00e9fectorale, toute activit\u00e9 de l&rsquo;a\u00e9roclub est suspendue jusqu&rsquo;\u00e0 nouvel ordre pour les raisons sanitaires que nous connaissons tous maintenant. Il s&rsquo;agit des vols priv\u00e9s, bapt\u00eames de l&rsquo;air, vols d&rsquo;instruction&#8230; et ce quel que soit le type d&rsquo;appareil (avion, planeur, ulm), des cours en [&hellip;]<\/p>\n","protected":false},"author":211,"featured_media":0,"comment_status":"open","ping_status":"closed","sticky":false,"template":"","format":"standard","meta":{"inline_featured_image":false,"footnotes":""},"categories":[20,2,3,13,15,16,17,18,19],"tags":[],"class_list":["post-3777","post","type-post","status-publish","format-standard","hentry","category-actualites","category-avion","category-club","category-planeur","category-reglementation","category-securite","category-ulm","category-vie-du-club","category-vol-a-voile"],"_links":{"self":[{"href":"http:\/\/aeroclub-abbeville.fr\/index.php?rest_route=\/wp\/v2\/posts\/3777","targetHints":{"allow":["GET"]}}],"collection":[{"href":"http:\/\/aeroclub-abbeville.fr\/index.php?rest_route=\/wp\/v2\/posts"}],"about":[{"href":"http:\/\/aeroclub-abbeville.fr\/index.php?rest_route=\/wp\/v2\/types\/post"}],"author":[{"embeddable":true,"href":"http:\/\/aeroclub-abbeville.fr\/index.php?rest_route=\/wp\/v2\/users\/211"}],"replies":[{"embeddable":true,"href":"http:\/\/aeroclub-abbeville.fr\/index.php?rest_route=%2Fwp%2Fv2%2Fcomments&post=3777"}],"version-history":[{"count":2,"href":"http:\/\/aeroclub-abbeville.fr\/index.php?rest_route=\/wp\/v2\/posts\/3777\/revisions"}],"predecessor-version":[{"id":3793,"href":"http:\/\/aeroclub-abbeville.fr\/index.php?rest_route=\/wp\/v2\/posts\/3777\/revisions\/3793"}],"wp:attachment":[{"href":"http:\/\/aeroclub-abbeville.fr\/index.php?rest_route=%2Fwp%2Fv2%2Fmedia&parent=3777"}],"wp:term":[{"taxonomy":"category","embeddable":true,"href":"http:\/\/aeroclub-abbeville.fr\/index.php?rest_route=%2Fwp%2Fv2%2Fcategories&post=3777"},{"taxonomy":"post_tag","embeddable":true,"href":"http:\/\/aeroclub-abbeville.fr\/index.php?rest_route=%2Fwp%2Fv2%2Ftags&post=3777"}],"curies":[{"name":"wp","href":"https:\/\/api.w.org\/{rel}","templated":true}]}}