{"id":3795,"date":"2020-03-21T11:24:07","date_gmt":"2020-03-21T10:24:07","guid":{"rendered":"http:\/\/aeroclub-abbeville.fr\/?p=3795"},"modified":"2020-03-21T11:56:54","modified_gmt":"2020-03-21T10:56:54","slug":"la-ffa-nous-informe","status":"publish","type":"post","link":"http:\/\/aeroclub-abbeville.fr\/?p=3795","title":{"rendered":"La FFA nous informe !"},"content":{"rendered":"\n<p>21 Mars 2020<\/p>\n\n\n\n<div class=\"wp-block-image\"><figure class=\"aligncenter is-resized\"><img fetchpriority=\"high\" decoding=\"async\" src=\"http:\/\/aeroclub-abbeville.fr\/wp-content\/uploads\/2020\/03\/E7133421-D779-4CCE-BC64-C08B0EDFA186.jpeg\" alt=\"\" class=\"wp-image-3796\" width=\"510\" height=\"398\" srcset=\"http:\/\/aeroclub-abbeville.fr\/wp-content\/uploads\/2020\/03\/E7133421-D779-4CCE-BC64-C08B0EDFA186.jpeg 680w, http:\/\/aeroclub-abbeville.fr\/wp-content\/uploads\/2020\/03\/E7133421-D779-4CCE-BC64-C08B0EDFA186-480x374.jpeg 480w, http:\/\/aeroclub-abbeville.fr\/wp-content\/uploads\/2020\/03\/E7133421-D779-4CCE-BC64-C08B0EDFA186-624x486.jpeg 624w\" sizes=\"(max-width: 510px) 100vw, 510px\" \/><\/figure><\/div>\n\n\n\n<p style=\"text-align:center\">Chers amis, vous connaissez tous la situation sanitaire difficile que nous vivons actuellement.<\/p>\n\n\n\n<p style=\"text-align:center\">Ils semblent cependant n\u00e9cessaire de rappeler les consignes les plus \u00e9videntes et les lois en vigueur en ces temps de temp\u00eates familiales et professionnelles pour tous !<\/p>\n\n\n\n<div class=\"wp-block-image\"><figure class=\"aligncenter is-resized\"><img decoding=\"async\" src=\"http:\/\/aeroclub-abbeville.fr\/wp-content\/uploads\/2020\/03\/437EDD2F-3FE2-4F55-AFD4-CF666590D1BF.jpeg\" alt=\"\" class=\"wp-image-3797\" width=\"360\" height=\"355\" srcset=\"http:\/\/aeroclub-abbeville.fr\/wp-content\/uploads\/2020\/03\/437EDD2F-3FE2-4F55-AFD4-CF666590D1BF.jpeg 720w, http:\/\/aeroclub-abbeville.fr\/wp-content\/uploads\/2020\/03\/437EDD2F-3FE2-4F55-AFD4-CF666590D1BF-480x473.jpeg 480w, http:\/\/aeroclub-abbeville.fr\/wp-content\/uploads\/2020\/03\/437EDD2F-3FE2-4F55-AFD4-CF666590D1BF-624x615.jpeg 624w\" sizes=\"(max-width: 360px) 100vw, 360px\" \/><\/figure><\/div>\n\n\n\n<p style=\"text-align:center\">Voici donc un rappel des derni\u00e8res consignes officielles du gouvernement <\/p>\n\n\n\n<p style=\"text-align:center\">Message FFA,<\/p>\n\n\n\n<p style=\"text-align:center\">\u00ab&nbsp;Mesdames, Messieurs les Dirigeants des A\u00e9roclubs F\u00e9d\u00e9raux,<\/p>\n\n\n\n<p>R\u00e9cemment, nous vous avons transmis des recommandations qui ont \u00e9t\u00e9 re\u00e7ues positivement par la plupart d\u2019entre vous. Nos recommandations ne sont pas prises \u00e0 la l\u00e9g\u00e8re : ce sont des d\u00e9cisions communes de la commission m\u00e9dicale f\u00e9d\u00e9rale associ\u00e9e \u00e0 la direction technique nationale (en relation avec le Minist\u00e8re des Sports) et au Bureau Directeur (en relation avec la DGAC).<\/p>\n\n\n\n<p>Mais la situation \u00e9volue tr\u00e8s rapidement, et le Pr\u00e9sident de la R\u00e9publique dans une nouvelle intervention hier soir, a d\u00e9clar\u00e9 que \u00ab Nous sommes en guerre \u00bb contre ce virus.<\/p>\n\n\n\n<p>Aussi, de nouvelles mesures s\u2019imposent \u00e0 tous.<\/p>\n\n\n\n<p>Les autorit\u00e9s gouvernementales ont d\u00e9cr\u00e9t\u00e9 des mesures strictes de confinement par la publication d\u2019un arr\u00eat\u00e9 modificatif qui pr\u00e9voit d\u00e9sormais la fermeture de tous les lieux d\u2019\u00e9tablissements physiques qu\u2019ils soient couverts ou de plein air. Nos a\u00e9roclubs et nos a\u00e9ronefs font int\u00e9gralement partie de cet arr\u00eat\u00e9 d\u00e9sormais que vous pouvez retrouver ici :<\/p>\n\n\n\n<p style=\"text-align:center\"><a href=\"https:\/\/www.legifrance.gouv.fr\/affichTexte.do?cidTexte=JORFTEXT000041723302&amp;categorieLien=id\" target=\"_blank\" rel=\"noreferrer noopener\" aria-label=\" (opens in a new tab)\">https:\/\/www.legifrance.gouv.fr\/affichTexte.do?cidTexte=JORFTEXT000041723302&amp;categorieLien=id<\/a><\/p>\n\n\n\n<p>Il est donc imp\u00e9ratif de suivre les consignes gouvernementales et de suspendre toute activit\u00e9 au sein des a\u00e9roclubs f\u00e9d\u00e9raux (au sol et en vol) jusqu\u2019\u00e0 la fin de la p\u00e9riode de confinement quand celle-ci sera annonc\u00e9e.<\/p>\n\n\n\n<p>Les d\u00e9placements sont interdits sauf pour des cas pr\u00e9cis\u00e9s par les autorit\u00e9s et uniquement \u00e0 condition d\u2019\u00eatre munis d\u2019une attestation t\u00e9l\u00e9chargeable sur le site du minist\u00e8re de l\u2019int\u00e9rieur o\u00f9 figure \u00e9galement un mod\u00e8le d\u2019attestation sur papier, information &amp; document \u00e0 cette adresse :  <\/p>\n\n\n\n<p style=\"text-align:center\"><a href=\"https:\/\/www.interieur.gouv.fr\/Actualites\/L-actu-du-Ministere\/Attestation-de-deplacement-derogatoire\" target=\"_blank\" rel=\"noreferrer noopener\" aria-label=\" (opens in a new tab)\">https:\/\/www.interieur.gouv.fr\/Actualites\/L-actu-du-Ministere\/Attestation-de-deplacement-derogatoire<\/a><\/p>\n\n\n\n<p>Vous trouverez ce document en pi\u00e8ce jointe.<\/p>\n\n\n\n<p>D\u2019ores-et-d\u00e9j\u00e0, la FFA a pris contact avec la DGAC pour \u00e9tudier des modalit\u00e9s exceptionnelles d\u2019all\u00e9gement pour l\u2019ensemble des pilotes priv\u00e9s et des a\u00e9roclubs notamment en ce qui concerne les licences et qualifications de pilotes (renouvellement, prorogation, test en vol etc\u2026), les visites m\u00e9dicales (prolongation exceptionnelle des visites de classe 2 et de classe LAPL etc\u2026) et les a\u00e9ronefs (renouvellement CDN etc\u2026)<\/p>\n\n\n\n<p>Bien s\u00fbr, il ne s\u2019agit pas d\u2019une liste exhaustive et vous comprendrez ais\u00e9ment que nous n\u2019avons actuellement, au vu de cette crise sans pr\u00e9c\u00e9dent, aucune visibilit\u00e9 sur l\u2019aboutissement de ces demandes.<\/p>\n\n\n\n<p style=\"text-align:center\">De plus, pour les a\u00e9roclubs ayant des salari\u00e9s et dont ces derniers sont en activit\u00e9 partielle (ch\u00f4mage partiel), le Gouvernement informe que le site  leur permettra de faire toutes les d\u00e9marches en ligne notamment pour recevoir l\u2019indemnisation pr\u00e9vue par l\u2019Etat.<\/p>\n\n\n\n<p>Le Gouvernement ajoute que \u00ab Les services du minist\u00e8re du travail sont particuli\u00e8rement mobilis\u00e9s pour rendre ce dispositif le plus simple et le plus rapide possible. Actuellement, les services accordent l\u2019autorisation d\u2019activit\u00e9 partielle en moins de 48 heures. Malgr\u00e9 leur mobilisation, compte tenu de l\u2019afflux pr\u00e9visible de demandes, il est possible que ces d\u00e9lais s\u2019allongent de quelques jours. Quoiqu\u2019il en soit, les aides vers\u00e9es aux entreprises au titre du ch\u00f4mage partiel seront calcul\u00e9es \u00e0 partir de la date de demande, m\u00eame si l\u2019autorisation de l\u2019administration intervient quelques jours plus tard. \u00bb. Vous trouverez \u00e9galement en pi\u00e8ce jointe le \u00ab Gouv\u2019Actu \u00bb du 16 mars 2020.<\/p>\n\n\n\n<p>Enfin, concernant les activit\u00e9s de la F\u00e9d\u00e9ration, il est clair que tous les stages de type RSFI, RSFE etc. ainsi que toutes les comp\u00e9titions sportives pr\u00e9vues jusqu\u2019\u00e0 la fin de la p\u00e9riode de confinement sont suspendus.<\/p>\n\n\n\n<p>A cet instant, la s\u00e9lection finale du Tour A\u00e9rien des Jeunes pilotes (pr\u00e9vue fin mai) est maintenue. Les jeunes pilotes d\u00e9sirant participer au TAJP 2020 peuvent continuer \u00e0 s\u2019inscrire sur le site internet de la FFA jusqu\u2019au 13 avril comme pr\u00e9vu.<\/p>\n\n\n\n<p>Bien \u00e9videmment, tous ces dispositifs sont \u00e9volutifs compte tenu de la situation changeante, quasiment au jour le jour.<\/p>\n\n\n\n<p>Prenez soin de vous et de vos proches.<\/p>\n\n\n\n<p>Le Bureau Directeur de la FFA <\/p>\n\n\n\n<p>PJ :<\/p>\n\n\n\n<ul class=\"wp-block-list\"><li>L\u2019attestation de d\u00e9placement d\u00e9rogatoire<br> <a rel=\"noreferrer noopener\" aria-label=\"https:\/\/www.ffa-aero.fr\/SITEFFAPROD_WEB\/sarbacane\/Attestation_de_deplacement_derogatoire.pdf (opens in a new tab)\" href=\"https:\/\/www.ffa-aero.fr\/SITEFFAPROD_WEB\/sarbacane\/Attestation_de_deplacement_derogatoire.pdf\" target=\"_blank\">https:\/\/www.ffa-aero.fr\/SITEFFAPROD_WEB\/sarbacane\/Attestation_de_deplacement_derogatoire.pdf<\/a><\/li><li>Le point d\u2019actualit\u00e9 gouvernementale :<br> <a href=\"https:\/\/www.ffa-aero.fr\/SITEFFAPROD_WEB\/sarbacane\/200316-Gouv%20Actu.pdf\" target=\"_blank\" rel=\"noreferrer noopener\" aria-label=\"https:\/\/www.ffa-aero.fr\/SITEFFAPROD_WEB\/sarbacane\/200316-Gouv%20Actu.pdf (opens in a new tab)\">https:\/\/www.ffa-aero.fr\/SITEFFAPROD_WEB\/sarbacane\/200316-Gouv%20Actu.pdf<\/a><\/li><\/ul>\n\n\n\n<div class=\"wp-block-image\"><figure class=\"aligncenter is-resized\"><img decoding=\"async\" src=\"http:\/\/aeroclub-abbeville.fr\/wp-content\/uploads\/2020\/03\/2B1F6616-90D5-4563-8923-FAA55E09A1D5-1024x768.jpeg\" alt=\"\" class=\"wp-image-3798\" width=\"512\" height=\"384\" srcset=\"http:\/\/aeroclub-abbeville.fr\/wp-content\/uploads\/2020\/03\/2B1F6616-90D5-4563-8923-FAA55E09A1D5-1024x768.jpeg 1024w, http:\/\/aeroclub-abbeville.fr\/wp-content\/uploads\/2020\/03\/2B1F6616-90D5-4563-8923-FAA55E09A1D5-480x360.jpeg 480w, http:\/\/aeroclub-abbeville.fr\/wp-content\/uploads\/2020\/03\/2B1F6616-90D5-4563-8923-FAA55E09A1D5-768x576.jpeg 768w, http:\/\/aeroclub-abbeville.fr\/wp-content\/uploads\/2020\/03\/2B1F6616-90D5-4563-8923-FAA55E09A1D5-624x468.jpeg 624w, http:\/\/aeroclub-abbeville.fr\/wp-content\/uploads\/2020\/03\/2B1F6616-90D5-4563-8923-FAA55E09A1D5.jpeg 1728w\" sizes=\"(max-width: 512px) 100vw, 512px\" \/><\/figure><\/div>\n\n\n\n<p style=\"text-align:center\">En esp\u00e9rant vous retrouvez le plus vite possible sur notre terrain.<\/p>\n\n\n\n<p style=\"text-align:center\">Prenez soin de vous !<\/p>\n\n\n\n<p>Fran\u00e7oise Sockeel<\/p>\n","protected":false},"excerpt":{"rendered":"<p>21 Mars 2020 Chers amis, vous connaissez tous la situation sanitaire difficile que nous vivons actuellement. Ils semblent cependant n\u00e9cessaire de rappeler les consignes les plus \u00e9videntes et les lois en vigueur en ces temps de temp\u00eates familiales et professionnelles pour tous ! Voici donc un rappel des derni\u00e8res consignes officielles du gouvernement Message FFA, [&hellip;]<\/p>\n","protected":false},"author":211,"featured_media":0,"comment_status":"open","ping_status":"closed","sticky":false,"template":"","format":"standard","meta":{"inline_featured_image":false,"footnotes":""},"categories":[20,2,3,11,13,15,16,17,18,19],"tags":[],"class_list":["post-3795","post","type-post","status-publish","format-standard","hentry","category-actualites","category-avion","category-club","category-manifestations","category-planeur","category-reglementation","category-securite","category-ulm","category-vie-du-club","category-vol-a-voile"],"_links":{"self":[{"href":"http:\/\/aeroclub-abbeville.fr\/index.php?rest_route=\/wp\/v2\/posts\/3795","targetHints":{"allow":["GET"]}}],"collection":[{"href":"http:\/\/aeroclub-abbeville.fr\/index.php?rest_route=\/wp\/v2\/posts"}],"about":[{"href":"http:\/\/aeroclub-abbeville.fr\/index.php?rest_route=\/wp\/v2\/types\/post"}],"author":[{"embeddable":true,"href":"http:\/\/aeroclub-abbeville.fr\/index.php?rest_route=\/wp\/v2\/users\/211"}],"replies":[{"embeddable":true,"href":"http:\/\/aeroclub-abbeville.fr\/index.php?rest_route=%2Fwp%2Fv2%2Fcomments&post=3795"}],"version-history":[{"count":5,"href":"http:\/\/aeroclub-abbeville.fr\/index.php?rest_route=\/wp\/v2\/posts\/3795\/revisions"}],"predecessor-version":[{"id":3806,"href":"http:\/\/aeroclub-abbeville.fr\/index.php?rest_route=\/wp\/v2\/posts\/3795\/revisions\/3806"}],"wp:attachment":[{"href":"http:\/\/aeroclub-abbeville.fr\/index.php?rest_route=%2Fwp%2Fv2%2Fmedia&parent=3795"}],"wp:term":[{"taxonomy":"category","embeddable":true,"href":"http:\/\/aeroclub-abbeville.fr\/index.php?rest_route=%2Fwp%2Fv2%2Fcategories&post=3795"},{"taxonomy":"post_tag","embeddable":true,"href":"http:\/\/aeroclub-abbeville.fr\/index.php?rest_route=%2Fwp%2Fv2%2Ftags&post=3795"}],"curies":[{"name":"wp","href":"https:\/\/api.w.org\/{rel}","templated":true}]}}