{"id":3807,"date":"2020-03-22T11:04:04","date_gmt":"2020-03-22T10:04:04","guid":{"rendered":"http:\/\/aeroclub-abbeville.fr\/?p=3807"},"modified":"2020-03-22T11:04:37","modified_gmt":"2020-03-22T10:04:37","slug":"patience-pour-pouvoir-de-nouveau-toucher-le-ciel","status":"publish","type":"post","link":"http:\/\/aeroclub-abbeville.fr\/?p=3807","title":{"rendered":"Patience, pour pouvoir de nouveau \u00ab\u00a0Toucher le Ciel !\u00a0\u00bb"},"content":{"rendered":"\n\n\n<p>22 Mars 2020<\/p>\n\n\n\n<p style=\"text-align:center\">Au vu des derni\u00e8res nouvelles gouvernementales, il nous faudra encore de la patience avant de pouvoir reprendre l\u2019air.<\/p>\n\n\n\n<p style=\"text-align:center\">Voici les nouvelles directives en cours de la FFA.<\/p>\n\n\n\n<div class=\"wp-block-image\"><figure class=\"aligncenter is-resized\"><img fetchpriority=\"high\" decoding=\"async\" src=\"http:\/\/aeroclub-abbeville.fr\/wp-content\/uploads\/2020\/03\/95A27EE8-7836-4902-A6C9-C405BE5E3E5E.jpeg\" alt=\"\" class=\"wp-image-3809\" width=\"583\" height=\"720\" srcset=\"http:\/\/aeroclub-abbeville.fr\/wp-content\/uploads\/2020\/03\/95A27EE8-7836-4902-A6C9-C405BE5E3E5E.jpeg 777w, http:\/\/aeroclub-abbeville.fr\/wp-content\/uploads\/2020\/03\/95A27EE8-7836-4902-A6C9-C405BE5E3E5E-389x480.jpeg 389w, http:\/\/aeroclub-abbeville.fr\/wp-content\/uploads\/2020\/03\/95A27EE8-7836-4902-A6C9-C405BE5E3E5E-768x949.jpeg 768w, http:\/\/aeroclub-abbeville.fr\/wp-content\/uploads\/2020\/03\/95A27EE8-7836-4902-A6C9-C405BE5E3E5E-624x771.jpeg 624w\" sizes=\"(max-width: 583px) 100vw, 583px\" \/><\/figure><\/div>\n\n\n\n<p style=\"text-align:center\">En attendant de pouvoir le faire, voici quelques souvenirs du club !<\/p>\n\n\n\n<ul class=\"wp-block-gallery aligncenter columns-3 is-cropped wp-block-gallery-1 is-layout-flex wp-block-gallery-is-layout-flex\"><li class=\"blocks-gallery-item\"><figure><img decoding=\"async\" width=\"728\" height=\"600\" src=\"http:\/\/aeroclub-abbeville.fr\/wp-content\/uploads\/2020\/03\/1CA38A78-F800-4103-A746-A9D8AC64D0DA.jpeg\" alt=\"\" data-id=\"3810\" class=\"wp-image-3810\" srcset=\"http:\/\/aeroclub-abbeville.fr\/wp-content\/uploads\/2020\/03\/1CA38A78-F800-4103-A746-A9D8AC64D0DA.jpeg 728w, http:\/\/aeroclub-abbeville.fr\/wp-content\/uploads\/2020\/03\/1CA38A78-F800-4103-A746-A9D8AC64D0DA-480x396.jpeg 480w, http:\/\/aeroclub-abbeville.fr\/wp-content\/uploads\/2020\/03\/1CA38A78-F800-4103-A746-A9D8AC64D0DA-624x514.jpeg 624w\" sizes=\"(max-width: 728px) 100vw, 728px\" \/><\/figure><\/li><li class=\"blocks-gallery-item\"><figure><img decoding=\"async\" width=\"1024\" height=\"680\" src=\"http:\/\/aeroclub-abbeville.fr\/wp-content\/uploads\/2020\/03\/C99FE7F9-5C4A-4058-946A-26626F29B510-1024x680.jpeg\" alt=\"\" data-id=\"3811\" data-link=\"http:\/\/aeroclub-abbeville.fr\/?attachment_id=3811\" class=\"wp-image-3811\" srcset=\"http:\/\/aeroclub-abbeville.fr\/wp-content\/uploads\/2020\/03\/C99FE7F9-5C4A-4058-946A-26626F29B510-1024x680.jpeg 1024w, http:\/\/aeroclub-abbeville.fr\/wp-content\/uploads\/2020\/03\/C99FE7F9-5C4A-4058-946A-26626F29B510-480x319.jpeg 480w, http:\/\/aeroclub-abbeville.fr\/wp-content\/uploads\/2020\/03\/C99FE7F9-5C4A-4058-946A-26626F29B510-768x510.jpeg 768w, http:\/\/aeroclub-abbeville.fr\/wp-content\/uploads\/2020\/03\/C99FE7F9-5C4A-4058-946A-26626F29B510-624x414.jpeg 624w, http:\/\/aeroclub-abbeville.fr\/wp-content\/uploads\/2020\/03\/C99FE7F9-5C4A-4058-946A-26626F29B510.jpeg 1200w\" sizes=\"(max-width: 1024px) 100vw, 1024px\" \/><\/figure><\/li><li class=\"blocks-gallery-item\"><figure><img loading=\"lazy\" decoding=\"async\" width=\"1024\" height=\"681\" src=\"http:\/\/aeroclub-abbeville.fr\/wp-content\/uploads\/2020\/03\/3A8F0F52-838B-40DF-88B7-DBDD65078B7D-1024x681.jpeg\" alt=\"\" data-id=\"3812\" data-link=\"http:\/\/aeroclub-abbeville.fr\/?attachment_id=3812\" class=\"wp-image-3812\" srcset=\"http:\/\/aeroclub-abbeville.fr\/wp-content\/uploads\/2020\/03\/3A8F0F52-838B-40DF-88B7-DBDD65078B7D-1024x681.jpeg 1024w, http:\/\/aeroclub-abbeville.fr\/wp-content\/uploads\/2020\/03\/3A8F0F52-838B-40DF-88B7-DBDD65078B7D-480x319.jpeg 480w, http:\/\/aeroclub-abbeville.fr\/wp-content\/uploads\/2020\/03\/3A8F0F52-838B-40DF-88B7-DBDD65078B7D-768x511.jpeg 768w, http:\/\/aeroclub-abbeville.fr\/wp-content\/uploads\/2020\/03\/3A8F0F52-838B-40DF-88B7-DBDD65078B7D-624x415.jpeg 624w, http:\/\/aeroclub-abbeville.fr\/wp-content\/uploads\/2020\/03\/3A8F0F52-838B-40DF-88B7-DBDD65078B7D.jpeg 1692w\" sizes=\"(max-width: 1024px) 100vw, 1024px\" \/><\/figure><\/li><li class=\"blocks-gallery-item\"><figure><img loading=\"lazy\" decoding=\"async\" width=\"1024\" height=\"683\" src=\"http:\/\/aeroclub-abbeville.fr\/wp-content\/uploads\/2020\/03\/8DA2ADC2-1550-4991-849E-D83E7E1BB96A-1024x683.jpeg\" alt=\"\" data-id=\"3813\" data-link=\"http:\/\/aeroclub-abbeville.fr\/?attachment_id=3813\" class=\"wp-image-3813\" srcset=\"http:\/\/aeroclub-abbeville.fr\/wp-content\/uploads\/2020\/03\/8DA2ADC2-1550-4991-849E-D83E7E1BB96A-1024x683.jpeg 1024w, http:\/\/aeroclub-abbeville.fr\/wp-content\/uploads\/2020\/03\/8DA2ADC2-1550-4991-849E-D83E7E1BB96A-480x320.jpeg 480w, http:\/\/aeroclub-abbeville.fr\/wp-content\/uploads\/2020\/03\/8DA2ADC2-1550-4991-849E-D83E7E1BB96A-768x512.jpeg 768w, http:\/\/aeroclub-abbeville.fr\/wp-content\/uploads\/2020\/03\/8DA2ADC2-1550-4991-849E-D83E7E1BB96A-624x416.jpeg 624w, http:\/\/aeroclub-abbeville.fr\/wp-content\/uploads\/2020\/03\/8DA2ADC2-1550-4991-849E-D83E7E1BB96A.jpeg 1920w\" sizes=\"(max-width: 1024px) 100vw, 1024px\" \/><\/figure><\/li><\/ul>\n\n\n\n<p style=\"text-align:center\">Il existe toujours des possibilit\u00e9s pour vous entra\u00eener \u00e0 la maison. <\/p>\n\n\n\n<ul class=\"wp-block-gallery aligncenter columns-2 is-cropped wp-block-gallery-2 is-layout-flex wp-block-gallery-is-layout-flex\"><li class=\"blocks-gallery-item\"><figure><img loading=\"lazy\" decoding=\"async\" width=\"960\" height=\"640\" src=\"http:\/\/aeroclub-abbeville.fr\/wp-content\/uploads\/2020\/03\/D272FBDD-93B3-4968-9BFA-10E886069215.jpeg\" alt=\"\" data-id=\"3816\" class=\"wp-image-3816\" srcset=\"http:\/\/aeroclub-abbeville.fr\/wp-content\/uploads\/2020\/03\/D272FBDD-93B3-4968-9BFA-10E886069215.jpeg 960w, http:\/\/aeroclub-abbeville.fr\/wp-content\/uploads\/2020\/03\/D272FBDD-93B3-4968-9BFA-10E886069215-480x320.jpeg 480w, http:\/\/aeroclub-abbeville.fr\/wp-content\/uploads\/2020\/03\/D272FBDD-93B3-4968-9BFA-10E886069215-768x512.jpeg 768w, http:\/\/aeroclub-abbeville.fr\/wp-content\/uploads\/2020\/03\/D272FBDD-93B3-4968-9BFA-10E886069215-624x416.jpeg 624w\" sizes=\"(max-width: 960px) 100vw, 960px\" \/><\/figure><\/li><li class=\"blocks-gallery-item\"><figure><img loading=\"lazy\" decoding=\"async\" width=\"480\" height=\"540\" src=\"http:\/\/aeroclub-abbeville.fr\/wp-content\/uploads\/2020\/03\/AB1455DA-E834-4997-8180-761C7E170DF9.jpeg\" alt=\"\" data-id=\"3817\" data-link=\"http:\/\/aeroclub-abbeville.fr\/?attachment_id=3817\" class=\"wp-image-3817\" srcset=\"http:\/\/aeroclub-abbeville.fr\/wp-content\/uploads\/2020\/03\/AB1455DA-E834-4997-8180-761C7E170DF9.jpeg 480w, http:\/\/aeroclub-abbeville.fr\/wp-content\/uploads\/2020\/03\/AB1455DA-E834-4997-8180-761C7E170DF9-427x480.jpeg 427w\" sizes=\"(max-width: 480px) 100vw, 480px\" \/><\/figure><\/li><\/ul>\n\n\n\n<p style=\"text-align:center\">Mais aussi !<\/p>\n\n\n\n<div class=\"wp-block-image\"><figure class=\"aligncenter is-resized\"><img loading=\"lazy\" decoding=\"async\" src=\"http:\/\/aeroclub-abbeville.fr\/wp-content\/uploads\/2020\/03\/1923E5A7-6F90-4D11-927D-B55277B87433.jpeg\" alt=\"\" class=\"wp-image-3819\" width=\"600\" height=\"400\" srcset=\"http:\/\/aeroclub-abbeville.fr\/wp-content\/uploads\/2020\/03\/1923E5A7-6F90-4D11-927D-B55277B87433.jpeg 600w, http:\/\/aeroclub-abbeville.fr\/wp-content\/uploads\/2020\/03\/1923E5A7-6F90-4D11-927D-B55277B87433-480x320.jpeg 480w\" sizes=\"(max-width: 600px) 100vw, 600px\" \/><\/figure><\/div>\n\n\n\n<p style=\"text-align:center\">A bient\u00f4t pour de meilleures nouvelles !<\/p>\n\n\n\n<p>Fran\u00e7oise Sockeel<\/p>\n","protected":false},"excerpt":{"rendered":"<p>22 Mars 2020 Au vu des derni\u00e8res nouvelles gouvernementales, il nous faudra encore de la patience avant de pouvoir reprendre l\u2019air. Voici les nouvelles directives en cours de la FFA. En attendant de pouvoir le faire, voici quelques souvenirs du club ! Il existe toujours des possibilit\u00e9s pour vous entra\u00eener \u00e0 la maison. Mais aussi [&hellip;]<\/p>\n","protected":false},"author":211,"featured_media":0,"comment_status":"open","ping_status":"closed","sticky":false,"template":"","format":"standard","meta":{"inline_featured_image":false,"footnotes":""},"categories":[20,2,3,11,13,15,16,17,18,19],"tags":[],"class_list":["post-3807","post","type-post","status-publish","format-standard","hentry","category-actualites","category-avion","category-club","category-manifestations","category-planeur","category-reglementation","category-securite","category-ulm","category-vie-du-club","category-vol-a-voile"],"_links":{"self":[{"href":"http:\/\/aeroclub-abbeville.fr\/index.php?rest_route=\/wp\/v2\/posts\/3807","targetHints":{"allow":["GET"]}}],"collection":[{"href":"http:\/\/aeroclub-abbeville.fr\/index.php?rest_route=\/wp\/v2\/posts"}],"about":[{"href":"http:\/\/aeroclub-abbeville.fr\/index.php?rest_route=\/wp\/v2\/types\/post"}],"author":[{"embeddable":true,"href":"http:\/\/aeroclub-abbeville.fr\/index.php?rest_route=\/wp\/v2\/users\/211"}],"replies":[{"embeddable":true,"href":"http:\/\/aeroclub-abbeville.fr\/index.php?rest_route=%2Fwp%2Fv2%2Fcomments&post=3807"}],"version-history":[{"count":10,"href":"http:\/\/aeroclub-abbeville.fr\/index.php?rest_route=\/wp\/v2\/posts\/3807\/revisions"}],"predecessor-version":[{"id":3827,"href":"http:\/\/aeroclub-abbeville.fr\/index.php?rest_route=\/wp\/v2\/posts\/3807\/revisions\/3827"}],"wp:attachment":[{"href":"http:\/\/aeroclub-abbeville.fr\/index.php?rest_route=%2Fwp%2Fv2%2Fmedia&parent=3807"}],"wp:term":[{"taxonomy":"category","embeddable":true,"href":"http:\/\/aeroclub-abbeville.fr\/index.php?rest_route=%2Fwp%2Fv2%2Fcategories&post=3807"},{"taxonomy":"post_tag","embeddable":true,"href":"http:\/\/aeroclub-abbeville.fr\/index.php?rest_route=%2Fwp%2Fv2%2Ftags&post=3807"}],"curies":[{"name":"wp","href":"https:\/\/api.w.org\/{rel}","templated":true}]}}