{"id":3843,"date":"2020-05-13T09:54:09","date_gmt":"2020-05-13T08:54:09","guid":{"rendered":"http:\/\/aeroclub-abbeville.fr\/?p=3843"},"modified":"2020-05-14T13:31:26","modified_gmt":"2020-05-14T12:31:26","slug":"et-cest-reparti-deconfines-mais-bien-proteges","status":"publish","type":"post","link":"http:\/\/aeroclub-abbeville.fr\/?p=3843","title":{"rendered":"Et, c\u2019est reparti !!! D\u00e9confin\u00e9s, mais bien prot\u00e9g\u00e9s !"},"content":{"rendered":"\n<p style=\"text-align:left\">13 Mai 2020<\/p>\n\n\n\n<p style=\"text-align:center\">Chers Amis Pilotes,<br> \u00c7a y est !<br> Nous avons l\u2019autorisation de reprendre les vols en solo, <br> pas de double commande, pas de VI,<br> Les personnes qui n\u2019ont pas fait de vol de reprise en d\u00e9but d\u2019ann\u00e9e <br> vous devrez attendre encore un peu ! <br> N\u2019oubliez pas les Gestes Protecteurs et <br> Port du masque obligatoire sur le terrain. <br> Voil\u00e0 bon vol \u00e0 tous.<br> <\/p>\n\n\n\n<div class=\"wp-block-image\"><figure class=\"aligncenter is-resized\"><img fetchpriority=\"high\" decoding=\"async\" src=\"http:\/\/aeroclub-abbeville.fr\/wp-content\/uploads\/2020\/05\/C748D63E-CFE3-487C-AB9A-BCB2D651AD90.jpeg\" alt=\"\" class=\"wp-image-3847\" width=\"510\" height=\"398\" srcset=\"http:\/\/aeroclub-abbeville.fr\/wp-content\/uploads\/2020\/05\/C748D63E-CFE3-487C-AB9A-BCB2D651AD90.jpeg 680w, http:\/\/aeroclub-abbeville.fr\/wp-content\/uploads\/2020\/05\/C748D63E-CFE3-487C-AB9A-BCB2D651AD90-480x374.jpeg 480w, http:\/\/aeroclub-abbeville.fr\/wp-content\/uploads\/2020\/05\/C748D63E-CFE3-487C-AB9A-BCB2D651AD90-624x486.jpeg 624w\" sizes=\"(max-width: 510px) 100vw, 510px\" \/><figcaption>Gardons nos masques et les bons protocoles n\u00e9cessaires !<\/figcaption><\/figure><\/div>\n\n\n\n<p style=\"text-align:center\">N\u2019h\u00e9sitez pas \u00e0 vous renseigner \u00e0 l\u2019a\u00e9roclub pour nous retrouver et de nouveau prendre l\u2019air ! <\/p>\n\n\n\n<p><\/p>\n\n\n\n<div class=\"wp-block-image\"><figure class=\"aligncenter is-resized\"><img decoding=\"async\" src=\"http:\/\/aeroclub-abbeville.fr\/wp-content\/uploads\/2019\/11\/014EC486-CA36-4D1D-8EA1-E54AEAA31C30-1024x681.jpeg\" alt=\"\" class=\"wp-image-3723\" width=\"512\" height=\"341\" srcset=\"http:\/\/aeroclub-abbeville.fr\/wp-content\/uploads\/2019\/11\/014EC486-CA36-4D1D-8EA1-E54AEAA31C30-1024x681.jpeg 1024w, http:\/\/aeroclub-abbeville.fr\/wp-content\/uploads\/2019\/11\/014EC486-CA36-4D1D-8EA1-E54AEAA31C30-480x319.jpeg 480w, http:\/\/aeroclub-abbeville.fr\/wp-content\/uploads\/2019\/11\/014EC486-CA36-4D1D-8EA1-E54AEAA31C30-768x510.jpeg 768w, http:\/\/aeroclub-abbeville.fr\/wp-content\/uploads\/2019\/11\/014EC486-CA36-4D1D-8EA1-E54AEAA31C30-624x415.jpeg 624w, http:\/\/aeroclub-abbeville.fr\/wp-content\/uploads\/2019\/11\/014EC486-CA36-4D1D-8EA1-E54AEAA31C30.jpeg 2048w\" sizes=\"(max-width: 512px) 100vw, 512px\" \/><figcaption>Alors, Alex le Champion du \u00ab\u00a0P\u00f4le Espoir\u00a0\u00bb, on piaffe pour la reprise !!!<\/figcaption><\/figure><\/div>\n\n\n\n<p style=\"text-align:center\">Et n\u2019oubliez pas, notre projet est toujours l\u00e0 !<\/p>\n\n\n\n<p style=\"text-align:center\">La F\u00eate A\u00e9rienne d\u2019Abbeville pour les 90 ans de la Fondation de l\u2019A\u00e9roclub et le 10\u00e8me Anniversaire du Rassemblement des Femmes de l\u2019Air, on y croit ! <\/p>\n\n\n\n<div class=\"wp-block-image\"><figure class=\"aligncenter\"><img decoding=\"async\" src=\"http:\/\/aeroclub-abbeville.fr\/wp-content\/uploads\/2020\/05\/Capture-d\u2019\u00e9cran-2020-05-13-\u00e0-10.51.13-1-1024x726.png\" alt=\"\" class=\"wp-image-3878\"\/><\/figure><\/div>\n\n\n\n<p style=\"text-align:center\">Les pr\u00e9paratifs sont toujours en cours, et voil\u00e0 ! <\/p>\n\n\n\n<p style=\"text-align:center\">Voici l&rsquo;acc\u00e8s au lien du site Internet de la F\u00eate A\u00e9rienne, qui sera r\u00e9actualis\u00e9  en fonction des nouveaut\u00e9s et directives officielles. <\/p>\n\n\n\n<p style=\"text-align:center\">Allez le voir r\u00e9guli\u00e8rement !<\/p>\n\n\n\n<p style=\"text-align:center\"><a href=\"https:\/\/meeting2020.aeroclub-abbeville.fr\/\">https:\/\/meeting2020.aeroclub-abbeville.fr\/<\/a><\/p>\n\n\n\n<p style=\"text-align:center\">Et ce sera bient\u00f4t le retour dans les airs et sur les pistes !<\/p>\n\n\n\n<p style=\"text-align:center\">Belle semaine et prenez soin de vous !<\/p>\n\n\n\n<p><\/p>\n\n\n\n<div class=\"wp-block-image\"><figure class=\"aligncenter is-resized\"><img decoding=\"async\" src=\"http:\/\/aeroclub-abbeville.fr\/wp-content\/uploads\/2020\/05\/Percution-1024x1024.jpg\" alt=\"\" class=\"wp-image-3862\" width=\"512\" height=\"512\" srcset=\"http:\/\/aeroclub-abbeville.fr\/wp-content\/uploads\/2020\/05\/Percution-1024x1024.jpg 1024w, http:\/\/aeroclub-abbeville.fr\/wp-content\/uploads\/2020\/05\/Percution-150x150.jpg 150w, http:\/\/aeroclub-abbeville.fr\/wp-content\/uploads\/2020\/05\/Percution-480x480.jpg 480w, http:\/\/aeroclub-abbeville.fr\/wp-content\/uploads\/2020\/05\/Percution-768x768.jpg 768w, http:\/\/aeroclub-abbeville.fr\/wp-content\/uploads\/2020\/05\/Percution-624x624.jpg 624w, http:\/\/aeroclub-abbeville.fr\/wp-content\/uploads\/2020\/05\/Percution.jpg 1447w\" sizes=\"(max-width: 512px) 100vw, 512px\" \/><figcaption>\u00e7a c&rsquo;est la joie !<\/figcaption><\/figure><\/div>\n\n\n\n<p style=\"text-align:left\">Fran\u00e7oise Sockeel<\/p>\n","protected":false},"excerpt":{"rendered":"<p>13 Mai 2020 Chers Amis Pilotes, \u00c7a y est ! Nous avons l\u2019autorisation de reprendre les vols en solo, pas de double commande, pas de VI, Les personnes qui n\u2019ont pas fait de vol de reprise en d\u00e9but d\u2019ann\u00e9e vous devrez attendre encore un peu ! N\u2019oubliez pas les Gestes Protecteurs et Port du masque [&hellip;]<\/p>\n","protected":false},"author":211,"featured_media":0,"comment_status":"open","ping_status":"closed","sticky":false,"template":"","format":"standard","meta":{"inline_featured_image":false,"footnotes":""},"categories":[20,2,3,5,6,11,13,15,16,17,18,19],"tags":[],"class_list":["post-3843","post","type-post","status-publish","format-standard","hentry","category-actualites","category-avion","category-club","category-entretien","category-formation","category-manifestations","category-planeur","category-reglementation","category-securite","category-ulm","category-vie-du-club","category-vol-a-voile"],"_links":{"self":[{"href":"http:\/\/aeroclub-abbeville.fr\/index.php?rest_route=\/wp\/v2\/posts\/3843","targetHints":{"allow":["GET"]}}],"collection":[{"href":"http:\/\/aeroclub-abbeville.fr\/index.php?rest_route=\/wp\/v2\/posts"}],"about":[{"href":"http:\/\/aeroclub-abbeville.fr\/index.php?rest_route=\/wp\/v2\/types\/post"}],"author":[{"embeddable":true,"href":"http:\/\/aeroclub-abbeville.fr\/index.php?rest_route=\/wp\/v2\/users\/211"}],"replies":[{"embeddable":true,"href":"http:\/\/aeroclub-abbeville.fr\/index.php?rest_route=%2Fwp%2Fv2%2Fcomments&post=3843"}],"version-history":[{"count":26,"href":"http:\/\/aeroclub-abbeville.fr\/index.php?rest_route=\/wp\/v2\/posts\/3843\/revisions"}],"predecessor-version":[{"id":3881,"href":"http:\/\/aeroclub-abbeville.fr\/index.php?rest_route=\/wp\/v2\/posts\/3843\/revisions\/3881"}],"wp:attachment":[{"href":"http:\/\/aeroclub-abbeville.fr\/index.php?rest_route=%2Fwp%2Fv2%2Fmedia&parent=3843"}],"wp:term":[{"taxonomy":"category","embeddable":true,"href":"http:\/\/aeroclub-abbeville.fr\/index.php?rest_route=%2Fwp%2Fv2%2Fcategories&post=3843"},{"taxonomy":"post_tag","embeddable":true,"href":"http:\/\/aeroclub-abbeville.fr\/index.php?rest_route=%2Fwp%2Fv2%2Ftags&post=3843"}],"curies":[{"name":"wp","href":"https:\/\/api.w.org\/{rel}","templated":true}]}}