{"id":388,"date":"2012-11-02T21:28:54","date_gmt":"2012-11-02T20:28:54","guid":{"rendered":"http:\/\/aeroclub-abbeville.fr\/?p=388"},"modified":"2014-02-02T21:33:29","modified_gmt":"2014-02-02T20:33:29","slug":"un-abbevillois-dans-les-alpes","status":"publish","type":"post","link":"http:\/\/aeroclub-abbeville.fr\/?p=388","title":{"rendered":"Un Abbevillois dans les Alpes"},"content":{"rendered":"<p><a href=\"http:\/\/aeroclub-abbeville.fr\/wp-content\/uploads\/2014\/02\/Paulo_St_Aub.jpg\"><img fetchpriority=\"high\" decoding=\"async\" class=\"size-medium wp-image-389 aligncenter\" alt=\"Paulo_St_Aub\" src=\"http:\/\/aeroclub-abbeville.fr\/wp-content\/uploads\/2014\/02\/Paulo_St_Aub-300x200.jpg\" width=\"300\" height=\"200\" srcset=\"http:\/\/aeroclub-abbeville.fr\/wp-content\/uploads\/2014\/02\/Paulo_St_Aub-300x200.jpg 300w, http:\/\/aeroclub-abbeville.fr\/wp-content\/uploads\/2014\/02\/Paulo_St_Aub-624x416.jpg 624w, http:\/\/aeroclub-abbeville.fr\/wp-content\/uploads\/2014\/02\/Paulo_St_Aub.jpg 960w\" sizes=\"(max-width: 300px) 100vw, 300px\" \/><\/a><\/p>\n<p>Voici le retour de Paul-Edouard Th\u00e9venin-Lebran sur son stage \u00e0 Saint-Auban\u2026<\/p>\n<p><em>\u201cJ&rsquo;ai particip\u00e9, du 27 octobre au 1 novembre, \u00e0 un stage de d\u00e9tection au Centre National de Vol \u00e0 Voile de Saint-Auban. Ce stage r\u00e9unissait une douzaine de pilotes tous issus des quatre coins de la France. Il fut pour moi l&rsquo;occasion de d\u00e9couvrir le vol en montagne bien diff\u00e9rent du vol de plaine\u2026 Malgr\u00e9 une m\u00e9t\u00e9o digne de l&rsquo;automne j&rsquo;ai pu tout de m\u00eame exp\u00e9rimenter le vol de pente, le vol d&rsquo;onde et voler sur des machines sur lesquelles je ne revolerai pas de si t\u00f4t. Les nombreux briefings auxquels nous \u00e9tions tous convi\u00e9s avant et apr\u00e8s les vols m&rsquo;ont pour certains servis de \u201cpiq\u00fbre de rappel\u201d et pour d&rsquo;autres ont \u00e9t\u00e9 de pr\u00e9cieux conseils que je t\u00e2cherai d&rsquo;appliquer en comp\u00e9titions. C\u00f4toyer et voler avec des Champions du monde ou d\u2019Europe est une v\u00e9ritable chance et leur conseils,tr\u00e8s pr\u00e9cieux. Maintenant il me doit de continuer \u00e0 voler en essayant d&rsquo;\u00eatre de plus en plus performant pour continuer d&rsquo;obtenir de bons r\u00e9sultats qui me permettront d&rsquo;atteindre mes objectifs. J&rsquo;ai vraiment h\u00e2te d&rsquo;y retourner, et je pense qu\u2019apr\u00e8s avoir gout\u00e9 au vol en montagne je ne pourrai plus m&rsquo;en passer\u2026\u201d<\/em><\/p>\n","protected":false},"excerpt":{"rendered":"<p>Voici le retour de Paul-Edouard Th\u00e9venin-Lebran sur son stage \u00e0 Saint-Auban\u2026 \u201cJ&rsquo;ai particip\u00e9, du 27 octobre au 1 novembre, \u00e0 un stage de d\u00e9tection au Centre National de Vol \u00e0 Voile de Saint-Auban. Ce stage r\u00e9unissait une douzaine de pilotes tous issus des quatre coins de la France. Il fut pour moi l&rsquo;occasion de d\u00e9couvrir [&hellip;]<\/p>\n","protected":false},"author":67,"featured_media":0,"comment_status":"open","ping_status":"open","sticky":false,"template":"","format":"standard","meta":{"inline_featured_image":false,"footnotes":""},"categories":[13,19],"tags":[],"class_list":["post-388","post","type-post","status-publish","format-standard","hentry","category-planeur","category-vol-a-voile"],"_links":{"self":[{"href":"http:\/\/aeroclub-abbeville.fr\/index.php?rest_route=\/wp\/v2\/posts\/388","targetHints":{"allow":["GET"]}}],"collection":[{"href":"http:\/\/aeroclub-abbeville.fr\/index.php?rest_route=\/wp\/v2\/posts"}],"about":[{"href":"http:\/\/aeroclub-abbeville.fr\/index.php?rest_route=\/wp\/v2\/types\/post"}],"author":[{"embeddable":true,"href":"http:\/\/aeroclub-abbeville.fr\/index.php?rest_route=\/wp\/v2\/users\/67"}],"replies":[{"embeddable":true,"href":"http:\/\/aeroclub-abbeville.fr\/index.php?rest_route=%2Fwp%2Fv2%2Fcomments&post=388"}],"version-history":[{"count":2,"href":"http:\/\/aeroclub-abbeville.fr\/index.php?rest_route=\/wp\/v2\/posts\/388\/revisions"}],"predecessor-version":[{"id":391,"href":"http:\/\/aeroclub-abbeville.fr\/index.php?rest_route=\/wp\/v2\/posts\/388\/revisions\/391"}],"wp:attachment":[{"href":"http:\/\/aeroclub-abbeville.fr\/index.php?rest_route=%2Fwp%2Fv2%2Fmedia&parent=388"}],"wp:term":[{"taxonomy":"category","embeddable":true,"href":"http:\/\/aeroclub-abbeville.fr\/index.php?rest_route=%2Fwp%2Fv2%2Fcategories&post=388"},{"taxonomy":"post_tag","embeddable":true,"href":"http:\/\/aeroclub-abbeville.fr\/index.php?rest_route=%2Fwp%2Fv2%2Ftags&post=388"}],"curies":[{"name":"wp","href":"https:\/\/api.w.org\/{rel}","templated":true}]}}