{"id":3903,"date":"2020-05-27T18:24:02","date_gmt":"2020-05-27T17:24:02","guid":{"rendered":"http:\/\/aeroclub-abbeville.fr\/?p=3903"},"modified":"2020-05-27T18:46:49","modified_gmt":"2020-05-27T17:46:49","slug":"des-nouvelles-en-voila-point-par-point-pas-a-pas-covid-ou-pas-on-sera-encore-la","status":"publish","type":"post","link":"http:\/\/aeroclub-abbeville.fr\/?p=3903","title":{"rendered":"Des Nouvelles, en voil\u00e0 ! Point par point, pas \u00e0 pas, Covid ou pas, on sera encore l\u00e0 !"},"content":{"rendered":"\n<p style=\"text-align:left\">27 Mai 2020  <\/p>\n\n\n\n<p style=\"text-align:center\"><strong>Quelques infos g\u00e9n\u00e9rales de notre Pr\u00e9sident Jean Pierre Lignier, sur la situation du club depuis le confinement<\/strong><\/p>\n\n\n\n<p style=\"text-align:center\">Vous l\u2019avez sans doute remarqu\u00e9, le mauvais temps a s\u00e9vi depuis le 1&nbsp;<sup>er<\/sup>&nbsp;janvier jusqu\u2019au 16 mars, d\u00e9but du confinement.<br>Et alors, miracle (fa\u00e7on de parler&nbsp;!) le soleil est arriv\u00e9 et ne s\u2019est que tr\u00e8s peu interrompu durant ces deux derniers mois. Il est dans doute de connivence avec les oiseaux et autres animaux qui ainsi ont pu s\u2019\u00e9panouir en toute tranquillit\u00e9.<\/p>\n\n\n\n<p style=\"text-align:center\">Et nous sommes rest\u00e9s clou\u00e9s au sol&nbsp;!<br>Alors comment l\u2019a\u00e9roclub vit-il cette p\u00e9riode&nbsp;?<\/p>\n\n\n\n<div class=\"wp-block-image\"><figure class=\"aligncenter\"><img fetchpriority=\"high\" decoding=\"async\" width=\"550\" height=\"413\" src=\"http:\/\/aeroclub-abbeville.fr\/wp-content\/uploads\/2020\/05\/9E126778-15CA-4AA5-9A41-46D8D7493FF9.jpeg\" alt=\"\" class=\"wp-image-3934\" srcset=\"http:\/\/aeroclub-abbeville.fr\/wp-content\/uploads\/2020\/05\/9E126778-15CA-4AA5-9A41-46D8D7493FF9.jpeg 550w, http:\/\/aeroclub-abbeville.fr\/wp-content\/uploads\/2020\/05\/9E126778-15CA-4AA5-9A41-46D8D7493FF9-480x360.jpeg 480w\" sizes=\"(max-width: 550px) 100vw, 550px\" \/><figcaption>Pas tous comme \u00e7a, bien s\u00fbr !<\/figcaption><\/figure><\/div>\n\n\n\n<p style=\"text-align:center\">Tous les responsables sont rest\u00e9s op\u00e9rationnels et ont assur\u00e9 la veille, la surveillance, et la continuit\u00e9 administrative et relationnelle avec nos diff\u00e9rents interlocuteurs dont les autorit\u00e9s de tutelle.<br>&#8211; Il a fallu annuler notre&nbsp;<strong>assembl\u00e9e g\u00e9n\u00e9rale annuelle<\/strong>, pr\u00e9vue pour le 4 avril. Je ne sais pas encore si nous pourrons, et s\u2019il sera n\u00e9cessaire, de la programmer pour l\u2019automne. Il y a un imp\u00e9ratif cependant&nbsp;: la pr\u00e9sentation des comptes financiers et du rapport d\u2019activit\u00e9. C\u2019est en principe obligatoire une fois par an pour toute association.<br>&#8211; Le&nbsp;<strong>Conseil d\u2019Administration<\/strong>&nbsp;du 3 avril a \u00e9t\u00e9 annul\u00e9. Celui du 3 juillet reste incertain. Tout d\u00e9pendra des autorisations de tenue de r\u00e9unions \u00e0 plus de 10 personnes qui seront accord\u00e9es ou non d\u2019ici l\u00e0.<br>&#8211; La&nbsp;<strong>f\u00eate a\u00e9rienne des 90 ans<\/strong>, pr\u00e9vue pour les 12 et 13 septembre a \u00e9t\u00e9 remplac\u00e9e par un weekend portes ouvertes moins ambitieux et moins lourd tant financi\u00e8rement que r\u00e8glementairement. Il n\u2019\u00e9tait pas possible en effet, compte tenu des circonstances, de nous engager dans la r\u00e9servation d\u2019un plateau a\u00e9rien \u00e0 la hauteur de l\u2019\u00e9v\u00e9nement. Mais les portes ouvertes elles-m\u00eames restent tributaires de ce qui sera autoris\u00e9 \u00e0 la fin de l\u2019\u00e9t\u00e9. Si cela peut se faire, nous compterons \u00e9videmment sur vous. Voici le lien pour voir les pr\u00e9paratifs ! <\/p>\n\n\n\n<p style=\"text-align:center\"><a href=\"http:\/\/meeting2020.aeroclub-abbeville.fr\">http:\/\/meeting2020.aeroclub-abbeville.fr<\/a><\/p>\n\n\n\n<p style=\"text-align:center\">&#8211;&nbsp;<strong>Le BIA<\/strong>&nbsp;: les cours pr\u00e9sentiels n\u2019ont pu se terminer tels qu\u2019ils \u00e9taient pr\u00e9vus. Par cons\u00e9quent, pour boucler le programme, nous nous sommes lanc\u00e9s dans une formation par vid\u00e9o conf\u00e9rence, qui s\u2019est plut\u00f4t bien d\u00e9roul\u00e9e malgr\u00e9 quelques in\u00e9vitables couacs. Une exp\u00e9rience nouvelle pour les formateurs. L\u2019examen lui-m\u00eame ne s\u2019est pas tenu le 20 mai comme c\u2019\u00e9tait annonc\u00e9. A ce jour on ne sait pas quand il aura lieu.<\/p>\n\n\n\n<div class=\"wp-block-image\"><figure class=\"aligncenter is-resized\"><img decoding=\"async\" src=\"http:\/\/aeroclub-abbeville.fr\/wp-content\/uploads\/2020\/05\/C2706F46-EAAF-43B6-963D-62C9ED2CD825-821x1024.jpeg\" alt=\"\" class=\"wp-image-3919\" width=\"411\" height=\"512\" srcset=\"http:\/\/aeroclub-abbeville.fr\/wp-content\/uploads\/2020\/05\/C2706F46-EAAF-43B6-963D-62C9ED2CD825-821x1024.jpeg 821w, http:\/\/aeroclub-abbeville.fr\/wp-content\/uploads\/2020\/05\/C2706F46-EAAF-43B6-963D-62C9ED2CD825-385x480.jpeg 385w, http:\/\/aeroclub-abbeville.fr\/wp-content\/uploads\/2020\/05\/C2706F46-EAAF-43B6-963D-62C9ED2CD825-768x958.jpeg 768w, http:\/\/aeroclub-abbeville.fr\/wp-content\/uploads\/2020\/05\/C2706F46-EAAF-43B6-963D-62C9ED2CD825-624x778.jpeg 624w, http:\/\/aeroclub-abbeville.fr\/wp-content\/uploads\/2020\/05\/C2706F46-EAAF-43B6-963D-62C9ED2CD825.jpeg 1080w\" sizes=\"(max-width: 411px) 100vw, 411px\" \/><figcaption>Pourtant , ils ont tous bien r\u00e9vis\u00e9 !!!!<\/figcaption><\/figure><\/div>\n\n\n\n<p style=\"text-align:center\"><br>&#8211;\u00a0<strong>Jean-Yves<\/strong>\u00a0a \u00e9t\u00e9 plac\u00e9 en ch\u00f4mage partiel. Il venait une fois par semaine pour un peu de nettoyage, de v\u00e9rifications et de tonte (eh oui\u00a0! l\u2019herbe a continu\u00e9 \u00e0 pousser). Depuis d\u00e9but mai, il travaille 3 jours sur 5, et reprendra \u00e0 plein temps au d\u00e9but juin. <\/p>\n\n\n\n<p><br>&#8211;\u00a0<strong>Olivier<\/strong>\u00a0venait de r\u00e9guli\u00e8rement pour achever la mise en \u00e9tat des planeurs, qui \u00e9taient donc pr\u00eats pour la reprise des vols en solo le 14 mai (premier pilote \u00e0 s\u2019envoyer en l\u2019air\u00a0: Alexandre FIERAIN, sur Duo Discus, suivi de peu par Olivier et Suzanne).<\/p>\n\n\n\n<div class=\"wp-block-image\"><figure class=\"aligncenter is-resized\"><img decoding=\"async\" src=\"http:\/\/aeroclub-abbeville.fr\/wp-content\/uploads\/2020\/05\/E857FED5-B7B1-4300-8DA7-D6D223F52A8D.jpeg\" alt=\"\" class=\"wp-image-3907\" width=\"480\" height=\"360\"\/><figcaption>Alexandre lors de son premier 400 km, cette ann\u00e9e !<\/figcaption><\/figure><\/div>\n\n\n\n<p style=\"text-align:center\"><br>&#8211; Pendant le confinement, il a \u00e9t\u00e9 possible de proc\u00e9der \u00e0 une\u00a0<strong>r\u00e9vision du Nynja<\/strong>, gr\u00e2ce aux deux Philippe et \u00e0 Jean-Yves. Nous avons convoy\u00e9 le DR 400 jusqu\u2019\u00e0 l\u2019atelier de maintenance de Lille Lesquin, o\u00f9 il subira sa visite des 6 ans , avec une immobilisation probable jusqu\u2019\u00e0 la fin juin.<br>&#8211;\u00a0<strong>L\u2019activit\u00e9 a\u00e9rienne<\/strong>\u00a0a \u00e9t\u00e9 nulle pendant 2 mois, sauf pour le C 172 F-HABE, utilis\u00e9 par la Police de l\u2019Air et des Fronti\u00e8res.<\/p>\n\n\n\n<div class=\"wp-block-image\"><figure class=\"aligncenter is-resized\"><img loading=\"lazy\" decoding=\"async\" src=\"http:\/\/aeroclub-abbeville.fr\/wp-content\/uploads\/2020\/05\/2FDA3E8A-099C-471A-8755-F3AB202789E0.jpeg\" alt=\"\" class=\"wp-image-3925\" width=\"356\" height=\"360\" srcset=\"http:\/\/aeroclub-abbeville.fr\/wp-content\/uploads\/2020\/05\/2FDA3E8A-099C-471A-8755-F3AB202789E0.jpeg 712w, http:\/\/aeroclub-abbeville.fr\/wp-content\/uploads\/2020\/05\/2FDA3E8A-099C-471A-8755-F3AB202789E0-475x480.jpeg 475w, http:\/\/aeroclub-abbeville.fr\/wp-content\/uploads\/2020\/05\/2FDA3E8A-099C-471A-8755-F3AB202789E0-624x630.jpeg 624w\" sizes=\"(max-width: 356px) 100vw, 356px\" \/><figcaption>Il n\u2019est pas chez nous, mais il a de l\u2019allure, non ?<\/figcaption><\/figure><\/div>\n\n\n\n<p style=\"text-align:center\"><br>&#8211;&nbsp;<strong>Les planeurs<\/strong>&nbsp;ont bien entendu \u00e9t\u00e9 clou\u00e9s au sol, comme les autres appareils. Le stage annuel de Troyes est \u00e9videmment compromis dans sa forme habituelle. Peut-\u00eatre un cantonnement \u00e0 Abbeville cette ann\u00e9e&nbsp;?<\/p>\n\n\n\n<p style=\"text-align:center\">Il faut cependant que chacun soit bien conscient qu\u2019il est n\u00e9cessaire que l\u2019activit\u00e9 reprenne. Vous connaissez les conditions actuelles, \u00e9videmment contraignantes. J\u2019esp\u00e8re qu\u2019elles seront tr\u00e8s vite all\u00e9g\u00e9es.<\/p>\n\n\n\n<div class=\"wp-block-image\"><figure class=\"aligncenter is-resized\"><img loading=\"lazy\" decoding=\"async\" src=\"http:\/\/aeroclub-abbeville.fr\/wp-content\/uploads\/2020\/05\/7E1A0480-8BD3-4E8A-AFB1-D4A794CFBFA7-1024x768.jpeg\" alt=\"\" class=\"wp-image-3927\" width=\"512\" height=\"384\" srcset=\"http:\/\/aeroclub-abbeville.fr\/wp-content\/uploads\/2020\/05\/7E1A0480-8BD3-4E8A-AFB1-D4A794CFBFA7-1024x768.jpeg 1024w, http:\/\/aeroclub-abbeville.fr\/wp-content\/uploads\/2020\/05\/7E1A0480-8BD3-4E8A-AFB1-D4A794CFBFA7-480x360.jpeg 480w, http:\/\/aeroclub-abbeville.fr\/wp-content\/uploads\/2020\/05\/7E1A0480-8BD3-4E8A-AFB1-D4A794CFBFA7-768x576.jpeg 768w, http:\/\/aeroclub-abbeville.fr\/wp-content\/uploads\/2020\/05\/7E1A0480-8BD3-4E8A-AFB1-D4A794CFBFA7-624x468.jpeg 624w, http:\/\/aeroclub-abbeville.fr\/wp-content\/uploads\/2020\/05\/7E1A0480-8BD3-4E8A-AFB1-D4A794CFBFA7.jpeg 2048w\" sizes=\"(max-width: 512px) 100vw, 512px\" \/><figcaption>M\u00eame elle, si il le faut !!!<\/figcaption><\/figure><\/div>\n\n\n\n<p>&nbsp;&nbsp;&nbsp;&nbsp;&nbsp;&nbsp;&nbsp;&nbsp;&nbsp;&nbsp;&nbsp;&nbsp;&nbsp;&nbsp;&nbsp;&nbsp;&nbsp;&nbsp;&nbsp;&nbsp;&nbsp;&nbsp;&nbsp;&nbsp;&nbsp;&nbsp;&nbsp;&nbsp;&nbsp;&nbsp;&nbsp;&nbsp;&nbsp;&nbsp;&nbsp;&nbsp;&nbsp;&nbsp;&nbsp;&nbsp;&nbsp;&nbsp;&nbsp;&nbsp;&nbsp;&nbsp;&nbsp;&nbsp;&nbsp;&nbsp;&nbsp;&nbsp;&nbsp;&nbsp;&nbsp;&nbsp;&nbsp;&nbsp;&nbsp;&nbsp;&nbsp;&nbsp;&nbsp;&nbsp;&nbsp;&nbsp;&nbsp;&nbsp;&nbsp;&nbsp;&nbsp;&nbsp;&nbsp;&nbsp;&nbsp;&nbsp;&nbsp;&nbsp;&nbsp;&nbsp;&nbsp;&nbsp;&nbsp;&nbsp;&nbsp;&nbsp;&nbsp;&nbsp;&nbsp;&nbsp;&nbsp;&nbsp;&nbsp;&nbsp;&nbsp;&nbsp;&nbsp;&nbsp;&nbsp;&nbsp;&nbsp;&nbsp;&nbsp;&nbsp;&nbsp;&nbsp;&nbsp;&nbsp;&nbsp; L\u2019\u00e9quipe dirigeante.<\/p>\n\n\n\n<p style=\"text-align:center\">A bient\u00f4t pour de meilleures nouvelles et un retour bien g\u00e9r\u00e9 !<\/p>\n\n\n\n<p>Fran\u00e7oise Sockeel <\/p>\n","protected":false},"excerpt":{"rendered":"<p>27 Mai 2020 Quelques infos g\u00e9n\u00e9rales de notre Pr\u00e9sident Jean Pierre Lignier, sur la situation du club depuis le confinement Vous l\u2019avez sans doute remarqu\u00e9, le mauvais temps a s\u00e9vi depuis le 1&nbsp;er&nbsp;janvier jusqu\u2019au 16 mars, d\u00e9but du confinement.Et alors, miracle (fa\u00e7on de parler&nbsp;!) le soleil est arriv\u00e9 et ne s\u2019est que tr\u00e8s peu interrompu [&hellip;]<\/p>\n","protected":false},"author":211,"featured_media":0,"comment_status":"open","ping_status":"closed","sticky":false,"template":"","format":"standard","meta":{"inline_featured_image":false,"footnotes":""},"categories":[20,2,22,3,5,6,7,8,11,13,15,16,17,18,19],"tags":[],"class_list":["post-3903","post","type-post","status-publish","format-standard","hentry","category-actualites","category-avion","category-bia","category-club","category-entretien","category-formation","category-formation_avion","category-formation_planeur","category-manifestations","category-planeur","category-reglementation","category-securite","category-ulm","category-vie-du-club","category-vol-a-voile"],"_links":{"self":[{"href":"http:\/\/aeroclub-abbeville.fr\/index.php?rest_route=\/wp\/v2\/posts\/3903","targetHints":{"allow":["GET"]}}],"collection":[{"href":"http:\/\/aeroclub-abbeville.fr\/index.php?rest_route=\/wp\/v2\/posts"}],"about":[{"href":"http:\/\/aeroclub-abbeville.fr\/index.php?rest_route=\/wp\/v2\/types\/post"}],"author":[{"embeddable":true,"href":"http:\/\/aeroclub-abbeville.fr\/index.php?rest_route=\/wp\/v2\/users\/211"}],"replies":[{"embeddable":true,"href":"http:\/\/aeroclub-abbeville.fr\/index.php?rest_route=%2Fwp%2Fv2%2Fcomments&post=3903"}],"version-history":[{"count":31,"href":"http:\/\/aeroclub-abbeville.fr\/index.php?rest_route=\/wp\/v2\/posts\/3903\/revisions"}],"predecessor-version":[{"id":3947,"href":"http:\/\/aeroclub-abbeville.fr\/index.php?rest_route=\/wp\/v2\/posts\/3903\/revisions\/3947"}],"wp:attachment":[{"href":"http:\/\/aeroclub-abbeville.fr\/index.php?rest_route=%2Fwp%2Fv2%2Fmedia&parent=3903"}],"wp:term":[{"taxonomy":"category","embeddable":true,"href":"http:\/\/aeroclub-abbeville.fr\/index.php?rest_route=%2Fwp%2Fv2%2Fcategories&post=3903"},{"taxonomy":"post_tag","embeddable":true,"href":"http:\/\/aeroclub-abbeville.fr\/index.php?rest_route=%2Fwp%2Fv2%2Ftags&post=3903"}],"curies":[{"name":"wp","href":"https:\/\/api.w.org\/{rel}","templated":true}]}}