{"id":3957,"date":"2020-07-13T15:41:15","date_gmt":"2020-07-13T14:41:15","guid":{"rendered":"http:\/\/aeroclub-abbeville.fr\/?p=3957"},"modified":"2020-07-14T08:41:11","modified_gmt":"2020-07-14T07:41:11","slug":"a-un-a-deux-a-troyes-le-stage-de-planeurs-dabbeville-commence-la-meteo-est-la-on-y-va-de-ce-pas","status":"publish","type":"post","link":"http:\/\/aeroclub-abbeville.fr\/?p=3957","title":{"rendered":"\u00c0 un, \u00e0 deux, \u00e0 Troyes, le stage de Planeurs d\u2019Abbeville commence, la m\u00e9t\u00e9o est l\u00e0, on y va de ce pas !"},"content":{"rendered":"\n<p>13 Juillet 2020<\/p>\n\n\n\n<div class=\"wp-block-image\"><figure class=\"aligncenter is-resized\"><img fetchpriority=\"high\" decoding=\"async\" src=\"http:\/\/aeroclub-abbeville.fr\/wp-content\/uploads\/2020\/07\/253DFBCB-89E7-48B0-B6D5-037B2B2FEF0D-1024x1024.jpeg\" alt=\"\" class=\"wp-image-3958\" width=\"512\" height=\"512\" srcset=\"http:\/\/aeroclub-abbeville.fr\/wp-content\/uploads\/2020\/07\/253DFBCB-89E7-48B0-B6D5-037B2B2FEF0D-1024x1024.jpeg 1024w, http:\/\/aeroclub-abbeville.fr\/wp-content\/uploads\/2020\/07\/253DFBCB-89E7-48B0-B6D5-037B2B2FEF0D-150x150.jpeg 150w, http:\/\/aeroclub-abbeville.fr\/wp-content\/uploads\/2020\/07\/253DFBCB-89E7-48B0-B6D5-037B2B2FEF0D-480x480.jpeg 480w, http:\/\/aeroclub-abbeville.fr\/wp-content\/uploads\/2020\/07\/253DFBCB-89E7-48B0-B6D5-037B2B2FEF0D-768x767.jpeg 768w, http:\/\/aeroclub-abbeville.fr\/wp-content\/uploads\/2020\/07\/253DFBCB-89E7-48B0-B6D5-037B2B2FEF0D-624x624.jpeg 624w, http:\/\/aeroclub-abbeville.fr\/wp-content\/uploads\/2020\/07\/253DFBCB-89E7-48B0-B6D5-037B2B2FEF0D.jpeg 1440w\" sizes=\"(max-width: 512px) 100vw, 512px\" \/><figcaption>Le Covid ne passera pas !<\/figcaption><\/figure><\/div>\n\n\n\n<p style=\"text-align:center\">Tout le club d\u2019Abbeville est arriv\u00e9 pour deux semaines de stage intensif de Planeurs, \u00e0 Troyes Barberey, comme tous les \u00e9t\u00e9s depuis 10 ans maintenant.<\/p>\n\n\n\n<div class=\"wp-block-image\"><figure class=\"aligncenter is-resized\"><img decoding=\"async\" src=\"http:\/\/aeroclub-abbeville.fr\/wp-content\/uploads\/2020\/07\/55051FEE-4DA5-4FF3-8697-F319CA4E5CE1-1024x768.jpeg\" alt=\"\" class=\"wp-image-3959\" width=\"512\" height=\"384\" srcset=\"http:\/\/aeroclub-abbeville.fr\/wp-content\/uploads\/2020\/07\/55051FEE-4DA5-4FF3-8697-F319CA4E5CE1-1024x768.jpeg 1024w, http:\/\/aeroclub-abbeville.fr\/wp-content\/uploads\/2020\/07\/55051FEE-4DA5-4FF3-8697-F319CA4E5CE1-480x360.jpeg 480w, http:\/\/aeroclub-abbeville.fr\/wp-content\/uploads\/2020\/07\/55051FEE-4DA5-4FF3-8697-F319CA4E5CE1-768x576.jpeg 768w, http:\/\/aeroclub-abbeville.fr\/wp-content\/uploads\/2020\/07\/55051FEE-4DA5-4FF3-8697-F319CA4E5CE1-624x468.jpeg 624w\" sizes=\"(max-width: 512px) 100vw, 512px\" \/><\/figure><\/div>\n\n\n\n<p style=\"text-align:center\">Tous les participants sont pr\u00eats dans les meilleures conditions de s\u00e9curit\u00e9 et de technique. <\/p>\n\n\n\n<p style=\"text-align:center\">Remorqueurs, instructeurs, \u00e9l\u00e8ves motiv\u00e9s, nous sommes tous pr\u00eats \u00e0 passer un bel \u00e9t\u00e9.<\/p>\n\n\n\n<div class=\"wp-block-image\"><figure class=\"aligncenter\"><img decoding=\"async\" width=\"1024\" height=\"768\" src=\"http:\/\/aeroclub-abbeville.fr\/wp-content\/uploads\/2020\/07\/4851718B-6CBC-47A9-9EA8-4C6D0E1E41AC-1024x768.jpeg\" alt=\"\" class=\"wp-image-3961\" srcset=\"http:\/\/aeroclub-abbeville.fr\/wp-content\/uploads\/2020\/07\/4851718B-6CBC-47A9-9EA8-4C6D0E1E41AC-1024x768.jpeg 1024w, http:\/\/aeroclub-abbeville.fr\/wp-content\/uploads\/2020\/07\/4851718B-6CBC-47A9-9EA8-4C6D0E1E41AC-480x360.jpeg 480w, http:\/\/aeroclub-abbeville.fr\/wp-content\/uploads\/2020\/07\/4851718B-6CBC-47A9-9EA8-4C6D0E1E41AC-768x576.jpeg 768w, http:\/\/aeroclub-abbeville.fr\/wp-content\/uploads\/2020\/07\/4851718B-6CBC-47A9-9EA8-4C6D0E1E41AC-624x468.jpeg 624w\" sizes=\"(max-width: 1024px) 100vw, 1024px\" \/><figcaption>Daniel, Thibault ou Olivier au remorquage.<\/figcaption><\/figure><\/div>\n\n\n\n<div class=\"wp-block-image\"><figure class=\"aligncenter\"><img loading=\"lazy\" decoding=\"async\" width=\"1024\" height=\"768\" src=\"http:\/\/aeroclub-abbeville.fr\/wp-content\/uploads\/2020\/07\/45E1A9A1-A9DD-40CB-A0AE-D85777184538-1024x768.jpeg\" alt=\"\" class=\"wp-image-3963\" srcset=\"http:\/\/aeroclub-abbeville.fr\/wp-content\/uploads\/2020\/07\/45E1A9A1-A9DD-40CB-A0AE-D85777184538-1024x768.jpeg 1024w, http:\/\/aeroclub-abbeville.fr\/wp-content\/uploads\/2020\/07\/45E1A9A1-A9DD-40CB-A0AE-D85777184538-480x360.jpeg 480w, http:\/\/aeroclub-abbeville.fr\/wp-content\/uploads\/2020\/07\/45E1A9A1-A9DD-40CB-A0AE-D85777184538-768x576.jpeg 768w, http:\/\/aeroclub-abbeville.fr\/wp-content\/uploads\/2020\/07\/45E1A9A1-A9DD-40CB-A0AE-D85777184538-624x468.jpeg 624w\" sizes=\"(max-width: 1024px) 100vw, 1024px\" \/><figcaption>Suzanne, Fred, Mathieu ou Baptiste au briefing du matin.<\/figcaption><\/figure><\/div>\n\n\n\n<p style=\"text-align:center\">Les Planeurs sont en place, au remorquage ou au treuil ! La vie est belle quand on aime avoir la t\u00eate en l\u2019air , d\u00e8s l\u2019aube, dans l\u2019Aube !<\/p>\n\n\n\n<ul class=\"wp-block-gallery aligncenter columns-3 is-cropped wp-block-gallery-1 is-layout-flex wp-block-gallery-is-layout-flex\"><li class=\"blocks-gallery-item\"><figure><img loading=\"lazy\" decoding=\"async\" width=\"1024\" height=\"768\" src=\"http:\/\/aeroclub-abbeville.fr\/wp-content\/uploads\/2020\/07\/E3D836CD-0D93-4B46-A9A2-8FB2E20F2EAA-1024x768.jpeg\" alt=\"\" data-id=\"3969\" data-link=\"http:\/\/aeroclub-abbeville.fr\/?attachment_id=3969\" class=\"wp-image-3969\" srcset=\"http:\/\/aeroclub-abbeville.fr\/wp-content\/uploads\/2020\/07\/E3D836CD-0D93-4B46-A9A2-8FB2E20F2EAA-1024x768.jpeg 1024w, http:\/\/aeroclub-abbeville.fr\/wp-content\/uploads\/2020\/07\/E3D836CD-0D93-4B46-A9A2-8FB2E20F2EAA-480x360.jpeg 480w, http:\/\/aeroclub-abbeville.fr\/wp-content\/uploads\/2020\/07\/E3D836CD-0D93-4B46-A9A2-8FB2E20F2EAA-768x576.jpeg 768w, http:\/\/aeroclub-abbeville.fr\/wp-content\/uploads\/2020\/07\/E3D836CD-0D93-4B46-A9A2-8FB2E20F2EAA-624x468.jpeg 624w\" sizes=\"(max-width: 1024px) 100vw, 1024px\" \/><\/figure><\/li><li class=\"blocks-gallery-item\"><figure><img loading=\"lazy\" decoding=\"async\" width=\"1024\" height=\"768\" src=\"http:\/\/aeroclub-abbeville.fr\/wp-content\/uploads\/2020\/07\/DC0F9DAD-3F99-47EB-BB83-EC419B38ADCC-1024x768.jpeg\" alt=\"\" data-id=\"3970\" data-link=\"http:\/\/aeroclub-abbeville.fr\/?attachment_id=3970\" class=\"wp-image-3970\" srcset=\"http:\/\/aeroclub-abbeville.fr\/wp-content\/uploads\/2020\/07\/DC0F9DAD-3F99-47EB-BB83-EC419B38ADCC-1024x768.jpeg 1024w, http:\/\/aeroclub-abbeville.fr\/wp-content\/uploads\/2020\/07\/DC0F9DAD-3F99-47EB-BB83-EC419B38ADCC-480x360.jpeg 480w, http:\/\/aeroclub-abbeville.fr\/wp-content\/uploads\/2020\/07\/DC0F9DAD-3F99-47EB-BB83-EC419B38ADCC-768x576.jpeg 768w, http:\/\/aeroclub-abbeville.fr\/wp-content\/uploads\/2020\/07\/DC0F9DAD-3F99-47EB-BB83-EC419B38ADCC-624x468.jpeg 624w\" sizes=\"(max-width: 1024px) 100vw, 1024px\" \/><\/figure><\/li><li class=\"blocks-gallery-item\"><figure><img loading=\"lazy\" decoding=\"async\" width=\"1024\" height=\"768\" src=\"http:\/\/aeroclub-abbeville.fr\/wp-content\/uploads\/2020\/07\/E1308E9A-6710-4EBF-B950-655907CB5FF3-1024x768.jpeg\" alt=\"\" data-id=\"3971\" data-link=\"http:\/\/aeroclub-abbeville.fr\/?attachment_id=3971\" class=\"wp-image-3971\" srcset=\"http:\/\/aeroclub-abbeville.fr\/wp-content\/uploads\/2020\/07\/E1308E9A-6710-4EBF-B950-655907CB5FF3-1024x768.jpeg 1024w, http:\/\/aeroclub-abbeville.fr\/wp-content\/uploads\/2020\/07\/E1308E9A-6710-4EBF-B950-655907CB5FF3-480x360.jpeg 480w, http:\/\/aeroclub-abbeville.fr\/wp-content\/uploads\/2020\/07\/E1308E9A-6710-4EBF-B950-655907CB5FF3-768x576.jpeg 768w, http:\/\/aeroclub-abbeville.fr\/wp-content\/uploads\/2020\/07\/E1308E9A-6710-4EBF-B950-655907CB5FF3-624x468.jpeg 624w\" sizes=\"(max-width: 1024px) 100vw, 1024px\" \/><\/figure><\/li><\/ul>\n\n\n\n<div class=\"wp-block-image\"><figure class=\"aligncenter\"><img loading=\"lazy\" decoding=\"async\" width=\"1024\" height=\"768\" src=\"http:\/\/aeroclub-abbeville.fr\/wp-content\/uploads\/2020\/07\/F9A9B1C3-25EA-447E-B6A4-468272ECDE84-1024x768.jpeg\" alt=\"\" class=\"wp-image-3972\" srcset=\"http:\/\/aeroclub-abbeville.fr\/wp-content\/uploads\/2020\/07\/F9A9B1C3-25EA-447E-B6A4-468272ECDE84-1024x768.jpeg 1024w, http:\/\/aeroclub-abbeville.fr\/wp-content\/uploads\/2020\/07\/F9A9B1C3-25EA-447E-B6A4-468272ECDE84-480x360.jpeg 480w, http:\/\/aeroclub-abbeville.fr\/wp-content\/uploads\/2020\/07\/F9A9B1C3-25EA-447E-B6A4-468272ECDE84-768x576.jpeg 768w, http:\/\/aeroclub-abbeville.fr\/wp-content\/uploads\/2020\/07\/F9A9B1C3-25EA-447E-B6A4-468272ECDE84-624x468.jpeg 624w\" sizes=\"(max-width: 1024px) 100vw, 1024px\" \/><\/figure><\/div>\n\n\n\n<p style=\"text-align:center\">\u00c0 bient\u00f4t pour de nouvelles aventures !<\/p>\n\n\n\n<p style=\"text-align:left\">Fran\u00e7oise Sockeel <\/p>\n\n\n\n<p style=\"text-align:left\">Cr\u00e9dits photos : Facebook Auteur inconnu, Fran\u00e7oise Sockeel<\/p>\n","protected":false},"excerpt":{"rendered":"<p>13 Juillet 2020 Tout le club d\u2019Abbeville est arriv\u00e9 pour deux semaines de stage intensif de Planeurs, \u00e0 Troyes Barberey, comme tous les \u00e9t\u00e9s depuis 10 ans maintenant. Tous les participants sont pr\u00eats dans les meilleures conditions de s\u00e9curit\u00e9 et de technique. Remorqueurs, instructeurs, \u00e9l\u00e8ves motiv\u00e9s, nous sommes tous pr\u00eats \u00e0 passer un bel \u00e9t\u00e9. [&hellip;]<\/p>\n","protected":false},"author":211,"featured_media":0,"comment_status":"open","ping_status":"closed","sticky":false,"template":"","format":"standard","meta":{"inline_featured_image":false,"footnotes":""},"categories":[20,3,6,8,13,18,19,31],"tags":[],"class_list":["post-3957","post","type-post","status-publish","format-standard","hentry","category-actualites","category-club","category-formation","category-formation_planeur","category-planeur","category-vie-du-club","category-vol-a-voile","category-voyages"],"_links":{"self":[{"href":"http:\/\/aeroclub-abbeville.fr\/index.php?rest_route=\/wp\/v2\/posts\/3957","targetHints":{"allow":["GET"]}}],"collection":[{"href":"http:\/\/aeroclub-abbeville.fr\/index.php?rest_route=\/wp\/v2\/posts"}],"about":[{"href":"http:\/\/aeroclub-abbeville.fr\/index.php?rest_route=\/wp\/v2\/types\/post"}],"author":[{"embeddable":true,"href":"http:\/\/aeroclub-abbeville.fr\/index.php?rest_route=\/wp\/v2\/users\/211"}],"replies":[{"embeddable":true,"href":"http:\/\/aeroclub-abbeville.fr\/index.php?rest_route=%2Fwp%2Fv2%2Fcomments&post=3957"}],"version-history":[{"count":10,"href":"http:\/\/aeroclub-abbeville.fr\/index.php?rest_route=\/wp\/v2\/posts\/3957\/revisions"}],"predecessor-version":[{"id":3979,"href":"http:\/\/aeroclub-abbeville.fr\/index.php?rest_route=\/wp\/v2\/posts\/3957\/revisions\/3979"}],"wp:attachment":[{"href":"http:\/\/aeroclub-abbeville.fr\/index.php?rest_route=%2Fwp%2Fv2%2Fmedia&parent=3957"}],"wp:term":[{"taxonomy":"category","embeddable":true,"href":"http:\/\/aeroclub-abbeville.fr\/index.php?rest_route=%2Fwp%2Fv2%2Fcategories&post=3957"},{"taxonomy":"post_tag","embeddable":true,"href":"http:\/\/aeroclub-abbeville.fr\/index.php?rest_route=%2Fwp%2Fv2%2Ftags&post=3957"}],"curies":[{"name":"wp","href":"https:\/\/api.w.org\/{rel}","templated":true}]}}