{"id":3980,"date":"2020-07-15T09:26:55","date_gmt":"2020-07-15T08:26:55","guid":{"rendered":"http:\/\/aeroclub-abbeville.fr\/?p=3980"},"modified":"2020-07-15T09:26:55","modified_gmt":"2020-07-15T08:26:55","slug":"y-a-dla-joie-bonjour-bonjour-du-stage-de-troyes","status":"publish","type":"post","link":"http:\/\/aeroclub-abbeville.fr\/?p=3980","title":{"rendered":"Y a d\u2019la joie ! Bonjour, bonjour, du stage de Troyes !"},"content":{"rendered":"\n<p style=\"text-align:left\">15 Juillet 2020<\/p>\n\n\n\n<div class=\"wp-block-image\"><figure class=\"aligncenter\"><img fetchpriority=\"high\" decoding=\"async\" width=\"1024\" height=\"768\" src=\"http:\/\/aeroclub-abbeville.fr\/wp-content\/uploads\/2020\/07\/93175B3C-A507-4EF9-8D96-0FC73877A655-1024x768.jpeg\" alt=\"\" class=\"wp-image-3982\" srcset=\"http:\/\/aeroclub-abbeville.fr\/wp-content\/uploads\/2020\/07\/93175B3C-A507-4EF9-8D96-0FC73877A655-1024x768.jpeg 1024w, http:\/\/aeroclub-abbeville.fr\/wp-content\/uploads\/2020\/07\/93175B3C-A507-4EF9-8D96-0FC73877A655-480x360.jpeg 480w, http:\/\/aeroclub-abbeville.fr\/wp-content\/uploads\/2020\/07\/93175B3C-A507-4EF9-8D96-0FC73877A655-768x576.jpeg 768w, http:\/\/aeroclub-abbeville.fr\/wp-content\/uploads\/2020\/07\/93175B3C-A507-4EF9-8D96-0FC73877A655-624x468.jpeg 624w, http:\/\/aeroclub-abbeville.fr\/wp-content\/uploads\/2020\/07\/93175B3C-A507-4EF9-8D96-0FC73877A655.jpeg 1599w\" sizes=\"(max-width: 1024px) 100vw, 1024px\" \/><figcaption>Abbeville \u00e0 Troyes les Planeurs s\u2019envolent !<\/figcaption><\/figure><\/div>\n\n\n\n<p style=\"text-align:center\">D\u00e8s le matin , l&rsquo;\u00e9quipe est au taquet pour pr\u00e9parer la journ\u00e9e ! Sortir les Planeurs du hangar, r\u00e9viser les machines, s\u00e9lectionner les pilotes, analyser les circuits \u00e0 effectuer, v\u00e9rifier la m\u00e9t\u00e9o et les NOTAM ! Le briefing est complet ! Tout le monde est pr\u00eat ! La journ\u00e9e peut commencer !<\/p>\n\n\n\n<ul class=\"wp-block-gallery aligncenter columns-3 is-cropped wp-block-gallery-1 is-layout-flex wp-block-gallery-is-layout-flex\"><li class=\"blocks-gallery-item\"><figure><img decoding=\"async\" width=\"1024\" height=\"768\" src=\"http:\/\/aeroclub-abbeville.fr\/wp-content\/uploads\/2020\/07\/1A9C8859-E384-4362-8DDB-1677284A928D-1024x768.jpeg\" alt=\"\" data-id=\"3985\" class=\"wp-image-3985\" srcset=\"http:\/\/aeroclub-abbeville.fr\/wp-content\/uploads\/2020\/07\/1A9C8859-E384-4362-8DDB-1677284A928D-1024x768.jpeg 1024w, http:\/\/aeroclub-abbeville.fr\/wp-content\/uploads\/2020\/07\/1A9C8859-E384-4362-8DDB-1677284A928D-480x360.jpeg 480w, http:\/\/aeroclub-abbeville.fr\/wp-content\/uploads\/2020\/07\/1A9C8859-E384-4362-8DDB-1677284A928D-768x576.jpeg 768w, http:\/\/aeroclub-abbeville.fr\/wp-content\/uploads\/2020\/07\/1A9C8859-E384-4362-8DDB-1677284A928D-624x468.jpeg 624w\" sizes=\"(max-width: 1024px) 100vw, 1024px\" \/><\/figure><\/li><li class=\"blocks-gallery-item\"><figure><img decoding=\"async\" width=\"1024\" height=\"768\" src=\"http:\/\/aeroclub-abbeville.fr\/wp-content\/uploads\/2020\/07\/4680AA35-369F-4096-9BDC-4C52FDA97208-1024x768.jpeg\" alt=\"\" data-id=\"3986\" data-link=\"http:\/\/aeroclub-abbeville.fr\/?attachment_id=3986\" class=\"wp-image-3986\" srcset=\"http:\/\/aeroclub-abbeville.fr\/wp-content\/uploads\/2020\/07\/4680AA35-369F-4096-9BDC-4C52FDA97208-1024x768.jpeg 1024w, http:\/\/aeroclub-abbeville.fr\/wp-content\/uploads\/2020\/07\/4680AA35-369F-4096-9BDC-4C52FDA97208-480x360.jpeg 480w, http:\/\/aeroclub-abbeville.fr\/wp-content\/uploads\/2020\/07\/4680AA35-369F-4096-9BDC-4C52FDA97208-768x576.jpeg 768w, http:\/\/aeroclub-abbeville.fr\/wp-content\/uploads\/2020\/07\/4680AA35-369F-4096-9BDC-4C52FDA97208-624x468.jpeg 624w\" sizes=\"(max-width: 1024px) 100vw, 1024px\" \/><\/figure><\/li><li class=\"blocks-gallery-item\"><figure><img loading=\"lazy\" decoding=\"async\" width=\"1024\" height=\"768\" src=\"http:\/\/aeroclub-abbeville.fr\/wp-content\/uploads\/2020\/07\/3D61D7DC-7EFE-435B-AB8C-DEA0E41744A8-1024x768.jpeg\" alt=\"\" data-id=\"3987\" data-link=\"http:\/\/aeroclub-abbeville.fr\/?attachment_id=3987\" class=\"wp-image-3987\" srcset=\"http:\/\/aeroclub-abbeville.fr\/wp-content\/uploads\/2020\/07\/3D61D7DC-7EFE-435B-AB8C-DEA0E41744A8-1024x768.jpeg 1024w, http:\/\/aeroclub-abbeville.fr\/wp-content\/uploads\/2020\/07\/3D61D7DC-7EFE-435B-AB8C-DEA0E41744A8-480x360.jpeg 480w, http:\/\/aeroclub-abbeville.fr\/wp-content\/uploads\/2020\/07\/3D61D7DC-7EFE-435B-AB8C-DEA0E41744A8-768x576.jpeg 768w, http:\/\/aeroclub-abbeville.fr\/wp-content\/uploads\/2020\/07\/3D61D7DC-7EFE-435B-AB8C-DEA0E41744A8-624x468.jpeg 624w\" sizes=\"(max-width: 1024px) 100vw, 1024px\" \/><\/figure><\/li><li class=\"blocks-gallery-item\"><figure><img loading=\"lazy\" decoding=\"async\" width=\"1024\" height=\"768\" src=\"http:\/\/aeroclub-abbeville.fr\/wp-content\/uploads\/2020\/07\/699EED57-8506-427F-8425-29ECB78A1A8E-1024x768.jpeg\" alt=\"\" data-id=\"3988\" data-link=\"http:\/\/aeroclub-abbeville.fr\/?attachment_id=3988\" class=\"wp-image-3988\" srcset=\"http:\/\/aeroclub-abbeville.fr\/wp-content\/uploads\/2020\/07\/699EED57-8506-427F-8425-29ECB78A1A8E-1024x768.jpeg 1024w, http:\/\/aeroclub-abbeville.fr\/wp-content\/uploads\/2020\/07\/699EED57-8506-427F-8425-29ECB78A1A8E-480x360.jpeg 480w, http:\/\/aeroclub-abbeville.fr\/wp-content\/uploads\/2020\/07\/699EED57-8506-427F-8425-29ECB78A1A8E-768x576.jpeg 768w, http:\/\/aeroclub-abbeville.fr\/wp-content\/uploads\/2020\/07\/699EED57-8506-427F-8425-29ECB78A1A8E-624x468.jpeg 624w\" sizes=\"(max-width: 1024px) 100vw, 1024px\" \/><\/figure><\/li><\/ul>\n\n\n\n<p><\/p>\n\n\n\n<p style=\"text-align:center\">La m\u00e9t\u00e9o n\u2019est pas id\u00e9ale, mais on s\u2019en moque, on a tous le moral ! Aujourd\u2019hui, on est pass\u00e9 entre les \u00ab&nbsp;Grains&nbsp;\u00bb et on a gard\u00e9 notre entrain ! L\u00e0 bas, plus loin, c\u2019est moins bien ! <\/p>\n\n\n\n<ul class=\"wp-block-gallery aligncenter columns-2 is-cropped wp-block-gallery-2 is-layout-flex wp-block-gallery-is-layout-flex\"><li class=\"blocks-gallery-item\"><figure><img loading=\"lazy\" decoding=\"async\" width=\"1024\" height=\"768\" src=\"http:\/\/aeroclub-abbeville.fr\/wp-content\/uploads\/2020\/07\/D27BF58D-4824-467F-A1BA-F71A2440D28F-1024x768.jpeg\" alt=\"\" data-id=\"3993\" data-link=\"http:\/\/aeroclub-abbeville.fr\/?attachment_id=3993\" class=\"wp-image-3993\" srcset=\"http:\/\/aeroclub-abbeville.fr\/wp-content\/uploads\/2020\/07\/D27BF58D-4824-467F-A1BA-F71A2440D28F-1024x768.jpeg 1024w, http:\/\/aeroclub-abbeville.fr\/wp-content\/uploads\/2020\/07\/D27BF58D-4824-467F-A1BA-F71A2440D28F-480x360.jpeg 480w, http:\/\/aeroclub-abbeville.fr\/wp-content\/uploads\/2020\/07\/D27BF58D-4824-467F-A1BA-F71A2440D28F-768x576.jpeg 768w, http:\/\/aeroclub-abbeville.fr\/wp-content\/uploads\/2020\/07\/D27BF58D-4824-467F-A1BA-F71A2440D28F-624x468.jpeg 624w\" sizes=\"(max-width: 1024px) 100vw, 1024px\" \/><\/figure><\/li><li class=\"blocks-gallery-item\"><figure><img decoding=\"async\" src=\"http:\/\/aeroclub-abbeville.fr\/wp-content\/uploads\/2020\/07\/6FF68AB3-5614-49F9-BCA8-C45165947296-1024x768.jpeg\" alt=\"\" data-id=\"3995\" data-link=\"http:\/\/aeroclub-abbeville.fr\/?attachment_id=3995\" class=\"wp-image-3995\"\/><\/figure><\/li><\/ul>\n\n\n\n<div class=\"wp-block-image\"><figure class=\"aligncenter\"><img loading=\"lazy\" decoding=\"async\" width=\"1024\" height=\"768\" src=\"http:\/\/aeroclub-abbeville.fr\/wp-content\/uploads\/2020\/07\/209F088D-0DFF-49C3-8F8B-9E10D35C0B5C-1024x768.jpeg\" alt=\"\" class=\"wp-image-3997\" srcset=\"http:\/\/aeroclub-abbeville.fr\/wp-content\/uploads\/2020\/07\/209F088D-0DFF-49C3-8F8B-9E10D35C0B5C-1024x768.jpeg 1024w, http:\/\/aeroclub-abbeville.fr\/wp-content\/uploads\/2020\/07\/209F088D-0DFF-49C3-8F8B-9E10D35C0B5C-480x360.jpeg 480w, http:\/\/aeroclub-abbeville.fr\/wp-content\/uploads\/2020\/07\/209F088D-0DFF-49C3-8F8B-9E10D35C0B5C-768x576.jpeg 768w, http:\/\/aeroclub-abbeville.fr\/wp-content\/uploads\/2020\/07\/209F088D-0DFF-49C3-8F8B-9E10D35C0B5C-624x468.jpeg 624w\" sizes=\"(max-width: 1024px) 100vw, 1024px\" \/><\/figure><\/div>\n\n\n\n<p style=\"text-align:center\">A la fin de la journ\u00e9e, qui c\u2019est qui s\u2019y colle ? Les Femmes Pilotes V\u00e9livoles !!!!! <\/p>\n\n\n\n<div class=\"wp-block-image\"><figure class=\"aligncenter\"><img loading=\"lazy\" decoding=\"async\" width=\"1024\" height=\"768\" src=\"http:\/\/aeroclub-abbeville.fr\/wp-content\/uploads\/2020\/07\/8B0596DD-C01E-42E9-915C-62BB7A66675C-1024x768.jpeg\" alt=\"\" class=\"wp-image-3999\" srcset=\"http:\/\/aeroclub-abbeville.fr\/wp-content\/uploads\/2020\/07\/8B0596DD-C01E-42E9-915C-62BB7A66675C-1024x768.jpeg 1024w, http:\/\/aeroclub-abbeville.fr\/wp-content\/uploads\/2020\/07\/8B0596DD-C01E-42E9-915C-62BB7A66675C-480x360.jpeg 480w, http:\/\/aeroclub-abbeville.fr\/wp-content\/uploads\/2020\/07\/8B0596DD-C01E-42E9-915C-62BB7A66675C-768x576.jpeg 768w, http:\/\/aeroclub-abbeville.fr\/wp-content\/uploads\/2020\/07\/8B0596DD-C01E-42E9-915C-62BB7A66675C-624x468.jpeg 624w\" sizes=\"(max-width: 1024px) 100vw, 1024px\" \/><\/figure><\/div>\n\n\n\n<p style=\"text-align:center\">Mais, ne vous inqui\u00e9tez pas les gar\u00e7ons ! On vous a laiss\u00e9 de quoi travailler, non mais !!!!<\/p>\n\n\n\n<div class=\"wp-block-image\"><figure class=\"aligncenter\"><img loading=\"lazy\" decoding=\"async\" width=\"1024\" height=\"768\" src=\"http:\/\/aeroclub-abbeville.fr\/wp-content\/uploads\/2020\/07\/38026C15-77ED-4513-821A-0942237D3A35-1024x768.jpeg\" alt=\"\" class=\"wp-image-4001\" srcset=\"http:\/\/aeroclub-abbeville.fr\/wp-content\/uploads\/2020\/07\/38026C15-77ED-4513-821A-0942237D3A35-1024x768.jpeg 1024w, http:\/\/aeroclub-abbeville.fr\/wp-content\/uploads\/2020\/07\/38026C15-77ED-4513-821A-0942237D3A35-480x360.jpeg 480w, http:\/\/aeroclub-abbeville.fr\/wp-content\/uploads\/2020\/07\/38026C15-77ED-4513-821A-0942237D3A35-768x576.jpeg 768w, http:\/\/aeroclub-abbeville.fr\/wp-content\/uploads\/2020\/07\/38026C15-77ED-4513-821A-0942237D3A35-624x468.jpeg 624w\" sizes=\"(max-width: 1024px) 100vw, 1024px\" \/><\/figure><\/div>\n\n\n\n<p style=\"text-align:center\">\u00c0 bient\u00f4t pour de nouvelles aventures !<\/p>\n\n\n\n<p>Fran\u00e7oise Sockeel<\/p>\n\n\n\n<p><\/p>\n","protected":false},"excerpt":{"rendered":"<p>15 Juillet 2020 D\u00e8s le matin , l&rsquo;\u00e9quipe est au taquet pour pr\u00e9parer la journ\u00e9e ! Sortir les Planeurs du hangar, r\u00e9viser les machines, s\u00e9lectionner les pilotes, analyser les circuits \u00e0 effectuer, v\u00e9rifier la m\u00e9t\u00e9o et les NOTAM ! Le briefing est complet ! Tout le monde est pr\u00eat ! La journ\u00e9e peut commencer ! [&hellip;]<\/p>\n","protected":false},"author":211,"featured_media":0,"comment_status":"open","ping_status":"closed","sticky":false,"template":"","format":"standard","meta":{"inline_featured_image":false,"footnotes":""},"categories":[20,3,6,8,11,13,18,19,31],"tags":[],"class_list":["post-3980","post","type-post","status-publish","format-standard","hentry","category-actualites","category-club","category-formation","category-formation_planeur","category-manifestations","category-planeur","category-vie-du-club","category-vol-a-voile","category-voyages"],"_links":{"self":[{"href":"http:\/\/aeroclub-abbeville.fr\/index.php?rest_route=\/wp\/v2\/posts\/3980","targetHints":{"allow":["GET"]}}],"collection":[{"href":"http:\/\/aeroclub-abbeville.fr\/index.php?rest_route=\/wp\/v2\/posts"}],"about":[{"href":"http:\/\/aeroclub-abbeville.fr\/index.php?rest_route=\/wp\/v2\/types\/post"}],"author":[{"embeddable":true,"href":"http:\/\/aeroclub-abbeville.fr\/index.php?rest_route=\/wp\/v2\/users\/211"}],"replies":[{"embeddable":true,"href":"http:\/\/aeroclub-abbeville.fr\/index.php?rest_route=%2Fwp%2Fv2%2Fcomments&post=3980"}],"version-history":[{"count":10,"href":"http:\/\/aeroclub-abbeville.fr\/index.php?rest_route=\/wp\/v2\/posts\/3980\/revisions"}],"predecessor-version":[{"id":4003,"href":"http:\/\/aeroclub-abbeville.fr\/index.php?rest_route=\/wp\/v2\/posts\/3980\/revisions\/4003"}],"wp:attachment":[{"href":"http:\/\/aeroclub-abbeville.fr\/index.php?rest_route=%2Fwp%2Fv2%2Fmedia&parent=3980"}],"wp:term":[{"taxonomy":"category","embeddable":true,"href":"http:\/\/aeroclub-abbeville.fr\/index.php?rest_route=%2Fwp%2Fv2%2Fcategories&post=3980"},{"taxonomy":"post_tag","embeddable":true,"href":"http:\/\/aeroclub-abbeville.fr\/index.php?rest_route=%2Fwp%2Fv2%2Ftags&post=3980"}],"curies":[{"name":"wp","href":"https:\/\/api.w.org\/{rel}","templated":true}]}}