{"id":4051,"date":"2020-11-02T18:31:10","date_gmt":"2020-11-02T17:31:10","guid":{"rendered":"http:\/\/aeroclub-abbeville.fr\/?p=4051"},"modified":"2020-11-02T21:53:56","modified_gmt":"2020-11-02T20:53:56","slug":"on-y-a-cru-on-a-tenu-on-la-vecu","status":"publish","type":"post","link":"http:\/\/aeroclub-abbeville.fr\/?p=4051","title":{"rendered":"On y a cru ! On a tenu ! On l\u2019a v\u00e9cu !"},"content":{"rendered":"\n<p>2 Novembre 2020<\/p>\n\n\n\n<p style=\"text-align:center\">Retour d\u2019exp\u00e9rience sur une belle aventure : la f\u00eate a\u00e9rienne des 90 ans de l\u2019a\u00e9roclub d\u2019Abbeville-Baie-de-Somme !<\/p>\n\n\n\n<div class=\"wp-block-image\"><figure class=\"aligncenter\"><img fetchpriority=\"high\" decoding=\"async\" width=\"1024\" height=\"683\" src=\"http:\/\/aeroclub-abbeville.fr\/wp-content\/uploads\/2020\/11\/8931DE6F-2313-4E1C-AC9D-D5DA143BE010-1024x683.jpeg\" alt=\"\" class=\"wp-image-4064\" srcset=\"http:\/\/aeroclub-abbeville.fr\/wp-content\/uploads\/2020\/11\/8931DE6F-2313-4E1C-AC9D-D5DA143BE010-1024x683.jpeg 1024w, http:\/\/aeroclub-abbeville.fr\/wp-content\/uploads\/2020\/11\/8931DE6F-2313-4E1C-AC9D-D5DA143BE010-480x320.jpeg 480w, http:\/\/aeroclub-abbeville.fr\/wp-content\/uploads\/2020\/11\/8931DE6F-2313-4E1C-AC9D-D5DA143BE010-768x512.jpeg 768w, http:\/\/aeroclub-abbeville.fr\/wp-content\/uploads\/2020\/11\/8931DE6F-2313-4E1C-AC9D-D5DA143BE010-624x416.jpeg 624w\" sizes=\"(max-width: 1024px) 100vw, 1024px\" \/><figcaption>Un avion de tourisme de type cessna \u00e0 travers le rotor du dauphin de la 35F. Dimanche 13 Septembre 2020<\/figcaption><\/figure><\/div>\n\n\n\n<p style=\"text-align:center\">Malgr\u00e9 quelques esprits chagrins qui pr\u00e9sageaient, bien trop t\u00f4t, d\u2019une chronique d\u2019un \u00e9chec annonc\u00e9, nous avons g\u00e9r\u00e9 la  f\u00eate a\u00e9rienne des 12 et 13 Septembre 2020 avec efficacit\u00e9, t\u00e9nacit\u00e9 et s\u00e9curit\u00e9 pour tous. <\/p>\n\n\n\n<p style=\"text-align:center\">Ce f\u00fbt 2 jours de Passion a\u00e9ronautique partag\u00e9e, avec tous nos invit\u00e9s, intervenants et Femmes Pilotes.<\/p>\n\n\n\n<ul class=\"wp-block-gallery aligncenter columns-3 is-cropped wp-block-gallery-1 is-layout-flex wp-block-gallery-is-layout-flex\"><li class=\"blocks-gallery-item\"><figure><img decoding=\"async\" width=\"1024\" height=\"768\" src=\"http:\/\/aeroclub-abbeville.fr\/wp-content\/uploads\/2020\/11\/3860B880-C083-4C56-AFA7-2C48392EB925-1024x768.jpeg\" alt=\"\" data-id=\"4095\" data-link=\"http:\/\/aeroclub-abbeville.fr\/?attachment_id=4095\" class=\"wp-image-4095\" srcset=\"http:\/\/aeroclub-abbeville.fr\/wp-content\/uploads\/2020\/11\/3860B880-C083-4C56-AFA7-2C48392EB925-1024x768.jpeg 1024w, http:\/\/aeroclub-abbeville.fr\/wp-content\/uploads\/2020\/11\/3860B880-C083-4C56-AFA7-2C48392EB925-480x360.jpeg 480w, http:\/\/aeroclub-abbeville.fr\/wp-content\/uploads\/2020\/11\/3860B880-C083-4C56-AFA7-2C48392EB925-768x576.jpeg 768w, http:\/\/aeroclub-abbeville.fr\/wp-content\/uploads\/2020\/11\/3860B880-C083-4C56-AFA7-2C48392EB925-624x468.jpeg 624w, http:\/\/aeroclub-abbeville.fr\/wp-content\/uploads\/2020\/11\/3860B880-C083-4C56-AFA7-2C48392EB925.jpeg 1560w\" sizes=\"(max-width: 1024px) 100vw, 1024px\" \/><\/figure><\/li><li class=\"blocks-gallery-item\"><figure><img decoding=\"async\" width=\"1024\" height=\"682\" src=\"http:\/\/aeroclub-abbeville.fr\/wp-content\/uploads\/2020\/11\/CB480C97-C4F7-4C1B-B8CE-36B2C9CAE0EF-1024x682.jpeg\" alt=\"\" data-id=\"4096\" data-link=\"http:\/\/aeroclub-abbeville.fr\/?attachment_id=4096\" class=\"wp-image-4096\" srcset=\"http:\/\/aeroclub-abbeville.fr\/wp-content\/uploads\/2020\/11\/CB480C97-C4F7-4C1B-B8CE-36B2C9CAE0EF-1024x682.jpeg 1024w, http:\/\/aeroclub-abbeville.fr\/wp-content\/uploads\/2020\/11\/CB480C97-C4F7-4C1B-B8CE-36B2C9CAE0EF-480x319.jpeg 480w, http:\/\/aeroclub-abbeville.fr\/wp-content\/uploads\/2020\/11\/CB480C97-C4F7-4C1B-B8CE-36B2C9CAE0EF-768x511.jpeg 768w, http:\/\/aeroclub-abbeville.fr\/wp-content\/uploads\/2020\/11\/CB480C97-C4F7-4C1B-B8CE-36B2C9CAE0EF-624x415.jpeg 624w, http:\/\/aeroclub-abbeville.fr\/wp-content\/uploads\/2020\/11\/CB480C97-C4F7-4C1B-B8CE-36B2C9CAE0EF.jpeg 2048w\" sizes=\"(max-width: 1024px) 100vw, 1024px\" \/><\/figure><\/li><li class=\"blocks-gallery-item\"><figure><img loading=\"lazy\" decoding=\"async\" width=\"1024\" height=\"683\" src=\"http:\/\/aeroclub-abbeville.fr\/wp-content\/uploads\/2020\/11\/D574BE0D-E14F-4EB2-A7A8-46296CB927F6-1024x683.jpeg\" alt=\"\" data-id=\"4097\" data-link=\"http:\/\/aeroclub-abbeville.fr\/?attachment_id=4097\" class=\"wp-image-4097\" srcset=\"http:\/\/aeroclub-abbeville.fr\/wp-content\/uploads\/2020\/11\/D574BE0D-E14F-4EB2-A7A8-46296CB927F6-1024x683.jpeg 1024w, http:\/\/aeroclub-abbeville.fr\/wp-content\/uploads\/2020\/11\/D574BE0D-E14F-4EB2-A7A8-46296CB927F6-480x320.jpeg 480w, http:\/\/aeroclub-abbeville.fr\/wp-content\/uploads\/2020\/11\/D574BE0D-E14F-4EB2-A7A8-46296CB927F6-768x512.jpeg 768w, http:\/\/aeroclub-abbeville.fr\/wp-content\/uploads\/2020\/11\/D574BE0D-E14F-4EB2-A7A8-46296CB927F6-624x416.jpeg 624w, http:\/\/aeroclub-abbeville.fr\/wp-content\/uploads\/2020\/11\/D574BE0D-E14F-4EB2-A7A8-46296CB927F6.jpeg 1728w\" sizes=\"(max-width: 1024px) 100vw, 1024px\" \/><\/figure><\/li><li class=\"blocks-gallery-item\"><figure><img loading=\"lazy\" decoding=\"async\" width=\"1024\" height=\"768\" src=\"http:\/\/aeroclub-abbeville.fr\/wp-content\/uploads\/2020\/11\/A074AFBC-10E2-4CA5-A53A-695DB506E9A5-1024x768.jpeg\" alt=\"\" data-id=\"4098\" data-link=\"http:\/\/aeroclub-abbeville.fr\/?attachment_id=4098\" class=\"wp-image-4098\" srcset=\"http:\/\/aeroclub-abbeville.fr\/wp-content\/uploads\/2020\/11\/A074AFBC-10E2-4CA5-A53A-695DB506E9A5-1024x768.jpeg 1024w, http:\/\/aeroclub-abbeville.fr\/wp-content\/uploads\/2020\/11\/A074AFBC-10E2-4CA5-A53A-695DB506E9A5-480x360.jpeg 480w, http:\/\/aeroclub-abbeville.fr\/wp-content\/uploads\/2020\/11\/A074AFBC-10E2-4CA5-A53A-695DB506E9A5-768x576.jpeg 768w, http:\/\/aeroclub-abbeville.fr\/wp-content\/uploads\/2020\/11\/A074AFBC-10E2-4CA5-A53A-695DB506E9A5-624x468.jpeg 624w, http:\/\/aeroclub-abbeville.fr\/wp-content\/uploads\/2020\/11\/A074AFBC-10E2-4CA5-A53A-695DB506E9A5.jpeg 1600w\" sizes=\"(max-width: 1024px) 100vw, 1024px\" \/><\/figure><\/li><li class=\"blocks-gallery-item\"><figure><img loading=\"lazy\" decoding=\"async\" width=\"576\" height=\"1024\" src=\"http:\/\/aeroclub-abbeville.fr\/wp-content\/uploads\/2020\/11\/E558FFF8-62C7-4297-97C8-E3171072A357-576x1024.jpeg\" alt=\"\" data-id=\"4099\" data-link=\"http:\/\/aeroclub-abbeville.fr\/?attachment_id=4099\" class=\"wp-image-4099\" srcset=\"http:\/\/aeroclub-abbeville.fr\/wp-content\/uploads\/2020\/11\/E558FFF8-62C7-4297-97C8-E3171072A357-576x1024.jpeg 576w, http:\/\/aeroclub-abbeville.fr\/wp-content\/uploads\/2020\/11\/E558FFF8-62C7-4297-97C8-E3171072A357-270x480.jpeg 270w, http:\/\/aeroclub-abbeville.fr\/wp-content\/uploads\/2020\/11\/E558FFF8-62C7-4297-97C8-E3171072A357-768x1365.jpeg 768w, http:\/\/aeroclub-abbeville.fr\/wp-content\/uploads\/2020\/11\/E558FFF8-62C7-4297-97C8-E3171072A357-624x1109.jpeg 624w, http:\/\/aeroclub-abbeville.fr\/wp-content\/uploads\/2020\/11\/E558FFF8-62C7-4297-97C8-E3171072A357.jpeg 871w\" sizes=\"(max-width: 576px) 100vw, 576px\" \/><\/figure><\/li><\/ul>\n\n\n\n<div class=\"wp-block-image\"><figure class=\"aligncenter\"><img decoding=\"async\" src=\"http:\/\/aeroclub-abbeville.fr\/wp-content\/uploads\/2020\/11\/D872B3D2-32C5-4843-9431-9ECBC96F690C.jpeg\" alt=\"\" class=\"wp-image-4108\"\/><figcaption>Les Femmes Pilotes d\u2019Abbeville !<\/figcaption><\/figure><\/div>\n\n\n\n<p style=\"text-align:center\">C\u2019est avec un calendrier serr\u00e9, riche en invit\u00e9s, tri\u00e9s sur le volet, que nous avons enthousiasm\u00e9 les adh\u00e9rent(e)s venus de toutes contr\u00e9es pour nous assurer de leur amiti\u00e9 !<\/p>\n\n\n\n<p style=\"text-align:center\">D\u00e8s le vendredi soir, les avions des premiers passionn\u00e9s ont fait leur arriv\u00e9e ! <\/p>\n\n\n\n<div class=\"wp-block-image\"><figure class=\"aligncenter\"><img loading=\"lazy\" decoding=\"async\" width=\"1024\" height=\"768\" src=\"http:\/\/aeroclub-abbeville.fr\/wp-content\/uploads\/2020\/11\/0E1BF0FF-4CEF-4665-8A45-CED7D2C69524-1024x768.png\" alt=\"\" class=\"wp-image-4055\" srcset=\"http:\/\/aeroclub-abbeville.fr\/wp-content\/uploads\/2020\/11\/0E1BF0FF-4CEF-4665-8A45-CED7D2C69524-1024x768.png 1024w, http:\/\/aeroclub-abbeville.fr\/wp-content\/uploads\/2020\/11\/0E1BF0FF-4CEF-4665-8A45-CED7D2C69524-480x360.png 480w, http:\/\/aeroclub-abbeville.fr\/wp-content\/uploads\/2020\/11\/0E1BF0FF-4CEF-4665-8A45-CED7D2C69524-768x576.png 768w, http:\/\/aeroclub-abbeville.fr\/wp-content\/uploads\/2020\/11\/0E1BF0FF-4CEF-4665-8A45-CED7D2C69524-624x468.png 624w, http:\/\/aeroclub-abbeville.fr\/wp-content\/uploads\/2020\/11\/0E1BF0FF-4CEF-4665-8A45-CED7D2C69524.png 2048w\" sizes=\"(max-width: 1024px) 100vw, 1024px\" \/><figcaption>Place aux avions \u00ab&nbsp;Vintage&nbsp;\u00bb de l\u2019Association \u00ab&nbsp;Renaissance du Caudron Simoun&nbsp;\u00bb !<\/figcaption><\/figure><\/div>\n\n\n\n<p style=\"text-align:center\">Une premi\u00e8re soir\u00e9e de l\u2019amiti\u00e9, ap\u00e9ro et moules-frites de William d\u00e9clenche les festivit\u00e9s !<\/p>\n\n\n\n<ul class=\"wp-block-gallery aligncenter columns-2 is-cropped wp-block-gallery-2 is-layout-flex wp-block-gallery-is-layout-flex\"><li class=\"blocks-gallery-item\"><figure><img loading=\"lazy\" decoding=\"async\" width=\"1024\" height=\"683\" src=\"http:\/\/aeroclub-abbeville.fr\/wp-content\/uploads\/2020\/11\/06EA9AD0-670A-4943-BF4A-3876EB15AF14-1024x683.jpeg\" alt=\"\" data-id=\"4061\" data-link=\"http:\/\/aeroclub-abbeville.fr\/?attachment_id=4061\" class=\"wp-image-4061\" srcset=\"http:\/\/aeroclub-abbeville.fr\/wp-content\/uploads\/2020\/11\/06EA9AD0-670A-4943-BF4A-3876EB15AF14-1024x683.jpeg 1024w, http:\/\/aeroclub-abbeville.fr\/wp-content\/uploads\/2020\/11\/06EA9AD0-670A-4943-BF4A-3876EB15AF14-480x320.jpeg 480w, http:\/\/aeroclub-abbeville.fr\/wp-content\/uploads\/2020\/11\/06EA9AD0-670A-4943-BF4A-3876EB15AF14-768x512.jpeg 768w, http:\/\/aeroclub-abbeville.fr\/wp-content\/uploads\/2020\/11\/06EA9AD0-670A-4943-BF4A-3876EB15AF14-624x416.jpeg 624w, http:\/\/aeroclub-abbeville.fr\/wp-content\/uploads\/2020\/11\/06EA9AD0-670A-4943-BF4A-3876EB15AF14.jpeg 1728w\" sizes=\"(max-width: 1024px) 100vw, 1024px\" \/><\/figure><\/li><li class=\"blocks-gallery-item\"><figure><img loading=\"lazy\" decoding=\"async\" width=\"1024\" height=\"683\" src=\"http:\/\/aeroclub-abbeville.fr\/wp-content\/uploads\/2020\/11\/595B573B-A5A3-491F-A93A-F407102FB145-1024x683.jpeg\" alt=\"\" data-id=\"4062\" data-link=\"http:\/\/aeroclub-abbeville.fr\/?attachment_id=4062\" class=\"wp-image-4062\" srcset=\"http:\/\/aeroclub-abbeville.fr\/wp-content\/uploads\/2020\/11\/595B573B-A5A3-491F-A93A-F407102FB145-1024x683.jpeg 1024w, http:\/\/aeroclub-abbeville.fr\/wp-content\/uploads\/2020\/11\/595B573B-A5A3-491F-A93A-F407102FB145-480x320.jpeg 480w, http:\/\/aeroclub-abbeville.fr\/wp-content\/uploads\/2020\/11\/595B573B-A5A3-491F-A93A-F407102FB145-768x512.jpeg 768w, http:\/\/aeroclub-abbeville.fr\/wp-content\/uploads\/2020\/11\/595B573B-A5A3-491F-A93A-F407102FB145-624x416.jpeg 624w, http:\/\/aeroclub-abbeville.fr\/wp-content\/uploads\/2020\/11\/595B573B-A5A3-491F-A93A-F407102FB145.jpeg 1728w\" sizes=\"(max-width: 1024px) 100vw, 1024px\" \/><\/figure><\/li><\/ul>\n\n\n\n<p style=\"text-align:center\">D\u00e8s le samedi matin, expositions, conf\u00e9rences historiques et films sur les \u00ab&nbsp;Femmes Pilotes&nbsp;\u00bb et l\u2019a\u00e9ronautique en Picardie se succ\u00e8dent jusqu\u2019\u00e0 la nuit tomb\u00e9e ! La Marine Nationale, l\u2019Arm\u00e9e de l\u2019Air nous accompagnent dans cette promotion des Carri\u00e8res !<\/p>\n\n\n\n<ul class=\"wp-block-gallery aligncenter columns-3 is-cropped wp-block-gallery-3 is-layout-flex wp-block-gallery-is-layout-flex\"><li class=\"blocks-gallery-item\"><figure><img loading=\"lazy\" decoding=\"async\" width=\"480\" height=\"590\" src=\"http:\/\/aeroclub-abbeville.fr\/wp-content\/uploads\/2020\/11\/00DFE086-3654-4455-B436-A81227B02AC2.jpeg\" alt=\"\" data-id=\"4072\" data-link=\"http:\/\/aeroclub-abbeville.fr\/?attachment_id=4072\" class=\"wp-image-4072\" srcset=\"http:\/\/aeroclub-abbeville.fr\/wp-content\/uploads\/2020\/11\/00DFE086-3654-4455-B436-A81227B02AC2.jpeg 480w, http:\/\/aeroclub-abbeville.fr\/wp-content\/uploads\/2020\/11\/00DFE086-3654-4455-B436-A81227B02AC2-391x480.jpeg 391w\" sizes=\"(max-width: 480px) 100vw, 480px\" \/><\/figure><\/li><li class=\"blocks-gallery-item\"><figure><img loading=\"lazy\" decoding=\"async\" width=\"1024\" height=\"683\" src=\"http:\/\/aeroclub-abbeville.fr\/wp-content\/uploads\/2020\/11\/F7D3A729-886B-43F7-AE0F-19870AB51616-1024x683.jpeg\" alt=\"\" data-id=\"4073\" data-link=\"http:\/\/aeroclub-abbeville.fr\/?attachment_id=4073\" class=\"wp-image-4073\" srcset=\"http:\/\/aeroclub-abbeville.fr\/wp-content\/uploads\/2020\/11\/F7D3A729-886B-43F7-AE0F-19870AB51616-1024x683.jpeg 1024w, http:\/\/aeroclub-abbeville.fr\/wp-content\/uploads\/2020\/11\/F7D3A729-886B-43F7-AE0F-19870AB51616-480x320.jpeg 480w, http:\/\/aeroclub-abbeville.fr\/wp-content\/uploads\/2020\/11\/F7D3A729-886B-43F7-AE0F-19870AB51616-768x512.jpeg 768w, http:\/\/aeroclub-abbeville.fr\/wp-content\/uploads\/2020\/11\/F7D3A729-886B-43F7-AE0F-19870AB51616-624x416.jpeg 624w, http:\/\/aeroclub-abbeville.fr\/wp-content\/uploads\/2020\/11\/F7D3A729-886B-43F7-AE0F-19870AB51616.jpeg 1728w\" sizes=\"(max-width: 1024px) 100vw, 1024px\" \/><\/figure><\/li><li class=\"blocks-gallery-item\"><figure><img loading=\"lazy\" decoding=\"async\" width=\"1024\" height=\"768\" src=\"http:\/\/aeroclub-abbeville.fr\/wp-content\/uploads\/2020\/11\/52A57D2F-875D-4A3D-A4F9-04223D90328B-1024x768.jpeg\" alt=\"\" data-id=\"4074\" data-link=\"http:\/\/aeroclub-abbeville.fr\/?attachment_id=4074\" class=\"wp-image-4074\" srcset=\"http:\/\/aeroclub-abbeville.fr\/wp-content\/uploads\/2020\/11\/52A57D2F-875D-4A3D-A4F9-04223D90328B-1024x768.jpeg 1024w, http:\/\/aeroclub-abbeville.fr\/wp-content\/uploads\/2020\/11\/52A57D2F-875D-4A3D-A4F9-04223D90328B-480x360.jpeg 480w, http:\/\/aeroclub-abbeville.fr\/wp-content\/uploads\/2020\/11\/52A57D2F-875D-4A3D-A4F9-04223D90328B-768x576.jpeg 768w, http:\/\/aeroclub-abbeville.fr\/wp-content\/uploads\/2020\/11\/52A57D2F-875D-4A3D-A4F9-04223D90328B-624x468.jpeg 624w, http:\/\/aeroclub-abbeville.fr\/wp-content\/uploads\/2020\/11\/52A57D2F-875D-4A3D-A4F9-04223D90328B.jpeg 1944w\" sizes=\"(max-width: 1024px) 100vw, 1024px\" \/><\/figure><\/li><li class=\"blocks-gallery-item\"><figure><img loading=\"lazy\" decoding=\"async\" width=\"1024\" height=\"768\" src=\"http:\/\/aeroclub-abbeville.fr\/wp-content\/uploads\/2020\/11\/2FF63903-ADB8-4189-95CF-934B63D25073-1024x768.jpeg\" alt=\"\" data-id=\"4075\" data-link=\"http:\/\/aeroclub-abbeville.fr\/?attachment_id=4075\" class=\"wp-image-4075\" srcset=\"http:\/\/aeroclub-abbeville.fr\/wp-content\/uploads\/2020\/11\/2FF63903-ADB8-4189-95CF-934B63D25073-1024x768.jpeg 1024w, http:\/\/aeroclub-abbeville.fr\/wp-content\/uploads\/2020\/11\/2FF63903-ADB8-4189-95CF-934B63D25073-480x360.jpeg 480w, http:\/\/aeroclub-abbeville.fr\/wp-content\/uploads\/2020\/11\/2FF63903-ADB8-4189-95CF-934B63D25073-768x576.jpeg 768w, http:\/\/aeroclub-abbeville.fr\/wp-content\/uploads\/2020\/11\/2FF63903-ADB8-4189-95CF-934B63D25073-624x468.jpeg 624w, http:\/\/aeroclub-abbeville.fr\/wp-content\/uploads\/2020\/11\/2FF63903-ADB8-4189-95CF-934B63D25073.jpeg 1944w\" sizes=\"(max-width: 1024px) 100vw, 1024px\" \/><\/figure><\/li><li class=\"blocks-gallery-item\"><figure><img loading=\"lazy\" decoding=\"async\" width=\"960\" height=\"720\" src=\"http:\/\/aeroclub-abbeville.fr\/wp-content\/uploads\/2020\/11\/80D9CB09-955B-499E-8F2C-EB16E427F618.jpeg\" alt=\"\" data-id=\"4076\" data-link=\"http:\/\/aeroclub-abbeville.fr\/?attachment_id=4076\" class=\"wp-image-4076\" srcset=\"http:\/\/aeroclub-abbeville.fr\/wp-content\/uploads\/2020\/11\/80D9CB09-955B-499E-8F2C-EB16E427F618.jpeg 960w, http:\/\/aeroclub-abbeville.fr\/wp-content\/uploads\/2020\/11\/80D9CB09-955B-499E-8F2C-EB16E427F618-480x360.jpeg 480w, http:\/\/aeroclub-abbeville.fr\/wp-content\/uploads\/2020\/11\/80D9CB09-955B-499E-8F2C-EB16E427F618-768x576.jpeg 768w, http:\/\/aeroclub-abbeville.fr\/wp-content\/uploads\/2020\/11\/80D9CB09-955B-499E-8F2C-EB16E427F618-624x468.jpeg 624w\" sizes=\"(max-width: 960px) 100vw, 960px\" \/><\/figure><\/li><\/ul>\n\n\n\n<ul class=\"wp-block-gallery aligncenter columns-2 is-cropped wp-block-gallery-4 is-layout-flex wp-block-gallery-is-layout-flex\"><li class=\"blocks-gallery-item\"><figure><img loading=\"lazy\" decoding=\"async\" width=\"1024\" height=\"768\" src=\"http:\/\/aeroclub-abbeville.fr\/wp-content\/uploads\/2020\/11\/CBC51581-E6BC-4F39-AE4F-8A415D05ACC4-1024x768.jpeg\" alt=\"\" data-id=\"4110\" class=\"wp-image-4110\" srcset=\"http:\/\/aeroclub-abbeville.fr\/wp-content\/uploads\/2020\/11\/CBC51581-E6BC-4F39-AE4F-8A415D05ACC4-1024x768.jpeg 1024w, http:\/\/aeroclub-abbeville.fr\/wp-content\/uploads\/2020\/11\/CBC51581-E6BC-4F39-AE4F-8A415D05ACC4-480x360.jpeg 480w, http:\/\/aeroclub-abbeville.fr\/wp-content\/uploads\/2020\/11\/CBC51581-E6BC-4F39-AE4F-8A415D05ACC4-768x576.jpeg 768w, http:\/\/aeroclub-abbeville.fr\/wp-content\/uploads\/2020\/11\/CBC51581-E6BC-4F39-AE4F-8A415D05ACC4-624x468.jpeg 624w, http:\/\/aeroclub-abbeville.fr\/wp-content\/uploads\/2020\/11\/CBC51581-E6BC-4F39-AE4F-8A415D05ACC4.jpeg 1560w\" sizes=\"(max-width: 1024px) 100vw, 1024px\" \/><\/figure><\/li><li class=\"blocks-gallery-item\"><figure><img loading=\"lazy\" decoding=\"async\" width=\"1024\" height=\"768\" src=\"http:\/\/aeroclub-abbeville.fr\/wp-content\/uploads\/2020\/11\/64676640-3ABA-41B1-9ACE-B1A77D0C072F-1024x768.jpeg\" alt=\"\" data-id=\"4111\" data-link=\"http:\/\/aeroclub-abbeville.fr\/?attachment_id=4111\" class=\"wp-image-4111\" srcset=\"http:\/\/aeroclub-abbeville.fr\/wp-content\/uploads\/2020\/11\/64676640-3ABA-41B1-9ACE-B1A77D0C072F-1024x768.jpeg 1024w, http:\/\/aeroclub-abbeville.fr\/wp-content\/uploads\/2020\/11\/64676640-3ABA-41B1-9ACE-B1A77D0C072F-480x360.jpeg 480w, http:\/\/aeroclub-abbeville.fr\/wp-content\/uploads\/2020\/11\/64676640-3ABA-41B1-9ACE-B1A77D0C072F-768x576.jpeg 768w, http:\/\/aeroclub-abbeville.fr\/wp-content\/uploads\/2020\/11\/64676640-3ABA-41B1-9ACE-B1A77D0C072F-624x468.jpeg 624w, http:\/\/aeroclub-abbeville.fr\/wp-content\/uploads\/2020\/11\/64676640-3ABA-41B1-9ACE-B1A77D0C072F.jpeg 1560w\" sizes=\"(max-width: 1024px) 100vw, 1024px\" \/><\/figure><\/li><\/ul>\n\n\n\n<p style=\"text-align:center\">Puis vers 19h \u00ab&nbsp;Soir\u00e9e de Gala!&nbsp;\u00bb<\/p>\n\n\n\n<ul class=\"wp-block-gallery aligncenter columns-3 is-cropped wp-block-gallery-5 is-layout-flex wp-block-gallery-is-layout-flex\"><li class=\"blocks-gallery-item\"><figure><img loading=\"lazy\" decoding=\"async\" width=\"1024\" height=\"768\" src=\"http:\/\/aeroclub-abbeville.fr\/wp-content\/uploads\/2020\/11\/D67F0525-DAB7-43BD-BD0C-2F32AC25BA40-1024x768.jpeg\" alt=\"\" data-id=\"4078\" data-link=\"http:\/\/aeroclub-abbeville.fr\/?attachment_id=4078\" class=\"wp-image-4078\" srcset=\"http:\/\/aeroclub-abbeville.fr\/wp-content\/uploads\/2020\/11\/D67F0525-DAB7-43BD-BD0C-2F32AC25BA40-1024x768.jpeg 1024w, http:\/\/aeroclub-abbeville.fr\/wp-content\/uploads\/2020\/11\/D67F0525-DAB7-43BD-BD0C-2F32AC25BA40-480x360.jpeg 480w, http:\/\/aeroclub-abbeville.fr\/wp-content\/uploads\/2020\/11\/D67F0525-DAB7-43BD-BD0C-2F32AC25BA40-768x576.jpeg 768w, http:\/\/aeroclub-abbeville.fr\/wp-content\/uploads\/2020\/11\/D67F0525-DAB7-43BD-BD0C-2F32AC25BA40-624x468.jpeg 624w, http:\/\/aeroclub-abbeville.fr\/wp-content\/uploads\/2020\/11\/D67F0525-DAB7-43BD-BD0C-2F32AC25BA40.jpeg 1600w\" sizes=\"(max-width: 1024px) 100vw, 1024px\" \/><\/figure><\/li><li class=\"blocks-gallery-item\"><figure><img loading=\"lazy\" decoding=\"async\" width=\"1024\" height=\"685\" src=\"http:\/\/aeroclub-abbeville.fr\/wp-content\/uploads\/2020\/11\/8CE03A41-977F-4941-9448-BF7FE10DB685-1024x685.jpeg\" alt=\"\" data-id=\"4079\" data-link=\"http:\/\/aeroclub-abbeville.fr\/?attachment_id=4079\" class=\"wp-image-4079\" srcset=\"http:\/\/aeroclub-abbeville.fr\/wp-content\/uploads\/2020\/11\/8CE03A41-977F-4941-9448-BF7FE10DB685-1024x685.jpeg 1024w, http:\/\/aeroclub-abbeville.fr\/wp-content\/uploads\/2020\/11\/8CE03A41-977F-4941-9448-BF7FE10DB685-480x321.jpeg 480w, http:\/\/aeroclub-abbeville.fr\/wp-content\/uploads\/2020\/11\/8CE03A41-977F-4941-9448-BF7FE10DB685-768x514.jpeg 768w, http:\/\/aeroclub-abbeville.fr\/wp-content\/uploads\/2020\/11\/8CE03A41-977F-4941-9448-BF7FE10DB685-624x417.jpeg 624w, http:\/\/aeroclub-abbeville.fr\/wp-content\/uploads\/2020\/11\/8CE03A41-977F-4941-9448-BF7FE10DB685.jpeg 2048w\" sizes=\"(max-width: 1024px) 100vw, 1024px\" \/><\/figure><\/li><li class=\"blocks-gallery-item\"><figure><img loading=\"lazy\" decoding=\"async\" width=\"576\" height=\"1024\" src=\"http:\/\/aeroclub-abbeville.fr\/wp-content\/uploads\/2020\/11\/AE28761E-2033-4494-838E-0D96B0B58F3A-576x1024.jpeg\" alt=\"\" data-id=\"4080\" data-link=\"http:\/\/aeroclub-abbeville.fr\/?attachment_id=4080\" class=\"wp-image-4080\" srcset=\"http:\/\/aeroclub-abbeville.fr\/wp-content\/uploads\/2020\/11\/AE28761E-2033-4494-838E-0D96B0B58F3A-576x1024.jpeg 576w, http:\/\/aeroclub-abbeville.fr\/wp-content\/uploads\/2020\/11\/AE28761E-2033-4494-838E-0D96B0B58F3A-270x480.jpeg 270w, http:\/\/aeroclub-abbeville.fr\/wp-content\/uploads\/2020\/11\/AE28761E-2033-4494-838E-0D96B0B58F3A-768x1365.jpeg 768w, http:\/\/aeroclub-abbeville.fr\/wp-content\/uploads\/2020\/11\/AE28761E-2033-4494-838E-0D96B0B58F3A-624x1109.jpeg 624w, http:\/\/aeroclub-abbeville.fr\/wp-content\/uploads\/2020\/11\/AE28761E-2033-4494-838E-0D96B0B58F3A.jpeg 871w\" sizes=\"(max-width: 576px) 100vw, 576px\" \/><\/figure><\/li><li class=\"blocks-gallery-item\"><figure><img loading=\"lazy\" decoding=\"async\" width=\"792\" height=\"1024\" src=\"http:\/\/aeroclub-abbeville.fr\/wp-content\/uploads\/2020\/11\/8199C0C0-225C-4BDF-942E-C4EE1AEB0BDD-792x1024.jpeg\" alt=\"\" data-id=\"4081\" data-link=\"http:\/\/aeroclub-abbeville.fr\/?attachment_id=4081\" class=\"wp-image-4081\" srcset=\"http:\/\/aeroclub-abbeville.fr\/wp-content\/uploads\/2020\/11\/8199C0C0-225C-4BDF-942E-C4EE1AEB0BDD-792x1024.jpeg 792w, http:\/\/aeroclub-abbeville.fr\/wp-content\/uploads\/2020\/11\/8199C0C0-225C-4BDF-942E-C4EE1AEB0BDD-371x480.jpeg 371w, http:\/\/aeroclub-abbeville.fr\/wp-content\/uploads\/2020\/11\/8199C0C0-225C-4BDF-942E-C4EE1AEB0BDD-768x993.jpeg 768w, http:\/\/aeroclub-abbeville.fr\/wp-content\/uploads\/2020\/11\/8199C0C0-225C-4BDF-942E-C4EE1AEB0BDD-624x807.jpeg 624w, http:\/\/aeroclub-abbeville.fr\/wp-content\/uploads\/2020\/11\/8199C0C0-225C-4BDF-942E-C4EE1AEB0BDD.jpeg 954w\" sizes=\"(max-width: 792px) 100vw, 792px\" \/><\/figure><\/li><li class=\"blocks-gallery-item\"><figure><img loading=\"lazy\" decoding=\"async\" width=\"1024\" height=\"769\" src=\"http:\/\/aeroclub-abbeville.fr\/wp-content\/uploads\/2020\/11\/AD143A02-0B21-4E40-A957-E5565C23943E-1024x769.jpeg\" alt=\"\" data-id=\"4082\" data-link=\"http:\/\/aeroclub-abbeville.fr\/?attachment_id=4082\" class=\"wp-image-4082\" srcset=\"http:\/\/aeroclub-abbeville.fr\/wp-content\/uploads\/2020\/11\/AD143A02-0B21-4E40-A957-E5565C23943E-1024x769.jpeg 1024w, http:\/\/aeroclub-abbeville.fr\/wp-content\/uploads\/2020\/11\/AD143A02-0B21-4E40-A957-E5565C23943E-480x360.jpeg 480w, http:\/\/aeroclub-abbeville.fr\/wp-content\/uploads\/2020\/11\/AD143A02-0B21-4E40-A957-E5565C23943E-768x577.jpeg 768w, http:\/\/aeroclub-abbeville.fr\/wp-content\/uploads\/2020\/11\/AD143A02-0B21-4E40-A957-E5565C23943E-624x469.jpeg 624w, http:\/\/aeroclub-abbeville.fr\/wp-content\/uploads\/2020\/11\/AD143A02-0B21-4E40-A957-E5565C23943E.jpeg 1722w\" sizes=\"(max-width: 1024px) 100vw, 1024px\" \/><\/figure><\/li><\/ul>\n\n\n\n<p style=\"text-align:center\">En pr\u00e9sence d\u2019&nbsp; \u00ab&nbsp;\u00c9douard Brondel &nbsp;\u00bb arri\u00e8re-arri\u00e8re petit-fils de Gaston Caudron, cr\u00e9ateur-visionnaire avec son fr\u00e8re Gaston, des Avions Caudron \u00e0 Rue et de \u00ab&nbsp;Christine Debouzy&nbsp;\u00bb pr\u00e9sidente de l\u2019Association Fran\u00e7aise des Femmes Pilotes qui offre aux laur\u00e9ates de l\u2019ann\u00e9e la bourse a\u00e9ronautique ch\u00e8rement gagn\u00e9e !<\/p>\n\n\n\n<p style=\"text-align:center\">Demain est un autre jour !<\/p>\n\n\n\n<div class=\"wp-block-image\"><figure class=\"aligncenter\"><img loading=\"lazy\" decoding=\"async\" width=\"960\" height=\"720\" src=\"http:\/\/aeroclub-abbeville.fr\/wp-content\/uploads\/2020\/11\/F756D3E7-5977-4128-865D-FD1700A4A2FC.jpeg\" alt=\"\" class=\"wp-image-4090\" srcset=\"http:\/\/aeroclub-abbeville.fr\/wp-content\/uploads\/2020\/11\/F756D3E7-5977-4128-865D-FD1700A4A2FC.jpeg 960w, http:\/\/aeroclub-abbeville.fr\/wp-content\/uploads\/2020\/11\/F756D3E7-5977-4128-865D-FD1700A4A2FC-480x360.jpeg 480w, http:\/\/aeroclub-abbeville.fr\/wp-content\/uploads\/2020\/11\/F756D3E7-5977-4128-865D-FD1700A4A2FC-768x576.jpeg 768w, http:\/\/aeroclub-abbeville.fr\/wp-content\/uploads\/2020\/11\/F756D3E7-5977-4128-865D-FD1700A4A2FC-624x468.jpeg 624w\" sizes=\"(max-width: 960px) 100vw, 960px\" \/><\/figure><\/div>\n\n\n\n<p style=\"text-align:center\">Nous le verrons bient\u00f4t !<\/p>\n\n\n\n<p style=\"text-align:left\">Francoise Sockeel<\/p>\n\n\n\n<p>Cr\u00e9dits photos : Vincent D\u00e9taille, Romuald Le Henaff ( Marine Nationale) <\/p>\n\n\n\n<p><\/p>\n","protected":false},"excerpt":{"rendered":"<p>2 Novembre 2020 Retour d\u2019exp\u00e9rience sur une belle aventure : la f\u00eate a\u00e9rienne des 90 ans de l\u2019a\u00e9roclub d\u2019Abbeville-Baie-de-Somme ! Malgr\u00e9 quelques esprits chagrins qui pr\u00e9sageaient, bien trop t\u00f4t, d\u2019une chronique d\u2019un \u00e9chec annonc\u00e9, nous avons g\u00e9r\u00e9 la f\u00eate a\u00e9rienne des 12 et 13 Septembre 2020 avec efficacit\u00e9, t\u00e9nacit\u00e9 et s\u00e9curit\u00e9 pour tous. Ce f\u00fbt [&hellip;]<\/p>\n","protected":false},"author":211,"featured_media":0,"comment_status":"open","ping_status":"closed","sticky":false,"template":"","format":"standard","meta":{"inline_featured_image":false,"footnotes":""},"categories":[20,21,2,22,3,6,7,8,26,11,13,14,17,18,19],"tags":[],"class_list":["post-4051","post","type-post","status-publish","format-standard","hentry","category-actualites","category-arrosages-fetes","category-avion","category-bia","category-club","category-formation","category-formation_avion","category-formation_planeur","category-histoire","category-manifestations","category-planeur","category-presse","category-ulm","category-vie-du-club","category-vol-a-voile"],"_links":{"self":[{"href":"http:\/\/aeroclub-abbeville.fr\/index.php?rest_route=\/wp\/v2\/posts\/4051","targetHints":{"allow":["GET"]}}],"collection":[{"href":"http:\/\/aeroclub-abbeville.fr\/index.php?rest_route=\/wp\/v2\/posts"}],"about":[{"href":"http:\/\/aeroclub-abbeville.fr\/index.php?rest_route=\/wp\/v2\/types\/post"}],"author":[{"embeddable":true,"href":"http:\/\/aeroclub-abbeville.fr\/index.php?rest_route=\/wp\/v2\/users\/211"}],"replies":[{"embeddable":true,"href":"http:\/\/aeroclub-abbeville.fr\/index.php?rest_route=%2Fwp%2Fv2%2Fcomments&post=4051"}],"version-history":[{"count":28,"href":"http:\/\/aeroclub-abbeville.fr\/index.php?rest_route=\/wp\/v2\/posts\/4051\/revisions"}],"predecessor-version":[{"id":4114,"href":"http:\/\/aeroclub-abbeville.fr\/index.php?rest_route=\/wp\/v2\/posts\/4051\/revisions\/4114"}],"wp:attachment":[{"href":"http:\/\/aeroclub-abbeville.fr\/index.php?rest_route=%2Fwp%2Fv2%2Fmedia&parent=4051"}],"wp:term":[{"taxonomy":"category","embeddable":true,"href":"http:\/\/aeroclub-abbeville.fr\/index.php?rest_route=%2Fwp%2Fv2%2Fcategories&post=4051"},{"taxonomy":"post_tag","embeddable":true,"href":"http:\/\/aeroclub-abbeville.fr\/index.php?rest_route=%2Fwp%2Fv2%2Ftags&post=4051"}],"curies":[{"name":"wp","href":"https:\/\/api.w.org\/{rel}","templated":true}]}}