{"id":430,"date":"2014-02-06T08:06:54","date_gmt":"2014-02-06T07:06:54","guid":{"rendered":"http:\/\/aeroclub-abbeville.fr\/?p=430"},"modified":"2014-02-06T08:25:24","modified_gmt":"2014-02-06T07:25:24","slug":"attention-au-vent-de-travers","status":"publish","type":"post","link":"http:\/\/aeroclub-abbeville.fr\/?p=430","title":{"rendered":"Attention au vent de travers !"},"content":{"rendered":"<p>En ce d\u00e9but d&rsquo;ann\u00e9e particuli\u00e8rement agit\u00e9 il est bon de se rappeler les <strong>dangers li\u00e9s au vent de travers \u00e0 l&rsquo;atterrissage comme au d\u00e9collage.<\/strong> Les nouveaux b\u00e2timents en cours de construction \u00e0 proximit\u00e9 de la piste n&rsquo;y sont probablement pas \u00e9trangers.<\/p>\n<p><strong>Il vous est fortement recommand\u00e9,<\/strong> \u00e0 l&rsquo;approche des beaux jours, de vous rapprocher des instructeurs du club pour refaire quelques tours de piste avec vent de travers afin de repartir sereinement en vol et dans les meilleures conditions de s\u00e9curit\u00e9 possibles.<\/p>\n<p>Alain Franqueville<\/p>\n","protected":false},"excerpt":{"rendered":"<p>En ce d\u00e9but d&rsquo;ann\u00e9e particuli\u00e8rement agit\u00e9 il est bon de se rappeler les dangers li\u00e9s au vent de travers \u00e0 l&rsquo;atterrissage comme au d\u00e9collage. Les nouveaux b\u00e2timents en cours de construction \u00e0 proximit\u00e9 de la piste n&rsquo;y sont probablement pas \u00e9trangers. Il vous est fortement recommand\u00e9, \u00e0 l&rsquo;approche des beaux jours, de vous rapprocher des [&hellip;]<\/p>\n","protected":false},"author":2,"featured_media":0,"comment_status":"open","ping_status":"open","sticky":false,"template":"","format":"standard","meta":{"inline_featured_image":false,"footnotes":""},"categories":[2,3,6,12,16,17],"tags":[28,29,27],"class_list":["post-430","post","type-post","status-publish","format-standard","hentry","category-avion","category-club","category-formation","category-meteo","category-securite","category-ulm","tag-danger","tag-securite-2","tag-vent-de-travers"],"_links":{"self":[{"href":"http:\/\/aeroclub-abbeville.fr\/index.php?rest_route=\/wp\/v2\/posts\/430","targetHints":{"allow":["GET"]}}],"collection":[{"href":"http:\/\/aeroclub-abbeville.fr\/index.php?rest_route=\/wp\/v2\/posts"}],"about":[{"href":"http:\/\/aeroclub-abbeville.fr\/index.php?rest_route=\/wp\/v2\/types\/post"}],"author":[{"embeddable":true,"href":"http:\/\/aeroclub-abbeville.fr\/index.php?rest_route=\/wp\/v2\/users\/2"}],"replies":[{"embeddable":true,"href":"http:\/\/aeroclub-abbeville.fr\/index.php?rest_route=%2Fwp%2Fv2%2Fcomments&post=430"}],"version-history":[{"count":2,"href":"http:\/\/aeroclub-abbeville.fr\/index.php?rest_route=\/wp\/v2\/posts\/430\/revisions"}],"predecessor-version":[{"id":436,"href":"http:\/\/aeroclub-abbeville.fr\/index.php?rest_route=\/wp\/v2\/posts\/430\/revisions\/436"}],"wp:attachment":[{"href":"http:\/\/aeroclub-abbeville.fr\/index.php?rest_route=%2Fwp%2Fv2%2Fmedia&parent=430"}],"wp:term":[{"taxonomy":"category","embeddable":true,"href":"http:\/\/aeroclub-abbeville.fr\/index.php?rest_route=%2Fwp%2Fv2%2Fcategories&post=430"},{"taxonomy":"post_tag","embeddable":true,"href":"http:\/\/aeroclub-abbeville.fr\/index.php?rest_route=%2Fwp%2Fv2%2Ftags&post=430"}],"curies":[{"name":"wp","href":"https:\/\/api.w.org\/{rel}","templated":true}]}}