{"id":4424,"date":"2021-03-06T16:02:33","date_gmt":"2021-03-06T15:02:33","guid":{"rendered":"http:\/\/aeroclub-abbeville.fr\/?p=4424"},"modified":"2021-03-07T15:47:42","modified_gmt":"2021-03-07T14:47:42","slug":"ca-y-est-cest-bien-ca-la-vie-reprend-ses-droits-notre-nouvel-ulm-est-la","status":"publish","type":"post","link":"http:\/\/aeroclub-abbeville.fr\/?p=4424","title":{"rendered":"\u00c7a y est ! C&rsquo;est bien \u00e7a ! La vie reprend ses droits ! Notre nouvel ULM est l\u00e0 !"},"content":{"rendered":"\n<p>Samedi 6 Mars 2021<\/p>\n<p style=\"text-align: center;\">Depuis septembre dernier, c&rsquo;\u00e9tait un peu tristounet !<\/p>\n<p><img fetchpriority=\"high\" decoding=\"async\" class=\"alignnone size-full wp-image-4432\" src=\"http:\/\/aeroclub-abbeville.fr\/wp-content\/uploads\/2021\/03\/Screenshot_2021-03-06-9-Facebook8.png\" alt=\"\" width=\"1219\" height=\"1510\" srcset=\"http:\/\/aeroclub-abbeville.fr\/wp-content\/uploads\/2021\/03\/Screenshot_2021-03-06-9-Facebook8.png 1219w, http:\/\/aeroclub-abbeville.fr\/wp-content\/uploads\/2021\/03\/Screenshot_2021-03-06-9-Facebook8-387x480.png 387w, http:\/\/aeroclub-abbeville.fr\/wp-content\/uploads\/2021\/03\/Screenshot_2021-03-06-9-Facebook8-827x1024.png 827w, http:\/\/aeroclub-abbeville.fr\/wp-content\/uploads\/2021\/03\/Screenshot_2021-03-06-9-Facebook8-768x951.png 768w, http:\/\/aeroclub-abbeville.fr\/wp-content\/uploads\/2021\/03\/Screenshot_2021-03-06-9-Facebook8-624x773.png 624w\" sizes=\"(max-width: 1219px) 100vw, 1219px\" \/><\/p>\n<p style=\"text-align: center;\">Apr\u00e8s la \u00ab\u00a0F\u00eate A\u00e9rienne\u00a0\u00bb des 90 ans de notre association, qui avait termin\u00e9 notre ann\u00e9e a\u00e9ronautique en toute beaut\u00e9, nous attendions la suite des \u00e9v\u00e8nements !<\/p>\n<p style=\"text-align: center;\">\u00c0 quelle sauce l&rsquo;a\u00e9roclub allait il \u00eatre mang\u00e9 ? Nous esp\u00e9rions patiemment toutes les nouveaut\u00e9s, en attendant d&rsquo;\u00eatre \u00ab\u00a0lib\u00e9r\u00e9s\u00a0\u00bb par la DGAC et nos instances r\u00e9glementaires.<\/p>\n<p style=\"text-align: center;\">Pour l&rsquo;instant nous sommes toujours plus ou moins confin\u00e9s dans les ateliers et sans invit\u00e9s pour des promenades dans la baie, mais malgr\u00e9 les conditions de vols limit\u00e9es, voil\u00e0, le printemps est arriv\u00e9 et avec lui notre petit dernier !<\/p>\n\n\n\n<div class=\"wp-block-image\"><figure class=\"alignleft size-large\"><img decoding=\"async\" width=\"1024\" height=\"768\" src=\"http:\/\/aeroclub-abbeville.fr\/wp-content\/uploads\/2021\/03\/Screenshot_2021-03-06-9-Facebook1-1-1024x768.png\" alt=\"\" class=\"wp-image-4430\" srcset=\"http:\/\/aeroclub-abbeville.fr\/wp-content\/uploads\/2021\/03\/Screenshot_2021-03-06-9-Facebook1-1-1024x768.png 1024w, http:\/\/aeroclub-abbeville.fr\/wp-content\/uploads\/2021\/03\/Screenshot_2021-03-06-9-Facebook1-1-480x360.png 480w, http:\/\/aeroclub-abbeville.fr\/wp-content\/uploads\/2021\/03\/Screenshot_2021-03-06-9-Facebook1-1-768x576.png 768w, http:\/\/aeroclub-abbeville.fr\/wp-content\/uploads\/2021\/03\/Screenshot_2021-03-06-9-Facebook1-1-1536x1152.png 1536w, http:\/\/aeroclub-abbeville.fr\/wp-content\/uploads\/2021\/03\/Screenshot_2021-03-06-9-Facebook1-1-624x468.png 624w, http:\/\/aeroclub-abbeville.fr\/wp-content\/uploads\/2021\/03\/Screenshot_2021-03-06-9-Facebook1-1.png 1760w\" sizes=\"(max-width: 1024px) 100vw, 1024px\" \/><figcaption>L&rsquo;ULM CTLS Club 80CV<\/figcaption><\/figure><\/div>\n\n\n\n<p class=\"has-text-align-center\">Cet ULM Multi-axes moderne vient enrichir notre \u00ab\u00a0\u00e9curie\u00a0\u00bb ! Dot\u00e9 d&rsquo;une avionique \u00ab\u00a0Dynon\u00a0\u00bb dernier cri, il peut \u00eatre utilis\u00e9 pour les le\u00e7ons de pilotage, les voyages, la prise de photos de qualit\u00e9 avec son exceptionnelle visibilit\u00e9 et son confort optimal. <\/p>\n\n\n\n<figure class=\"wp-block-gallery columns-3 is-cropped wp-block-gallery-1 is-layout-flex wp-block-gallery-is-layout-flex\"><ul class=\"blocks-gallery-grid\"><li class=\"blocks-gallery-item\"><figure><img decoding=\"async\" width=\"1024\" height=\"768\" src=\"http:\/\/aeroclub-abbeville.fr\/wp-content\/uploads\/2021\/03\/Screenshot_2021-03-06-9-Facebook2-1024x768.png\" alt=\"\" data-id=\"4434\" class=\"wp-image-4434\" srcset=\"http:\/\/aeroclub-abbeville.fr\/wp-content\/uploads\/2021\/03\/Screenshot_2021-03-06-9-Facebook2-1024x768.png 1024w, http:\/\/aeroclub-abbeville.fr\/wp-content\/uploads\/2021\/03\/Screenshot_2021-03-06-9-Facebook2-480x360.png 480w, http:\/\/aeroclub-abbeville.fr\/wp-content\/uploads\/2021\/03\/Screenshot_2021-03-06-9-Facebook2-768x576.png 768w, http:\/\/aeroclub-abbeville.fr\/wp-content\/uploads\/2021\/03\/Screenshot_2021-03-06-9-Facebook2-1536x1152.png 1536w, http:\/\/aeroclub-abbeville.fr\/wp-content\/uploads\/2021\/03\/Screenshot_2021-03-06-9-Facebook2-624x468.png 624w, http:\/\/aeroclub-abbeville.fr\/wp-content\/uploads\/2021\/03\/Screenshot_2021-03-06-9-Facebook2.png 1760w\" sizes=\"(max-width: 1024px) 100vw, 1024px\" \/><\/figure><\/li><li class=\"blocks-gallery-item\"><figure><img loading=\"lazy\" decoding=\"async\" width=\"1024\" height=\"768\" src=\"http:\/\/aeroclub-abbeville.fr\/wp-content\/uploads\/2021\/03\/Screenshot_2021-03-06-9-Facebook-1024x768.png\" alt=\"\" data-id=\"4435\" data-link=\"http:\/\/aeroclub-abbeville.fr\/?attachment_id=4435\" class=\"wp-image-4435\" srcset=\"http:\/\/aeroclub-abbeville.fr\/wp-content\/uploads\/2021\/03\/Screenshot_2021-03-06-9-Facebook-1024x768.png 1024w, http:\/\/aeroclub-abbeville.fr\/wp-content\/uploads\/2021\/03\/Screenshot_2021-03-06-9-Facebook-480x360.png 480w, http:\/\/aeroclub-abbeville.fr\/wp-content\/uploads\/2021\/03\/Screenshot_2021-03-06-9-Facebook-768x576.png 768w, http:\/\/aeroclub-abbeville.fr\/wp-content\/uploads\/2021\/03\/Screenshot_2021-03-06-9-Facebook-1536x1152.png 1536w, http:\/\/aeroclub-abbeville.fr\/wp-content\/uploads\/2021\/03\/Screenshot_2021-03-06-9-Facebook-624x468.png 624w, http:\/\/aeroclub-abbeville.fr\/wp-content\/uploads\/2021\/03\/Screenshot_2021-03-06-9-Facebook.png 1760w\" sizes=\"(max-width: 1024px) 100vw, 1024px\" \/><\/figure><\/li><li class=\"blocks-gallery-item\"><figure><img loading=\"lazy\" decoding=\"async\" width=\"1024\" height=\"768\" src=\"http:\/\/aeroclub-abbeville.fr\/wp-content\/uploads\/2021\/03\/Screenshot_2021-03-06-9-Facebook2-1-1024x768.png\" alt=\"\" data-id=\"4436\" data-link=\"http:\/\/aeroclub-abbeville.fr\/?attachment_id=4436\" class=\"wp-image-4436\" srcset=\"http:\/\/aeroclub-abbeville.fr\/wp-content\/uploads\/2021\/03\/Screenshot_2021-03-06-9-Facebook2-1-1024x768.png 1024w, http:\/\/aeroclub-abbeville.fr\/wp-content\/uploads\/2021\/03\/Screenshot_2021-03-06-9-Facebook2-1-480x360.png 480w, http:\/\/aeroclub-abbeville.fr\/wp-content\/uploads\/2021\/03\/Screenshot_2021-03-06-9-Facebook2-1-768x576.png 768w, http:\/\/aeroclub-abbeville.fr\/wp-content\/uploads\/2021\/03\/Screenshot_2021-03-06-9-Facebook2-1-1536x1152.png 1536w, http:\/\/aeroclub-abbeville.fr\/wp-content\/uploads\/2021\/03\/Screenshot_2021-03-06-9-Facebook2-1-624x468.png 624w, http:\/\/aeroclub-abbeville.fr\/wp-content\/uploads\/2021\/03\/Screenshot_2021-03-06-9-Facebook2-1.png 1760w\" sizes=\"(max-width: 1024px) 100vw, 1024px\" \/><\/figure><\/li><li class=\"blocks-gallery-item\"><figure><img loading=\"lazy\" decoding=\"async\" width=\"922\" height=\"691\" src=\"http:\/\/aeroclub-abbeville.fr\/wp-content\/uploads\/2021\/03\/Arrive\u0301e-CTL-27-02-2021-1-re\u0301duite.jpg\" alt=\"\" data-id=\"4437\" data-link=\"http:\/\/aeroclub-abbeville.fr\/?attachment_id=4437\" class=\"wp-image-4437\" srcset=\"http:\/\/aeroclub-abbeville.fr\/wp-content\/uploads\/2021\/03\/Arrive\u0301e-CTL-27-02-2021-1-re\u0301duite.jpg 922w, http:\/\/aeroclub-abbeville.fr\/wp-content\/uploads\/2021\/03\/Arrive\u0301e-CTL-27-02-2021-1-re\u0301duite-480x360.jpg 480w, http:\/\/aeroclub-abbeville.fr\/wp-content\/uploads\/2021\/03\/Arrive\u0301e-CTL-27-02-2021-1-re\u0301duite-768x576.jpg 768w, http:\/\/aeroclub-abbeville.fr\/wp-content\/uploads\/2021\/03\/Arrive\u0301e-CTL-27-02-2021-1-re\u0301duite-624x468.jpg 624w\" sizes=\"(max-width: 922px) 100vw, 922px\" \/><\/figure><\/li><li class=\"blocks-gallery-item\"><figure><img loading=\"lazy\" decoding=\"async\" width=\"691\" height=\"922\" src=\"http:\/\/aeroclub-abbeville.fr\/wp-content\/uploads\/2021\/03\/Arrive\u0301e-CTL-27-02-2021-8-re\u0301duite.jpg\" alt=\"\" data-id=\"4438\" data-link=\"http:\/\/aeroclub-abbeville.fr\/?attachment_id=4438\" class=\"wp-image-4438\" srcset=\"http:\/\/aeroclub-abbeville.fr\/wp-content\/uploads\/2021\/03\/Arrive\u0301e-CTL-27-02-2021-8-re\u0301duite.jpg 691w, http:\/\/aeroclub-abbeville.fr\/wp-content\/uploads\/2021\/03\/Arrive\u0301e-CTL-27-02-2021-8-re\u0301duite-360x480.jpg 360w, http:\/\/aeroclub-abbeville.fr\/wp-content\/uploads\/2021\/03\/Arrive\u0301e-CTL-27-02-2021-8-re\u0301duite-624x833.jpg 624w\" sizes=\"(max-width: 691px) 100vw, 691px\" \/><\/figure><\/li><li class=\"blocks-gallery-item\"><figure><img loading=\"lazy\" decoding=\"async\" width=\"908\" height=\"485\" src=\"http:\/\/aeroclub-abbeville.fr\/wp-content\/uploads\/2021\/03\/Arrive\u0301e-CTL-27-02-2021-9-re\u0301duite.jpg\" alt=\"\" data-id=\"4439\" data-link=\"http:\/\/aeroclub-abbeville.fr\/?attachment_id=4439\" class=\"wp-image-4439\" srcset=\"http:\/\/aeroclub-abbeville.fr\/wp-content\/uploads\/2021\/03\/Arrive\u0301e-CTL-27-02-2021-9-re\u0301duite.jpg 908w, http:\/\/aeroclub-abbeville.fr\/wp-content\/uploads\/2021\/03\/Arrive\u0301e-CTL-27-02-2021-9-re\u0301duite-480x256.jpg 480w, http:\/\/aeroclub-abbeville.fr\/wp-content\/uploads\/2021\/03\/Arrive\u0301e-CTL-27-02-2021-9-re\u0301duite-768x410.jpg 768w, http:\/\/aeroclub-abbeville.fr\/wp-content\/uploads\/2021\/03\/Arrive\u0301e-CTL-27-02-2021-9-re\u0301duite-624x333.jpg 624w\" sizes=\"(max-width: 908px) 100vw, 908px\" \/><\/figure><\/li><li class=\"blocks-gallery-item\"><figure><img loading=\"lazy\" decoding=\"async\" width=\"768\" height=\"1024\" src=\"http:\/\/aeroclub-abbeville.fr\/wp-content\/uploads\/2021\/03\/Screenshot_2021-03-06-1-jpg-768x1024.png\" alt=\"\" data-id=\"4454\" data-full-url=\"http:\/\/aeroclub-abbeville.fr\/wp-content\/uploads\/2021\/03\/Screenshot_2021-03-06-1-jpg.png\" data-link=\"http:\/\/aeroclub-abbeville.fr\/?attachment_id=4454\" class=\"wp-image-4454\" srcset=\"http:\/\/aeroclub-abbeville.fr\/wp-content\/uploads\/2021\/03\/Screenshot_2021-03-06-1-jpg-768x1025.png 768w, http:\/\/aeroclub-abbeville.fr\/wp-content\/uploads\/2021\/03\/Screenshot_2021-03-06-1-jpg-360x480.png 360w, http:\/\/aeroclub-abbeville.fr\/wp-content\/uploads\/2021\/03\/Screenshot_2021-03-06-1-jpg-624x832.png 624w, http:\/\/aeroclub-abbeville.fr\/wp-content\/uploads\/2021\/03\/Screenshot_2021-03-06-1-jpg.png 928w\" sizes=\"(max-width: 768px) 100vw, 768px\" \/><\/figure><\/li><\/ul><figcaption class=\"blocks-gallery-caption\">Alain et Jean-Pierre, \u00e0 l&rsquo;arriv\u00e9e de ce nouveau bijou \u00e0 Abbeville ! \u00c7a donne envie, n&rsquo;est ce pas ?<\/figcaption><\/figure>\n\n\n\n<p><\/p>\n\n\n\n<p class=\"has-text-align-center\">En voici les caract\u00e9ristiques principales pour les \u00ab\u00a0Fans\u00a0\u00bb de technique !<\/p>\n\n\n\n<h2 class=\"has-text-align-center wp-block-heading\"><a href=\"https:\/\/www.flightdesign.fr\/aeronefs-flight-design\/ctls-grand-touring-ul.html\">CTLS Grand Touring UL<\/a><\/h2>\n\n\n\n<p class=\"has-text-align-center\">La nouvelle version 2020 \u00ab\u00a0GRAND TOURING\u00a0\u00bb du CTLS du leader de l\u2019aviation de loisir Flight Design.<\/p>\n\n\n\n<p class=\"has-text-align-center\">Le CTLS GT est propos\u00e9 en 2 motorisation Rotax carburateurs et injection 912iS est issue d&rsquo;une longue recherche et analyse de la demande&nbsp;des pilotes de la cat\u00e9gorie Light Sport. Le CTLS inclus de nombreux \u00e9quipements et modifications qui augmentent le confort et la performance.<\/p>\n\n\n\n<p class=\"has-text-align-center\">Le CTLS est propos\u00e9 avec un \u00e9quipement digital GARMIN G3X double \u00e9crans et pack communication GARMIN et en version Dynon Avionics&nbsp;<\/p>\n\n\n\n<p class=\"has-text-align-center\">Le CTLS est capable de relier Paris&nbsp;\u00e0 Gilbraltar, Lisbonne ou Rome pour des trajets jusqu\u2019\u00e0 2200km avec r\u00e9serves. La cabine large et confortable et l\u2019excellente visibilit\u00e9 au sol du CTLS rend le vol plus agr\u00e9able et procure un meilleur environnement pour l\u2019apprentissage.<\/p>\n\n\n\n<h4 class=\"has-text-align-center wp-block-heading\">5 raisons de s\u00e9lectionner le CTLS :<\/h4>\n\n\n\n<ol class=\"wp-block-list\"><li>L&rsquo;avion haut de gamme du constructeur Allemand leader de l&rsquo;aviation de loisir,<\/li><li>La cabine la plus spacieuse de sa cat\u00e9gorie pour voyager dans le confort,<\/li><li>Une autonomie qui simplifie les voyages et la gestion carburant,<\/li><li>Des qualit\u00e9s de vols irr\u00e9prochables et une s\u00e9curit\u00e9 passive par sa conception rendent les vols plus s\u00fbrs,<\/li><li>Une facilit\u00e9 d&rsquo;utilisation et un design robuste fait du CTLS, un avion con\u00e7u pour durer.<\/li><\/ol>\n\n\n\n<p class=\"has-text-align-center\">Ce petit bijou de technologie vient s&rsquo;ajouter aux 2 ULMS multi-axes dont l&rsquo;un est affect\u00e9 aux remorquages des planeurs : l&rsquo;ULM \u00a0\u00bb Dynamic\u00a0\u00bb et le \u00ab\u00a0BEST OFF Nynja\u00a0\u00bb 80 CV !<\/p>\n\n\n\n<figure class=\"wp-block-gallery aligncenter columns-2 is-cropped wp-block-gallery-2 is-layout-flex wp-block-gallery-is-layout-flex\"><ul class=\"blocks-gallery-grid\"><li class=\"blocks-gallery-item\"><figure><img loading=\"lazy\" decoding=\"async\" width=\"1024\" height=\"680\" src=\"http:\/\/aeroclub-abbeville.fr\/wp-content\/uploads\/2021\/03\/Screenshot_2021-03-06-18738951_10209190356057257_3387456905479723768_o-jpg-1024x680.png\" alt=\"\" data-id=\"4443\" data-link=\"http:\/\/aeroclub-abbeville.fr\/?attachment_id=4443\" class=\"wp-image-4443\" srcset=\"http:\/\/aeroclub-abbeville.fr\/wp-content\/uploads\/2021\/03\/Screenshot_2021-03-06-18738951_10209190356057257_3387456905479723768_o-jpg-1024x680.png 1024w, http:\/\/aeroclub-abbeville.fr\/wp-content\/uploads\/2021\/03\/Screenshot_2021-03-06-18738951_10209190356057257_3387456905479723768_o-jpg-480x319.png 480w, http:\/\/aeroclub-abbeville.fr\/wp-content\/uploads\/2021\/03\/Screenshot_2021-03-06-18738951_10209190356057257_3387456905479723768_o-jpg-768x510.png 768w, http:\/\/aeroclub-abbeville.fr\/wp-content\/uploads\/2021\/03\/Screenshot_2021-03-06-18738951_10209190356057257_3387456905479723768_o-jpg-624x414.png 624w, http:\/\/aeroclub-abbeville.fr\/wp-content\/uploads\/2021\/03\/Screenshot_2021-03-06-18738951_10209190356057257_3387456905479723768_o-jpg.png 1456w\" sizes=\"(max-width: 1024px) 100vw, 1024px\" \/><\/figure><\/li><li class=\"blocks-gallery-item\"><figure><img loading=\"lazy\" decoding=\"async\" width=\"1024\" height=\"768\" src=\"http:\/\/aeroclub-abbeville.fr\/wp-content\/uploads\/2021\/03\/Screenshot_2021-03-06-41B777ED-1087-4484-83DB-79ABB014CC1E-1024x768-jpeg-1024x768.png\" alt=\"\" data-id=\"4444\" data-full-url=\"http:\/\/aeroclub-abbeville.fr\/wp-content\/uploads\/2021\/03\/Screenshot_2021-03-06-41B777ED-1087-4484-83DB-79ABB014CC1E-1024x768-jpeg.png\" data-link=\"http:\/\/aeroclub-abbeville.fr\/?attachment_id=4444\" class=\"wp-image-4444\" srcset=\"http:\/\/aeroclub-abbeville.fr\/wp-content\/uploads\/2021\/03\/Screenshot_2021-03-06-41B777ED-1087-4484-83DB-79ABB014CC1E-1024x768-jpeg-1024x768.png 1024w, http:\/\/aeroclub-abbeville.fr\/wp-content\/uploads\/2021\/03\/Screenshot_2021-03-06-41B777ED-1087-4484-83DB-79ABB014CC1E-1024x768-jpeg-480x360.png 480w, http:\/\/aeroclub-abbeville.fr\/wp-content\/uploads\/2021\/03\/Screenshot_2021-03-06-41B777ED-1087-4484-83DB-79ABB014CC1E-1024x768-jpeg-768x576.png 768w, http:\/\/aeroclub-abbeville.fr\/wp-content\/uploads\/2021\/03\/Screenshot_2021-03-06-41B777ED-1087-4484-83DB-79ABB014CC1E-1024x768-jpeg-624x468.png 624w, http:\/\/aeroclub-abbeville.fr\/wp-content\/uploads\/2021\/03\/Screenshot_2021-03-06-41B777ED-1087-4484-83DB-79ABB014CC1E-1024x768-jpeg.png 1456w\" sizes=\"(max-width: 1024px) 100vw, 1024px\" \/><\/figure><\/li><\/ul><figcaption class=\"blocks-gallery-caption\">Le Dynamic Remorqueur et le Nynja Voyageur !<\/figcaption><\/figure>\n\n\n\n<p><\/p>\n\n\n\n<p class=\"has-text-align-center\">et aux 3 avions destin\u00e9s \u00e0 l&rsquo;\u00e9cole de pilotage et aux voyages. Le \u00ab\u00a0Robin\u00a0\u00bb DR 400 160, le \u00ab\u00a0Robin\u00a0\u00bb DR 400 120, le \u00ab\u00a0Cessna\u00a0\u00bb C 172, <\/p>\n\n\n\n<figure class=\"wp-block-gallery aligncenter columns-3 is-cropped wp-block-gallery-3 is-layout-flex wp-block-gallery-is-layout-flex\"><ul class=\"blocks-gallery-grid\"><li class=\"blocks-gallery-item\"><figure><img loading=\"lazy\" decoding=\"async\" width=\"1024\" height=\"682\" src=\"http:\/\/aeroclub-abbeville.fr\/wp-content\/uploads\/2021\/03\/Screenshot_2021-03-06-IMG_8107-JPG-1024x682.png\" alt=\"\" data-id=\"4446\" data-link=\"http:\/\/aeroclub-abbeville.fr\/?attachment_id=4446\" class=\"wp-image-4446\" srcset=\"http:\/\/aeroclub-abbeville.fr\/wp-content\/uploads\/2021\/03\/Screenshot_2021-03-06-IMG_8107-JPG-1024x682.png 1024w, http:\/\/aeroclub-abbeville.fr\/wp-content\/uploads\/2021\/03\/Screenshot_2021-03-06-IMG_8107-JPG-480x320.png 480w, http:\/\/aeroclub-abbeville.fr\/wp-content\/uploads\/2021\/03\/Screenshot_2021-03-06-IMG_8107-JPG-768x512.png 768w, http:\/\/aeroclub-abbeville.fr\/wp-content\/uploads\/2021\/03\/Screenshot_2021-03-06-IMG_8107-JPG-624x416.png 624w, http:\/\/aeroclub-abbeville.fr\/wp-content\/uploads\/2021\/03\/Screenshot_2021-03-06-IMG_8107-JPG.png 1456w\" sizes=\"(max-width: 1024px) 100vw, 1024px\" \/><\/figure><\/li><li class=\"blocks-gallery-item\"><figure><img loading=\"lazy\" decoding=\"async\" width=\"1024\" height=\"682\" src=\"http:\/\/aeroclub-abbeville.fr\/wp-content\/uploads\/2021\/03\/Screenshot_2021-03-06-IMG_8122-JPG-1024x682.png\" alt=\"\" data-id=\"4447\" data-link=\"http:\/\/aeroclub-abbeville.fr\/?attachment_id=4447\" class=\"wp-image-4447\" srcset=\"http:\/\/aeroclub-abbeville.fr\/wp-content\/uploads\/2021\/03\/Screenshot_2021-03-06-IMG_8122-JPG-1024x682.png 1024w, http:\/\/aeroclub-abbeville.fr\/wp-content\/uploads\/2021\/03\/Screenshot_2021-03-06-IMG_8122-JPG-480x320.png 480w, http:\/\/aeroclub-abbeville.fr\/wp-content\/uploads\/2021\/03\/Screenshot_2021-03-06-IMG_8122-JPG-768x512.png 768w, http:\/\/aeroclub-abbeville.fr\/wp-content\/uploads\/2021\/03\/Screenshot_2021-03-06-IMG_8122-JPG-624x416.png 624w, http:\/\/aeroclub-abbeville.fr\/wp-content\/uploads\/2021\/03\/Screenshot_2021-03-06-IMG_8122-JPG.png 1456w\" sizes=\"(max-width: 1024px) 100vw, 1024px\" \/><\/figure><\/li><li class=\"blocks-gallery-item\"><figure><img loading=\"lazy\" decoding=\"async\" width=\"1024\" height=\"895\" src=\"http:\/\/aeroclub-abbeville.fr\/wp-content\/uploads\/2021\/03\/Screenshot_2021-03-06-KL-jpg-1024x895.png\" alt=\"\" data-id=\"4448\" data-link=\"http:\/\/aeroclub-abbeville.fr\/?attachment_id=4448\" class=\"wp-image-4448\" srcset=\"http:\/\/aeroclub-abbeville.fr\/wp-content\/uploads\/2021\/03\/Screenshot_2021-03-06-KL-jpg-1024x895.png 1024w, http:\/\/aeroclub-abbeville.fr\/wp-content\/uploads\/2021\/03\/Screenshot_2021-03-06-KL-jpg-480x419.png 480w, http:\/\/aeroclub-abbeville.fr\/wp-content\/uploads\/2021\/03\/Screenshot_2021-03-06-KL-jpg-768x671.png 768w, http:\/\/aeroclub-abbeville.fr\/wp-content\/uploads\/2021\/03\/Screenshot_2021-03-06-KL-jpg-1536x1342.png 1536w, http:\/\/aeroclub-abbeville.fr\/wp-content\/uploads\/2021\/03\/Screenshot_2021-03-06-KL-jpg-624x545.png 624w, http:\/\/aeroclub-abbeville.fr\/wp-content\/uploads\/2021\/03\/Screenshot_2021-03-06-KL-jpg.png 1600w\" sizes=\"(max-width: 1024px) 100vw, 1024px\" \/><\/figure><\/li><li class=\"blocks-gallery-item\"><figure><img loading=\"lazy\" decoding=\"async\" width=\"1024\" height=\"681\" src=\"http:\/\/aeroclub-abbeville.fr\/wp-content\/uploads\/2021\/03\/Screenshot_2021-03-06-4-avions-du-club-jpg-1-1024x681.png\" alt=\"\" data-id=\"4450\" data-full-url=\"http:\/\/aeroclub-abbeville.fr\/wp-content\/uploads\/2021\/03\/Screenshot_2021-03-06-4-avions-du-club-jpg-1.png\" data-link=\"http:\/\/aeroclub-abbeville.fr\/?attachment_id=4450\" class=\"wp-image-4450\" srcset=\"http:\/\/aeroclub-abbeville.fr\/wp-content\/uploads\/2021\/03\/Screenshot_2021-03-06-4-avions-du-club-jpg-1-1024x681.png 1024w, http:\/\/aeroclub-abbeville.fr\/wp-content\/uploads\/2021\/03\/Screenshot_2021-03-06-4-avions-du-club-jpg-1-480x319.png 480w, http:\/\/aeroclub-abbeville.fr\/wp-content\/uploads\/2021\/03\/Screenshot_2021-03-06-4-avions-du-club-jpg-1-768x511.png 768w, http:\/\/aeroclub-abbeville.fr\/wp-content\/uploads\/2021\/03\/Screenshot_2021-03-06-4-avions-du-club-jpg-1-624x415.png 624w, http:\/\/aeroclub-abbeville.fr\/wp-content\/uploads\/2021\/03\/Screenshot_2021-03-06-4-avions-du-club-jpg-1.png 1456w\" sizes=\"(max-width: 1024px) 100vw, 1024px\" \/><\/figure><\/li><\/ul><figcaption class=\"blocks-gallery-caption\">Les Avions de l&rsquo;a\u00e9roclub d&rsquo;Abbeville !<\/figcaption><\/figure>\n\n\n\n<p><\/p>\n\n\n\n<div class=\"wp-block-image\"><figure class=\"aligncenter size-large\"><img loading=\"lazy\" decoding=\"async\" width=\"1024\" height=\"768\" src=\"http:\/\/aeroclub-abbeville.fr\/wp-content\/uploads\/2021\/03\/Screenshot_2021-03-06-9-Facebook9-1024x768.png\" alt=\"\" class=\"wp-image-4441\" srcset=\"http:\/\/aeroclub-abbeville.fr\/wp-content\/uploads\/2021\/03\/Screenshot_2021-03-06-9-Facebook9-1024x768.png 1024w, http:\/\/aeroclub-abbeville.fr\/wp-content\/uploads\/2021\/03\/Screenshot_2021-03-06-9-Facebook9-480x360.png 480w, http:\/\/aeroclub-abbeville.fr\/wp-content\/uploads\/2021\/03\/Screenshot_2021-03-06-9-Facebook9-768x576.png 768w, http:\/\/aeroclub-abbeville.fr\/wp-content\/uploads\/2021\/03\/Screenshot_2021-03-06-9-Facebook9-1536x1152.png 1536w, http:\/\/aeroclub-abbeville.fr\/wp-content\/uploads\/2021\/03\/Screenshot_2021-03-06-9-Facebook9-624x468.png 624w, http:\/\/aeroclub-abbeville.fr\/wp-content\/uploads\/2021\/03\/Screenshot_2021-03-06-9-Facebook9.png 1760w\" sizes=\"(max-width: 1024px) 100vw, 1024px\" \/><figcaption>Non, celui l\u00e0 n&rsquo;est plus en service !<\/figcaption><\/figure><\/div>\n\n\n\n<p><\/p>\n\n\n\n<p class=\"has-text-align-center\">Le Covid n&rsquo;a pas ralenti la vie du club au cours de cette ann\u00e9e 2020 ! <\/p>\n\n\n\n<p class=\"has-text-align-center\">Le Stage d&rsquo;\u00e9t\u00e9 de Planeurs \u00e0 Troyes-Barberey s&rsquo;est effectu\u00e9 comme chaque ann\u00e9e, sans probl\u00e8me sanitaire et dans le respect des gestes barri\u00e8res.<\/p>\n\n\n\n<p class=\"has-text-align-center\">Les laur\u00e9ats du BIA alimentent r\u00e9guli\u00e8rement l&rsquo;\u00e9cole de planeurs. Neuf examens th\u00e9oriques planeurs ont \u00e9t\u00e9 d\u00e9livr\u00e9s et Baptiste Caudrelier a obtenu son BPP.<\/p>\n\n\n\n<p class=\"has-text-align-center\">Toutes nos f\u00e9licitations vont \u00e0 Alexandre Fi\u00e9rain, form\u00e9 au club, maintenu inscrit en 2021, Espoir de la FFVP et qui participera, apr\u00e8s Romorantin et Chalons en 2019, La Roche sur Yon en 2020, \u00e0 trois \u00e9preuves du championnat de France en 2021 dont celle de Lille.<\/p>\n\n\n\n<div class=\"wp-block-image\"><figure class=\"aligncenter size-large\"><img loading=\"lazy\" decoding=\"async\" width=\"1024\" height=\"1011\" src=\"http:\/\/aeroclub-abbeville.fr\/wp-content\/uploads\/2021\/03\/Screenshot_2021-03-06-11-Facebook-1024x1011.png\" alt=\"\" class=\"wp-image-4452\" srcset=\"http:\/\/aeroclub-abbeville.fr\/wp-content\/uploads\/2021\/03\/Screenshot_2021-03-06-11-Facebook-1024x1011.png 1024w, http:\/\/aeroclub-abbeville.fr\/wp-content\/uploads\/2021\/03\/Screenshot_2021-03-06-11-Facebook-480x474.png 480w, http:\/\/aeroclub-abbeville.fr\/wp-content\/uploads\/2021\/03\/Screenshot_2021-03-06-11-Facebook-768x758.png 768w, http:\/\/aeroclub-abbeville.fr\/wp-content\/uploads\/2021\/03\/Screenshot_2021-03-06-11-Facebook-624x616.png 624w, http:\/\/aeroclub-abbeville.fr\/wp-content\/uploads\/2021\/03\/Screenshot_2021-03-06-11-Facebook.png 1530w\" sizes=\"(max-width: 1024px) 100vw, 1024px\" \/><figcaption>Bravo, Champion !<\/figcaption><\/figure><\/div>\n\n\n\n<p><\/p>\n\n\n\n<p class=\"has-text-align-center\">La promotion 2019 comptait 15 auditeurs et au final 12 inscrits aux \u00e9preuves. Nous comptons 11 re\u00e7us (dont 1 AB, 4 B, 5 TB) et donc l\u2019\u00e9chec d\u2019un jeune.<\/p>\n\n\n\n<p class=\"has-text-align-center\">Nous avons \u00e9t\u00e9 invit\u00e9s \u00e0 nous rendre au salon a\u00e9ronautique du Bourget par les services de l\u2019Arm\u00e9e. Superbe journ\u00e9e v\u00e9cue \u00e0 cinq, qui a permis de d\u00e9couvrir entre autres les \u00e9coles et les m\u00e9tiers de l\u2019a\u00e9ronautique et de voir de superbes d\u00e9monstrations en vol d\u2019appareils de tout type.<\/p>\n\n\n\n<p class=\"has-text-align-center\">La promotion 2020 comptait 18 auditeurs et 17 inscrits aux \u00e9preuves. Les cours de pr\u00e9paration ont \u00e9t\u00e9 men\u00e9s par visioconf\u00e9rence un peu avant le confinement d\u00e9but mars et jusqu\u2019\u00e0 leur terme, non sans soucis de connexion, de son ou d\u2019image ! L\u2019examen pr\u00e9vu fin mai n\u2019a eu lieu que le 30 septembre, quatre mois plus tard donc. Ceci est probablement la cause directe de l\u2019\u00e9chec de deux jeunes qui ont \u00ab d\u00e9croch\u00e9 \u00bb d\u00e8s le d\u00e9part et n\u2019ont pas fait les r\u00e9visions n\u00e9cessaires apr\u00e8s une si longue attente. Les r\u00e9sultats acad\u00e9miques corroborent cette hypoth\u00e8se.<\/p>\n\n\n\n<p class=\"has-text-align-center\">Nous avons cependant le plaisir d\u2019obtenir 15 re\u00e7us parmi lesquels 4 AB, 3 B et 7 TB (dont une place de troisi\u00e8me acad\u00e9mique et 6 candidats dans les dix premiers de la Somme). Notre a\u00e9roclub se place encore parmi les meilleurs centres de formation.<\/p>\n\n\n\n<p class=\"has-text-align-center\">Au fil des promotions, nous observons que les plus jeunes accompagn\u00e9s en bin\u00f4me par un parent r\u00e9ussissent tous, parfois m\u00eame excellemment dans un examen qui offre de s\u00e9rieuses difficult\u00e9s.<\/p>\n\n\n\n<figure class=\"wp-block-gallery aligncenter columns-3 is-cropped wp-block-gallery-4 is-layout-flex wp-block-gallery-is-layout-flex\"><ul class=\"blocks-gallery-grid\"><li class=\"blocks-gallery-item\"><figure><img loading=\"lazy\" decoding=\"async\" width=\"1024\" height=\"680\" src=\"http:\/\/aeroclub-abbeville.fr\/wp-content\/uploads\/2021\/03\/Screenshot_2021-03-06-9-Facebook5-1024x680.png\" alt=\"\" data-id=\"4456\" data-link=\"http:\/\/aeroclub-abbeville.fr\/?attachment_id=4456\" class=\"wp-image-4456\" srcset=\"http:\/\/aeroclub-abbeville.fr\/wp-content\/uploads\/2021\/03\/Screenshot_2021-03-06-9-Facebook5-1024x680.png 1024w, http:\/\/aeroclub-abbeville.fr\/wp-content\/uploads\/2021\/03\/Screenshot_2021-03-06-9-Facebook5-480x319.png 480w, http:\/\/aeroclub-abbeville.fr\/wp-content\/uploads\/2021\/03\/Screenshot_2021-03-06-9-Facebook5-768x510.png 768w, http:\/\/aeroclub-abbeville.fr\/wp-content\/uploads\/2021\/03\/Screenshot_2021-03-06-9-Facebook5-1536x1020.png 1536w, http:\/\/aeroclub-abbeville.fr\/wp-content\/uploads\/2021\/03\/Screenshot_2021-03-06-9-Facebook5-624x414.png 624w, http:\/\/aeroclub-abbeville.fr\/wp-content\/uploads\/2021\/03\/Screenshot_2021-03-06-9-Facebook5.png 1760w\" sizes=\"(max-width: 1024px) 100vw, 1024px\" \/><\/figure><\/li><li class=\"blocks-gallery-item\"><figure><img loading=\"lazy\" decoding=\"async\" width=\"1024\" height=\"683\" src=\"http:\/\/aeroclub-abbeville.fr\/wp-content\/uploads\/2021\/03\/Screenshot_2021-03-06-9-Facebook6-1024x683.png\" alt=\"\" data-id=\"4457\" data-link=\"http:\/\/aeroclub-abbeville.fr\/?attachment_id=4457\" class=\"wp-image-4457\" srcset=\"http:\/\/aeroclub-abbeville.fr\/wp-content\/uploads\/2021\/03\/Screenshot_2021-03-06-9-Facebook6-1024x683.png 1024w, http:\/\/aeroclub-abbeville.fr\/wp-content\/uploads\/2021\/03\/Screenshot_2021-03-06-9-Facebook6-480x320.png 480w, http:\/\/aeroclub-abbeville.fr\/wp-content\/uploads\/2021\/03\/Screenshot_2021-03-06-9-Facebook6-768x512.png 768w, http:\/\/aeroclub-abbeville.fr\/wp-content\/uploads\/2021\/03\/Screenshot_2021-03-06-9-Facebook6-624x416.png 624w, http:\/\/aeroclub-abbeville.fr\/wp-content\/uploads\/2021\/03\/Screenshot_2021-03-06-9-Facebook6.png 1200w\" sizes=\"(max-width: 1024px) 100vw, 1024px\" \/><\/figure><\/li><li class=\"blocks-gallery-item\"><figure><img loading=\"lazy\" decoding=\"async\" width=\"958\" height=\"1024\" src=\"http:\/\/aeroclub-abbeville.fr\/wp-content\/uploads\/2021\/03\/Screenshot_2021-03-06-9-Facebook7-958x1024.png\" alt=\"\" data-id=\"4458\" data-link=\"http:\/\/aeroclub-abbeville.fr\/?attachment_id=4458\" class=\"wp-image-4458\" srcset=\"http:\/\/aeroclub-abbeville.fr\/wp-content\/uploads\/2021\/03\/Screenshot_2021-03-06-9-Facebook7-958x1024.png 958w, http:\/\/aeroclub-abbeville.fr\/wp-content\/uploads\/2021\/03\/Screenshot_2021-03-06-9-Facebook7-449x480.png 449w, http:\/\/aeroclub-abbeville.fr\/wp-content\/uploads\/2021\/03\/Screenshot_2021-03-06-9-Facebook7-768x821.png 768w, http:\/\/aeroclub-abbeville.fr\/wp-content\/uploads\/2021\/03\/Screenshot_2021-03-06-9-Facebook7-624x667.png 624w, http:\/\/aeroclub-abbeville.fr\/wp-content\/uploads\/2021\/03\/Screenshot_2021-03-06-9-Facebook7.png 1140w\" sizes=\"(max-width: 958px) 100vw, 958px\" \/><\/figure><\/li><li class=\"blocks-gallery-item\"><figure><img loading=\"lazy\" decoding=\"async\" width=\"1024\" height=\"768\" src=\"http:\/\/aeroclub-abbeville.fr\/wp-content\/uploads\/2021\/03\/Screenshot_2021-03-06-9-Facebook4-1024x768.png\" alt=\"\" data-id=\"4459\" data-full-url=\"http:\/\/aeroclub-abbeville.fr\/wp-content\/uploads\/2021\/03\/Screenshot_2021-03-06-9-Facebook4.png\" data-link=\"http:\/\/aeroclub-abbeville.fr\/?attachment_id=4459\" class=\"wp-image-4459\" srcset=\"http:\/\/aeroclub-abbeville.fr\/wp-content\/uploads\/2021\/03\/Screenshot_2021-03-06-9-Facebook4-1024x768.png 1024w, http:\/\/aeroclub-abbeville.fr\/wp-content\/uploads\/2021\/03\/Screenshot_2021-03-06-9-Facebook4-480x360.png 480w, http:\/\/aeroclub-abbeville.fr\/wp-content\/uploads\/2021\/03\/Screenshot_2021-03-06-9-Facebook4-768x576.png 768w, http:\/\/aeroclub-abbeville.fr\/wp-content\/uploads\/2021\/03\/Screenshot_2021-03-06-9-Facebook4-1536x1152.png 1536w, http:\/\/aeroclub-abbeville.fr\/wp-content\/uploads\/2021\/03\/Screenshot_2021-03-06-9-Facebook4-624x468.png 624w, http:\/\/aeroclub-abbeville.fr\/wp-content\/uploads\/2021\/03\/Screenshot_2021-03-06-9-Facebook4.png 1760w\" sizes=\"(max-width: 1024px) 100vw, 1024px\" \/><\/figure><\/li><\/ul><figcaption class=\"blocks-gallery-caption\">Avec le BIA, la valeur n&rsquo;attendra pas le nombre des ann\u00e9es !<\/figcaption><\/figure>\n\n\n\n<p><\/p>\n\n\n\n<p class=\"has-text-align-center\">Nous adressons nos remerciements \u00e0 tous les formateurs, et en particulier \u00e0 Alain Dupont qui a souhait\u00e9 prendre en quelque sorte une retraite bien m\u00e9rit\u00e9e, et transmis tous ses documents \u00e0 Sarah Lejosne qui le remplace avec beaucoup d\u2019efficacit\u00e9.<\/p>\n\n\n\n<p class=\"has-text-align-center\"><strong><em>Les projets pour 2021<\/em><\/strong><\/p>\n\n\n\n<p class=\"has-text-align-center\">Voici r\u00e9sum\u00e9s en quelques phrases les projets importants de notre \u00e9quipe pour 2021 (et les ann\u00e9es suivantes) :<\/p>\n\n\n\n<p class=\"has-text-align-center\">&#8211; remotiver les pilotes qui n\u2019ont pas vol\u00e9 depuis longtemps<\/p>\n\n\n\n<p class=\"has-text-align-center\">&#8211; poursuivre les dispositifs d\u2019incitation (une heure de vol avec instructeur offerte aux pilotes brevet\u00e9s en dehors de l\u2019heure de prorogation obligatoire), activation du dispositif REV (remise en vol) pour les pilotes ULM, journ\u00e9e de .d\u00e9couverte du vol \u00e0 voile pour les auditeurs du BIA)<\/p>\n\n\n\n<p class=\"has-text-align-center\">&#8211; relance des vols de voyage<\/p>\n\n\n\n<p class=\"has-text-align-center\">&#8211; relance du partenariat avec les communaut\u00e9s d\u2019agglom\u00e9rations, notamment dans le cadre de leur projet de septembre 2021, comm\u00e9morant le centenaire du Brevet de Pilote de \u00ab\u00a0Bessie Coleman\u00a0\u00bb et de l&rsquo;inauguration d&rsquo;une salle de l&rsquo;a\u00e9roclub \u00e0 son nom.<\/p>\n\n\n\n<p class=\"has-text-align-center\">&#8211; passage au contr\u00f4le technique des planeurs<\/p>\n\n\n\n<p class=\"has-text-align-center\">&#8211; reprise de l\u2019activit\u00e9 planeur avec l\u2019arriv\u00e9e des beaux jours<\/p>\n\n\n\n<p class=\"has-text-align-center\">&#8211; organisation du stage de Troyes<\/p>\n\n\n\n<p class=\"has-text-align-center\">&#8211; tour de France avion pour des jeunes malades, en liaison avec le CHU de Rouen (fin juin d\u00e9but juillet)<\/p>\n\n\n\n<p class=\"has-text-align-center\">&#8211; offre de vols de d\u00e9couverte pour les soignants du Centre Hospitalier d\u2019Abbeville<\/p>\n\n\n\n<p class=\"has-text-align-center\">&#8211; et bien s\u00fbr toutes les activit\u00e9s habituelles de l\u2019a\u00e9roclub,<\/p>\n\n\n\n<p class=\"has-text-align-center\">Le tout \u00e9videmment avec une s\u00e9curit\u00e9 accrue et, tant que cela sera n\u00e9cessaire, dans le strict respect des gestes barri\u00e8re.<\/p>\n\n\n\n<figure class=\"wp-block-gallery aligncenter columns-2 is-cropped wp-block-gallery-5 is-layout-flex wp-block-gallery-is-layout-flex\"><ul class=\"blocks-gallery-grid\"><li class=\"blocks-gallery-item\"><figure><img loading=\"lazy\" decoding=\"async\" width=\"1024\" height=\"844\" src=\"http:\/\/aeroclub-abbeville.fr\/wp-content\/uploads\/2021\/03\/Screenshot_2021-03-06-11-Facebook1-1024x844.png\" alt=\"\" data-id=\"4460\" class=\"wp-image-4460\" srcset=\"http:\/\/aeroclub-abbeville.fr\/wp-content\/uploads\/2021\/03\/Screenshot_2021-03-06-11-Facebook1-1024x844.png 1024w, http:\/\/aeroclub-abbeville.fr\/wp-content\/uploads\/2021\/03\/Screenshot_2021-03-06-11-Facebook1-480x396.png 480w, http:\/\/aeroclub-abbeville.fr\/wp-content\/uploads\/2021\/03\/Screenshot_2021-03-06-11-Facebook1-768x633.png 768w, http:\/\/aeroclub-abbeville.fr\/wp-content\/uploads\/2021\/03\/Screenshot_2021-03-06-11-Facebook1-624x514.png 624w, http:\/\/aeroclub-abbeville.fr\/wp-content\/uploads\/2021\/03\/Screenshot_2021-03-06-11-Facebook1.png 1456w\" sizes=\"(max-width: 1024px) 100vw, 1024px\" \/><\/figure><\/li><li class=\"blocks-gallery-item\"><figure><img loading=\"lazy\" decoding=\"async\" width=\"682\" height=\"1024\" src=\"http:\/\/aeroclub-abbeville.fr\/wp-content\/uploads\/2021\/03\/Screenshot_2021-03-06-11-Facebook2-1-682x1024.png\" alt=\"\" data-id=\"4461\" data-link=\"http:\/\/aeroclub-abbeville.fr\/?attachment_id=4461\" class=\"wp-image-4461\" srcset=\"http:\/\/aeroclub-abbeville.fr\/wp-content\/uploads\/2021\/03\/Screenshot_2021-03-06-11-Facebook2-1-682x1024.png 682w, http:\/\/aeroclub-abbeville.fr\/wp-content\/uploads\/2021\/03\/Screenshot_2021-03-06-11-Facebook2-1-320x480.png 320w, http:\/\/aeroclub-abbeville.fr\/wp-content\/uploads\/2021\/03\/Screenshot_2021-03-06-11-Facebook2-1-768x1153.png 768w, http:\/\/aeroclub-abbeville.fr\/wp-content\/uploads\/2021\/03\/Screenshot_2021-03-06-11-Facebook2-1-624x937.png 624w, http:\/\/aeroclub-abbeville.fr\/wp-content\/uploads\/2021\/03\/Screenshot_2021-03-06-11-Facebook2-1.png 1006w\" sizes=\"(max-width: 682px) 100vw, 682px\" \/><\/figure><\/li><\/ul><figcaption class=\"blocks-gallery-caption\">Osons r\u00eaver \u00e0 une belle p\u00e9riode pour voler !<br><br><br><\/figcaption><\/figure>\n\n\n\n<p>Cr\u00e9dits Photos : A\u00e9roclub d&rsquo;Abbeville, Facebook et Fran\u00e7oise Sockeel<\/p>\n\n\n\n<p>Texte : Fran\u00e7oise Sockeel<\/p>\n\n\n\n<p><\/p>\n\n\n\n<p><\/p>\n\n\n\n<p class=\"has-text-align-center\">   <\/p>\n\n\n","protected":false},"excerpt":{"rendered":"<p>Cet ULM Multi-axes moderne vient enrichir notre \u00ab\u00a0\u00e9curie\u00a0\u00bb ! Dot\u00e9 d&rsquo;une avionique \u00ab\u00a0Dynon\u00a0\u00bb dernier cri, il peut \u00eatre utilis\u00e9 pour les le\u00e7ons de pilotage, les voyages, la prise de photos de qualit\u00e9 avec son exceptionnelle visibilit\u00e9 et son confort optimal. En voici les caract\u00e9ristiques principales pour les \u00ab\u00a0Fans\u00a0\u00bb de technique ! CTLS Grand Touring UL [&hellip;]<\/p>\n","protected":false},"author":211,"featured_media":0,"comment_status":"open","ping_status":"closed","sticky":false,"template":"","format":"standard","meta":{"inline_featured_image":false,"footnotes":""},"categories":[20,2,22,3,6,7,8,11,13,14,17,18,31],"tags":[],"class_list":["post-4424","post","type-post","status-publish","format-standard","hentry","category-actualites","category-avion","category-bia","category-club","category-formation","category-formation_avion","category-formation_planeur","category-manifestations","category-planeur","category-presse","category-ulm","category-vie-du-club","category-voyages"],"_links":{"self":[{"href":"http:\/\/aeroclub-abbeville.fr\/index.php?rest_route=\/wp\/v2\/posts\/4424","targetHints":{"allow":["GET"]}}],"collection":[{"href":"http:\/\/aeroclub-abbeville.fr\/index.php?rest_route=\/wp\/v2\/posts"}],"about":[{"href":"http:\/\/aeroclub-abbeville.fr\/index.php?rest_route=\/wp\/v2\/types\/post"}],"author":[{"embeddable":true,"href":"http:\/\/aeroclub-abbeville.fr\/index.php?rest_route=\/wp\/v2\/users\/211"}],"replies":[{"embeddable":true,"href":"http:\/\/aeroclub-abbeville.fr\/index.php?rest_route=%2Fwp%2Fv2%2Fcomments&post=4424"}],"version-history":[{"count":30,"href":"http:\/\/aeroclub-abbeville.fr\/index.php?rest_route=\/wp\/v2\/posts\/4424\/revisions"}],"predecessor-version":[{"id":4497,"href":"http:\/\/aeroclub-abbeville.fr\/index.php?rest_route=\/wp\/v2\/posts\/4424\/revisions\/4497"}],"wp:attachment":[{"href":"http:\/\/aeroclub-abbeville.fr\/index.php?rest_route=%2Fwp%2Fv2%2Fmedia&parent=4424"}],"wp:term":[{"taxonomy":"category","embeddable":true,"href":"http:\/\/aeroclub-abbeville.fr\/index.php?rest_route=%2Fwp%2Fv2%2Fcategories&post=4424"},{"taxonomy":"post_tag","embeddable":true,"href":"http:\/\/aeroclub-abbeville.fr\/index.php?rest_route=%2Fwp%2Fv2%2Ftags&post=4424"}],"curies":[{"name":"wp","href":"https:\/\/api.w.org\/{rel}","templated":true}]}}