{"id":449,"date":"2014-02-07T15:32:35","date_gmt":"2014-02-07T14:32:35","guid":{"rendered":"http:\/\/aeroclub-abbeville.fr\/?p=449"},"modified":"2015-07-08T07:50:30","modified_gmt":"2015-07-08T06:50:30","slug":"reportage-sur-notre-aero-club-sur-france-3","status":"publish","type":"post","link":"http:\/\/aeroclub-abbeville.fr\/?p=449","title":{"rendered":"Reportage sur notre a\u00e9ro-club sur France 3"},"content":{"rendered":"<p><iframe src=\"\/\/www.youtube.com\/embed\/v31MuVsF4h4\" width=\"560\" height=\"315\" frameborder=\"0\" allowfullscreen=\"allowfullscreen\"><\/iframe><br \/>\nLe reportage a \u00e9t\u00e9 diffus\u00e9 le 6 f\u00e9vrier 2014 dans le cadre de l&rsquo;\u00e9mission <a href=\"http:\/\/www.france3.fr\/emissions\/meteo-a-la-carte\">M\u00e9t\u00e9o \u00e0 la Carte<\/a> sur France 3<\/p>\n","protected":false},"excerpt":{"rendered":"<p>Le reportage a \u00e9t\u00e9 diffus\u00e9 le 6 f\u00e9vrier 2014 dans le cadre de l&rsquo;\u00e9mission M\u00e9t\u00e9o \u00e0 la Carte sur France 3<\/p>\n","protected":false},"author":2,"featured_media":0,"comment_status":"open","ping_status":"open","sticky":false,"template":"","format":"standard","meta":{"inline_featured_image":false,"footnotes":""},"categories":[2,3,7,14,18],"tags":[],"class_list":["post-449","post","type-post","status-publish","format-standard","hentry","category-avion","category-club","category-formation_avion","category-presse","category-vie-du-club"],"_links":{"self":[{"href":"http:\/\/aeroclub-abbeville.fr\/index.php?rest_route=\/wp\/v2\/posts\/449","targetHints":{"allow":["GET"]}}],"collection":[{"href":"http:\/\/aeroclub-abbeville.fr\/index.php?rest_route=\/wp\/v2\/posts"}],"about":[{"href":"http:\/\/aeroclub-abbeville.fr\/index.php?rest_route=\/wp\/v2\/types\/post"}],"author":[{"embeddable":true,"href":"http:\/\/aeroclub-abbeville.fr\/index.php?rest_route=\/wp\/v2\/users\/2"}],"replies":[{"embeddable":true,"href":"http:\/\/aeroclub-abbeville.fr\/index.php?rest_route=%2Fwp%2Fv2%2Fcomments&post=449"}],"version-history":[{"count":9,"href":"http:\/\/aeroclub-abbeville.fr\/index.php?rest_route=\/wp\/v2\/posts\/449\/revisions"}],"predecessor-version":[{"id":1103,"href":"http:\/\/aeroclub-abbeville.fr\/index.php?rest_route=\/wp\/v2\/posts\/449\/revisions\/1103"}],"wp:attachment":[{"href":"http:\/\/aeroclub-abbeville.fr\/index.php?rest_route=%2Fwp%2Fv2%2Fmedia&parent=449"}],"wp:term":[{"taxonomy":"category","embeddable":true,"href":"http:\/\/aeroclub-abbeville.fr\/index.php?rest_route=%2Fwp%2Fv2%2Fcategories&post=449"},{"taxonomy":"post_tag","embeddable":true,"href":"http:\/\/aeroclub-abbeville.fr\/index.php?rest_route=%2Fwp%2Fv2%2Ftags&post=449"}],"curies":[{"name":"wp","href":"https:\/\/api.w.org\/{rel}","templated":true}]}}