{"id":4498,"date":"2021-03-09T19:02:52","date_gmt":"2021-03-09T18:02:52","guid":{"rendered":"http:\/\/aeroclub-abbeville.fr\/?p=4498"},"modified":"2021-03-09T19:02:52","modified_gmt":"2021-03-09T18:02:52","slug":"ne-pas-oublier-samedi-cest-lag-avez-vous-pense-a-voter","status":"publish","type":"post","link":"http:\/\/aeroclub-abbeville.fr\/?p=4498","title":{"rendered":"Ne pas oublier ! Samedi, c&rsquo;est L&rsquo;AG ! Avez vous pens\u00e9 \u00e0 voter ?"},"content":{"rendered":"\n<p>Mardi 9 Mars 2021<\/p>\n\n\n\n<p class=\"has-text-align-center\"><strong><em>\u00c7a y est ! Samedi, c&rsquo;est l&rsquo;Assembl\u00e9e G\u00e9n\u00e9rale de notre A\u00e9roclub d&rsquo;Abbeville-Buigny-Baie-de-Somme ! <\/em><\/strong><\/p>\n\n\n\n<figure class=\"wp-block-image size-large\"><img fetchpriority=\"high\" decoding=\"async\" width=\"1024\" height=\"768\" src=\"http:\/\/aeroclub-abbeville.fr\/wp-content\/uploads\/2021\/03\/Screenshot_2021-03-09-13-Facebook10-1024x768.png\" alt=\"\" class=\"wp-image-4500\" srcset=\"http:\/\/aeroclub-abbeville.fr\/wp-content\/uploads\/2021\/03\/Screenshot_2021-03-09-13-Facebook10-1024x768.png 1024w, http:\/\/aeroclub-abbeville.fr\/wp-content\/uploads\/2021\/03\/Screenshot_2021-03-09-13-Facebook10-480x360.png 480w, http:\/\/aeroclub-abbeville.fr\/wp-content\/uploads\/2021\/03\/Screenshot_2021-03-09-13-Facebook10-768x576.png 768w, http:\/\/aeroclub-abbeville.fr\/wp-content\/uploads\/2021\/03\/Screenshot_2021-03-09-13-Facebook10-1536x1152.png 1536w, http:\/\/aeroclub-abbeville.fr\/wp-content\/uploads\/2021\/03\/Screenshot_2021-03-09-13-Facebook10-624x468.png 624w, http:\/\/aeroclub-abbeville.fr\/wp-content\/uploads\/2021\/03\/Screenshot_2021-03-09-13-Facebook10.png 1760w\" sizes=\"(max-width: 1024px) 100vw, 1024px\" \/><figcaption>Prendre un peu de hauteur, c&rsquo;est pas mal non plus !<\/figcaption><\/figure>\n\n\n\n<p><\/p>\n\n\n\n<p class=\"has-text-align-center\">Vous avez re\u00e7u par courrier tous les papiers n\u00e9cessaires, mais avez vous pens\u00e9 \u00e0 voter et les envoyer pour \u00eatre r\u00e9f\u00e9renc\u00e9s et comptabilis\u00e9s ?<\/p>\n\n\n\n<p class=\"has-text-align-center\"><strong><em>Samedi 13 Mars sera le dernier jour et l&rsquo;apr\u00e8s-midi les choix seront faits !<\/em><\/strong><\/p>\n\n\n\n<p class=\"has-text-align-center\">Pour la gestion, l&rsquo;administration, la s\u00e9curit\u00e9, la repr\u00e9sentation de nos diff\u00e9rentes sp\u00e9cialit\u00e9s, le changements de certains statuts, tout y est ! Il faut les approuver ! Alors foncez ! Il est encore temps de vous pr\u00e9cipiter pour v\u00e9rifier vos papiers, les mettre dans l&rsquo;enveloppe, la coller et la poster !<\/p>\n\n\n\n<p class=\"has-text-align-center\">Sinon en dernier recours, il est possible samedi matin, de venir nous l&rsquo;apporter ou de la d\u00e9poser dans la bo\u00eete pr\u00e9vue \u00e0 cet effet ! Mais c&rsquo;est le dernier d\u00e9lai !<\/p>\n\n\n\n<figure class=\"wp-block-gallery columns-3 is-cropped wp-block-gallery-1 is-layout-flex wp-block-gallery-is-layout-flex\"><ul class=\"blocks-gallery-grid\"><li class=\"blocks-gallery-item\"><figure><img decoding=\"async\" width=\"1024\" height=\"879\" src=\"http:\/\/aeroclub-abbeville.fr\/wp-content\/uploads\/2021\/03\/Screenshot_2021-03-09-13-Facebook3-1024x879.png\" alt=\"\" data-id=\"4501\" data-link=\"http:\/\/aeroclub-abbeville.fr\/?attachment_id=4501\" class=\"wp-image-4501\" srcset=\"http:\/\/aeroclub-abbeville.fr\/wp-content\/uploads\/2021\/03\/Screenshot_2021-03-09-13-Facebook3-1024x879.png 1024w, http:\/\/aeroclub-abbeville.fr\/wp-content\/uploads\/2021\/03\/Screenshot_2021-03-09-13-Facebook3-480x412.png 480w, http:\/\/aeroclub-abbeville.fr\/wp-content\/uploads\/2021\/03\/Screenshot_2021-03-09-13-Facebook3-768x659.png 768w, http:\/\/aeroclub-abbeville.fr\/wp-content\/uploads\/2021\/03\/Screenshot_2021-03-09-13-Facebook3-1536x1318.png 1536w, http:\/\/aeroclub-abbeville.fr\/wp-content\/uploads\/2021\/03\/Screenshot_2021-03-09-13-Facebook3-624x535.png 624w, http:\/\/aeroclub-abbeville.fr\/wp-content\/uploads\/2021\/03\/Screenshot_2021-03-09-13-Facebook3.png 1760w\" sizes=\"(max-width: 1024px) 100vw, 1024px\" \/><\/figure><\/li><li class=\"blocks-gallery-item\"><figure><img decoding=\"async\" width=\"1024\" height=\"930\" src=\"http:\/\/aeroclub-abbeville.fr\/wp-content\/uploads\/2021\/03\/Screenshot_2021-03-09-13-Facebook4-1024x930.png\" alt=\"\" data-id=\"4502\" data-link=\"http:\/\/aeroclub-abbeville.fr\/?attachment_id=4502\" class=\"wp-image-4502\" srcset=\"http:\/\/aeroclub-abbeville.fr\/wp-content\/uploads\/2021\/03\/Screenshot_2021-03-09-13-Facebook4-1024x930.png 1024w, http:\/\/aeroclub-abbeville.fr\/wp-content\/uploads\/2021\/03\/Screenshot_2021-03-09-13-Facebook4-480x436.png 480w, http:\/\/aeroclub-abbeville.fr\/wp-content\/uploads\/2021\/03\/Screenshot_2021-03-09-13-Facebook4-768x697.png 768w, http:\/\/aeroclub-abbeville.fr\/wp-content\/uploads\/2021\/03\/Screenshot_2021-03-09-13-Facebook4-624x566.png 624w, http:\/\/aeroclub-abbeville.fr\/wp-content\/uploads\/2021\/03\/Screenshot_2021-03-09-13-Facebook4.png 1280w\" sizes=\"(max-width: 1024px) 100vw, 1024px\" \/><\/figure><\/li><li class=\"blocks-gallery-item\"><figure><img loading=\"lazy\" decoding=\"async\" width=\"983\" height=\"1024\" src=\"http:\/\/aeroclub-abbeville.fr\/wp-content\/uploads\/2021\/03\/Screenshot_2021-03-09-13-Facebook9-983x1024.png\" alt=\"\" data-id=\"4503\" data-link=\"http:\/\/aeroclub-abbeville.fr\/?attachment_id=4503\" class=\"wp-image-4503\" srcset=\"http:\/\/aeroclub-abbeville.fr\/wp-content\/uploads\/2021\/03\/Screenshot_2021-03-09-13-Facebook9-983x1024.png 983w, http:\/\/aeroclub-abbeville.fr\/wp-content\/uploads\/2021\/03\/Screenshot_2021-03-09-13-Facebook9-461x480.png 461w, http:\/\/aeroclub-abbeville.fr\/wp-content\/uploads\/2021\/03\/Screenshot_2021-03-09-13-Facebook9-768x800.png 768w, http:\/\/aeroclub-abbeville.fr\/wp-content\/uploads\/2021\/03\/Screenshot_2021-03-09-13-Facebook9-624x650.png 624w, http:\/\/aeroclub-abbeville.fr\/wp-content\/uploads\/2021\/03\/Screenshot_2021-03-09-13-Facebook9.png 1450w\" sizes=\"(max-width: 983px) 100vw, 983px\" \/><\/figure><\/li><li class=\"blocks-gallery-item\"><figure><img loading=\"lazy\" decoding=\"async\" width=\"1024\" height=\"768\" src=\"http:\/\/aeroclub-abbeville.fr\/wp-content\/uploads\/2021\/03\/Screenshot_2021-03-09-13-Facebook8-1024x768.png\" alt=\"\" data-id=\"4504\" data-full-url=\"http:\/\/aeroclub-abbeville.fr\/wp-content\/uploads\/2021\/03\/Screenshot_2021-03-09-13-Facebook8.png\" data-link=\"http:\/\/aeroclub-abbeville.fr\/?attachment_id=4504\" class=\"wp-image-4504\" srcset=\"http:\/\/aeroclub-abbeville.fr\/wp-content\/uploads\/2021\/03\/Screenshot_2021-03-09-13-Facebook8-1024x768.png 1024w, http:\/\/aeroclub-abbeville.fr\/wp-content\/uploads\/2021\/03\/Screenshot_2021-03-09-13-Facebook8-480x360.png 480w, http:\/\/aeroclub-abbeville.fr\/wp-content\/uploads\/2021\/03\/Screenshot_2021-03-09-13-Facebook8-768x576.png 768w, http:\/\/aeroclub-abbeville.fr\/wp-content\/uploads\/2021\/03\/Screenshot_2021-03-09-13-Facebook8-1536x1152.png 1536w, http:\/\/aeroclub-abbeville.fr\/wp-content\/uploads\/2021\/03\/Screenshot_2021-03-09-13-Facebook8-624x468.png 624w, http:\/\/aeroclub-abbeville.fr\/wp-content\/uploads\/2021\/03\/Screenshot_2021-03-09-13-Facebook8.png 1760w\" sizes=\"(max-width: 1024px) 100vw, 1024px\" \/><\/figure><\/li><\/ul><figcaption class=\"blocks-gallery-caption\">M\u00eame si on est mal coiff\u00e9, , m\u00eame si on a une question \u00e0 poser, m\u00eame si on se sent circonspect, tous les moyens sont \u00e0 utiliser pour pouvoir voter pour l&rsquo;AG !<\/figcaption><\/figure>\n\n\n\n<p><\/p>\n\n\n\n<p class=\"has-text-align-center\"><strong><em>\u00c0 partir de 17h, il y aura une AG qui se fera en mode visio-conf\u00e9rence sur ZOOM . <\/em><\/strong><\/p>\n\n\n\n<p class=\"has-text-align-center\">Notre pr\u00e9sident vient de vous envoyer par courriel, les indications pour pouvoir y participer, si vous le d\u00e9sirez.  <\/p>\n\n\n\n<p class=\"has-text-align-center\">Alors, on vous y attend en toute amiti\u00e9 !<\/p>\n\n\n\n<p><\/p>\n\n\n\n<div class=\"wp-block-image\"><figure class=\"aligncenter size-large\"><img loading=\"lazy\" decoding=\"async\" width=\"1020\" height=\"1024\" src=\"http:\/\/aeroclub-abbeville.fr\/wp-content\/uploads\/2021\/03\/Screenshot_2021-03-09-13-Facebook2-1020x1024.png\" alt=\"\" class=\"wp-image-4506\" srcset=\"http:\/\/aeroclub-abbeville.fr\/wp-content\/uploads\/2021\/03\/Screenshot_2021-03-09-13-Facebook2-1020x1024.png 1020w, http:\/\/aeroclub-abbeville.fr\/wp-content\/uploads\/2021\/03\/Screenshot_2021-03-09-13-Facebook2-478x480.png 478w, http:\/\/aeroclub-abbeville.fr\/wp-content\/uploads\/2021\/03\/Screenshot_2021-03-09-13-Facebook2-150x150.png 150w, http:\/\/aeroclub-abbeville.fr\/wp-content\/uploads\/2021\/03\/Screenshot_2021-03-09-13-Facebook2-768x771.png 768w, http:\/\/aeroclub-abbeville.fr\/wp-content\/uploads\/2021\/03\/Screenshot_2021-03-09-13-Facebook2-624x627.png 624w, http:\/\/aeroclub-abbeville.fr\/wp-content\/uploads\/2021\/03\/Screenshot_2021-03-09-13-Facebook2.png 1440w\" sizes=\"(max-width: 1020px) 100vw, 1020px\" \/><figcaption>Pr\u00eat \u00e0 voter et \u00e0 participer \u00e0 l&rsquo;AG  !<\/figcaption><\/figure><\/div>\n\n\n\n<p><\/p>\n\n\n\n<p class=\"has-text-align-center\"><strong><em>Belle journ\u00e9e et votez ! Il faut y penser !<\/em><\/strong><\/p>\n\n\n\n<p>\u00c0 samedi, sur l&rsquo;ordi !<\/p>\n\n\n\n<p>Fran\u00e7oise Sockeel <\/p>\n\n\n\n<p><\/p>\n\n\n\n<p><\/p>\n\n\n\n\n","protected":false},"excerpt":{"rendered":"<p>Mardi 9 Mars 2021 \u00c7a y est ! Samedi, c&rsquo;est l&rsquo;Assembl\u00e9e G\u00e9n\u00e9rale de notre A\u00e9roclub d&rsquo;Abbeville-Buigny-Baie-de-Somme ! Vous avez re\u00e7u par courrier tous les papiers n\u00e9cessaires, mais avez vous pens\u00e9 \u00e0 voter et les envoyer pour \u00eatre r\u00e9f\u00e9renc\u00e9s et comptabilis\u00e9s ? Samedi 13 Mars sera le dernier jour et l&rsquo;apr\u00e8s-midi les choix seront faits ! [&hellip;]<\/p>\n","protected":false},"author":211,"featured_media":0,"comment_status":"open","ping_status":"closed","sticky":false,"template":"","format":"standard","meta":{"inline_featured_image":false,"footnotes":""},"categories":[20,2,3,6,12,13,14,15,16,17,18,19],"tags":[],"class_list":["post-4498","post","type-post","status-publish","format-standard","hentry","category-actualites","category-avion","category-club","category-formation","category-meteo","category-planeur","category-presse","category-reglementation","category-securite","category-ulm","category-vie-du-club","category-vol-a-voile"],"_links":{"self":[{"href":"http:\/\/aeroclub-abbeville.fr\/index.php?rest_route=\/wp\/v2\/posts\/4498","targetHints":{"allow":["GET"]}}],"collection":[{"href":"http:\/\/aeroclub-abbeville.fr\/index.php?rest_route=\/wp\/v2\/posts"}],"about":[{"href":"http:\/\/aeroclub-abbeville.fr\/index.php?rest_route=\/wp\/v2\/types\/post"}],"author":[{"embeddable":true,"href":"http:\/\/aeroclub-abbeville.fr\/index.php?rest_route=\/wp\/v2\/users\/211"}],"replies":[{"embeddable":true,"href":"http:\/\/aeroclub-abbeville.fr\/index.php?rest_route=%2Fwp%2Fv2%2Fcomments&post=4498"}],"version-history":[{"count":9,"href":"http:\/\/aeroclub-abbeville.fr\/index.php?rest_route=\/wp\/v2\/posts\/4498\/revisions"}],"predecessor-version":[{"id":4513,"href":"http:\/\/aeroclub-abbeville.fr\/index.php?rest_route=\/wp\/v2\/posts\/4498\/revisions\/4513"}],"wp:attachment":[{"href":"http:\/\/aeroclub-abbeville.fr\/index.php?rest_route=%2Fwp%2Fv2%2Fmedia&parent=4498"}],"wp:term":[{"taxonomy":"category","embeddable":true,"href":"http:\/\/aeroclub-abbeville.fr\/index.php?rest_route=%2Fwp%2Fv2%2Fcategories&post=4498"},{"taxonomy":"post_tag","embeddable":true,"href":"http:\/\/aeroclub-abbeville.fr\/index.php?rest_route=%2Fwp%2Fv2%2Ftags&post=4498"}],"curies":[{"name":"wp","href":"https:\/\/api.w.org\/{rel}","templated":true}]}}