{"id":4563,"date":"2021-03-31T18:45:01","date_gmt":"2021-03-31T17:45:01","guid":{"rendered":"http:\/\/aeroclub-abbeville.fr\/?p=4563"},"modified":"2021-03-31T18:51:51","modified_gmt":"2021-03-31T17:51:51","slug":"laeroclub-dabbeville-buigny-baie-de-somme-a-trouve-10-bonnes-raisons-pour-faire-connaitre-et-celebrer-adrienne-bolland-et-les-100-ans-de-sa-traversee-des-andes","status":"publish","type":"post","link":"http:\/\/aeroclub-abbeville.fr\/?p=4563","title":{"rendered":"L&rsquo;a\u00e9roclub d&rsquo;Abbeville-Buigny-Baie de Somme a trouv\u00e9 10 bonnes raisons pour faire conna\u00eetre et c\u00e9l\u00e9brer Adrienne Bolland et les 100 ans de sa travers\u00e9e des Andes !"},"content":{"rendered":"\n<p>1er Avril 2021<\/p>\n\n\n\n<p class=\"has-text-align-center\">Merci \u00e0 <strong>Christophe Lentz,<\/strong> notre Formateur du BIA, sp\u00e9cialis\u00e9 dans l&rsquo;histoire de l&rsquo;aviation, qui nous a g\u00e9n\u00e9reusement concoct\u00e9 un superbe Diaporama, pour ce m\u00e9morable \u00e9v\u00e8nement !<\/p>\n\n\n\n<figure class=\"wp-block-image size-large\"><img fetchpriority=\"high\" decoding=\"async\" width=\"1024\" height=\"578\" src=\"http:\/\/aeroclub-abbeville.fr\/wp-content\/uploads\/2021\/03\/AD1-1024x578.png\" alt=\"\" class=\"wp-image-4568\" srcset=\"http:\/\/aeroclub-abbeville.fr\/wp-content\/uploads\/2021\/03\/AD1-1024x578.png 1024w, http:\/\/aeroclub-abbeville.fr\/wp-content\/uploads\/2021\/03\/AD1-480x271.png 480w, http:\/\/aeroclub-abbeville.fr\/wp-content\/uploads\/2021\/03\/AD1-768x434.png 768w, http:\/\/aeroclub-abbeville.fr\/wp-content\/uploads\/2021\/03\/AD1-1536x867.png 1536w, http:\/\/aeroclub-abbeville.fr\/wp-content\/uploads\/2021\/03\/AD1-2048x1156.png 2048w, http:\/\/aeroclub-abbeville.fr\/wp-content\/uploads\/2021\/03\/AD1-624x352.png 624w\" sizes=\"(max-width: 1024px) 100vw, 1024px\" \/><\/figure>\n\n\n\n<figure class=\"wp-block-image size-large\"><img decoding=\"async\" width=\"1024\" height=\"587\" src=\"http:\/\/aeroclub-abbeville.fr\/wp-content\/uploads\/2021\/03\/AD2png-1024x587.png\" alt=\"\" class=\"wp-image-4570\" srcset=\"http:\/\/aeroclub-abbeville.fr\/wp-content\/uploads\/2021\/03\/AD2png-1024x587.png 1024w, http:\/\/aeroclub-abbeville.fr\/wp-content\/uploads\/2021\/03\/AD2png-480x275.png 480w, http:\/\/aeroclub-abbeville.fr\/wp-content\/uploads\/2021\/03\/AD2png-768x440.png 768w, http:\/\/aeroclub-abbeville.fr\/wp-content\/uploads\/2021\/03\/AD2png-1536x880.png 1536w, http:\/\/aeroclub-abbeville.fr\/wp-content\/uploads\/2021\/03\/AD2png-2048x1173.png 2048w, http:\/\/aeroclub-abbeville.fr\/wp-content\/uploads\/2021\/03\/AD2png-624x357.png 624w\" sizes=\"(max-width: 1024px) 100vw, 1024px\" \/><\/figure>\n\n\n\n<figure class=\"wp-block-image size-large\"><img decoding=\"async\" width=\"1024\" height=\"590\" src=\"http:\/\/aeroclub-abbeville.fr\/wp-content\/uploads\/2021\/03\/AD3-1024x590.png\" alt=\"\" class=\"wp-image-4572\" srcset=\"http:\/\/aeroclub-abbeville.fr\/wp-content\/uploads\/2021\/03\/AD3-1024x590.png 1024w, http:\/\/aeroclub-abbeville.fr\/wp-content\/uploads\/2021\/03\/AD3-480x276.png 480w, http:\/\/aeroclub-abbeville.fr\/wp-content\/uploads\/2021\/03\/AD3-768x442.png 768w, http:\/\/aeroclub-abbeville.fr\/wp-content\/uploads\/2021\/03\/AD3-1536x884.png 1536w, http:\/\/aeroclub-abbeville.fr\/wp-content\/uploads\/2021\/03\/AD3-2048x1179.png 2048w, http:\/\/aeroclub-abbeville.fr\/wp-content\/uploads\/2021\/03\/AD3-624x359.png 624w\" sizes=\"(max-width: 1024px) 100vw, 1024px\" \/><\/figure>\n\n\n\n<figure class=\"wp-block-image size-large\"><img loading=\"lazy\" decoding=\"async\" width=\"1024\" height=\"599\" src=\"http:\/\/aeroclub-abbeville.fr\/wp-content\/uploads\/2021\/03\/AD4-1024x599.png\" alt=\"\" class=\"wp-image-4573\" srcset=\"http:\/\/aeroclub-abbeville.fr\/wp-content\/uploads\/2021\/03\/AD4-1024x599.png 1024w, http:\/\/aeroclub-abbeville.fr\/wp-content\/uploads\/2021\/03\/AD4-480x281.png 480w, http:\/\/aeroclub-abbeville.fr\/wp-content\/uploads\/2021\/03\/AD4-768x449.png 768w, http:\/\/aeroclub-abbeville.fr\/wp-content\/uploads\/2021\/03\/AD4-1536x898.png 1536w, http:\/\/aeroclub-abbeville.fr\/wp-content\/uploads\/2021\/03\/AD4-2048x1197.png 2048w, http:\/\/aeroclub-abbeville.fr\/wp-content\/uploads\/2021\/03\/AD4-624x365.png 624w\" sizes=\"(max-width: 1024px) 100vw, 1024px\" \/><\/figure>\n\n\n\n<figure class=\"wp-block-image size-large\"><img loading=\"lazy\" decoding=\"async\" width=\"1024\" height=\"600\" src=\"http:\/\/aeroclub-abbeville.fr\/wp-content\/uploads\/2021\/03\/AD5-1024x600.png\" alt=\"\" class=\"wp-image-4574\" srcset=\"http:\/\/aeroclub-abbeville.fr\/wp-content\/uploads\/2021\/03\/AD5-1024x600.png 1024w, http:\/\/aeroclub-abbeville.fr\/wp-content\/uploads\/2021\/03\/AD5-480x281.png 480w, http:\/\/aeroclub-abbeville.fr\/wp-content\/uploads\/2021\/03\/AD5-768x450.png 768w, http:\/\/aeroclub-abbeville.fr\/wp-content\/uploads\/2021\/03\/AD5-1536x899.png 1536w, http:\/\/aeroclub-abbeville.fr\/wp-content\/uploads\/2021\/03\/AD5-2048x1199.png 2048w, http:\/\/aeroclub-abbeville.fr\/wp-content\/uploads\/2021\/03\/AD5-624x365.png 624w\" sizes=\"(max-width: 1024px) 100vw, 1024px\" \/><\/figure>\n\n\n\n<figure class=\"wp-block-image size-large\"><img loading=\"lazy\" decoding=\"async\" width=\"1024\" height=\"603\" src=\"http:\/\/aeroclub-abbeville.fr\/wp-content\/uploads\/2021\/03\/Capture-de\u0301cran-2021-03-31-a\u0300-19.23.50-1024x603.png\" alt=\"\" class=\"wp-image-4576\" srcset=\"http:\/\/aeroclub-abbeville.fr\/wp-content\/uploads\/2021\/03\/Capture-de\u0301cran-2021-03-31-a\u0300-19.23.50-1024x603.png 1024w, http:\/\/aeroclub-abbeville.fr\/wp-content\/uploads\/2021\/03\/Capture-de\u0301cran-2021-03-31-a\u0300-19.23.50-480x283.png 480w, http:\/\/aeroclub-abbeville.fr\/wp-content\/uploads\/2021\/03\/Capture-de\u0301cran-2021-03-31-a\u0300-19.23.50-768x452.png 768w, http:\/\/aeroclub-abbeville.fr\/wp-content\/uploads\/2021\/03\/Capture-de\u0301cran-2021-03-31-a\u0300-19.23.50-1536x904.png 1536w, http:\/\/aeroclub-abbeville.fr\/wp-content\/uploads\/2021\/03\/Capture-de\u0301cran-2021-03-31-a\u0300-19.23.50-2048x1206.png 2048w, http:\/\/aeroclub-abbeville.fr\/wp-content\/uploads\/2021\/03\/Capture-de\u0301cran-2021-03-31-a\u0300-19.23.50-624x367.png 624w\" sizes=\"(max-width: 1024px) 100vw, 1024px\" \/><\/figure>\n\n\n\n<figure class=\"wp-block-image size-large\"><img loading=\"lazy\" decoding=\"async\" width=\"1024\" height=\"589\" src=\"http:\/\/aeroclub-abbeville.fr\/wp-content\/uploads\/2021\/03\/Capture-de\u0301cran-2021-03-31-a\u0300-19.26.15-1024x589.png\" alt=\"\" class=\"wp-image-4577\" srcset=\"http:\/\/aeroclub-abbeville.fr\/wp-content\/uploads\/2021\/03\/Capture-de\u0301cran-2021-03-31-a\u0300-19.26.15-1024x589.png 1024w, http:\/\/aeroclub-abbeville.fr\/wp-content\/uploads\/2021\/03\/Capture-de\u0301cran-2021-03-31-a\u0300-19.26.15-480x276.png 480w, http:\/\/aeroclub-abbeville.fr\/wp-content\/uploads\/2021\/03\/Capture-de\u0301cran-2021-03-31-a\u0300-19.26.15-768x441.png 768w, http:\/\/aeroclub-abbeville.fr\/wp-content\/uploads\/2021\/03\/Capture-de\u0301cran-2021-03-31-a\u0300-19.26.15-1536x883.png 1536w, http:\/\/aeroclub-abbeville.fr\/wp-content\/uploads\/2021\/03\/Capture-de\u0301cran-2021-03-31-a\u0300-19.26.15-2048x1177.png 2048w, http:\/\/aeroclub-abbeville.fr\/wp-content\/uploads\/2021\/03\/Capture-de\u0301cran-2021-03-31-a\u0300-19.26.15-624x359.png 624w\" sizes=\"(max-width: 1024px) 100vw, 1024px\" \/><\/figure>\n\n\n\n<figure class=\"wp-block-image size-large\"><img loading=\"lazy\" decoding=\"async\" width=\"1024\" height=\"585\" src=\"http:\/\/aeroclub-abbeville.fr\/wp-content\/uploads\/2021\/03\/Capture-de\u0301cran-2021-03-31-a\u0300-19.27.37-1024x585.png\" alt=\"\" class=\"wp-image-4579\" srcset=\"http:\/\/aeroclub-abbeville.fr\/wp-content\/uploads\/2021\/03\/Capture-de\u0301cran-2021-03-31-a\u0300-19.27.37-1024x585.png 1024w, http:\/\/aeroclub-abbeville.fr\/wp-content\/uploads\/2021\/03\/Capture-de\u0301cran-2021-03-31-a\u0300-19.27.37-480x274.png 480w, http:\/\/aeroclub-abbeville.fr\/wp-content\/uploads\/2021\/03\/Capture-de\u0301cran-2021-03-31-a\u0300-19.27.37-768x439.png 768w, http:\/\/aeroclub-abbeville.fr\/wp-content\/uploads\/2021\/03\/Capture-de\u0301cran-2021-03-31-a\u0300-19.27.37-1536x878.png 1536w, http:\/\/aeroclub-abbeville.fr\/wp-content\/uploads\/2021\/03\/Capture-de\u0301cran-2021-03-31-a\u0300-19.27.37-2048x1170.png 2048w, http:\/\/aeroclub-abbeville.fr\/wp-content\/uploads\/2021\/03\/Capture-de\u0301cran-2021-03-31-a\u0300-19.27.37-624x357.png 624w\" sizes=\"(max-width: 1024px) 100vw, 1024px\" \/><\/figure>\n\n\n\n<figure class=\"wp-block-image size-large\"><img loading=\"lazy\" decoding=\"async\" width=\"1024\" height=\"586\" src=\"http:\/\/aeroclub-abbeville.fr\/wp-content\/uploads\/2021\/03\/Capture-de\u0301cran-2021-03-31-a\u0300-19.29.27-1024x586.png\" alt=\"\" class=\"wp-image-4581\" srcset=\"http:\/\/aeroclub-abbeville.fr\/wp-content\/uploads\/2021\/03\/Capture-de\u0301cran-2021-03-31-a\u0300-19.29.27-1024x586.png 1024w, http:\/\/aeroclub-abbeville.fr\/wp-content\/uploads\/2021\/03\/Capture-de\u0301cran-2021-03-31-a\u0300-19.29.27-480x275.png 480w, http:\/\/aeroclub-abbeville.fr\/wp-content\/uploads\/2021\/03\/Capture-de\u0301cran-2021-03-31-a\u0300-19.29.27-768x439.png 768w, http:\/\/aeroclub-abbeville.fr\/wp-content\/uploads\/2021\/03\/Capture-de\u0301cran-2021-03-31-a\u0300-19.29.27-1536x879.png 1536w, http:\/\/aeroclub-abbeville.fr\/wp-content\/uploads\/2021\/03\/Capture-de\u0301cran-2021-03-31-a\u0300-19.29.27-2048x1172.png 2048w, http:\/\/aeroclub-abbeville.fr\/wp-content\/uploads\/2021\/03\/Capture-de\u0301cran-2021-03-31-a\u0300-19.29.27-624x357.png 624w\" sizes=\"(max-width: 1024px) 100vw, 1024px\" \/><\/figure>\n\n\n\n<figure class=\"wp-block-image size-large\"><img loading=\"lazy\" decoding=\"async\" width=\"1024\" height=\"599\" src=\"http:\/\/aeroclub-abbeville.fr\/wp-content\/uploads\/2021\/03\/Capture-de\u0301cran-2021-03-31-a\u0300-19.30.35-1024x599.png\" alt=\"\" class=\"wp-image-4582\" srcset=\"http:\/\/aeroclub-abbeville.fr\/wp-content\/uploads\/2021\/03\/Capture-de\u0301cran-2021-03-31-a\u0300-19.30.35-1024x599.png 1024w, http:\/\/aeroclub-abbeville.fr\/wp-content\/uploads\/2021\/03\/Capture-de\u0301cran-2021-03-31-a\u0300-19.30.35-480x281.png 480w, http:\/\/aeroclub-abbeville.fr\/wp-content\/uploads\/2021\/03\/Capture-de\u0301cran-2021-03-31-a\u0300-19.30.35-768x449.png 768w, http:\/\/aeroclub-abbeville.fr\/wp-content\/uploads\/2021\/03\/Capture-de\u0301cran-2021-03-31-a\u0300-19.30.35-1536x898.png 1536w, http:\/\/aeroclub-abbeville.fr\/wp-content\/uploads\/2021\/03\/Capture-de\u0301cran-2021-03-31-a\u0300-19.30.35-2048x1197.png 2048w, http:\/\/aeroclub-abbeville.fr\/wp-content\/uploads\/2021\/03\/Capture-de\u0301cran-2021-03-31-a\u0300-19.30.35-624x365.png 624w\" sizes=\"(max-width: 1024px) 100vw, 1024px\" \/><\/figure>\n\n\n\n<figure class=\"wp-block-image size-large\"><img loading=\"lazy\" decoding=\"async\" width=\"1024\" height=\"603\" src=\"http:\/\/aeroclub-abbeville.fr\/wp-content\/uploads\/2021\/03\/Capture-de\u0301cran-2021-03-31-a\u0300-19.31.47-1024x603.png\" alt=\"\" class=\"wp-image-4584\" srcset=\"http:\/\/aeroclub-abbeville.fr\/wp-content\/uploads\/2021\/03\/Capture-de\u0301cran-2021-03-31-a\u0300-19.31.47-1024x603.png 1024w, http:\/\/aeroclub-abbeville.fr\/wp-content\/uploads\/2021\/03\/Capture-de\u0301cran-2021-03-31-a\u0300-19.31.47-480x282.png 480w, http:\/\/aeroclub-abbeville.fr\/wp-content\/uploads\/2021\/03\/Capture-de\u0301cran-2021-03-31-a\u0300-19.31.47-768x452.png 768w, http:\/\/aeroclub-abbeville.fr\/wp-content\/uploads\/2021\/03\/Capture-de\u0301cran-2021-03-31-a\u0300-19.31.47-1536x904.png 1536w, http:\/\/aeroclub-abbeville.fr\/wp-content\/uploads\/2021\/03\/Capture-de\u0301cran-2021-03-31-a\u0300-19.31.47-2048x1205.png 2048w, http:\/\/aeroclub-abbeville.fr\/wp-content\/uploads\/2021\/03\/Capture-de\u0301cran-2021-03-31-a\u0300-19.31.47-624x367.png 624w\" sizes=\"(max-width: 1024px) 100vw, 1024px\" \/><\/figure>\n\n\n\n<p class=\"has-text-align-center\"><strong><em>En Argentine aussi, on c\u00e9l\u00e8bre le centenaire d&rsquo;un exploit de la Fran\u00e7aise Adrienne Bolland, pionni\u00e8re de l&rsquo;aviation.<\/em><\/strong><\/p>\n\n\n\n<p> <a href=\"https:\/\/www.francetvinfo.fr\/replay-radio\/en-direct-du-monde\/en-argentine-on-celebre-le-centenaire-d-un-exploit-de-la-francaise-adrienne-bolland-pionniere-de-l-aviation_4336117.html#xtor=CS2-765-[autres]-\">https:\/\/www.francetvinfo.fr\/replay-radio\/en-direct-du-monde\/en-argentine-on-celebre-le-centenaire-d-un-exploit-de-la-francaise-adrienne-bolland-pionniere-de-l-aviation_4336117.html#xtor=CS2-765-[autres]-<\/a><\/p>\n\n\n\n<p class=\"has-text-align-center\">Pendant les 2 prochains jours, des visio conf\u00e9rences seront pr\u00e9sent\u00e9es \u00e0 l&rsquo;A\u00e9ro-Club de France et au Mus\u00e9e de l&rsquo;Air en Hommage \u00e0 Adrienne Bolland.<\/p>\n\n\n\n<p class=\"has-text-align-center\">\u00c0 bient\u00f4t pour d&rsquo;autres aventures !<\/p>\n\n\n\n<p>Fran\u00e7oise Sockeel et Christophe Lentz<\/p>\n\n\n\n<p><\/p>\n\n\n\n<p><\/p>\n\n\n","protected":false},"excerpt":{"rendered":"<p>1er Avril 2021 Merci \u00e0 Christophe Lentz, notre Formateur du BIA, sp\u00e9cialis\u00e9 dans l&rsquo;histoire de l&rsquo;aviation, qui nous a g\u00e9n\u00e9reusement concoct\u00e9 un superbe Diaporama, pour ce m\u00e9morable \u00e9v\u00e8nement ! En Argentine aussi, on c\u00e9l\u00e8bre le centenaire d&rsquo;un exploit de la Fran\u00e7aise Adrienne Bolland, pionni\u00e8re de l&rsquo;aviation. https:\/\/www.francetvinfo.fr\/replay-radio\/en-direct-du-monde\/en-argentine-on-celebre-le-centenaire-d-un-exploit-de-la-francaise-adrienne-bolland-pionniere-de-l-aviation_4336117.html#xtor=CS2-765-[autres]- Pendant les 2 prochains jours, des visio conf\u00e9rences [&hellip;]<\/p>\n","protected":false},"author":211,"featured_media":0,"comment_status":"open","ping_status":"closed","sticky":false,"template":"","format":"standard","meta":{"inline_featured_image":false,"footnotes":""},"categories":[20,2,22,3,6,7,8,26,11,13,14,17,18,19,31],"tags":[],"class_list":["post-4563","post","type-post","status-publish","format-standard","hentry","category-actualites","category-avion","category-bia","category-club","category-formation","category-formation_avion","category-formation_planeur","category-histoire","category-manifestations","category-planeur","category-presse","category-ulm","category-vie-du-club","category-vol-a-voile","category-voyages"],"_links":{"self":[{"href":"http:\/\/aeroclub-abbeville.fr\/index.php?rest_route=\/wp\/v2\/posts\/4563","targetHints":{"allow":["GET"]}}],"collection":[{"href":"http:\/\/aeroclub-abbeville.fr\/index.php?rest_route=\/wp\/v2\/posts"}],"about":[{"href":"http:\/\/aeroclub-abbeville.fr\/index.php?rest_route=\/wp\/v2\/types\/post"}],"author":[{"embeddable":true,"href":"http:\/\/aeroclub-abbeville.fr\/index.php?rest_route=\/wp\/v2\/users\/211"}],"replies":[{"embeddable":true,"href":"http:\/\/aeroclub-abbeville.fr\/index.php?rest_route=%2Fwp%2Fv2%2Fcomments&post=4563"}],"version-history":[{"count":15,"href":"http:\/\/aeroclub-abbeville.fr\/index.php?rest_route=\/wp\/v2\/posts\/4563\/revisions"}],"predecessor-version":[{"id":4591,"href":"http:\/\/aeroclub-abbeville.fr\/index.php?rest_route=\/wp\/v2\/posts\/4563\/revisions\/4591"}],"wp:attachment":[{"href":"http:\/\/aeroclub-abbeville.fr\/index.php?rest_route=%2Fwp%2Fv2%2Fmedia&parent=4563"}],"wp:term":[{"taxonomy":"category","embeddable":true,"href":"http:\/\/aeroclub-abbeville.fr\/index.php?rest_route=%2Fwp%2Fv2%2Fcategories&post=4563"},{"taxonomy":"post_tag","embeddable":true,"href":"http:\/\/aeroclub-abbeville.fr\/index.php?rest_route=%2Fwp%2Fv2%2Ftags&post=4563"}],"curies":[{"name":"wp","href":"https:\/\/api.w.org\/{rel}","templated":true}]}}