{"id":4593,"date":"2021-04-08T11:03:52","date_gmt":"2021-04-08T10:03:52","guid":{"rendered":"http:\/\/aeroclub-abbeville.fr\/?p=4593"},"modified":"2021-04-08T11:24:38","modified_gmt":"2021-04-08T10:24:38","slug":"mme-la-maire-de-poitiers-laissez-nous-vivre","status":"publish","type":"post","link":"http:\/\/aeroclub-abbeville.fr\/?p=4593","title":{"rendered":"Mme La Maire de Poitiers, Laissez nous vivre !"},"content":{"rendered":"\n<p>Mardi 6 Avril 2021<\/p>\n\n\n\n<figure class=\"wp-block-image size-large\"><img fetchpriority=\"high\" decoding=\"async\" width=\"777\" height=\"1024\" src=\"http:\/\/aeroclub-abbeville.fr\/wp-content\/uploads\/2021\/04\/Screenshot_2021-04-08-6-Facebook4-777x1024.png\" alt=\"\" class=\"wp-image-4594\" srcset=\"http:\/\/aeroclub-abbeville.fr\/wp-content\/uploads\/2021\/04\/Screenshot_2021-04-08-6-Facebook4-777x1024.png 777w, http:\/\/aeroclub-abbeville.fr\/wp-content\/uploads\/2021\/04\/Screenshot_2021-04-08-6-Facebook4-364x480.png 364w, http:\/\/aeroclub-abbeville.fr\/wp-content\/uploads\/2021\/04\/Screenshot_2021-04-08-6-Facebook4-768x1012.png 768w, http:\/\/aeroclub-abbeville.fr\/wp-content\/uploads\/2021\/04\/Screenshot_2021-04-08-6-Facebook4-624x822.png 624w, http:\/\/aeroclub-abbeville.fr\/wp-content\/uploads\/2021\/04\/Screenshot_2021-04-08-6-Facebook4.png 987w\" sizes=\"(max-width: 777px) 100vw, 777px\" \/><figcaption>Pour nous tous et pour les Associations a\u00e9ronautiques d&rsquo;aide \u00e0 l&rsquo;enfance !<\/figcaption><\/figure>\n\n\n\n<p><\/p>\n\n\n\n<p class=\"has-text-align-center\"><strong><em>Laissez nous vivre !<\/em><\/strong><br>La Sentence de Mme la Maire de Poitiers est une honte !<br>L\u2019ann\u00e9e derni\u00e8re, l&rsquo;a\u00e9roclub d&rsquo;Abbeville Baie de Somme a particip\u00e9 avec le plus grand plaisir \u00e0 un \u00e9v\u00e9nement de l\u2019une de ces associations \u00ab R\u00eaves de Gosse \u00bb en leur pr\u00eatant un de nos avions.<br>Quelle joie dans le regard de ces jeunes malades et leurs accompagnants et quelle fiert\u00e9 pour nous d\u2019avoir pu enrichir leur go\u00fbt de vivre et de lutter pour leur r\u00eave d\u2019avenir.<br>Que dirons nous \u00e0 nos propres enfants plus tard lorsqu\u2019ils nous parleront de leurs espoirs ?<br>Mme la Maire n\u2019a aucun pouvoir sur les r\u00eaves qui permettent aux enfants ou aux adultes de survivre !<br>Laissez nous vivre, survivre et oser vivre nos r\u00eaves, comme tant de Femmes et Hommes l\u2019ont os\u00e9 avant nous, avec audace et passion, comme les Pionniers de l\u2019a\u00e9ronautique dans notre r\u00e9gion Picarde, dont les qualit\u00e9s nous portent encore aujourd\u2019hui !!!<br>Haut les c\u0153urs pour notre libert\u00e9 de voler !<\/p>\n\n\n\n<div class=\"wp-block-image\"><figure class=\"aligncenter size-large is-resized\"><img decoding=\"async\" src=\"http:\/\/aeroclub-abbeville.fr\/wp-content\/uploads\/2021\/04\/Screenshot_2021-04-08-6-Facebook2-1024x804.png\" alt=\"\" class=\"wp-image-4599\" width=\"512\" height=\"402\" srcset=\"http:\/\/aeroclub-abbeville.fr\/wp-content\/uploads\/2021\/04\/Screenshot_2021-04-08-6-Facebook2-1024x804.png 1024w, http:\/\/aeroclub-abbeville.fr\/wp-content\/uploads\/2021\/04\/Screenshot_2021-04-08-6-Facebook2-480x377.png 480w, http:\/\/aeroclub-abbeville.fr\/wp-content\/uploads\/2021\/04\/Screenshot_2021-04-08-6-Facebook2-768x603.png 768w, http:\/\/aeroclub-abbeville.fr\/wp-content\/uploads\/2021\/04\/Screenshot_2021-04-08-6-Facebook2-1536x1206.png 1536w, http:\/\/aeroclub-abbeville.fr\/wp-content\/uploads\/2021\/04\/Screenshot_2021-04-08-6-Facebook2-624x490.png 624w, http:\/\/aeroclub-abbeville.fr\/wp-content\/uploads\/2021\/04\/Screenshot_2021-04-08-6-Facebook2.png 1655w\" sizes=\"(max-width: 512px) 100vw, 512px\" \/><\/figure><\/div>\n\n\n\n<p class=\"has-text-align-center\">Et lui, Mme la Maire de Poitiers,<br>Vous ne pensez pas qu\u2019il en a r\u00eav\u00e9 ?<br>Merci Thomas d\u2019avoir os\u00e9 y croire<br>Et d\u2019avoir r\u00e9alis\u00e9 vos r\u00eaves !<\/p>\n\n\n\n<div class=\"wp-block-image\"><figure class=\"aligncenter size-large is-resized\"><img decoding=\"async\" src=\"http:\/\/aeroclub-abbeville.fr\/wp-content\/uploads\/2021\/04\/Screenshot_2021-04-08-6-Facebook3-568x1024.png\" alt=\"\" class=\"wp-image-4595\" width=\"568\" height=\"1024\" srcset=\"http:\/\/aeroclub-abbeville.fr\/wp-content\/uploads\/2021\/04\/Screenshot_2021-04-08-6-Facebook3-568x1024.png 568w, http:\/\/aeroclub-abbeville.fr\/wp-content\/uploads\/2021\/04\/Screenshot_2021-04-08-6-Facebook3-266x480.png 266w, http:\/\/aeroclub-abbeville.fr\/wp-content\/uploads\/2021\/04\/Screenshot_2021-04-08-6-Facebook3-624x1124.png 624w, http:\/\/aeroclub-abbeville.fr\/wp-content\/uploads\/2021\/04\/Screenshot_2021-04-08-6-Facebook3.png 721w\" sizes=\"(max-width: 568px) 100vw, 568px\" \/><figcaption>Thomas Pesquet, Pilote ,Spationaute, Cosmonaute !<\/figcaption><\/figure><\/div>\n\n\n\n<p><\/p>\n\n\n\n<p class=\"has-text-align-center\"><strong><em>Oui, je la laisserai toujours r\u00eaver !<\/em><\/strong><br>Et je ferais tout pour l\u2019aider \u00e0 r\u00e9aliser ses r\u00eaves !<br>\u00ab Bonjour Monsieur, Je peux monter dans ton bel avion bleu ? \u00bb<br>Violette, 5 ans \u00e0 Abbeville.<\/p>\n\n\n\n<figure class=\"wp-block-gallery columns-1 is-cropped wp-block-gallery-1 is-layout-flex wp-block-gallery-is-layout-flex\"><ul class=\"blocks-gallery-grid\"><li class=\"blocks-gallery-item\"><figure><img loading=\"lazy\" decoding=\"async\" width=\"1024\" height=\"768\" src=\"http:\/\/aeroclub-abbeville.fr\/wp-content\/uploads\/2021\/04\/Screenshot_2021-04-08-6-Facebook-1024x768.png\" alt=\"\" data-id=\"4596\" class=\"wp-image-4596\" srcset=\"http:\/\/aeroclub-abbeville.fr\/wp-content\/uploads\/2021\/04\/Screenshot_2021-04-08-6-Facebook-1024x768.png 1024w, http:\/\/aeroclub-abbeville.fr\/wp-content\/uploads\/2021\/04\/Screenshot_2021-04-08-6-Facebook-480x360.png 480w, http:\/\/aeroclub-abbeville.fr\/wp-content\/uploads\/2021\/04\/Screenshot_2021-04-08-6-Facebook-768x576.png 768w, http:\/\/aeroclub-abbeville.fr\/wp-content\/uploads\/2021\/04\/Screenshot_2021-04-08-6-Facebook-1536x1152.png 1536w, http:\/\/aeroclub-abbeville.fr\/wp-content\/uploads\/2021\/04\/Screenshot_2021-04-08-6-Facebook-624x468.png 624w, http:\/\/aeroclub-abbeville.fr\/wp-content\/uploads\/2021\/04\/Screenshot_2021-04-08-6-Facebook.png 1733w\" sizes=\"(max-width: 1024px) 100vw, 1024px\" \/><\/figure><\/li><\/ul><\/figure>\n\n\n\n<figure class=\"wp-block-image size-large\"><img loading=\"lazy\" decoding=\"async\" width=\"1024\" height=\"768\" src=\"http:\/\/aeroclub-abbeville.fr\/wp-content\/uploads\/2021\/04\/Screenshot_2021-04-08-6-Facebook1-1-1024x768.png\" alt=\"\" class=\"wp-image-4598\" srcset=\"http:\/\/aeroclub-abbeville.fr\/wp-content\/uploads\/2021\/04\/Screenshot_2021-04-08-6-Facebook1-1-1024x768.png 1024w, http:\/\/aeroclub-abbeville.fr\/wp-content\/uploads\/2021\/04\/Screenshot_2021-04-08-6-Facebook1-1-480x360.png 480w, http:\/\/aeroclub-abbeville.fr\/wp-content\/uploads\/2021\/04\/Screenshot_2021-04-08-6-Facebook1-1-768x576.png 768w, http:\/\/aeroclub-abbeville.fr\/wp-content\/uploads\/2021\/04\/Screenshot_2021-04-08-6-Facebook1-1-1536x1152.png 1536w, http:\/\/aeroclub-abbeville.fr\/wp-content\/uploads\/2021\/04\/Screenshot_2021-04-08-6-Facebook1-1-624x468.png 624w, http:\/\/aeroclub-abbeville.fr\/wp-content\/uploads\/2021\/04\/Screenshot_2021-04-08-6-Facebook1-1.png 1733w\" sizes=\"(max-width: 1024px) 100vw, 1024px\" \/><figcaption>Osez la regarder en face et lui supprimer ses r\u00eaves !<\/figcaption><\/figure>\n\n\n\n<p><\/p>\n\n\n\n<p class=\"has-text-align-center\">Nous tiendrons bon, nous \u00e9voluerons et nous continuerons \u00e0 former ces \u00e9l\u00e8ves qui porteront haut les valeurs de l&rsquo;a\u00e9ronautique, celles de nos Aviateurs Aventuriers Picards, ces merveilleux cr\u00e9ateurs visionnaires !<\/p>\n\n\n\n<p class=\"has-text-align-center\">La D\u00e9clinaison du R\u00eave ! <\/p>\n\n\n\n<p class=\"has-text-align-center\">Comme un oiseau ! Je r\u00eave, tu oses, elle d\u00e9colle,  nous volons, vous planez, ils vivent, en toute libert\u00e9, intens\u00e9ment, enfin !<\/p>\n\n\n\n<p>Fran\u00e7oise Sockeel<\/p>\n\n\n\n<p>Cr\u00e9dit photos : Facebook, Fran\u00e7oise Sockeel<\/p>\n\n\n\n<p><\/p>\n\n\n","protected":false},"excerpt":{"rendered":"<p>Mardi 6 Avril 2021 Laissez nous vivre !La Sentence de Mme la Maire de Poitiers est une honte !L\u2019ann\u00e9e derni\u00e8re, l&rsquo;a\u00e9roclub d&rsquo;Abbeville Baie de Somme a particip\u00e9 avec le plus grand plaisir \u00e0 un \u00e9v\u00e9nement de l\u2019une de ces associations \u00ab R\u00eaves de Gosse \u00bb en leur pr\u00eatant un de nos avions.Quelle joie dans le [&hellip;]<\/p>\n","protected":false},"author":211,"featured_media":0,"comment_status":"open","ping_status":"closed","sticky":false,"template":"","format":"standard","meta":{"inline_featured_image":false,"footnotes":""},"categories":[20,2,22,3,4,5,6,7,8,26,11,13,14,15,17,18,19,31],"tags":[],"class_list":["post-4593","post","type-post","status-publish","format-standard","hentry","category-actualites","category-avion","category-bia","category-club","category-competitions","category-entretien","category-formation","category-formation_avion","category-formation_planeur","category-histoire","category-manifestations","category-planeur","category-presse","category-reglementation","category-ulm","category-vie-du-club","category-vol-a-voile","category-voyages"],"_links":{"self":[{"href":"http:\/\/aeroclub-abbeville.fr\/index.php?rest_route=\/wp\/v2\/posts\/4593","targetHints":{"allow":["GET"]}}],"collection":[{"href":"http:\/\/aeroclub-abbeville.fr\/index.php?rest_route=\/wp\/v2\/posts"}],"about":[{"href":"http:\/\/aeroclub-abbeville.fr\/index.php?rest_route=\/wp\/v2\/types\/post"}],"author":[{"embeddable":true,"href":"http:\/\/aeroclub-abbeville.fr\/index.php?rest_route=\/wp\/v2\/users\/211"}],"replies":[{"embeddable":true,"href":"http:\/\/aeroclub-abbeville.fr\/index.php?rest_route=%2Fwp%2Fv2%2Fcomments&post=4593"}],"version-history":[{"count":12,"href":"http:\/\/aeroclub-abbeville.fr\/index.php?rest_route=\/wp\/v2\/posts\/4593\/revisions"}],"predecessor-version":[{"id":4613,"href":"http:\/\/aeroclub-abbeville.fr\/index.php?rest_route=\/wp\/v2\/posts\/4593\/revisions\/4613"}],"wp:attachment":[{"href":"http:\/\/aeroclub-abbeville.fr\/index.php?rest_route=%2Fwp%2Fv2%2Fmedia&parent=4593"}],"wp:term":[{"taxonomy":"category","embeddable":true,"href":"http:\/\/aeroclub-abbeville.fr\/index.php?rest_route=%2Fwp%2Fv2%2Fcategories&post=4593"},{"taxonomy":"post_tag","embeddable":true,"href":"http:\/\/aeroclub-abbeville.fr\/index.php?rest_route=%2Fwp%2Fv2%2Ftags&post=4593"}],"curies":[{"name":"wp","href":"https:\/\/api.w.org\/{rel}","templated":true}]}}