{"id":463,"date":"2011-09-11T11:18:27","date_gmt":"2011-09-11T10:18:27","guid":{"rendered":"http:\/\/aeroclub-abbeville.fr\/?p=463"},"modified":"2014-03-11T11:34:14","modified_gmt":"2014-03-11T10:34:14","slug":"voyage-en-corse","status":"publish","type":"post","link":"http:\/\/aeroclub-abbeville.fr\/?p=463","title":{"rendered":"Voyage en Corse, septembre 2011"},"content":{"rendered":"<div id=\"attachment_467\" style=\"width: 603px\" class=\"wp-caption aligncenter\"><img fetchpriority=\"high\" decoding=\"async\" aria-describedby=\"caption-attachment-467\" class=\"wp-image-467 \" title=\"Les \u00e9quipages\" alt=\"P1040591\" src=\"http:\/\/aeroclub-abbeville.fr\/wp-content\/uploads\/2011\/09\/P1040591.jpg\" width=\"593\" height=\"328\" \/><p id=\"caption-attachment-467\" class=\"wp-caption-text\">Philippe,Dominique,Jean-Marie,Jean-Jacques,Annie, Jenny<\/p><\/div>\n<p style=\"text-align: left;\">Deux \u00e9quipages sur deux avions du club, Kilo Lima et Bravo Echo, pour une semaine vers l&rsquo;\u00eele de beaut\u00e9.<!--more--><br \/>\n<strong>Dimanche 11 septembre :<\/strong> Abbeville &#8211; Calvi via Auxerre et Mont\u00e9limar. Trois \u00e9tapes d&rsquo;environ 2 h chacune. Nous fuyons devant le front froid porteur de pluies et de plafonds bas. A Auxerre nous avitaillons sous une petite pluie mais un sac d&rsquo;eau nous tombe dessus \u00e0 la remise en route. Non sans h\u00e9sitation, je d\u00e9colle derri\u00e8re le Cessna. En l\u2019air on y voit plus clair, et, une fois franchis les reliefs qui nous s\u00e9parent de la vall\u00e9e de la Sa\u00f4ne, c&rsquo;est gagn\u00e9 ! Avitaillement \u00e0 Mont\u00e9limar et d\u00e9collage pour l&rsquo;ultime \u00e9tape via le Ventoux, la Provence, Saint Tropez et la M\u00e9diterran\u00e9e. Atterrissage vers 17 h 30 \u00e0 Calvi apr\u00e8s une travers\u00e9e maritime d&rsquo;une heure. Nous sommes heureux d&rsquo;avoir fait ce voyage ; Une premi\u00e8re pour chacun de nous.<\/p>\n<div id=\"attachment_465\" style=\"width: 397px\" class=\"wp-caption aligncenter\"><a href=\"http:\/\/aeroclub-abbeville.fr\/wp-content\/uploads\/2011\/09\/2011-09-16-11.42.50.jpg\"><img decoding=\"async\" aria-describedby=\"caption-attachment-465\" class=\"wp-image-465 \" title=\"Le mont Ventoux\" alt=\"Ventoux\" src=\"http:\/\/aeroclub-abbeville.fr\/wp-content\/uploads\/2011\/09\/2011-09-16-11.42.50.jpg\" width=\"387\" height=\"290\" srcset=\"http:\/\/aeroclub-abbeville.fr\/wp-content\/uploads\/2011\/09\/2011-09-16-11.42.50.jpg 800w, http:\/\/aeroclub-abbeville.fr\/wp-content\/uploads\/2011\/09\/2011-09-16-11.42.50-300x225.jpg 300w, http:\/\/aeroclub-abbeville.fr\/wp-content\/uploads\/2011\/09\/2011-09-16-11.42.50-624x468.jpg 624w\" sizes=\"(max-width: 387px) 100vw, 387px\" \/><\/a><p id=\"caption-attachment-465\" class=\"wp-caption-text\">Le mont Ventoux<\/p><\/div>\n<p style=\"text-align: left;\"><strong>Mardi 13 :<\/strong> Nos deux avions descendent \u00e0 Ajaccio pour retrouver des amis auxquels Jean-Marie, chez qui nous logeons, a promis un bapt\u00eame de l&rsquo;air. Jean-Marie est aux commandes. D\u00e9jeuner sur la plage de Porticcio et retour \u00e0 l&rsquo;a\u00e9roport. Les deux avions emportent les amis pour un local d&rsquo;une heure sur le littoral. Retour vers Calvi en fin d&rsquo;apr\u00e8s-midi. L&rsquo;appareil photo chauffe !<\/p>\n<p style=\"text-align: left;\"><a href=\"http:\/\/aeroclub-abbeville.fr\/wp-content\/uploads\/2011\/09\/IMG_0390.jpg\"><img decoding=\"async\" class=\"wp-image-466 aligncenter\" alt=\"IMG_0390\" src=\"http:\/\/aeroclub-abbeville.fr\/wp-content\/uploads\/2011\/09\/IMG_0390.jpg\" width=\"373\" height=\"279\" srcset=\"http:\/\/aeroclub-abbeville.fr\/wp-content\/uploads\/2011\/09\/IMG_0390.jpg 800w, http:\/\/aeroclub-abbeville.fr\/wp-content\/uploads\/2011\/09\/IMG_0390-300x225.jpg 300w, http:\/\/aeroclub-abbeville.fr\/wp-content\/uploads\/2011\/09\/IMG_0390-624x468.jpg 624w\" sizes=\"(max-width: 373px) 100vw, 373px\" \/><\/a><\/p>\n<p style=\"text-align: left;\"><strong>Mercredi 14 :<\/strong> D\u00e9collage de Calvi pour longer le d\u00e9sert des Agriates au nord. A la hauteur de Saint Florent, cap au sud pour monter en niveau afin d&rsquo;\u00e9viter le relief. Dans le Cessna, Dominique et Jean-Jacques renoncent \u00e0 faire le Cap Corse pour nous suivre. Bastia info nous demande d&rsquo;\u00e9viter une zone militaire active avec tirs r\u00e9els. Nous montons entre les sommets et passons Corte au niveau 75.<\/p>\n<p style=\"text-align: left;\"><a href=\"http:\/\/aeroclub-abbeville.fr\/wp-content\/uploads\/2011\/09\/P1040623.jpg\"><img loading=\"lazy\" decoding=\"async\" class=\"wp-image-468 aligncenter\" alt=\"P1040623\" src=\"http:\/\/aeroclub-abbeville.fr\/wp-content\/uploads\/2011\/09\/P1040623.jpg\" width=\"381\" height=\"271\" srcset=\"http:\/\/aeroclub-abbeville.fr\/wp-content\/uploads\/2011\/09\/P1040623.jpg 800w, http:\/\/aeroclub-abbeville.fr\/wp-content\/uploads\/2011\/09\/P1040623-300x213.jpg 300w, http:\/\/aeroclub-abbeville.fr\/wp-content\/uploads\/2011\/09\/P1040623-624x443.jpg 624w\" sizes=\"(max-width: 381px) 100vw, 381px\" \/><\/a> Au niveau 95 c\u2019est toute la Corse que nous voyons sous nos ailes. \u00e0 notre droite la Baie d&rsquo;Ajaccio. Sur notre gauche la c\u00f4te est et vers le sud on devine la Sardaigne. A la hauteur des Aiguilles de Bavella nous entamons une descente vers Porto-Veccio. Cap sur les \u00eeles Lavezzi en passant au dessus des plus belles plages de l&rsquo;\u00eele. Nous d\u00e9couvrons l&rsquo;extraordinaire site de Bonifacio puis nous nous posons \u00e0 Figari. Apr\u00e8s un bref casse-cro\u00fbte sur le tarmac nous repartons pour Calvi non sans avoir fait un crochet au sud pour admirer encore une fois le site de Bonifacio et des Lavezzi. La c\u00f4te ouest est superbe : Propriano, Baie d&rsquo;Ajaccio, golfe de Sagone, golfe de Porto avec les calanches de Piana et la r\u00e9serve de Scandola, golfe de Galeria. Puis c&rsquo;est l&rsquo;arriv\u00e9e sur Calvi par les points de report Sierra et whisky avec atterrissage face \u00e0 la mer sur la piste 36.<a href=\"http:\/\/aeroclub-abbeville.fr\/wp-content\/uploads\/2011\/09\/P1040729.jpg\"><img loading=\"lazy\" decoding=\"async\" class=\"wp-image-469 aligncenter\" alt=\"P1040729\" src=\"http:\/\/aeroclub-abbeville.fr\/wp-content\/uploads\/2011\/09\/P1040729.jpg\" width=\"397\" height=\"298\" srcset=\"http:\/\/aeroclub-abbeville.fr\/wp-content\/uploads\/2011\/09\/P1040729.jpg 800w, http:\/\/aeroclub-abbeville.fr\/wp-content\/uploads\/2011\/09\/P1040729-300x225.jpg 300w, http:\/\/aeroclub-abbeville.fr\/wp-content\/uploads\/2011\/09\/P1040729-624x468.jpg 624w\" sizes=\"(max-width: 397px) 100vw, 397px\" \/><\/a><\/p>\n<p style=\"text-align: left;\"><strong>vendredi 16 :<\/strong> Retour vers Abbeville. Le matin les pr\u00e9visions ne sont plus aussi bonnes que la veille. Un front chaud est annonc\u00e9 en fin d&rsquo;apr\u00e8s-midi avec des averses et des orages isol\u00e9s. Il ne faut pas tra\u00eener. D\u00e9collage vers 10 h de Calvi pour Mont\u00e9limar o\u00f9 nous comptons avitailler. La travers\u00e9e est aussi belle et aussi impressionnante qu&rsquo;\u00e0 l&rsquo;aller. Comme \u00e0 l&rsquo;aller nous sommes sous plan de vol obligatoire et les contr\u00f4leurs sont plut\u00f4t coop\u00e9ratifs. Bien occup\u00e9 par la gestion du vol, j&rsquo;ai tout de m\u00eame le temps de voir le Luberon (tout petit) la Montagne Sainte-Victoire et surtout le majestueux Mont Ventoux qui est aujourd&rsquo;hui d\u00e9gag\u00e9 des nuages. A Mont\u00e9limar nous ne pouvons avitailler car la pompe est ferm\u00e9e et n&rsquo;ouvrira pas avant 14 h 30. On d\u00e9jeune au restaurant et on repart aussit\u00f4t pour avitailler \u00e0 Ch\u00e2lon. Derni\u00e8re \u00e9tape pour rentrer directement \u00e0 Abbeville via Troyes, Soissons, Noyon, Roye et Amiens. Nous arrivons peu avant 18h. J&rsquo;appelle ma fille \u00e0 Lyon. Il pleut ! Nous avons bien fait de ne pas tra\u00eener. Nous avons tous le sourire. Nous sommes heureux d&rsquo;avoir fait sans incident ce beau voyage qui marquera nos vies de pilotes.<\/p>\n<p style=\"text-align: left;\"><strong>Notes :<\/strong><br \/>\n&#8211; Les trois a\u00e9rodromes que nous avons fr\u00e9quent\u00e9s en Corse, Ajaccio Calvi et Figari, sont des plate-formes commerciales. Cela signifie taxes \u00e9lev\u00e9es et handling obligatoire (on vient nous chercher \u00e0 l&rsquo;avion en minibus et on nous d\u00e9pose \u00e0 l&rsquo;a\u00e9rogare, pas question de divaguer \u00e0 pied sur le tarmac pr\u00e8s des avions commerciaux). On passe syst\u00e9matiquement au contr\u00f4le d&#8217;embarquement comme les passagers ordinaires. En tant que pilote j&rsquo;ai pu passer tout de m\u00eame mon couteau suisse et mon Lethaermann. \u00e0 Calvi j&rsquo;ai pay\u00e9 60\u20ac pour 3 atterrissages et 4 jours de parking. A Ajaccio c&rsquo;est plus cher 60\u20ac pour deux atterrissages et quelques heures de parking.<br \/>\n&#8211; Le <em>GPS<\/em> facilite consid\u00e9rablement la navigation lorsque l&rsquo;on vole dans des r\u00e9gions qui ne nous sont pas famili\u00e8res. Il est bien plus facile de r\u00e9agir rapidement aux instructions des contr\u00f4leurs qui demandent de modifier la route pr\u00e9vue pour se conformer aux imp\u00e9ratifs du moment. Cela n&#8217;emp\u00eache pas de suivre en permanence la route sur la carte.<\/p>\n<p style=\"text-align: left;\">&#8211; <em>Travers\u00e9es maritimes<\/em> : Des appr\u00e9hensions avant, des frissons r\u00e9trospectifs et du bonheur sur le moment. On a beau prendre des pr\u00e9cautions, le risque existe et la panne moteur est toujours possible. Nous \u00e9tions sous plan de vol en liaison permanente avec le contr\u00f4le a\u00e9rien. Nous portions nos gilets. Sur le mien j&rsquo;avais un petit miroir de survie, une lampe frontale et une balise individuelle. Le Cessna avait \u00e0 son bord un radeau de survie. Sur les conseils de mon instructeur, j&rsquo;avais pens\u00e9 acheter un simple canot gonflable de plage. Bien moins cher et toujours mieux que rien. Je n&rsquo;en ai malheureusement pas trouv\u00e9 \u00e0 temps. Il peut arriver que le voile atmosph\u00e9rique rende la perception de l&rsquo;horizon incertaine. Dans ce cas on se retrouve dans des conditions proches du vol sans visibilit\u00e9 avec tous les risques que cela comporte. Je m&rsquo;\u00e9tais entra\u00een\u00e9 peu avant \u00e0 cet exercice en compagnie de J\u00e9r\u00f4me lors d&rsquo;un vol Abbeville Epernay. Heureusement la visibilit\u00e9 est rest\u00e9e excellente. L&rsquo;horizon \u00e9tait bien marqu\u00e9 par des fines lignes de nuages.<\/p>\n<div id=\"attachment_473\" style=\"width: 406px\" class=\"wp-caption aligncenter\"><a href=\"http:\/\/aeroclub-abbeville.fr\/wp-content\/uploads\/2011\/09\/2011-09-16-10.31.00.jpg\"><img loading=\"lazy\" decoding=\"async\" aria-describedby=\"caption-attachment-473\" class=\"wp-image-473 \" title=\"Entre Calvi et ST Tropez au niveau 65\" alt=\"2011-09-16 10.31.00\" src=\"http:\/\/aeroclub-abbeville.fr\/wp-content\/uploads\/2011\/09\/2011-09-16-10.31.00.jpg\" width=\"396\" height=\"528\" srcset=\"http:\/\/aeroclub-abbeville.fr\/wp-content\/uploads\/2011\/09\/2011-09-16-10.31.00.jpg 600w, http:\/\/aeroclub-abbeville.fr\/wp-content\/uploads\/2011\/09\/2011-09-16-10.31.00-225x300.jpg 225w\" sizes=\"(max-width: 396px) 100vw, 396px\" \/><\/a><p id=\"caption-attachment-473\" class=\"wp-caption-text\">Le point minuscule sous l&rsquo;aile c&rsquo;est Kilo Lima<\/p><\/div>\n<p style=\"text-align: left;\">&#8211; Avec le recul on peut dire que nous avons eu beaucoup de chance avec la m\u00e9t\u00e9o. Les dates \u00e9taient bien choisies. La semaine suivante l&rsquo;\u00eele \u00e9tait balay\u00e9e par des vents atteignant pr\u00e8s de 50 kts !<br \/>\n&#8211; Au total les deux avions auront accumul\u00e9 36 heures de vol en 6 jours. &#8211; Les participants : Sur le Cessna F-HABE : Dominique, Jean-Jacques et Jenny. Sur le DR400 F-GLKL : Philippe et Annie. Sur Place :Jean-Marie et Maryse.<\/p>\n<p style=\"text-align: right;\">Philippe Pallu<\/p>\n<p style=\"text-align: center;\">Diaporama<\/p>\n<p><embed type=\"application\/x-shockwave-flash\" src=\"https:\/\/photos.gstatic.com\/media\/slideshow.swf\" width=\"600\" height=\"400\" flashvars=\"host=picasaweb.google.com&#038;captions=1&#038;hl=fr&#038;feat=flashalbum&#038;RGB=0x000000&#038;feed=https%3A%2F%2Fpicasaweb.google.com%2Fdata%2Ffeed%2Fapi%2Fuser%2Faeroclub.abbeville%2Falbumid%2F5653270419926004225%3Falt%3Drss%26kind%3Dphoto%26hl%3Dfr\" pluginspage=\"http:\/\/www.macromedia.com\/go\/getflashplayer\"><\/embed><\/p>\n<p>Ces photos sont \u00e9galement <a href=\"https:\/\/picasaweb.google.com\/aeroclub.abbeville\/20110916Corse#slideshow\/5653270440658920210\" target=\"_blank\"> \u00e0 voir ICI sur PICASA<\/a><\/p>\n<p>&nbsp;<\/p>\n","protected":false},"excerpt":{"rendered":"<p>Deux \u00e9quipages sur deux avions du club, Kilo Lima et Bravo Echo, pour une semaine vers l&rsquo;\u00eele de beaut\u00e9.<\/p>\n","protected":false},"author":2,"featured_media":0,"comment_status":"open","ping_status":"open","sticky":false,"template":"","format":"standard","meta":{"inline_featured_image":false,"footnotes":""},"categories":[2,31],"tags":[],"class_list":["post-463","post","type-post","status-publish","format-standard","hentry","category-avion","category-voyages"],"_links":{"self":[{"href":"http:\/\/aeroclub-abbeville.fr\/index.php?rest_route=\/wp\/v2\/posts\/463","targetHints":{"allow":["GET"]}}],"collection":[{"href":"http:\/\/aeroclub-abbeville.fr\/index.php?rest_route=\/wp\/v2\/posts"}],"about":[{"href":"http:\/\/aeroclub-abbeville.fr\/index.php?rest_route=\/wp\/v2\/types\/post"}],"author":[{"embeddable":true,"href":"http:\/\/aeroclub-abbeville.fr\/index.php?rest_route=\/wp\/v2\/users\/2"}],"replies":[{"embeddable":true,"href":"http:\/\/aeroclub-abbeville.fr\/index.php?rest_route=%2Fwp%2Fv2%2Fcomments&post=463"}],"version-history":[{"count":9,"href":"http:\/\/aeroclub-abbeville.fr\/index.php?rest_route=\/wp\/v2\/posts\/463\/revisions"}],"predecessor-version":[{"id":584,"href":"http:\/\/aeroclub-abbeville.fr\/index.php?rest_route=\/wp\/v2\/posts\/463\/revisions\/584"}],"wp:attachment":[{"href":"http:\/\/aeroclub-abbeville.fr\/index.php?rest_route=%2Fwp%2Fv2%2Fmedia&parent=463"}],"wp:term":[{"taxonomy":"category","embeddable":true,"href":"http:\/\/aeroclub-abbeville.fr\/index.php?rest_route=%2Fwp%2Fv2%2Fcategories&post=463"},{"taxonomy":"post_tag","embeddable":true,"href":"http:\/\/aeroclub-abbeville.fr\/index.php?rest_route=%2Fwp%2Fv2%2Ftags&post=463"}],"curies":[{"name":"wp","href":"https:\/\/api.w.org\/{rel}","templated":true}]}}