{"id":4703,"date":"2021-05-11T17:14:35","date_gmt":"2021-05-11T16:14:35","guid":{"rendered":"http:\/\/aeroclub-abbeville.fr\/?p=4703"},"modified":"2021-05-12T08:02:18","modified_gmt":"2021-05-12T07:02:18","slug":"un-record-dans-les-hauts-de-france-cest-a-abbeville-et-cest-encore-un-defi-gagne-par-alexandre-le-bienheureux","status":"publish","type":"post","link":"http:\/\/aeroclub-abbeville.fr\/?p=4703","title":{"rendered":"Un Record dans les Hauts de France ! C&rsquo;est \u00e0 Abbeville ! Et c&rsquo;est encore un d\u00e9fi gagn\u00e9 par \u00ab\u00a0Alexandre, le Bienheureux !\u00a0\u00bb"},"content":{"rendered":"\n<p>Vendredi 7 Mai 2021<\/p>\n\n\n\n<div class=\"wp-block-image\"><figure class=\"aligncenter size-large is-resized\"><img fetchpriority=\"high\" decoding=\"async\" src=\"http:\/\/aeroclub-abbeville.fr\/wp-content\/uploads\/2021\/05\/4DA7DB69453B43D3A79CD69BB5A5E097-1024x701.jpg\" alt=\"\" class=\"wp-image-4704\" width=\"512\" height=\"351\" srcset=\"http:\/\/aeroclub-abbeville.fr\/wp-content\/uploads\/2021\/05\/4DA7DB69453B43D3A79CD69BB5A5E097-1024x701.jpg 1024w, http:\/\/aeroclub-abbeville.fr\/wp-content\/uploads\/2021\/05\/4DA7DB69453B43D3A79CD69BB5A5E097-480x329.jpg 480w, http:\/\/aeroclub-abbeville.fr\/wp-content\/uploads\/2021\/05\/4DA7DB69453B43D3A79CD69BB5A5E097-768x526.jpg 768w, http:\/\/aeroclub-abbeville.fr\/wp-content\/uploads\/2021\/05\/4DA7DB69453B43D3A79CD69BB5A5E097-624x427.jpg 624w, http:\/\/aeroclub-abbeville.fr\/wp-content\/uploads\/2021\/05\/4DA7DB69453B43D3A79CD69BB5A5E097.jpg 1200w\" sizes=\"(max-width: 512px) 100vw, 512px\" \/><figcaption>Alexandre Fierain, du P\u00f4le Espoir de la FFVP<\/figcaption><\/figure><\/div>\n\n\n\n<p class=\"has-text-align-center\">Ce vendredi 7 Mai est un jour \u00e0 marquer d&rsquo;une pierre blanche pour le Club de Planeurs d&rsquo;Abbeville-Buigny-Baie-de-Somme. <\/p>\n\n\n\n<p class=\"has-text-align-center\">Notre Champion V\u00e9livole, Alexandre Fierain, a plan\u00e9 sur 805 km en 7h50, \u00e0 105 km\/h de moyenne au d\u00e9part et retour \u00e0 Abbeville. <\/p>\n\n\n\n<div class=\"wp-block-image\"><figure class=\"aligncenter size-large is-resized\"><img decoding=\"async\" src=\"http:\/\/aeroclub-abbeville.fr\/wp-content\/uploads\/2021\/05\/Screenshot_2021-05-10-20-Facebook-633x1024.png\" alt=\"\" class=\"wp-image-4708\" width=\"317\" height=\"512\" srcset=\"http:\/\/aeroclub-abbeville.fr\/wp-content\/uploads\/2021\/05\/Screenshot_2021-05-10-20-Facebook-633x1024.png 633w, http:\/\/aeroclub-abbeville.fr\/wp-content\/uploads\/2021\/05\/Screenshot_2021-05-10-20-Facebook-297x480.png 297w, http:\/\/aeroclub-abbeville.fr\/wp-content\/uploads\/2021\/05\/Screenshot_2021-05-10-20-Facebook-768x1242.png 768w, http:\/\/aeroclub-abbeville.fr\/wp-content\/uploads\/2021\/05\/Screenshot_2021-05-10-20-Facebook-624x1009.png 624w, http:\/\/aeroclub-abbeville.fr\/wp-content\/uploads\/2021\/05\/Screenshot_2021-05-10-20-Facebook.png 896w\" sizes=\"(max-width: 317px) 100vw, 317px\" \/><figcaption>Trace des 805km !<\/figcaption><\/figure><\/div>\n\n\n\n<div class=\"wp-block-image\"><figure class=\"aligncenter size-large\"><img decoding=\"async\" width=\"1024\" height=\"686\" src=\"http:\/\/aeroclub-abbeville.fr\/wp-content\/uploads\/2021\/05\/Trace-800km-2-1024x686.png\" alt=\"\" class=\"wp-image-4755\" srcset=\"http:\/\/aeroclub-abbeville.fr\/wp-content\/uploads\/2021\/05\/Trace-800km-2-1024x686.png 1024w, http:\/\/aeroclub-abbeville.fr\/wp-content\/uploads\/2021\/05\/Trace-800km-2-480x322.png 480w, http:\/\/aeroclub-abbeville.fr\/wp-content\/uploads\/2021\/05\/Trace-800km-2-768x515.png 768w, http:\/\/aeroclub-abbeville.fr\/wp-content\/uploads\/2021\/05\/Trace-800km-2-624x418.png 624w, http:\/\/aeroclub-abbeville.fr\/wp-content\/uploads\/2021\/05\/Trace-800km-2.png 1112w\" sizes=\"(max-width: 1024px) 100vw, 1024px\" \/><\/figure><\/div>\n\n\n\n<p class=\"has-text-align-center\">Alexandre a gagn\u00e9 son pari, reprenant la route a\u00e9rienne en direction de l\u2019a\u00e9rodrome de Ch\u00e2lons-en-Champagne \u00e0 230km, terrain o\u00f9 il a r\u00e9alis\u00e9 son premier championnat de France Junior en 2017 \u00e0 l&rsquo;\u00e2ge de 17 ans.<\/p>\n\n\n\n<p class=\"has-text-align-center\">C&rsquo;est vrai qu&rsquo;il a toujours aim\u00e9 \u00e7a, voler ! depuis son plus jeune \u00e2ge, il en a r\u00eav\u00e9, de glisser, de planer, de prendre l&rsquo;air sous toutes les latitudes et le plus vite possible. Bon sang ne saurait mentir et les membres de la famille Fierain sont de fiers repr\u00e9sentants du Vol en Planeur Abbevillois !<\/p>\n\n\n\n<div class=\"wp-block-image\"><figure class=\"aligncenter size-large\"><img loading=\"lazy\" decoding=\"async\" width=\"1024\" height=\"768\" src=\"http:\/\/aeroclub-abbeville.fr\/wp-content\/uploads\/2021\/05\/10339318_439268146208467_446618736636328640_o-1024x768.jpg\" alt=\"\" class=\"wp-image-4709\" srcset=\"http:\/\/aeroclub-abbeville.fr\/wp-content\/uploads\/2021\/05\/10339318_439268146208467_446618736636328640_o-1024x768.jpg 1024w, http:\/\/aeroclub-abbeville.fr\/wp-content\/uploads\/2021\/05\/10339318_439268146208467_446618736636328640_o-480x360.jpg 480w, http:\/\/aeroclub-abbeville.fr\/wp-content\/uploads\/2021\/05\/10339318_439268146208467_446618736636328640_o-768x576.jpg 768w, http:\/\/aeroclub-abbeville.fr\/wp-content\/uploads\/2021\/05\/10339318_439268146208467_446618736636328640_o-1536x1152.jpg 1536w, http:\/\/aeroclub-abbeville.fr\/wp-content\/uploads\/2021\/05\/10339318_439268146208467_446618736636328640_o-624x468.jpg 624w, http:\/\/aeroclub-abbeville.fr\/wp-content\/uploads\/2021\/05\/10339318_439268146208467_446618736636328640_o.jpg 2048w\" sizes=\"(max-width: 1024px) 100vw, 1024px\" \/><figcaption>Un jeune r\u00eaveur qui ne l\u00e2che rien !<\/figcaption><\/figure><\/div>\n\n\n\n<p class=\"has-text-align-center\">Laissons Alex nous raconter son vol !<\/p>\n\n\n\n<p class=\"has-text-align-center\">\u00ab\u00a0Me levant \u00e0 8h, c\u2019est d\u00e9cid\u00e9, les pr\u00e9visions m\u00e9t\u00e9o se confirment, c\u2019est la journ\u00e9e \u00e0 ne pas rater, le fameux jour J. <\/p>\n\n\n\n<p class=\"has-text-align-center\">Topm\u00e9t\u00e9o et Skysight (sites web de pr\u00e9visions m\u00e9t\u00e9o d\u00e9di\u00e9s au vol \u00e0 voile) pr\u00e9voient d&rsquo;excellentes conditions de vol dans tout le \u201cgrand\u201d Nord de la France. En partant en v\u00e9lo de chez moi pour aller \u00e0 l\u2019a\u00e9roclub, les cumulus commen\u00e7ent d\u00e9j\u00e0 \u00e0 se former dans le ciel Abbevillois. Il n\u2019y a plus de temps \u00e0 perdre. <\/p>\n\n\n\n<div class=\"wp-block-image\"><figure class=\"aligncenter size-large\"><img loading=\"lazy\" decoding=\"async\" width=\"1024\" height=\"683\" src=\"http:\/\/aeroclub-abbeville.fr\/wp-content\/uploads\/2021\/05\/IMG_2616-1024x683.jpg\" alt=\"\" class=\"wp-image-4713\" srcset=\"http:\/\/aeroclub-abbeville.fr\/wp-content\/uploads\/2021\/05\/IMG_2616-1024x683.jpg 1024w, http:\/\/aeroclub-abbeville.fr\/wp-content\/uploads\/2021\/05\/IMG_2616-480x320.jpg 480w, http:\/\/aeroclub-abbeville.fr\/wp-content\/uploads\/2021\/05\/IMG_2616-768x512.jpg 768w, http:\/\/aeroclub-abbeville.fr\/wp-content\/uploads\/2021\/05\/IMG_2616-1536x1024.jpg 1536w, http:\/\/aeroclub-abbeville.fr\/wp-content\/uploads\/2021\/05\/IMG_2616-2048x1365.jpg 2048w, http:\/\/aeroclub-abbeville.fr\/wp-content\/uploads\/2021\/05\/IMG_2616-624x416.jpg 624w\" sizes=\"(max-width: 1024px) 100vw, 1024px\" \/><\/figure><\/div>\n\n\n\n<p class=\"has-text-align-center\">Apr\u00e8s avoir rempli les ballasts de l\u2019ASW 27b, un des meilleurs planeurs de 15m d\u2019envergure et avoir mis en piste \u00e0 10h, j\u2019affiche un circuit de 900km dans le calculateur LX9000 de LXNav, je me sens capable de le faire. <\/p>\n\n\n\n<p class=\"has-text-align-center\">Le ciel est magnifique vu du sol. <\/p>\n\n\n\n<p class=\"has-text-align-center\">Apr\u00e8s un petit probl\u00e8me technique avec le remorqueur, je d\u00e9cale mon d\u00e9collage de 40 minutes et je r\u00e9duis mon circuit \u00e0 800km. <\/p>\n\n\n\n<p class=\"has-text-align-center\">J\u2019entame donc un d\u00e9part \u00e0 11h d\u2019Abbeville \u00e0 1000m d&rsquo;altitude en direction de l\u2019a\u00e9rodrome de Ch\u00e2lons-en-Champagne \u00e0 230km d&rsquo;Abbeville. <\/p>\n\n\n\n<div class=\"wp-block-image\"><figure class=\"aligncenter size-large\"><img loading=\"lazy\" decoding=\"async\" width=\"1024\" height=\"683\" src=\"http:\/\/aeroclub-abbeville.fr\/wp-content\/uploads\/2021\/05\/120037944_1359561604434972_2750711066634026225_n-1024x683.jpg\" alt=\"\" class=\"wp-image-4714\" srcset=\"http:\/\/aeroclub-abbeville.fr\/wp-content\/uploads\/2021\/05\/120037944_1359561604434972_2750711066634026225_n-1024x683.jpg 1024w, http:\/\/aeroclub-abbeville.fr\/wp-content\/uploads\/2021\/05\/120037944_1359561604434972_2750711066634026225_n-480x320.jpg 480w, http:\/\/aeroclub-abbeville.fr\/wp-content\/uploads\/2021\/05\/120037944_1359561604434972_2750711066634026225_n-768x512.jpg 768w, http:\/\/aeroclub-abbeville.fr\/wp-content\/uploads\/2021\/05\/120037944_1359561604434972_2750711066634026225_n-1536x1024.jpg 1536w, http:\/\/aeroclub-abbeville.fr\/wp-content\/uploads\/2021\/05\/120037944_1359561604434972_2750711066634026225_n-624x416.jpg 624w, http:\/\/aeroclub-abbeville.fr\/wp-content\/uploads\/2021\/05\/120037944_1359561604434972_2750711066634026225_n.jpg 2048w\" sizes=\"(max-width: 1024px) 100vw, 1024px\" \/><figcaption>Et c&rsquo;est parti !<\/figcaption><\/figure><\/div>\n\n\n\n<p class=\"has-text-align-center\">Le d\u00e9part n\u2019est pas aussi facile que pr\u00e9vu, mais le vent va m\u2019aider et me pousser vers mon point de virage. Je fais donc le pari de garder toute l\u2019eau dans le planeur en misant sur le fait que la journ\u00e9e va s\u2019am\u00e9liorer. Je tourne \u00e0 Ch\u00e2lons \u00e0 13h07 pour mettre le cap sur le terrain de Cambrai, toujours en gardant de l\u2019eau dans le planeur pour permettre de gagner en vitesse moyenne quand les conditions seront meilleures. Le vent passant plein Ouest au moment o\u00f9 je remonte vers Cambrai, j\u2019\u00e9prouve plus de difficult\u00e9s \u00e0 bien cheminer et \u00e0 trouver les thermiques pour avancer rapidement. Je d\u00e9ballaste donc un peu d\u2019eau, voyant que les conditions ne sont pas aussi bonnes que je le pensais. De plus mon GPS principal n\u2019a plus de batterie car elles sont rest\u00e9es dans le planeur depuis le dernier vol, ce qui m\u2019oblige \u00e0 oublier mon circuit pr\u00e9vu au d\u00e9part. <\/p>\n\n\n\n<div class=\"wp-block-image\"><figure class=\"aligncenter size-large\"><img loading=\"lazy\" decoding=\"async\" width=\"960\" height=\"540\" src=\"http:\/\/aeroclub-abbeville.fr\/wp-content\/uploads\/2021\/05\/14100479_790023617799583_2049614997843154908_n.jpg\" alt=\"\" class=\"wp-image-4716\" srcset=\"http:\/\/aeroclub-abbeville.fr\/wp-content\/uploads\/2021\/05\/14100479_790023617799583_2049614997843154908_n.jpg 960w, http:\/\/aeroclub-abbeville.fr\/wp-content\/uploads\/2021\/05\/14100479_790023617799583_2049614997843154908_n-480x270.jpg 480w, http:\/\/aeroclub-abbeville.fr\/wp-content\/uploads\/2021\/05\/14100479_790023617799583_2049614997843154908_n-768x432.jpg 768w, http:\/\/aeroclub-abbeville.fr\/wp-content\/uploads\/2021\/05\/14100479_790023617799583_2049614997843154908_n-624x351.jpg 624w\" sizes=\"(max-width: 960px) 100vw, 960px\" \/><figcaption>Tout seul ou \u00e0 deux, c&rsquo;est toujours la joie !<\/figcaption><\/figure><\/div>\n\n\n\n<p class=\"has-text-align-center\">Apr\u00e8s avoir tourn\u00e9 Cambrai \u00e0 15h avec 400km au compteur, je me dis qu\u2019il est encore possible de tenter le 750km et de rentrer \u00e0 Abbeville avant l\u2019arriv\u00e9e du voile de l&rsquo;entr\u00e9e maritime et de la brise de mer habituelle. Je prends le cap de Sedan, point de virage que j\u2019avais d\u00e9j\u00e0 tourn\u00e9 en 2019 lors de mon 1er 600km comme pr\u00e9vu. Afin de rester dans le lit du vent et dans les meilleures conditions, je continue donc vers l\u2019Est avec le vent qui me pousse, tout en sachant que j\u2019aurais du vent de face pour rentrer et qu&rsquo;il me faudra faire attention \u00e0 l&rsquo;affaiblissement des conditions en fin de journ\u00e9e. En avan\u00e7ant au fur et \u00e0 mesure, je me rends compte que les 800km de distance libre restent possibles. <\/p>\n\n\n\n<figure class=\"wp-block-image size-large\"><img loading=\"lazy\" decoding=\"async\" width=\"1024\" height=\"576\" src=\"http:\/\/aeroclub-abbeville.fr\/wp-content\/uploads\/2021\/05\/18320839_672677412924748_943225018907651089_o-1024x576.jpg\" alt=\"\" class=\"wp-image-4717\" srcset=\"http:\/\/aeroclub-abbeville.fr\/wp-content\/uploads\/2021\/05\/18320839_672677412924748_943225018907651089_o-1024x576.jpg 1024w, http:\/\/aeroclub-abbeville.fr\/wp-content\/uploads\/2021\/05\/18320839_672677412924748_943225018907651089_o-480x270.jpg 480w, http:\/\/aeroclub-abbeville.fr\/wp-content\/uploads\/2021\/05\/18320839_672677412924748_943225018907651089_o-768x432.jpg 768w, http:\/\/aeroclub-abbeville.fr\/wp-content\/uploads\/2021\/05\/18320839_672677412924748_943225018907651089_o-624x351.jpg 624w, http:\/\/aeroclub-abbeville.fr\/wp-content\/uploads\/2021\/05\/18320839_672677412924748_943225018907651089_o.jpg 1080w\" sizes=\"(max-width: 1024px) 100vw, 1024px\" \/><figcaption>Tout en gr\u00e2ce et en l\u00e9g\u00e8ret\u00e9 !<\/figcaption><\/figure>\n\n\n\n<p class=\"has-text-align-center\">Je fais demi-tour \u00e0 16h20 au Sud-Est de de l\u2019a\u00e9rodrome de Sedan \u00e0 240km d\u2019Abbeville. Mentalement je me dis que je n\u2019ai plus qu\u2019\u00e0 rentrer et que dans tous les cas je pourrais me poser \u00e0 Amiens, en ayant fais 750 km. C\u2019est \u00e0 partir de Sedan, que profitant des alignements de cumulus, j\u2019entame une magnifique transition d\u20191h05 pendant laquelle je parcours 153km sans spiraler, ce qui \u00e9tait un record pour moi. Juste avant Amiens je vois le voile qui commence \u00e0 arriver par le Sud, et je commence \u00e0 voler plus haut en reprenant un thermique qui me propulse \u00e0 1900m ce qui me permet d\u2019\u00eatre en local d\u2019Abbeville pour pouvoir rentrer en direct et ne pas me vacher.<\/p>\n\n\n\n<p class=\"has-text-align-center\">Je passe \u00e0 la verticale du terrain d\u2019Abbeville \u00e0 18h38, en passage bas, afin de f\u00eater dignement ce vol de 805 km en 7h50 de vol, r\u00e9alisant donc une vitesse moyenne de 105 km\/h. <\/p>\n\n\n\n<p class=\"has-text-align-center\">Ce vol est le plus grand r\u00e9alis\u00e9 dans les Hauts de France, avec d\u00e9part et retour \u00e0 Abbeville.\u00a0\u00bb<\/p>\n\n\n\n<p class=\"has-text-align-center\">Quelle journ\u00e9e, les amis !<\/p>\n\n\n\n<p class=\"has-text-align-center\">Cela s&rsquo;engrange dans mes souvenirs, comme le point focal de tous mes meilleurs vols, ici en Picardie et aussi dans les alpes avec l&rsquo;\u00e9quipe de la FFVP. <\/p>\n\n\n\n<figure class=\"wp-block-gallery aligncenter columns-2 is-cropped wp-block-gallery-1 is-layout-flex wp-block-gallery-is-layout-flex\"><ul class=\"blocks-gallery-grid\"><li class=\"blocks-gallery-item\"><figure><img loading=\"lazy\" decoding=\"async\" width=\"1024\" height=\"768\" src=\"http:\/\/aeroclub-abbeville.fr\/wp-content\/uploads\/2021\/05\/17917716_928142653987678_3848525656571091952_o-1024x768.jpg\" alt=\"\" data-id=\"4720\" class=\"wp-image-4720\" srcset=\"http:\/\/aeroclub-abbeville.fr\/wp-content\/uploads\/2021\/05\/17917716_928142653987678_3848525656571091952_o-1024x768.jpg 1024w, http:\/\/aeroclub-abbeville.fr\/wp-content\/uploads\/2021\/05\/17917716_928142653987678_3848525656571091952_o-480x360.jpg 480w, http:\/\/aeroclub-abbeville.fr\/wp-content\/uploads\/2021\/05\/17917716_928142653987678_3848525656571091952_o-768x576.jpg 768w, http:\/\/aeroclub-abbeville.fr\/wp-content\/uploads\/2021\/05\/17917716_928142653987678_3848525656571091952_o-624x468.jpg 624w, http:\/\/aeroclub-abbeville.fr\/wp-content\/uploads\/2021\/05\/17917716_928142653987678_3848525656571091952_o.jpg 1080w\" sizes=\"(max-width: 1024px) 100vw, 1024px\" \/><\/figure><\/li><li class=\"blocks-gallery-item\"><figure><img loading=\"lazy\" decoding=\"async\" width=\"1024\" height=\"1005\" src=\"http:\/\/aeroclub-abbeville.fr\/wp-content\/uploads\/2021\/05\/IMG_20210406_191310_748-1024x1005.jpg\" alt=\"\" data-id=\"4735\" data-link=\"http:\/\/aeroclub-abbeville.fr\/?attachment_id=4735\" class=\"wp-image-4735\" srcset=\"http:\/\/aeroclub-abbeville.fr\/wp-content\/uploads\/2021\/05\/IMG_20210406_191310_748-1024x1005.jpg 1024w, http:\/\/aeroclub-abbeville.fr\/wp-content\/uploads\/2021\/05\/IMG_20210406_191310_748-480x471.jpg 480w, http:\/\/aeroclub-abbeville.fr\/wp-content\/uploads\/2021\/05\/IMG_20210406_191310_748-768x754.jpg 768w, http:\/\/aeroclub-abbeville.fr\/wp-content\/uploads\/2021\/05\/IMG_20210406_191310_748-624x612.jpg 624w, http:\/\/aeroclub-abbeville.fr\/wp-content\/uploads\/2021\/05\/IMG_20210406_191310_748.jpg 1440w\" sizes=\"(max-width: 1024px) 100vw, 1024px\" \/><\/figure><\/li><\/ul><figcaption class=\"blocks-gallery-caption\">\u00c0 St Auban aussi, on plane pas mal non plus !<\/figcaption><\/figure>\n\n\n\n<p><\/p>\n\n\n\n<figure class=\"wp-block-gallery columns-2 is-cropped wp-block-gallery-2 is-layout-flex wp-block-gallery-is-layout-flex\"><ul class=\"blocks-gallery-grid\"><li class=\"blocks-gallery-item\"><figure><img loading=\"lazy\" decoding=\"async\" width=\"1024\" height=\"461\" src=\"http:\/\/aeroclub-abbeville.fr\/wp-content\/uploads\/2021\/05\/20201020_152558-1-1024x461.jpg\" alt=\"\" data-id=\"4737\" data-link=\"http:\/\/aeroclub-abbeville.fr\/?attachment_id=4737\" class=\"wp-image-4737\" srcset=\"http:\/\/aeroclub-abbeville.fr\/wp-content\/uploads\/2021\/05\/20201020_152558-1-1024x461.jpg 1024w, http:\/\/aeroclub-abbeville.fr\/wp-content\/uploads\/2021\/05\/20201020_152558-1-480x216.jpg 480w, http:\/\/aeroclub-abbeville.fr\/wp-content\/uploads\/2021\/05\/20201020_152558-1-768x346.jpg 768w, http:\/\/aeroclub-abbeville.fr\/wp-content\/uploads\/2021\/05\/20201020_152558-1-1536x692.jpg 1536w, http:\/\/aeroclub-abbeville.fr\/wp-content\/uploads\/2021\/05\/20201020_152558-1-2048x922.jpg 2048w, http:\/\/aeroclub-abbeville.fr\/wp-content\/uploads\/2021\/05\/20201020_152558-1-624x281.jpg 624w\" sizes=\"(max-width: 1024px) 100vw, 1024px\" \/><\/figure><\/li><li class=\"blocks-gallery-item\"><figure><img loading=\"lazy\" decoding=\"async\" width=\"1024\" height=\"1024\" src=\"http:\/\/aeroclub-abbeville.fr\/wp-content\/uploads\/2021\/05\/IMG_20200804_214457_876-1024x1024.jpg\" alt=\"\" data-id=\"4738\" data-full-url=\"http:\/\/aeroclub-abbeville.fr\/wp-content\/uploads\/2021\/05\/IMG_20200804_214457_876.jpg\" data-link=\"http:\/\/aeroclub-abbeville.fr\/?attachment_id=4738\" class=\"wp-image-4738\" srcset=\"http:\/\/aeroclub-abbeville.fr\/wp-content\/uploads\/2021\/05\/IMG_20200804_214457_876-1024x1024.jpg 1024w, http:\/\/aeroclub-abbeville.fr\/wp-content\/uploads\/2021\/05\/IMG_20200804_214457_876-480x480.jpg 480w, http:\/\/aeroclub-abbeville.fr\/wp-content\/uploads\/2021\/05\/IMG_20200804_214457_876-150x150.jpg 150w, http:\/\/aeroclub-abbeville.fr\/wp-content\/uploads\/2021\/05\/IMG_20200804_214457_876-768x768.jpg 768w, http:\/\/aeroclub-abbeville.fr\/wp-content\/uploads\/2021\/05\/IMG_20200804_214457_876-624x624.jpg 624w, http:\/\/aeroclub-abbeville.fr\/wp-content\/uploads\/2021\/05\/IMG_20200804_214457_876.jpg 1440w\" sizes=\"(max-width: 1024px) 100vw, 1024px\" \/><\/figure><\/li><\/ul><figcaption class=\"blocks-gallery-caption\">C&rsquo;est beau l\u00e0-haut, n&rsquo;est ce pas ?<\/figcaption><\/figure>\n\n\n\n<p><\/p>\n\n\n\n<figure class=\"wp-block-gallery aligncenter columns-2 is-cropped wp-block-gallery-3 is-layout-flex wp-block-gallery-is-layout-flex\"><ul class=\"blocks-gallery-grid\"><li class=\"blocks-gallery-item\"><figure><img loading=\"lazy\" decoding=\"async\" width=\"960\" height=\"720\" src=\"http:\/\/aeroclub-abbeville.fr\/wp-content\/uploads\/2021\/05\/15439709_853861784749099_2739705902536465769_n.jpg\" alt=\"\" data-id=\"4731\" class=\"wp-image-4731\" srcset=\"http:\/\/aeroclub-abbeville.fr\/wp-content\/uploads\/2021\/05\/15439709_853861784749099_2739705902536465769_n.jpg 960w, http:\/\/aeroclub-abbeville.fr\/wp-content\/uploads\/2021\/05\/15439709_853861784749099_2739705902536465769_n-480x360.jpg 480w, http:\/\/aeroclub-abbeville.fr\/wp-content\/uploads\/2021\/05\/15439709_853861784749099_2739705902536465769_n-768x576.jpg 768w, http:\/\/aeroclub-abbeville.fr\/wp-content\/uploads\/2021\/05\/15439709_853861784749099_2739705902536465769_n-624x468.jpg 624w\" sizes=\"(max-width: 960px) 100vw, 960px\" \/><\/figure><\/li><li class=\"blocks-gallery-item\"><figure><img loading=\"lazy\" decoding=\"async\" width=\"1024\" height=\"461\" src=\"http:\/\/aeroclub-abbeville.fr\/wp-content\/uploads\/2021\/05\/20210503_144807-1024x461.jpg\" alt=\"\" data-id=\"4739\" data-full-url=\"http:\/\/aeroclub-abbeville.fr\/wp-content\/uploads\/2021\/05\/20210503_144807-scaled.jpg\" data-link=\"http:\/\/aeroclub-abbeville.fr\/?attachment_id=4739\" class=\"wp-image-4739\" srcset=\"http:\/\/aeroclub-abbeville.fr\/wp-content\/uploads\/2021\/05\/20210503_144807-1024x461.jpg 1024w, http:\/\/aeroclub-abbeville.fr\/wp-content\/uploads\/2021\/05\/20210503_144807-480x216.jpg 480w, http:\/\/aeroclub-abbeville.fr\/wp-content\/uploads\/2021\/05\/20210503_144807-768x346.jpg 768w, http:\/\/aeroclub-abbeville.fr\/wp-content\/uploads\/2021\/05\/20210503_144807-1536x692.jpg 1536w, http:\/\/aeroclub-abbeville.fr\/wp-content\/uploads\/2021\/05\/20210503_144807-2048x922.jpg 2048w, http:\/\/aeroclub-abbeville.fr\/wp-content\/uploads\/2021\/05\/20210503_144807-624x281.jpg 624w\" sizes=\"(max-width: 1024px) 100vw, 1024px\" \/><\/figure><\/li><\/ul><figcaption class=\"blocks-gallery-caption\">Mais c&rsquo;est en Baie de Somme qu&rsquo;on est le mieux !<\/figcaption><\/figure>\n\n\n\n<p><\/p>\n\n\n\n<p class=\"has-text-align-center\">\u00c0 bient\u00f4t pour de nouvelles aventures et de nouveaux d\u00e9fis !<\/p>\n\n\n\n<p>Cr\u00e9dits photos : Alexandre Fierain<\/p>\n\n\n\n<p>Textes : Alexandre Fierain, Fran\u00e7oise Sockeel<\/p>\n\n\n\n<p><\/p>\n\n\n\n<p class=\"has-text-align-center\"><\/p>\n\n\n\n<p><\/p>\n\n\n\n<p><\/p>\n\n\n\n<p class=\"has-text-align-center\"><\/p>\n\n\n","protected":false},"excerpt":{"rendered":"<p>Vendredi 7 Mai 2021 Ce vendredi 7 Mai est un jour \u00e0 marquer d&rsquo;une pierre blanche pour le Club de Planeurs d&rsquo;Abbeville-Buigny-Baie-de-Somme. Notre Champion V\u00e9livole, Alexandre Fierain, a plan\u00e9 sur 805 km en 7h50, \u00e0 105 km\/h de moyenne au d\u00e9part et retour \u00e0 Abbeville. Alexandre a gagn\u00e9 son pari, reprenant la route a\u00e9rienne en [&hellip;]<\/p>\n","protected":false},"author":211,"featured_media":0,"comment_status":"open","ping_status":"closed","sticky":false,"template":"","format":"standard","meta":{"inline_featured_image":false,"footnotes":""},"categories":[20,3,4,13,18,19,31],"tags":[],"class_list":["post-4703","post","type-post","status-publish","format-standard","hentry","category-actualites","category-club","category-competitions","category-planeur","category-vie-du-club","category-vol-a-voile","category-voyages"],"_links":{"self":[{"href":"http:\/\/aeroclub-abbeville.fr\/index.php?rest_route=\/wp\/v2\/posts\/4703","targetHints":{"allow":["GET"]}}],"collection":[{"href":"http:\/\/aeroclub-abbeville.fr\/index.php?rest_route=\/wp\/v2\/posts"}],"about":[{"href":"http:\/\/aeroclub-abbeville.fr\/index.php?rest_route=\/wp\/v2\/types\/post"}],"author":[{"embeddable":true,"href":"http:\/\/aeroclub-abbeville.fr\/index.php?rest_route=\/wp\/v2\/users\/211"}],"replies":[{"embeddable":true,"href":"http:\/\/aeroclub-abbeville.fr\/index.php?rest_route=%2Fwp%2Fv2%2Fcomments&post=4703"}],"version-history":[{"count":26,"href":"http:\/\/aeroclub-abbeville.fr\/index.php?rest_route=\/wp\/v2\/posts\/4703\/revisions"}],"predecessor-version":[{"id":5010,"href":"http:\/\/aeroclub-abbeville.fr\/index.php?rest_route=\/wp\/v2\/posts\/4703\/revisions\/5010"}],"wp:attachment":[{"href":"http:\/\/aeroclub-abbeville.fr\/index.php?rest_route=%2Fwp%2Fv2%2Fmedia&parent=4703"}],"wp:term":[{"taxonomy":"category","embeddable":true,"href":"http:\/\/aeroclub-abbeville.fr\/index.php?rest_route=%2Fwp%2Fv2%2Fcategories&post=4703"},{"taxonomy":"post_tag","embeddable":true,"href":"http:\/\/aeroclub-abbeville.fr\/index.php?rest_route=%2Fwp%2Fv2%2Ftags&post=4703"}],"curies":[{"name":"wp","href":"https:\/\/api.w.org\/{rel}","templated":true}]}}