{"id":4760,"date":"2021-05-19T06:26:04","date_gmt":"2021-05-19T05:26:04","guid":{"rendered":"http:\/\/aeroclub-abbeville.fr\/?p=4760"},"modified":"2021-05-19T06:26:04","modified_gmt":"2021-05-19T05:26:04","slug":"les-vols-de-decouverte-reprennent-des-ce-mercredi-19-mai","status":"publish","type":"post","link":"http:\/\/aeroclub-abbeville.fr\/?p=4760","title":{"rendered":"Les vols de d\u00e9couverte reprennent d\u00e8s ce mercredi 19 mai"},"content":{"rendered":"\n<p>Vous \u00eates nombreux \u00e0 nous avoir contact\u00e9s pour un survol de la Baie de Somme ou un vol de d\u00e9couverte.<\/p>\n<p>C&rsquo;est de nouveau possible \u00e0 partir d&rsquo;aujourd&rsquo;hui.<\/p>\n<p>N&rsquo;h\u00e9sitez pas \u00e0 nous appeler au 03 22 24 08 48.<\/p>\n<p><img fetchpriority=\"high\" decoding=\"async\" class=\"alignnone size-medium wp-image-4731\" src=\"http:\/\/aeroclub-abbeville.fr\/wp-content\/uploads\/2021\/05\/15439709_853861784749099_2739705902536465769_n-480x360.jpg\" alt=\"\" width=\"480\" height=\"360\" srcset=\"http:\/\/aeroclub-abbeville.fr\/wp-content\/uploads\/2021\/05\/15439709_853861784749099_2739705902536465769_n-480x360.jpg 480w, http:\/\/aeroclub-abbeville.fr\/wp-content\/uploads\/2021\/05\/15439709_853861784749099_2739705902536465769_n-768x576.jpg 768w, http:\/\/aeroclub-abbeville.fr\/wp-content\/uploads\/2021\/05\/15439709_853861784749099_2739705902536465769_n-624x468.jpg 624w, http:\/\/aeroclub-abbeville.fr\/wp-content\/uploads\/2021\/05\/15439709_853861784749099_2739705902536465769_n.jpg 960w\" sizes=\"(max-width: 480px) 100vw, 480px\" \/><\/p>\n","protected":false},"excerpt":{"rendered":"","protected":false},"author":20,"featured_media":0,"comment_status":"open","ping_status":"closed","sticky":false,"template":"","format":"standard","meta":{"inline_featured_image":false,"footnotes":""},"categories":[1],"tags":[],"class_list":["post-4760","post","type-post","status-publish","format-standard","hentry","category-non-classe"],"_links":{"self":[{"href":"http:\/\/aeroclub-abbeville.fr\/index.php?rest_route=\/wp\/v2\/posts\/4760","targetHints":{"allow":["GET"]}}],"collection":[{"href":"http:\/\/aeroclub-abbeville.fr\/index.php?rest_route=\/wp\/v2\/posts"}],"about":[{"href":"http:\/\/aeroclub-abbeville.fr\/index.php?rest_route=\/wp\/v2\/types\/post"}],"author":[{"embeddable":true,"href":"http:\/\/aeroclub-abbeville.fr\/index.php?rest_route=\/wp\/v2\/users\/20"}],"replies":[{"embeddable":true,"href":"http:\/\/aeroclub-abbeville.fr\/index.php?rest_route=%2Fwp%2Fv2%2Fcomments&post=4760"}],"version-history":[{"count":1,"href":"http:\/\/aeroclub-abbeville.fr\/index.php?rest_route=\/wp\/v2\/posts\/4760\/revisions"}],"predecessor-version":[{"id":4761,"href":"http:\/\/aeroclub-abbeville.fr\/index.php?rest_route=\/wp\/v2\/posts\/4760\/revisions\/4761"}],"wp:attachment":[{"href":"http:\/\/aeroclub-abbeville.fr\/index.php?rest_route=%2Fwp%2Fv2%2Fmedia&parent=4760"}],"wp:term":[{"taxonomy":"category","embeddable":true,"href":"http:\/\/aeroclub-abbeville.fr\/index.php?rest_route=%2Fwp%2Fv2%2Fcategories&post=4760"},{"taxonomy":"post_tag","embeddable":true,"href":"http:\/\/aeroclub-abbeville.fr\/index.php?rest_route=%2Fwp%2Fv2%2Ftags&post=4760"}],"curies":[{"name":"wp","href":"https:\/\/api.w.org\/{rel}","templated":true}]}}