{"id":4855,"date":"2021-08-18T09:52:12","date_gmt":"2021-08-18T08:52:12","guid":{"rendered":"http:\/\/aeroclub-abbeville.fr\/?p=4855"},"modified":"2021-08-18T09:52:56","modified_gmt":"2021-08-18T08:52:56","slug":"cest-dans-un-mois-noubliez-pas-la-commemoration-du-centenaire-du-brevet-de-pilote-international-de-bessie-coleman-vous-attend-la-remise-des-diplomes-a-nos-eleves-pilotes-et-bia-aussi-la","status":"publish","type":"post","link":"http:\/\/aeroclub-abbeville.fr\/?p=4855","title":{"rendered":"C&rsquo;est dans un mois ! N&rsquo;oubliez pas ! La Comm\u00e9moration du Centenaire du Brevet de Pilote international de Bessie Coleman vous attend ! La Remise des dipl\u00f4mes \u00e0 nos \u00e9l\u00e8ves Pilotes et BIA, aussi ! l&rsquo;A\u00e9roclub d&rsquo;Abbeville vous esp\u00e8re !"},"content":{"rendered":"\n<p>17 Ao\u00fbt 2021<\/p>\n\n\n\n<figure class=\"wp-block-image size-large\"><img decoding=\"async\" src=\"http:\/\/aeroclub-abbeville.fr\/wp-content\/uploads\/2021\/08\/Affiche2021-A4-724x1024.jpg\" alt=\"\" class=\"wp-image-4857\"\/><\/figure>\n\n\n\n<p class=\"has-text-align-center\">Avec la Communaut\u00e9 de Communes du Ponthieu-Marquenterre, l&rsquo;A\u00e9roclub d&rsquo;Abbeville-Buigny-Baie-de-Somme proposera les 18 et 19 septembre 2021, des journ\u00e9es \u00ab\u00a0Portes Ouvertes\u00a0\u00bb .<\/p>\n\n\n\n<p class=\"has-text-align-center\">Au plan historique, en partenariat avec l\u2019Association Fran\u00e7aise des femmes Pilotes, nous pourrons ainsi valoriser la Comm\u00e9moration du Centenaire du brevet de Pilote de Bessie Coleman, premi\u00e8re aviatrice afro-am\u00e9ricaine \u00e0 obtenir \u00e0 l&rsquo;\u00e9cole des Fr\u00e8res Caudron au Crotoy, un brevet de pilote international. Elle a d\u00e9pass\u00e9 tous les pr\u00e9jug\u00e9s pour atteindre le but qu\u2019elle s\u2019\u00e9tait fix\u00e9e et elle a par la suite beaucoup \u0153uvr\u00e9 pour l\u2019accession des femmes et des hommes afro-am\u00e9ricains au m\u00e9tier de pilote. <\/p>\n\n\n\n<div class=\"wp-block-image\"><figure class=\"aligncenter size-large\"><img fetchpriority=\"high\" decoding=\"async\" width=\"1024\" height=\"724\" src=\"http:\/\/aeroclub-abbeville.fr\/wp-content\/uploads\/2021\/08\/FlyerA42021-page1-1-1024x724.jpg\" alt=\"\" class=\"wp-image-4861\" srcset=\"http:\/\/aeroclub-abbeville.fr\/wp-content\/uploads\/2021\/08\/FlyerA42021-page1-1-1024x724.jpg 1024w, http:\/\/aeroclub-abbeville.fr\/wp-content\/uploads\/2021\/08\/FlyerA42021-page1-1-480x339.jpg 480w, http:\/\/aeroclub-abbeville.fr\/wp-content\/uploads\/2021\/08\/FlyerA42021-page1-1-768x543.jpg 768w, http:\/\/aeroclub-abbeville.fr\/wp-content\/uploads\/2021\/08\/FlyerA42021-page1-1-1536x1086.jpg 1536w, http:\/\/aeroclub-abbeville.fr\/wp-content\/uploads\/2021\/08\/FlyerA42021-page1-1-624x441.jpg 624w, http:\/\/aeroclub-abbeville.fr\/wp-content\/uploads\/2021\/08\/FlyerA42021-page1-1.jpg 1800w\" sizes=\"(max-width: 1024px) 100vw, 1024px\" \/><\/figure><\/div>\n\n\n\n<p class=\"has-text-align-center\">Nous inaugurerons une Salle de Cours \u00e0 son nom, pr\u00e9senterons des films \u00a0\u00bb Bessie Coleman \u00ab\u00a0en pr\u00e9sence de leurs r\u00e9alisateurs-cin\u00e9astes : Euzhan Palcy et Olivier Sarrazin, des conf\u00e9rences et des lectures sur sa vie et ses d\u00e9fis. <\/p>\n\n\n\n<p class=\"has-text-align-center\">Au plan p\u00e9dagogique, avec la remise des dipl\u00f4mes \u00e0 nos laur\u00e9ats du BIA et aux \u00e9l\u00e8ves-Pilotes, nous aimerions leur d\u00e9velopper le th\u00e8me des m\u00e9tiers de l&rsquo;A\u00e9rien sp\u00e9cifiques aux Soins, \u00e0 la Sant\u00e9, \u00e0 la Protection et aux Sauvetages des Personnes et des Biens. <\/p>\n\n\n\n<div class=\"wp-block-image\"><figure class=\"aligncenter size-large\"><img decoding=\"async\" width=\"1024\" height=\"724\" src=\"http:\/\/aeroclub-abbeville.fr\/wp-content\/uploads\/2021\/08\/FlyerA42021-page2-1024x724.jpg\" alt=\"\" class=\"wp-image-4862\" srcset=\"http:\/\/aeroclub-abbeville.fr\/wp-content\/uploads\/2021\/08\/FlyerA42021-page2-1024x724.jpg 1024w, http:\/\/aeroclub-abbeville.fr\/wp-content\/uploads\/2021\/08\/FlyerA42021-page2-480x339.jpg 480w, http:\/\/aeroclub-abbeville.fr\/wp-content\/uploads\/2021\/08\/FlyerA42021-page2-768x543.jpg 768w, http:\/\/aeroclub-abbeville.fr\/wp-content\/uploads\/2021\/08\/FlyerA42021-page2-1536x1086.jpg 1536w, http:\/\/aeroclub-abbeville.fr\/wp-content\/uploads\/2021\/08\/FlyerA42021-page2-624x441.jpg 624w, http:\/\/aeroclub-abbeville.fr\/wp-content\/uploads\/2021\/08\/FlyerA42021-page2.jpg 1800w\" sizes=\"(max-width: 1024px) 100vw, 1024px\" \/><\/figure><\/div>\n\n\n\n<p class=\"has-text-align-center\">Cela nous semble s&rsquo;harmoniser avec l&rsquo;oeuvre de Bessie, ouvrant, gr\u00e2ce \u00e0 sa force de caract\u00e8re et son courage, la voie de l&rsquo;air pour tous ceux qui en r\u00eavent, des plus jeunes aux plus d\u00e9munis.\u00a0\u00bb \u00c9tendre ses ailes pour tendre la Main ! \u00ab\u00a0L&rsquo;Arm\u00e9e de l&rsquo;Air, et la Marine nationale et l&rsquo;A\u00e9ronavale seront pr\u00e9sents avec leurs Car-Podiums. L\u2019a\u00e9ronautique navale, composante a\u00e9rienne de la Marine nationale, sera pr\u00e9sente avec l&rsquo;h\u00e9licopt\u00e8re de service public \u00ab\u00a0Dauphin\u00a0\u00bb du d\u00e9tachement de la flottille 35F bas\u00e9 au Touquet. Pour les actions de sauvetage en mer et d\u2019\u00e9vacuation sanitaire, les marins du ciel travaillent toujours en \u00e9troite collaboration avec les SNSM. <\/p>\n\n\n\n<p class=\"has-text-align-center\">Nous en profiterons \u00e9galement pour inaugurer notre nouvel ULM, le CTSL 80CV<\/p>\n\n\n\n<div class=\"wp-block-image\"><figure class=\"aligncenter size-large\"><img decoding=\"async\" width=\"908\" height=\"485\" src=\"http:\/\/aeroclub-abbeville.fr\/wp-content\/uploads\/2021\/03\/Arrivee-CTL-27-02-2021-9-reduite.jpg\" alt=\"\" class=\"wp-image-4425\" srcset=\"http:\/\/aeroclub-abbeville.fr\/wp-content\/uploads\/2021\/03\/Arrivee-CTL-27-02-2021-9-reduite.jpg 908w, http:\/\/aeroclub-abbeville.fr\/wp-content\/uploads\/2021\/03\/Arrivee-CTL-27-02-2021-9-reduite-480x256.jpg 480w, http:\/\/aeroclub-abbeville.fr\/wp-content\/uploads\/2021\/03\/Arrivee-CTL-27-02-2021-9-reduite-768x410.jpg 768w, http:\/\/aeroclub-abbeville.fr\/wp-content\/uploads\/2021\/03\/Arrivee-CTL-27-02-2021-9-reduite-624x333.jpg 624w\" sizes=\"(max-width: 908px) 100vw, 908px\" \/><\/figure><\/div>\n\n\n\n<p>Renseignements et R\u00e9servations sur<strong><em>  lab@aeroclub-abbeville.fr<\/em><\/strong><\/p>\n\n\n\n<p>Et sur le site de l&rsquo;AFFP <a rel=\"noreferrer noopener\" href=\"https:\/\/l.facebook.com\/l.php?u=http%3A%2F%2Fwww.femmes-pilotes.com%2F%3Ffbclid%3DIwAR3-3t41f78LStKmyf1BhTWdfxgXBGl-Jj5sb8EUn2xLSGLZT-Gs9oaXAKI&amp;h=AT0zRkWv05MMeslrjW6xNFcvRwZgUfrFNAjOaLicFxS0wOtcYdFS3hIhOoVriCQ9hFHHk2-zQDcMoNTh5J-_htmalwT4S5kypYxYhWc_q2NW9joQgaIoB2nT_p0iKx2f1M0AZB1pU9l_Wntk6SA1f0MPqw&amp;__tn__=-UK-y-R&amp;c[0]=AT01tp5dzx8e8fPzSgLuwvdNLXwfX4GPwxqserMHQeUQm49LzEakfS7kNYbiqUJJARRJSdz4vyvBHxFHYPOd7CDfymPu3tHSHcDX7avgfmOknM0NFoPIJNgsGiu0V9P3IA5H8ZwoUINBnzZsMhdy_ftu3lsssCSHc2Sx1vnTkNZU-plr\" target=\"_blank\">http:\/\/www.femmes-pilotes.com\/<\/a><\/p>\n\n\n\n<p>Et sur le lien : <a rel=\"noreferrer noopener\" href=\"https:\/\/l.facebook.com\/l.php?u=https%3A%2F%2Fwww.helloasso.com%2Fassociations%2Fles-ailes-de-la-baie%2Fevenements%2Freservation-repas-de-gala-2021%3Ffbclid%3DIwAR3TbMZELLdu9Z3dYbUaxy82udHjuJl1PbWR9Hl2wYQmFCDpP7B-2bFdfhk&amp;h=AT3liBkb6TRSCqDqJ5rGxijN0LRUIRPrip15hfNM06IzcdO4wj6yCqttYaCYnjR_rVKZsnYHqjaPiq6wqqf6eJW2IAApvGemyKY3_wgTR85m550s7qRoxvQyM3ZCBQaPQRgoVLkH9A8iDqesdQZ8zD7Q3w&amp;__tn__=-UK-y-R&amp;c[0]=AT01tp5dzx8e8fPzSgLuwvdNLXwfX4GPwxqserMHQeUQm49LzEakfS7kNYbiqUJJARRJSdz4vyvBHxFHYPOd7CDfymPu3tHSHcDX7avgfmOknM0NFoPIJNgsGiu0V9P3IA5H8ZwoUINBnzZsMhdy_ftu3lsssCSHc2Sx1vnTkNZU-plr\" target=\"_blank\">https:\/\/www.helloasso.com\/&#8230;\/reservation-repas-de-gala-2021<\/a><\/p>\n\n\n\n<p>R\u00e9servez votre week-end !<\/p>\n\n\n\n<div class=\"wp-block-image\"><figure class=\"aligncenter size-large is-resized\"><img loading=\"lazy\" decoding=\"async\" src=\"http:\/\/aeroclub-abbeville.fr\/wp-content\/uploads\/2021\/03\/Screenshot_2021-03-06-9-Facebook8-827x1024.png\" alt=\"\" class=\"wp-image-4432\" width=\"620\" height=\"768\" srcset=\"http:\/\/aeroclub-abbeville.fr\/wp-content\/uploads\/2021\/03\/Screenshot_2021-03-06-9-Facebook8-827x1024.png 827w, http:\/\/aeroclub-abbeville.fr\/wp-content\/uploads\/2021\/03\/Screenshot_2021-03-06-9-Facebook8-387x480.png 387w, http:\/\/aeroclub-abbeville.fr\/wp-content\/uploads\/2021\/03\/Screenshot_2021-03-06-9-Facebook8-768x951.png 768w, http:\/\/aeroclub-abbeville.fr\/wp-content\/uploads\/2021\/03\/Screenshot_2021-03-06-9-Facebook8-624x773.png 624w, http:\/\/aeroclub-abbeville.fr\/wp-content\/uploads\/2021\/03\/Screenshot_2021-03-06-9-Facebook8.png 1219w\" sizes=\"(max-width: 620px) 100vw, 620px\" \/><\/figure><\/div>\n\n\n\n<p>Belle journ\u00e9e !<\/p>\n\n\n\n<p>Fran\u00e7oise Sockeel<\/p>\n\n\n\n\n\n<p><\/p>\n","protected":false},"excerpt":{"rendered":"<p>17 Ao\u00fbt 2021 Avec la Communaut\u00e9 de Communes du Ponthieu-Marquenterre, l&rsquo;A\u00e9roclub d&rsquo;Abbeville-Buigny-Baie-de-Somme proposera les 18 et 19 septembre 2021, des journ\u00e9es \u00ab\u00a0Portes Ouvertes\u00a0\u00bb . Au plan historique, en partenariat avec l\u2019Association Fran\u00e7aise des femmes Pilotes, nous pourrons ainsi valoriser la Comm\u00e9moration du Centenaire du brevet de Pilote de Bessie Coleman, premi\u00e8re aviatrice afro-am\u00e9ricaine \u00e0 obtenir [&hellip;]<\/p>\n","protected":false},"author":211,"featured_media":0,"comment_status":"open","ping_status":"closed","sticky":false,"template":"","format":"standard","meta":{"inline_featured_image":false,"footnotes":""},"categories":[20,21,2,22,3,6,7,8,26,11,13,16,17,18,19],"tags":[],"class_list":["post-4855","post","type-post","status-publish","format-standard","hentry","category-actualites","category-arrosages-fetes","category-avion","category-bia","category-club","category-formation","category-formation_avion","category-formation_planeur","category-histoire","category-manifestations","category-planeur","category-securite","category-ulm","category-vie-du-club","category-vol-a-voile"],"_links":{"self":[{"href":"http:\/\/aeroclub-abbeville.fr\/index.php?rest_route=\/wp\/v2\/posts\/4855","targetHints":{"allow":["GET"]}}],"collection":[{"href":"http:\/\/aeroclub-abbeville.fr\/index.php?rest_route=\/wp\/v2\/posts"}],"about":[{"href":"http:\/\/aeroclub-abbeville.fr\/index.php?rest_route=\/wp\/v2\/types\/post"}],"author":[{"embeddable":true,"href":"http:\/\/aeroclub-abbeville.fr\/index.php?rest_route=\/wp\/v2\/users\/211"}],"replies":[{"embeddable":true,"href":"http:\/\/aeroclub-abbeville.fr\/index.php?rest_route=%2Fwp%2Fv2%2Fcomments&post=4855"}],"version-history":[{"count":8,"href":"http:\/\/aeroclub-abbeville.fr\/index.php?rest_route=\/wp\/v2\/posts\/4855\/revisions"}],"predecessor-version":[{"id":4867,"href":"http:\/\/aeroclub-abbeville.fr\/index.php?rest_route=\/wp\/v2\/posts\/4855\/revisions\/4867"}],"wp:attachment":[{"href":"http:\/\/aeroclub-abbeville.fr\/index.php?rest_route=%2Fwp%2Fv2%2Fmedia&parent=4855"}],"wp:term":[{"taxonomy":"category","embeddable":true,"href":"http:\/\/aeroclub-abbeville.fr\/index.php?rest_route=%2Fwp%2Fv2%2Fcategories&post=4855"},{"taxonomy":"post_tag","embeddable":true,"href":"http:\/\/aeroclub-abbeville.fr\/index.php?rest_route=%2Fwp%2Fv2%2Ftags&post=4855"}],"curies":[{"name":"wp","href":"https:\/\/api.w.org\/{rel}","templated":true}]}}